{"id":14678,"date":"2026-01-23T17:55:43","date_gmt":"2026-01-23T17:55:43","guid":{"rendered":"https:\/\/alcaldiaalbertoadriani.com\/?p=14678"},"modified":"2026-01-23T17:55:48","modified_gmt":"2026-01-23T17:55:48","slug":"alcaldia-alberto-adriani-acompano-paradura-del-nino-jesus","status":"publish","type":"post","link":"https:\/\/alcaldiaalbertoadriani.com\/?p=14678","title":{"rendered":"Alcald\u00eda Alberto Adriani acompa\u00f1\u00f3 Paradura del Ni\u00f1o Jes\u00fas en la Catedral y plaza Bol\u00edvar"},"content":{"rendered":"\n<p>Funcionarios de la alcald\u00eda del municipio Alberto Adriani dirigida por el alcalde <a href=\"https:\/\/www.instagram.com\/lisandrosegura02\/\">Lisandro Segura<\/a> acompa\u00f1aron la tradicional celebraci\u00f3n de la <a href=\"https:\/\/alcaldiaalbertoadriani.com\/?tag=lisandro-segura-acompano-paradura-del-nino-jesus-en-la-catedral\">Paradura del Ni\u00f1o Jes\u00fas<\/a> de la Catedral Perpetuo Socorro y del nacimiento ubicado en la plaza Bol\u00edvar de El Vig\u00eda. Los dos recorridos se desarrollaron este domingo 18 de enero en horas de la tarde.\u00a0\u00a0<\/p>\n\n\n\n<!--more-->\n\n\n\n<p>El Presb\u00edtero Germ\u00e1n Mar\u00edn, presidi\u00f3 la eucarist\u00eda y en sus palabras, expres\u00f3 que \u201ccelebrar la Paradura del Ni\u00f1o Dios es recordar que \u00c9l se hizo hombre, humilde y sencillo, entreg\u00e1ndolo todo por amor. Un siervo no oprime a su semejante, no es cruel, no lo desplaza ni mucho menos lo deja solo, porque es temeroso a la palabra\u201d, dijo.&nbsp;&nbsp;<\/p>\n\n\n\n<figure class=\"wp-block-gallery has-nested-images columns-default is-cropped wp-block-gallery-1 is-layout-flex wp-block-gallery-is-layout-flex\">\n<figure class=\"wp-block-image size-large\"><img loading=\"lazy\" decoding=\"async\" width=\"1024\" height=\"768\" data-id=\"14681\" src=\"https:\/\/alcaldiaalbertoadriani.com\/wp-content\/uploads\/2026\/01\/photo_5147901536057887639_y-1024x768.jpg\" alt=\"\" class=\"wp-image-14681\" srcset=\"https:\/\/alcaldiaalbertoadriani.com\/wp-content\/uploads\/2026\/01\/photo_5147901536057887639_y-1024x768.jpg 1024w, https:\/\/alcaldiaalbertoadriani.com\/wp-content\/uploads\/2026\/01\/photo_5147901536057887639_y-980x735.jpg 980w, https:\/\/alcaldiaalbertoadriani.com\/wp-content\/uploads\/2026\/01\/photo_5147901536057887639_y-480x360.jpg 480w\" sizes=\"auto, (min-width: 0px) and (max-width: 480px) 480px, (min-width: 481px) and (max-width: 980px) 980px, (min-width: 981px) 1024px, 100vw\" \/><\/figure>\n<\/figure>\n\n\n\n<p>Destac\u00f3 la importancia de ser respetuosos sin menospreciar a nadie, porque todo eso Dios lo observa. &#8220;Seamos luz y esperanza para los dem\u00e1s&#8221;, acot\u00f3.<\/p>\n\n\n\n<p>Acto seguido, los padrinos del Ni\u00f1o Jes\u00fas viviente, mediante una procesi\u00f3n partieron con c\u00e1nticos y rezos al Ni\u00f1o Jes\u00fas desde la Catedral hasta el segundo nacimiento que se ubica en la plaza Bol\u00edvar.&nbsp;<\/p>\n\n\n\n<figure class=\"wp-block-gallery has-nested-images columns-default is-cropped wp-block-gallery-2 is-layout-flex wp-block-gallery-is-layout-flex\">\n<figure class=\"wp-block-image size-large\"><img loading=\"lazy\" decoding=\"async\" width=\"1024\" height=\"768\" data-id=\"14682\" src=\"https:\/\/alcaldiaalbertoadriani.com\/wp-content\/uploads\/2026\/01\/photo_5147901536057887651_y-1-1024x768.jpg\" alt=\"\" class=\"wp-image-14682\" srcset=\"https:\/\/alcaldiaalbertoadriani.com\/wp-content\/uploads\/2026\/01\/photo_5147901536057887651_y-1-1024x768.jpg 1024w, https:\/\/alcaldiaalbertoadriani.com\/wp-content\/uploads\/2026\/01\/photo_5147901536057887651_y-1-980x735.jpg 980w, https:\/\/alcaldiaalbertoadriani.com\/wp-content\/uploads\/2026\/01\/photo_5147901536057887651_y-1-480x360.jpg 480w\" sizes=\"auto, (min-width: 0px) and (max-width: 480px) 480px, (min-width: 481px) and (max-width: 980px) 980px, (min-width: 981px) 1024px, 100vw\" \/><\/figure>\n<\/figure>\n\n\n\n<p>La actividad concluy\u00f3 en las instalaciones de la Catedral, en donde, como es la tradici\u00f3n, hicieron el levantamiento de ambos ni\u00f1os. <strong><em>Prensa Alcald\u00eda Alberto Adriani\/Edgar Mendoza CNP 25.736\/Fotos: Yerasabrith Manrique.<\/em><\/strong><\/p>\n\n\n\n<figure class=\"wp-block-gallery has-nested-images columns-default is-cropped wp-block-gallery-3 is-layout-flex wp-block-gallery-is-layout-flex\">\n<figure class=\"wp-block-image size-large\"><img loading=\"lazy\" decoding=\"async\" width=\"1024\" height=\"768\" data-id=\"14685\" src=\"https:\/\/alcaldiaalbertoadriani.com\/wp-content\/uploads\/2026\/01\/photo_5147901536057887655_y-1024x768.jpg\" alt=\"\" class=\"wp-image-14685\" srcset=\"https:\/\/alcaldiaalbertoadriani.com\/wp-content\/uploads\/2026\/01\/photo_5147901536057887655_y-1024x768.jpg 1024w, https:\/\/alcaldiaalbertoadriani.com\/wp-content\/uploads\/2026\/01\/photo_5147901536057887655_y-980x735.jpg 980w, https:\/\/alcaldiaalbertoadriani.com\/wp-content\/uploads\/2026\/01\/photo_5147901536057887655_y-480x360.jpg 480w\" sizes=\"auto, (min-width: 0px) and (max-width: 480px) 480px, (min-width: 481px) and (max-width: 980px) 980px, (min-width: 981px) 1024px, 100vw\" \/><\/figure>\n\n\n\n<figure class=\"wp-block-image size-large\"><img loading=\"lazy\" decoding=\"async\" width=\"1024\" height=\"768\" data-id=\"14684\" src=\"https:\/\/alcaldiaalbertoadriani.com\/wp-content\/uploads\/2026\/01\/photo_5147901536057887637_y-1024x768.jpg\" alt=\"\" class=\"wp-image-14684\" srcset=\"https:\/\/alcaldiaalbertoadriani.com\/wp-content\/uploads\/2026\/01\/photo_5147901536057887637_y-1024x768.jpg 1024w, https:\/\/alcaldiaalbertoadriani.com\/wp-content\/uploads\/2026\/01\/photo_5147901536057887637_y-980x735.jpg 980w, https:\/\/alcaldiaalbertoadriani.com\/wp-content\/uploads\/2026\/01\/photo_5147901536057887637_y-480x360.jpg 480w\" sizes=\"auto, (min-width: 0px) and (max-width: 480px) 480px, (min-width: 481px) and (max-width: 980px) 980px, (min-width: 981px) 1024px, 100vw\" \/><\/figure>\n\n\n\n\n\n\n\n\n\n\n\n\n\n\n\n\n<\/figure>\n","protected":false},"excerpt":{"rendered":"<p>Funcionarios de la alcald\u00eda del municipio Alberto Adriani dirigida por el alcalde Lisandro Segura acompa\u00f1aron la tradicional celebraci\u00f3n de la Paradura del Ni\u00f1o Jes\u00fas de la Catedral Perpetuo Socorro y [&hellip;]<\/p>\n","protected":false},"author":2,"featured_media":14679,"comment_status":"open","ping_status":"closed","sticky":false,"template":"","format":"standard","meta":{"_et_pb_use_builder":"off","_et_pb_old_content":"","_et_gb_content_width":"","footnotes":""},"categories":[341,78,25],"tags":[31,11,12,15,761,30,29,28],"class_list":["post-14678","post","type-post","status-publish","format-standard","has-post-thumbnail","hentry","category-alcaldia-alberto-adriani","category-cultura","category-nuestro-municipio","tag-alcalde","tag-alcaldia","tag-alcaldiaalbertoadriani","tag-elvigia","tag-encrucijadadeprogreso","tag-lisandrosegura","tag-municipioquenosmerecemos","tag-porelrenacer"],"yoast_head":"<!-- This site is optimized with the Yoast SEO plugin v19.13 - https:\/\/yoast.com\/wordpress\/plugins\/seo\/ -->\n<title>Alcald\u00eda Alberto Adriani acompa\u00f1\u00f3 Paradura del Ni\u00f1o Jes\u00fas<\/title>\n<meta name=\"description\" content=\"Alcald\u00eda Alberto Adriani acompa\u00f1\u00f3 Paradura del Ni\u00f1o Jes\u00fas en la Catedral y plaza Bol\u00edvar Los dos recorridos se desarrollaron este domingo\" \/>\n<meta name=\"robots\" content=\"index, follow, max-snippet:-1, max-image-preview:large, max-video-preview:-1\" \/>\n<link rel=\"canonical\" href=\"https:\/\/alcaldiaalbertoadriani.com\/?p=14678\" \/>\n<meta property=\"og:locale\" content=\"es_ES\" \/>\n<meta property=\"og:type\" content=\"article\" \/>\n<meta property=\"og:title\" content=\"Alcald\u00eda Alberto Adriani acompa\u00f1\u00f3 Paradura del Ni\u00f1o Jes\u00fas\" \/>\n<meta property=\"og:description\" content=\"Alcald\u00eda Alberto Adriani acompa\u00f1\u00f3 Paradura del Ni\u00f1o Jes\u00fas en la Catedral y plaza Bol\u00edvar Los dos recorridos se desarrollaron este domingo\" \/>\n<meta property=\"og:url\" content=\"https:\/\/alcaldiaalbertoadriani.com\/?p=14678\" \/>\n<meta property=\"og:site_name\" content=\"Alcaldia Alberto Adriani\" \/>\n<meta property=\"article:published_time\" content=\"2026-01-23T17:55:43+00:00\" \/>\n<meta property=\"article:modified_time\" content=\"2026-01-23T17:55:48+00:00\" \/>\n<meta property=\"og:image\" content=\"https:\/\/alcaldiaalbertoadriani.com\/wp-content\/uploads\/2026\/01\/photo_5147901536057887636_y.jpg\" \/>\n\t<meta property=\"og:image:width\" content=\"1280\" \/>\n\t<meta property=\"og:image:height\" content=\"960\" \/>\n\t<meta property=\"og:image:type\" content=\"image\/jpeg\" \/>\n<meta name=\"author\" content=\"Prensa\" \/>\n<meta name=\"twitter:card\" content=\"summary_large_image\" \/>\n<meta name=\"twitter:label1\" content=\"Escrito por\" \/>\n\t<meta name=\"twitter:data1\" content=\"Prensa\" \/>\n\t<meta name=\"twitter:label2\" content=\"Tiempo de lectura\" \/>\n\t<meta name=\"twitter:data2\" content=\"4 minutos\" \/>\n<script type=\"application\/ld+json\" class=\"yoast-schema-graph\">{\"@context\":\"https:\/\/schema.org\",\"@graph\":[{\"@type\":\"WebPage\",\"@id\":\"https:\/\/alcaldiaalbertoadriani.com\/?p=14678\",\"url\":\"https:\/\/alcaldiaalbertoadriani.com\/?p=14678\",\"name\":\"Alcald\u00eda Alberto Adriani acompa\u00f1\u00f3 Paradura del Ni\u00f1o Jes\u00fas\",\"isPartOf\":{\"@id\":\"https:\/\/alcaldiaalbertoadriani.com\/#website\"},\"datePublished\":\"2026-01-23T17:55:43+00:00\",\"dateModified\":\"2026-01-23T17:55:48+00:00\",\"author\":{\"@id\":\"https:\/\/alcaldiaalbertoadriani.com\/#\/schema\/person\/549b4483ff8999ac780deeea78795fc9\"},\"description\":\"Alcald\u00eda Alberto Adriani acompa\u00f1\u00f3 Paradura del Ni\u00f1o Jes\u00fas en la Catedral y plaza Bol\u00edvar Los dos recorridos se desarrollaron este domingo\",\"breadcrumb\":{\"@id\":\"https:\/\/alcaldiaalbertoadriani.com\/?p=14678#breadcrumb\"},\"inLanguage\":\"es\",\"potentialAction\":[{\"@type\":\"ReadAction\",\"target\":[\"https:\/\/alcaldiaalbertoadriani.com\/?p=14678\"]}]},{\"@type\":\"BreadcrumbList\",\"@id\":\"https:\/\/alcaldiaalbertoadriani.com\/?p=14678#breadcrumb\",\"itemListElement\":[{\"@type\":\"ListItem\",\"position\":1,\"name\":\"Portada\",\"item\":\"https:\/\/alcaldiaalbertoadriani.com\/\"},{\"@type\":\"ListItem\",\"position\":2,\"name\":\"Alcald\u00eda Alberto Adriani acompa\u00f1\u00f3 Paradura del Ni\u00f1o Jes\u00fas en la Catedral y plaza Bol\u00edvar\"}]},{\"@type\":\"WebSite\",\"@id\":\"https:\/\/alcaldiaalbertoadriani.com\/#website\",\"url\":\"https:\/\/alcaldiaalbertoadriani.com\/\",\"name\":\"Alcaldia Alberto Adriani\",\"description\":\"\",\"potentialAction\":[{\"@type\":\"SearchAction\",\"target\":{\"@type\":\"EntryPoint\",\"urlTemplate\":\"https:\/\/alcaldiaalbertoadriani.com\/?s={search_term_string}\"},\"query-input\":\"required name=search_term_string\"}],\"inLanguage\":\"es\"},{\"@type\":\"Person\",\"@id\":\"https:\/\/alcaldiaalbertoadriani.com\/#\/schema\/person\/549b4483ff8999ac780deeea78795fc9\",\"name\":\"Prensa\",\"image\":{\"@type\":\"ImageObject\",\"inLanguage\":\"es\",\"@id\":\"https:\/\/alcaldiaalbertoadriani.com\/#\/schema\/person\/image\/\",\"url\":\"https:\/\/secure.gravatar.com\/avatar\/ea1cb567ea992a29627f4eee1c2eb185ec16decec6342d508fdf18dedb56c9de?s=96&d=mm&r=g\",\"contentUrl\":\"https:\/\/secure.gravatar.com\/avatar\/ea1cb567ea992a29627f4eee1c2eb185ec16decec6342d508fdf18dedb56c9de?s=96&d=mm&r=g\",\"caption\":\"Prensa\"},\"url\":\"https:\/\/alcaldiaalbertoadriani.com\/?author=2\"}]}<\/script>\n<!-- \/ Yoast SEO plugin. -->","yoast_head_json":{"title":"Alcald\u00eda Alberto Adriani acompa\u00f1\u00f3 Paradura del Ni\u00f1o Jes\u00fas","description":"Alcald\u00eda Alberto Adriani acompa\u00f1\u00f3 Paradura del Ni\u00f1o Jes\u00fas en la Catedral y plaza Bol\u00edvar Los dos recorridos se desarrollaron este domingo","robots":{"index":"index","follow":"follow","max-snippet":"max-snippet:-1","max-image-preview":"max-image-preview:large","max-video-preview":"max-video-preview:-1"},"canonical":"https:\/\/alcaldiaalbertoadriani.com\/?p=14678","og_locale":"es_ES","og_type":"article","og_title":"Alcald\u00eda Alberto Adriani acompa\u00f1\u00f3 Paradura del Ni\u00f1o Jes\u00fas","og_description":"Alcald\u00eda Alberto Adriani acompa\u00f1\u00f3 Paradura del Ni\u00f1o Jes\u00fas en la Catedral y plaza Bol\u00edvar Los dos recorridos se desarrollaron este domingo","og_url":"https:\/\/alcaldiaalbertoadriani.com\/?p=14678","og_site_name":"Alcaldia Alberto Adriani","article_published_time":"2026-01-23T17:55:43+00:00","article_modified_time":"2026-01-23T17:55:48+00:00","og_image":[{"width":1280,"height":960,"url":"https:\/\/alcaldiaalbertoadriani.com\/wp-content\/uploads\/2026\/01\/photo_5147901536057887636_y.jpg","type":"image\/jpeg"}],"author":"Prensa","twitter_card":"summary_large_image","twitter_misc":{"Escrito por":"Prensa","Tiempo de lectura":"4 minutos"},"schema":{"@context":"https:\/\/schema.org","@graph":[{"@type":"WebPage","@id":"https:\/\/alcaldiaalbertoadriani.com\/?p=14678","url":"https:\/\/alcaldiaalbertoadriani.com\/?p=14678","name":"Alcald\u00eda Alberto Adriani acompa\u00f1\u00f3 Paradura del Ni\u00f1o Jes\u00fas","isPartOf":{"@id":"https:\/\/alcaldiaalbertoadriani.com\/#website"},"datePublished":"2026-01-23T17:55:43+00:00","dateModified":"2026-01-23T17:55:48+00:00","author":{"@id":"https:\/\/alcaldiaalbertoadriani.com\/#\/schema\/person\/549b4483ff8999ac780deeea78795fc9"},"description":"Alcald\u00eda Alberto Adriani acompa\u00f1\u00f3 Paradura del Ni\u00f1o Jes\u00fas en la Catedral y plaza Bol\u00edvar Los dos recorridos se desarrollaron este domingo","breadcrumb":{"@id":"https:\/\/alcaldiaalbertoadriani.com\/?p=14678#breadcrumb"},"inLanguage":"es","potentialAction":[{"@type":"ReadAction","target":["https:\/\/alcaldiaalbertoadriani.com\/?p=14678"]}]},{"@type":"BreadcrumbList","@id":"https:\/\/alcaldiaalbertoadriani.com\/?p=14678#breadcrumb","itemListElement":[{"@type":"ListItem","position":1,"name":"Portada","item":"https:\/\/alcaldiaalbertoadriani.com\/"},{"@type":"ListItem","position":2,"name":"Alcald\u00eda Alberto Adriani acompa\u00f1\u00f3 Paradura del Ni\u00f1o Jes\u00fas en la Catedral y plaza Bol\u00edvar"}]},{"@type":"WebSite","@id":"https:\/\/alcaldiaalbertoadriani.com\/#website","url":"https:\/\/alcaldiaalbertoadriani.com\/","name":"Alcaldia Alberto Adriani","description":"","potentialAction":[{"@type":"SearchAction","target":{"@type":"EntryPoint","urlTemplate":"https:\/\/alcaldiaalbertoadriani.com\/?s={search_term_string}"},"query-input":"required name=search_term_string"}],"inLanguage":"es"},{"@type":"Person","@id":"https:\/\/alcaldiaalbertoadriani.com\/#\/schema\/person\/549b4483ff8999ac780deeea78795fc9","name":"Prensa","image":{"@type":"ImageObject","inLanguage":"es","@id":"https:\/\/alcaldiaalbertoadriani.com\/#\/schema\/person\/image\/","url":"https:\/\/secure.gravatar.com\/avatar\/ea1cb567ea992a29627f4eee1c2eb185ec16decec6342d508fdf18dedb56c9de?s=96&d=mm&r=g","contentUrl":"https:\/\/secure.gravatar.com\/avatar\/ea1cb567ea992a29627f4eee1c2eb185ec16decec6342d508fdf18dedb56c9de?s=96&d=mm&r=g","caption":"Prensa"},"url":"https:\/\/alcaldiaalbertoadriani.com\/?author=2"}]}},"_links":{"self":[{"href":"https:\/\/alcaldiaalbertoadriani.com\/index.php?rest_route=\/wp\/v2\/posts\/14678","targetHints":{"allow":["GET"]}}],"collection":[{"href":"https:\/\/alcaldiaalbertoadriani.com\/index.php?rest_route=\/wp\/v2\/posts"}],"about":[{"href":"https:\/\/alcaldiaalbertoadriani.com\/index.php?rest_route=\/wp\/v2\/types\/post"}],"author":[{"embeddable":true,"href":"https:\/\/alcaldiaalbertoadriani.com\/index.php?rest_route=\/wp\/v2\/users\/2"}],"replies":[{"embeddable":true,"href":"https:\/\/alcaldiaalbertoadriani.com\/index.php?rest_route=%2Fwp%2Fv2%2Fcomments&post=14678"}],"version-history":[{"count":1,"href":"https:\/\/alcaldiaalbertoadriani.com\/index.php?rest_route=\/wp\/v2\/posts\/14678\/revisions"}],"predecessor-version":[{"id":14697,"href":"https:\/\/alcaldiaalbertoadriani.com\/index.php?rest_route=\/wp\/v2\/posts\/14678\/revisions\/14697"}],"wp:featuredmedia":[{"embeddable":true,"href":"https:\/\/alcaldiaalbertoadriani.com\/index.php?rest_route=\/wp\/v2\/media\/14679"}],"wp:attachment":[{"href":"https:\/\/alcaldiaalbertoadriani.com\/index.php?rest_route=%2Fwp%2Fv2%2Fmedia&parent=14678"}],"wp:term":[{"taxonomy":"category","embeddable":true,"href":"https:\/\/alcaldiaalbertoadriani.com\/index.php?rest_route=%2Fwp%2Fv2%2Fcategories&post=14678"},{"taxonomy":"post_tag","embeddable":true,"href":"https:\/\/alcaldiaalbertoadriani.com\/index.php?rest_route=%2Fwp%2Fv2%2Ftags&post=14678"}],"curies":[{"name":"wp","href":"https:\/\/api.w.org\/{rel}","templated":true}]}}