{"id":14672,"date":"2026-01-22T20:31:10","date_gmt":"2026-01-22T20:31:10","guid":{"rendered":"https:\/\/alcaldiaalbertoadriani.com\/?p=14672"},"modified":"2026-01-22T20:31:15","modified_gmt":"2026-01-22T20:31:15","slug":"alcalde-lisandro-segura-crea-la-oficina-de-informacion","status":"publish","type":"post","link":"https:\/\/alcaldiaalbertoadriani.com\/?p=14672","title":{"rendered":"Alcalde Lisandro Segura crea la Oficina de Informaci\u00f3n y Promoci\u00f3n Institucional"},"content":{"rendered":"\n<p>Como un reconocimiento al ejercicio period\u00edstico, el alcalde del <a href=\"https:\/\/alcaldiaalbertoadriani.com\/?p=13703\">municipio Alberto Adriani<\/a>, <a href=\"https:\/\/www.instagram.com\/lisandrosegura02\/\">Lisandro Segura<\/a>, cre\u00f3 la <a href=\"http:\/\/Oficina de Informaci\u00f3n y Promoci\u00f3n Institucional\">Oficina de Informaci\u00f3n y Promoci\u00f3n Institucional <\/a>(OIPI). Esta dependencia, que anteriormente funcionaba bajo la Gerencia de Relaciones P\u00fablicas y Protocolo, ahora estar\u00e1 adscrita directamente al Despacho del Alcalde y conformada por un equipo multidisciplinario de profesionales de la comunicaci\u00f3n.<\/p>\n\n\n\n<p>El objetivo principal de la reestructuraci\u00f3n es mejorar el flujo comunicacional hacia la colectividad, informando de manera veraz, precisa y oportuna sobre las actuaciones de la gesti\u00f3n municipal.<\/p>\n\n\n\n<p>La oficina estar\u00e1 bajo la jefatura del licenciado Emmanuel M\u00e9ndez, profesional en Comunicaci\u00f3n Social y Contadur\u00eda P\u00fablica, relator deportivo, reconocido recientemente como el &#8220;Mejor Narrador de F\u00fatbol&#8221; temporada 2025 de la Liga FutVe 2 y director de Acci\u00f3n 104.5 FM.<\/p>\n\n\n\n<p>Asimismo, el equipo multidisciplinario est\u00e1 integrado por los Periodistas Claribel Zambrano, Adela Lozada, Tahiry Villalobos, Luz Marina Quintero y Edgar Mendoza; como Reportera Gr\u00e1fica la Licda. Karla M\u00e1rquez; Publicista el TSU Danny Ru\u00edz; los Dise\u00f1adores Gr\u00e1ficos TSU Keith Coronado y Rub\u00e9n Ramos; la Community Manager Yerasabrith Manrique y el Productor Audiovisual Luis Dufflart.<\/p>\n\n\n\n<p>&#8220;Buscamos reconocer la labor period\u00edstica e incorporar personal calificado para informar de manera efectiva a trav\u00e9s de los diversos medios de comunicaci\u00f3n social nuestras acciones de gobierno&#8221;, destac\u00f3 el alcalde <a href=\"https:\/\/www.instagram.com\/lisandrosegura02\/\">Lisandro Segura<\/a>.<\/p>\n\n\n\n<p>La Oficina de Informaci\u00f3n y Promoci\u00f3n Institucional se perfila como una dependencia de la alcald\u00eda referencia en materia comunicacional en la jurisdicci\u00f3n, cimentada en los principios del crear e innovar con \u00e9tica y comunicaci\u00f3n oportuna. Con este paso, el alcalde Lisandro Segura busca optimizar el flujo de informaci\u00f3n entre el gobierno local y la colectividad. <strong><em>Prensa Alcald\u00eda Alberto Adriani\/ Claribel Zambrano CNP: 11.843\/ Fotos: Karla M\u00e1rquez.<\/em><\/strong><\/p>\n\n\n\n<figure class=\"wp-block-gallery has-nested-images columns-default is-cropped wp-block-gallery-1 is-layout-flex wp-block-gallery-is-layout-flex\">\n<figure class=\"wp-block-image size-large\"><img loading=\"lazy\" decoding=\"async\" width=\"800\" height=\"600\" data-id=\"14674\" src=\"https:\/\/alcaldiaalbertoadriani.com\/wp-content\/uploads\/2026\/01\/photo_5156815598946814923_x.jpg\" alt=\"\" class=\"wp-image-14674\" srcset=\"https:\/\/alcaldiaalbertoadriani.com\/wp-content\/uploads\/2026\/01\/photo_5156815598946814923_x.jpg 800w, https:\/\/alcaldiaalbertoadriani.com\/wp-content\/uploads\/2026\/01\/photo_5156815598946814923_x-480x360.jpg 480w\" sizes=\"auto, (min-width: 0px) and (max-width: 480px) 480px, (min-width: 481px) 800px, 100vw\" \/><\/figure>\n<\/figure>\n","protected":false},"excerpt":{"rendered":"<p>Como un reconocimiento al ejercicio period\u00edstico, el alcalde del municipio Alberto Adriani, Lisandro Segura, cre\u00f3 la Oficina de Informaci\u00f3n y Promoci\u00f3n Institucional (OIPI). Esta dependencia, que anteriormente funcionaba bajo la [&hellip;]<\/p>\n","protected":false},"author":2,"featured_media":14673,"comment_status":"open","ping_status":"closed","sticky":false,"template":"","format":"standard","meta":{"_et_pb_use_builder":"off","_et_pb_old_content":"","_et_gb_content_width":"","footnotes":""},"categories":[341,25],"tags":[31,11,12,15,761,30,29,28],"class_list":["post-14672","post","type-post","status-publish","format-standard","has-post-thumbnail","hentry","category-alcaldia-alberto-adriani","category-nuestro-municipio","tag-alcalde","tag-alcaldia","tag-alcaldiaalbertoadriani","tag-elvigia","tag-encrucijadadeprogreso","tag-lisandrosegura","tag-municipioquenosmerecemos","tag-porelrenacer"],"yoast_head":"<!-- This site is optimized with the Yoast SEO plugin v19.13 - https:\/\/yoast.com\/wordpress\/plugins\/seo\/ -->\n<title>Alcalde Lisandro Segura crea la Oficina de Informaci\u00f3n<\/title>\n<meta name=\"description\" content=\"Alcalde Lisandro Segura crea la Oficina de Informaci\u00f3n y Promoci\u00f3n Institucional El objetivo principal de la reestructuraci\u00f3n es mejorar\" \/>\n<meta name=\"robots\" content=\"index, follow, max-snippet:-1, max-image-preview:large, max-video-preview:-1\" \/>\n<link rel=\"canonical\" href=\"https:\/\/alcaldiaalbertoadriani.com\/?p=14672\" \/>\n<meta property=\"og:locale\" content=\"es_ES\" \/>\n<meta property=\"og:type\" content=\"article\" \/>\n<meta property=\"og:title\" content=\"Alcalde Lisandro Segura crea la Oficina de Informaci\u00f3n\" \/>\n<meta property=\"og:description\" content=\"Alcalde Lisandro Segura crea la Oficina de Informaci\u00f3n y Promoci\u00f3n Institucional El objetivo principal de la reestructuraci\u00f3n es mejorar\" \/>\n<meta property=\"og:url\" content=\"https:\/\/alcaldiaalbertoadriani.com\/?p=14672\" \/>\n<meta property=\"og:site_name\" content=\"Alcaldia Alberto Adriani\" \/>\n<meta property=\"article:published_time\" content=\"2026-01-22T20:31:10+00:00\" \/>\n<meta property=\"article:modified_time\" content=\"2026-01-22T20:31:15+00:00\" \/>\n<meta property=\"og:image\" content=\"https:\/\/alcaldiaalbertoadriani.com\/wp-content\/uploads\/2026\/01\/photo_5156815598946814922_x.jpg\" \/>\n\t<meta property=\"og:image:width\" content=\"800\" \/>\n\t<meta property=\"og:image:height\" content=\"435\" \/>\n\t<meta property=\"og:image:type\" content=\"image\/jpeg\" \/>\n<meta name=\"author\" content=\"Prensa\" \/>\n<meta name=\"twitter:card\" content=\"summary_large_image\" \/>\n<meta name=\"twitter:label1\" content=\"Escrito por\" \/>\n\t<meta name=\"twitter:data1\" content=\"Prensa\" \/>\n\t<meta name=\"twitter:label2\" content=\"Tiempo de lectura\" \/>\n\t<meta name=\"twitter:data2\" content=\"2 minutos\" \/>\n<script type=\"application\/ld+json\" class=\"yoast-schema-graph\">{\"@context\":\"https:\/\/schema.org\",\"@graph\":[{\"@type\":\"WebPage\",\"@id\":\"https:\/\/alcaldiaalbertoadriani.com\/?p=14672\",\"url\":\"https:\/\/alcaldiaalbertoadriani.com\/?p=14672\",\"name\":\"Alcalde Lisandro Segura crea la Oficina de Informaci\u00f3n\",\"isPartOf\":{\"@id\":\"https:\/\/alcaldiaalbertoadriani.com\/#website\"},\"datePublished\":\"2026-01-22T20:31:10+00:00\",\"dateModified\":\"2026-01-22T20:31:15+00:00\",\"author\":{\"@id\":\"https:\/\/alcaldiaalbertoadriani.com\/#\/schema\/person\/549b4483ff8999ac780deeea78795fc9\"},\"description\":\"Alcalde Lisandro Segura crea la Oficina de Informaci\u00f3n y Promoci\u00f3n Institucional El objetivo principal de la reestructuraci\u00f3n es mejorar\",\"breadcrumb\":{\"@id\":\"https:\/\/alcaldiaalbertoadriani.com\/?p=14672#breadcrumb\"},\"inLanguage\":\"es\",\"potentialAction\":[{\"@type\":\"ReadAction\",\"target\":[\"https:\/\/alcaldiaalbertoadriani.com\/?p=14672\"]}]},{\"@type\":\"BreadcrumbList\",\"@id\":\"https:\/\/alcaldiaalbertoadriani.com\/?p=14672#breadcrumb\",\"itemListElement\":[{\"@type\":\"ListItem\",\"position\":1,\"name\":\"Portada\",\"item\":\"https:\/\/alcaldiaalbertoadriani.com\/\"},{\"@type\":\"ListItem\",\"position\":2,\"name\":\"Alcalde Lisandro Segura crea la Oficina de Informaci\u00f3n y Promoci\u00f3n Institucional\"}]},{\"@type\":\"WebSite\",\"@id\":\"https:\/\/alcaldiaalbertoadriani.com\/#website\",\"url\":\"https:\/\/alcaldiaalbertoadriani.com\/\",\"name\":\"Alcaldia Alberto Adriani\",\"description\":\"\",\"potentialAction\":[{\"@type\":\"SearchAction\",\"target\":{\"@type\":\"EntryPoint\",\"urlTemplate\":\"https:\/\/alcaldiaalbertoadriani.com\/?s={search_term_string}\"},\"query-input\":\"required name=search_term_string\"}],\"inLanguage\":\"es\"},{\"@type\":\"Person\",\"@id\":\"https:\/\/alcaldiaalbertoadriani.com\/#\/schema\/person\/549b4483ff8999ac780deeea78795fc9\",\"name\":\"Prensa\",\"image\":{\"@type\":\"ImageObject\",\"inLanguage\":\"es\",\"@id\":\"https:\/\/alcaldiaalbertoadriani.com\/#\/schema\/person\/image\/\",\"url\":\"https:\/\/secure.gravatar.com\/avatar\/ea1cb567ea992a29627f4eee1c2eb185ec16decec6342d508fdf18dedb56c9de?s=96&d=mm&r=g\",\"contentUrl\":\"https:\/\/secure.gravatar.com\/avatar\/ea1cb567ea992a29627f4eee1c2eb185ec16decec6342d508fdf18dedb56c9de?s=96&d=mm&r=g\",\"caption\":\"Prensa\"},\"url\":\"https:\/\/alcaldiaalbertoadriani.com\/?author=2\"}]}<\/script>\n<!-- \/ Yoast SEO plugin. -->","yoast_head_json":{"title":"Alcalde Lisandro Segura crea la Oficina de Informaci\u00f3n","description":"Alcalde Lisandro Segura crea la Oficina de Informaci\u00f3n y Promoci\u00f3n Institucional El objetivo principal de la reestructuraci\u00f3n es mejorar","robots":{"index":"index","follow":"follow","max-snippet":"max-snippet:-1","max-image-preview":"max-image-preview:large","max-video-preview":"max-video-preview:-1"},"canonical":"https:\/\/alcaldiaalbertoadriani.com\/?p=14672","og_locale":"es_ES","og_type":"article","og_title":"Alcalde Lisandro Segura crea la Oficina de Informaci\u00f3n","og_description":"Alcalde Lisandro Segura crea la Oficina de Informaci\u00f3n y Promoci\u00f3n Institucional El objetivo principal de la reestructuraci\u00f3n es mejorar","og_url":"https:\/\/alcaldiaalbertoadriani.com\/?p=14672","og_site_name":"Alcaldia Alberto Adriani","article_published_time":"2026-01-22T20:31:10+00:00","article_modified_time":"2026-01-22T20:31:15+00:00","og_image":[{"width":800,"height":435,"url":"https:\/\/alcaldiaalbertoadriani.com\/wp-content\/uploads\/2026\/01\/photo_5156815598946814922_x.jpg","type":"image\/jpeg"}],"author":"Prensa","twitter_card":"summary_large_image","twitter_misc":{"Escrito por":"Prensa","Tiempo de lectura":"2 minutos"},"schema":{"@context":"https:\/\/schema.org","@graph":[{"@type":"WebPage","@id":"https:\/\/alcaldiaalbertoadriani.com\/?p=14672","url":"https:\/\/alcaldiaalbertoadriani.com\/?p=14672","name":"Alcalde Lisandro Segura crea la Oficina de Informaci\u00f3n","isPartOf":{"@id":"https:\/\/alcaldiaalbertoadriani.com\/#website"},"datePublished":"2026-01-22T20:31:10+00:00","dateModified":"2026-01-22T20:31:15+00:00","author":{"@id":"https:\/\/alcaldiaalbertoadriani.com\/#\/schema\/person\/549b4483ff8999ac780deeea78795fc9"},"description":"Alcalde Lisandro Segura crea la Oficina de Informaci\u00f3n y Promoci\u00f3n Institucional El objetivo principal de la reestructuraci\u00f3n es mejorar","breadcrumb":{"@id":"https:\/\/alcaldiaalbertoadriani.com\/?p=14672#breadcrumb"},"inLanguage":"es","potentialAction":[{"@type":"ReadAction","target":["https:\/\/alcaldiaalbertoadriani.com\/?p=14672"]}]},{"@type":"BreadcrumbList","@id":"https:\/\/alcaldiaalbertoadriani.com\/?p=14672#breadcrumb","itemListElement":[{"@type":"ListItem","position":1,"name":"Portada","item":"https:\/\/alcaldiaalbertoadriani.com\/"},{"@type":"ListItem","position":2,"name":"Alcalde Lisandro Segura crea la Oficina de Informaci\u00f3n y Promoci\u00f3n Institucional"}]},{"@type":"WebSite","@id":"https:\/\/alcaldiaalbertoadriani.com\/#website","url":"https:\/\/alcaldiaalbertoadriani.com\/","name":"Alcaldia Alberto Adriani","description":"","potentialAction":[{"@type":"SearchAction","target":{"@type":"EntryPoint","urlTemplate":"https:\/\/alcaldiaalbertoadriani.com\/?s={search_term_string}"},"query-input":"required name=search_term_string"}],"inLanguage":"es"},{"@type":"Person","@id":"https:\/\/alcaldiaalbertoadriani.com\/#\/schema\/person\/549b4483ff8999ac780deeea78795fc9","name":"Prensa","image":{"@type":"ImageObject","inLanguage":"es","@id":"https:\/\/alcaldiaalbertoadriani.com\/#\/schema\/person\/image\/","url":"https:\/\/secure.gravatar.com\/avatar\/ea1cb567ea992a29627f4eee1c2eb185ec16decec6342d508fdf18dedb56c9de?s=96&d=mm&r=g","contentUrl":"https:\/\/secure.gravatar.com\/avatar\/ea1cb567ea992a29627f4eee1c2eb185ec16decec6342d508fdf18dedb56c9de?s=96&d=mm&r=g","caption":"Prensa"},"url":"https:\/\/alcaldiaalbertoadriani.com\/?author=2"}]}},"_links":{"self":[{"href":"https:\/\/alcaldiaalbertoadriani.com\/index.php?rest_route=\/wp\/v2\/posts\/14672","targetHints":{"allow":["GET"]}}],"collection":[{"href":"https:\/\/alcaldiaalbertoadriani.com\/index.php?rest_route=\/wp\/v2\/posts"}],"about":[{"href":"https:\/\/alcaldiaalbertoadriani.com\/index.php?rest_route=\/wp\/v2\/types\/post"}],"author":[{"embeddable":true,"href":"https:\/\/alcaldiaalbertoadriani.com\/index.php?rest_route=\/wp\/v2\/users\/2"}],"replies":[{"embeddable":true,"href":"https:\/\/alcaldiaalbertoadriani.com\/index.php?rest_route=%2Fwp%2Fv2%2Fcomments&post=14672"}],"version-history":[{"count":1,"href":"https:\/\/alcaldiaalbertoadriani.com\/index.php?rest_route=\/wp\/v2\/posts\/14672\/revisions"}],"predecessor-version":[{"id":14675,"href":"https:\/\/alcaldiaalbertoadriani.com\/index.php?rest_route=\/wp\/v2\/posts\/14672\/revisions\/14675"}],"wp:featuredmedia":[{"embeddable":true,"href":"https:\/\/alcaldiaalbertoadriani.com\/index.php?rest_route=\/wp\/v2\/media\/14673"}],"wp:attachment":[{"href":"https:\/\/alcaldiaalbertoadriani.com\/index.php?rest_route=%2Fwp%2Fv2%2Fmedia&parent=14672"}],"wp:term":[{"taxonomy":"category","embeddable":true,"href":"https:\/\/alcaldiaalbertoadriani.com\/index.php?rest_route=%2Fwp%2Fv2%2Fcategories&post=14672"},{"taxonomy":"post_tag","embeddable":true,"href":"https:\/\/alcaldiaalbertoadriani.com\/index.php?rest_route=%2Fwp%2Fv2%2Ftags&post=14672"}],"curies":[{"name":"wp","href":"https:\/\/api.w.org\/{rel}","templated":true}]}}