{"id":1467,"date":"2022-12-13T18:44:55","date_gmt":"2022-12-13T18:44:55","guid":{"rendered":"https:\/\/alcaldiaalbertoadriani.com\/?p=1467"},"modified":"2022-12-13T18:45:07","modified_gmt":"2022-12-13T18:45:07","slug":"mesa-tecnica-agua","status":"publish","type":"post","link":"https:\/\/alcaldiaalbertoadriani.com\/?p=1467","title":{"rendered":"Instalada mesa t\u00e9cnica de Agua Potable en el municipio Alberto Adriani"},"content":{"rendered":"<div class=\"wp-block-post-excerpt\"><p class=\"wp-block-post-excerpt__excerpt\">La comisi\u00f3n de la mesa t\u00e9cnica contar\u00e1 con la participaci\u00f3n de diversos organismos de las tres instancias de gobierno, as\u00ed como gremios, poder popular y sociedad civil <\/p><\/div>\n\n\n<p>De acuerdo con lo anunciado y convenido previamente con las instancias del Gobierno regional,\u00a0 este lunes se realiz\u00f3 la primera reuni\u00f3n para conformar la comisi\u00f3n e instalaci\u00f3n de la Mesa T\u00e9cnica de <a href=\"https:\/\/alcaldiaalbertoadriani.com\/?p=809\" target=\"_blank\" rel=\"noreferrer noopener\">Agua Potable<\/a> en el municipio <a href=\"https:\/\/twitter.com\/alcaldiaaa\" target=\"_blank\" rel=\"noreferrer noopener\">Alberto Adriani<\/a>.<\/p>\n\n\n\n<p>Cabe recordar que el objetivo primordial de esta mesa, es mejorar y solventar el grave problema de distribuci\u00f3n del servicio en la jurisdicci\u00f3n.<\/p>\n\n\n\n<p>En ese sentido, la reuni\u00f3n cont\u00f3 con la participaci\u00f3n del alcalde <a href=\"https:\/\/www.instagram.com\/alcaldia_aa\/\" target=\"_blank\" rel=\"noreferrer noopener\">Lisandro Segura<\/a>; legisladores del <a href=\"https:\/\/alcaldiaalbertoadriani.com\/?p=1064\" target=\"_blank\" rel=\"noreferrer noopener\">Consejo Legislativo del estado Bolivariano de M\u00e9rida<\/a> (Clebm); concejales; representantes de la empresa Aguas de M\u00e9rida; secretar\u00eda para los Servicios P\u00fablicos de la gobernaci\u00f3n del estado; gremios del municipio; poder popular; representantes de la sociedad civil y de la alcald\u00eda.<\/p>\n\n\n\n<h2 class=\"wp-block-heading\">Punto de encuentro e instrumento de orientaci\u00f3n<\/h2>\n\n\n\n<figure class=\"wp-block-image size-large\"><img loading=\"lazy\" decoding=\"async\" width=\"1024\" height=\"771\" src=\"https:\/\/alcaldiaalbertoadriani.com\/wp-content\/uploads\/2022\/12\/IMG_20221212_110730-1024x771.jpg\" alt=\"\" class=\"wp-image-1470\" srcset=\"https:\/\/alcaldiaalbertoadriani.com\/wp-content\/uploads\/2022\/12\/IMG_20221212_110730-980x738.jpg 980w, https:\/\/alcaldiaalbertoadriani.com\/wp-content\/uploads\/2022\/12\/IMG_20221212_110730-480x362.jpg 480w\" sizes=\"auto, (min-width: 0px) and (max-width: 480px) 480px, (min-width: 481px) and (max-width: 980px) 980px, (min-width: 981px) 1024px, 100vw\" \/><\/figure>\n\n\n\n<p>Expres\u00f3 el alcalde que la mesa t\u00e9cnica ser\u00e1 un punto de encuentro y \u201cun instrumento que tendr\u00e1 la responsabilidad de orientar desde el punto de vista profesional y de la inversi\u00f3n de los recursos econ\u00f3micos, con el prop\u00f3sito de mejorar y solventar el grave problema del servicio de agua potable en el municipio <a href=\"https:\/\/www.instagram.com\/alcaldia_aa\/\" target=\"_blank\" rel=\"noreferrer noopener\">Alberto Adriani<\/a>\u201d, puntualiz\u00f3.<\/p>\n\n\n\n<p>Expuso la coincidencia e importancia que los diferentes niveles de gobierno direccionen los recursos para esta \u00e1rea.<\/p>\n\n\n\n<p>&#8220;En este sentido, desde el Gobierno municipal se aprob\u00f3 y dispuso en el Presupuesto 2023 el 7 por ciento del total de los recursos que incluye, adem\u00e1s del mantenimiento de los acueductos rurales, la construcci\u00f3n de un pozo profundo en el sector Lago Sur, para alimentar el tanque que brindar\u00eda el servicio de agua a varios sectores populares de la parroquia R\u00f3mulo Gallegos\u201d, indic\u00f3.<\/p>\n\n\n\n<p>Igualmente, se\u00f1al\u00f3 que la gobernaci\u00f3n del estado se comprometi\u00f3 en la construcci\u00f3n de pozos profundos y se hizo tambi\u00e9n la solicitud ante el Gobierno nacional para desarrollar este tipo de obras en el municipio.<\/p>\n\n\n\n<p>El burgomaestre dijo sentirse satisfecho de que haya la voluntad pol\u00edtica por resolver la problem\u00e1tica en esta materia del servicio del vital l\u00edquido, pues desde hace varios meses viene trabajando con esa intenci\u00f3n para avanzar en un mismo prop\u00f3sito y un mismo norte.<\/p>\n\n\n\n<h2 class=\"wp-block-heading\">Integrantes de la comisi\u00f3n de la Mesa T\u00e9cnica<\/h2>\n\n\n\n<p>La mesa t\u00e9cnica estar\u00e1 conformada por Legisladores del Clebm; Jos\u00e9 Luis Molina, representante de la sociedad civil; Elis Aristiz\u00e1bal, pdte. de Cavisur; Edgar Uzc\u00e1tegui, pdte. de Asodegaa; Elexida Mac\u00edas y Luis Calder\u00f3n, consejeros del Clpp; Argenis Hern\u00e1ndez, pdte. Colegio de Ingenieros El Vig\u00eda; Isabel M\u00e9ndez, expresidente del colegio de ingenieros; Oswaldo Ferrer, pdte. de Aguas de M\u00e9rida; Minerva Mora, gerente de Ingenier\u00eda de la alcald\u00eda; as\u00ed como los ingenieros Francisco D\u00e1vila, Eduardo Rojas y Vivian Galiz del Ministerio para la atenci\u00f3n en Aguas, entre otros funcionarios de los distintos niveles de gobierno. <strong>Prensa Alcald\u00eda Alberto Adriani\/Claribel Zambrano CNP: 11.843\/Fotos: Romny Ram\u00edrez.<\/strong><\/p>\n\n\n\n<figure class=\"wp-block-gallery has-nested-images columns-default is-cropped wp-block-gallery-1 is-layout-flex wp-block-gallery-is-layout-flex\">\n<figure class=\"wp-block-image size-large\"><img loading=\"lazy\" decoding=\"async\" width=\"2560\" height=\"1928\" data-id=\"1477\" src=\"https:\/\/alcaldiaalbertoadriani.com\/wp-content\/uploads\/2022\/12\/IMG_20221212_112619-2-scaled.jpg\" alt=\"\" class=\"wp-image-1477\" srcset=\"https:\/\/alcaldiaalbertoadriani.com\/wp-content\/uploads\/2022\/12\/IMG_20221212_112619-2-scaled.jpg 2560w, https:\/\/alcaldiaalbertoadriani.com\/wp-content\/uploads\/2022\/12\/IMG_20221212_112619-2-1280x964.jpg 1280w, https:\/\/alcaldiaalbertoadriani.com\/wp-content\/uploads\/2022\/12\/IMG_20221212_112619-2-980x738.jpg 980w, https:\/\/alcaldiaalbertoadriani.com\/wp-content\/uploads\/2022\/12\/IMG_20221212_112619-2-480x362.jpg 480w\" sizes=\"auto, (min-width: 0px) and (max-width: 480px) 480px, (min-width: 481px) and (max-width: 980px) 980px, (min-width: 981px) and (max-width: 1280px) 1280px, (min-width: 1281px) 2560px, 100vw\" \/><\/figure>\n\n\n\n<figure class=\"wp-block-image size-large\"><img loading=\"lazy\" decoding=\"async\" width=\"2560\" height=\"1928\" data-id=\"1478\" src=\"https:\/\/alcaldiaalbertoadriani.com\/wp-content\/uploads\/2022\/12\/IMG_20221212_114123-2-scaled.jpg\" alt=\"\" class=\"wp-image-1478\" srcset=\"https:\/\/alcaldiaalbertoadriani.com\/wp-content\/uploads\/2022\/12\/IMG_20221212_114123-2-scaled.jpg 2560w, https:\/\/alcaldiaalbertoadriani.com\/wp-content\/uploads\/2022\/12\/IMG_20221212_114123-2-1280x964.jpg 1280w, https:\/\/alcaldiaalbertoadriani.com\/wp-content\/uploads\/2022\/12\/IMG_20221212_114123-2-980x738.jpg 980w, https:\/\/alcaldiaalbertoadriani.com\/wp-content\/uploads\/2022\/12\/IMG_20221212_114123-2-480x362.jpg 480w\" sizes=\"auto, (min-width: 0px) and (max-width: 480px) 480px, (min-width: 481px) and (max-width: 980px) 980px, (min-width: 981px) and (max-width: 1280px) 1280px, (min-width: 1281px) 2560px, 100vw\" \/><\/figure>\n\n\n\n<figure class=\"wp-block-image size-large\"><img loading=\"lazy\" decoding=\"async\" width=\"2560\" height=\"1928\" data-id=\"1476\" src=\"https:\/\/alcaldiaalbertoadriani.com\/wp-content\/uploads\/2022\/12\/IMG_20221212_111346-2-scaled.jpg\" alt=\"\" class=\"wp-image-1476\" srcset=\"https:\/\/alcaldiaalbertoadriani.com\/wp-content\/uploads\/2022\/12\/IMG_20221212_111346-2-scaled.jpg 2560w, https:\/\/alcaldiaalbertoadriani.com\/wp-content\/uploads\/2022\/12\/IMG_20221212_111346-2-1280x964.jpg 1280w, https:\/\/alcaldiaalbertoadriani.com\/wp-content\/uploads\/2022\/12\/IMG_20221212_111346-2-980x738.jpg 980w, https:\/\/alcaldiaalbertoadriani.com\/wp-content\/uploads\/2022\/12\/IMG_20221212_111346-2-480x362.jpg 480w\" sizes=\"auto, (min-width: 0px) and (max-width: 480px) 480px, (min-width: 481px) and (max-width: 980px) 980px, (min-width: 981px) and (max-width: 1280px) 1280px, (min-width: 1281px) 2560px, 100vw\" \/><\/figure>\n\n\n\n<figure class=\"wp-block-image size-large\"><img decoding=\"async\" data-id=\"1472\" src=\"https:\/\/alcaldiaalbertoadriani.com\/wp-content\/uploads\/2022\/12\/IMG_20221212_125349.jpg\" alt=\"\" class=\"wp-image-1472\"\/><\/figure>\n\n\n\n<figure class=\"wp-block-image size-large\"><img loading=\"lazy\" decoding=\"async\" width=\"1920\" height=\"1080\" data-id=\"1469\" src=\"https:\/\/alcaldiaalbertoadriani.com\/wp-content\/uploads\/2022\/12\/IMG_20221212_131845_1.jpg\" alt=\"mesa t\u00e9cnica agua\" class=\"wp-image-1469\" srcset=\"https:\/\/alcaldiaalbertoadriani.com\/wp-content\/uploads\/2022\/12\/IMG_20221212_131845_1.jpg 1920w, https:\/\/alcaldiaalbertoadriani.com\/wp-content\/uploads\/2022\/12\/IMG_20221212_131845_1-1280x720.jpg 1280w, https:\/\/alcaldiaalbertoadriani.com\/wp-content\/uploads\/2022\/12\/IMG_20221212_131845_1-980x551.jpg 980w, https:\/\/alcaldiaalbertoadriani.com\/wp-content\/uploads\/2022\/12\/IMG_20221212_131845_1-480x270.jpg 480w\" sizes=\"auto, (min-width: 0px) and (max-width: 480px) 480px, (min-width: 481px) and (max-width: 980px) 980px, (min-width: 981px) and (max-width: 1280px) 1280px, (min-width: 1281px) 1920px, 100vw\" \/><\/figure>\n\n\n\n<figure class=\"wp-block-image size-large\"><img loading=\"lazy\" decoding=\"async\" width=\"2560\" height=\"1928\" data-id=\"1480\" src=\"https:\/\/alcaldiaalbertoadriani.com\/wp-content\/uploads\/2022\/12\/IMG_20221212_130649-1-scaled.jpg\" alt=\"\" class=\"wp-image-1480\" srcset=\"https:\/\/alcaldiaalbertoadriani.com\/wp-content\/uploads\/2022\/12\/IMG_20221212_130649-1-scaled.jpg 2560w, https:\/\/alcaldiaalbertoadriani.com\/wp-content\/uploads\/2022\/12\/IMG_20221212_130649-1-1280x964.jpg 1280w, https:\/\/alcaldiaalbertoadriani.com\/wp-content\/uploads\/2022\/12\/IMG_20221212_130649-1-980x738.jpg 980w, https:\/\/alcaldiaalbertoadriani.com\/wp-content\/uploads\/2022\/12\/IMG_20221212_130649-1-480x362.jpg 480w\" sizes=\"auto, (min-width: 0px) and (max-width: 480px) 480px, (min-width: 481px) and (max-width: 980px) 980px, (min-width: 981px) and (max-width: 1280px) 1280px, (min-width: 1281px) 2560px, 100vw\" \/><\/figure>\n<\/figure>\n","protected":false},"excerpt":{"rendered":"<p><strong><em>La comisi\u00f3n de la mesa t\u00e9cnica contar\u00e1 con la participaci\u00f3n de diversos organismos de las tres instancias de gobierno, as\u00ed como gremios, poder popular y sociedad civil<\/em><\/strong><\/p>\n","protected":false},"author":2,"featured_media":1468,"comment_status":"closed","ping_status":"closed","sticky":false,"template":"","format":"standard","meta":{"_et_pb_use_builder":"off","_et_pb_old_content":"","_et_gb_content_width":"","footnotes":""},"categories":[25,295],"tags":[31,11,12,15,30,29,28,296],"class_list":["post-1467","post","type-post","status-publish","format-standard","has-post-thumbnail","hentry","category-nuestro-municipio","category-servicios-publicos","tag-alcalde","tag-alcaldia","tag-alcaldiaalbertoadriani","tag-elvigia","tag-lisandrosegura","tag-municipioquenosmerecemos","tag-porelrenacer","tag-mesa-tecnica-agua"],"yoast_head":"<!-- This site is optimized with the Yoast SEO plugin v19.13 - https:\/\/yoast.com\/wordpress\/plugins\/seo\/ -->\n<title>Instalada mesa t\u00e9cnica de Agua Potable en el municipio Alberto Adriani - Alcaldia Alberto Adriani<\/title>\n<meta name=\"description\" content=\"El alcalde vig\u00edense con la participaci\u00f3n de diversos organismos conformaron la comisi\u00f3n e instalaron la Mesa T\u00e9cnica de Agua Potable.\" \/>\n<meta name=\"robots\" content=\"index, follow, max-snippet:-1, max-image-preview:large, max-video-preview:-1\" \/>\n<link rel=\"canonical\" href=\"https:\/\/alcaldiaalbertoadriani.com\/?p=1467\" \/>\n<meta property=\"og:locale\" content=\"es_ES\" \/>\n<meta property=\"og:type\" content=\"article\" \/>\n<meta property=\"og:title\" content=\"Instalada mesa t\u00e9cnica de Agua Potable en el municipio Alberto Adriani - Alcaldia Alberto Adriani\" \/>\n<meta property=\"og:description\" content=\"El alcalde vig\u00edense con la participaci\u00f3n de diversos organismos conformaron la comisi\u00f3n e instalaron la Mesa T\u00e9cnica de Agua Potable.\" \/>\n<meta property=\"og:url\" content=\"https:\/\/alcaldiaalbertoadriani.com\/?p=1467\" \/>\n<meta property=\"og:site_name\" content=\"Alcaldia Alberto Adriani\" \/>\n<meta property=\"article:published_time\" content=\"2022-12-13T18:44:55+00:00\" \/>\n<meta property=\"article:modified_time\" content=\"2022-12-13T18:45:07+00:00\" \/>\n<meta property=\"og:image\" content=\"https:\/\/alcaldiaalbertoadriani.com\/wp-content\/uploads\/2022\/12\/IMG_20221212_110940-scaled.jpg\" \/>\n\t<meta property=\"og:image:width\" content=\"2560\" \/>\n\t<meta property=\"og:image:height\" content=\"1928\" \/>\n\t<meta property=\"og:image:type\" content=\"image\/jpeg\" \/>\n<meta name=\"author\" content=\"Prensa\" \/>\n<meta name=\"twitter:card\" content=\"summary_large_image\" \/>\n<meta name=\"twitter:label1\" content=\"Escrito por\" \/>\n\t<meta name=\"twitter:data1\" content=\"Prensa\" \/>\n\t<meta name=\"twitter:label2\" content=\"Tiempo de lectura\" \/>\n\t<meta name=\"twitter:data2\" content=\"4 minutos\" \/>\n<script type=\"application\/ld+json\" class=\"yoast-schema-graph\">{\"@context\":\"https:\/\/schema.org\",\"@graph\":[{\"@type\":\"WebPage\",\"@id\":\"https:\/\/alcaldiaalbertoadriani.com\/?p=1467\",\"url\":\"https:\/\/alcaldiaalbertoadriani.com\/?p=1467\",\"name\":\"Instalada mesa t\u00e9cnica de Agua Potable en el municipio Alberto Adriani - Alcaldia Alberto Adriani\",\"isPartOf\":{\"@id\":\"https:\/\/alcaldiaalbertoadriani.com\/#website\"},\"datePublished\":\"2022-12-13T18:44:55+00:00\",\"dateModified\":\"2022-12-13T18:45:07+00:00\",\"author\":{\"@id\":\"https:\/\/alcaldiaalbertoadriani.com\/#\/schema\/person\/549b4483ff8999ac780deeea78795fc9\"},\"description\":\"El alcalde vig\u00edense con la participaci\u00f3n de diversos organismos conformaron la comisi\u00f3n e instalaron la Mesa T\u00e9cnica de Agua Potable.\",\"breadcrumb\":{\"@id\":\"https:\/\/alcaldiaalbertoadriani.com\/?p=1467#breadcrumb\"},\"inLanguage\":\"es\",\"potentialAction\":[{\"@type\":\"ReadAction\",\"target\":[\"https:\/\/alcaldiaalbertoadriani.com\/?p=1467\"]}]},{\"@type\":\"BreadcrumbList\",\"@id\":\"https:\/\/alcaldiaalbertoadriani.com\/?p=1467#breadcrumb\",\"itemListElement\":[{\"@type\":\"ListItem\",\"position\":1,\"name\":\"Portada\",\"item\":\"https:\/\/alcaldiaalbertoadriani.com\/\"},{\"@type\":\"ListItem\",\"position\":2,\"name\":\"Instalada mesa t\u00e9cnica de Agua Potable en el municipio Alberto Adriani\"}]},{\"@type\":\"WebSite\",\"@id\":\"https:\/\/alcaldiaalbertoadriani.com\/#website\",\"url\":\"https:\/\/alcaldiaalbertoadriani.com\/\",\"name\":\"Alcaldia Alberto Adriani\",\"description\":\"\",\"potentialAction\":[{\"@type\":\"SearchAction\",\"target\":{\"@type\":\"EntryPoint\",\"urlTemplate\":\"https:\/\/alcaldiaalbertoadriani.com\/?s={search_term_string}\"},\"query-input\":\"required name=search_term_string\"}],\"inLanguage\":\"es\"},{\"@type\":\"Person\",\"@id\":\"https:\/\/alcaldiaalbertoadriani.com\/#\/schema\/person\/549b4483ff8999ac780deeea78795fc9\",\"name\":\"Prensa\",\"image\":{\"@type\":\"ImageObject\",\"inLanguage\":\"es\",\"@id\":\"https:\/\/alcaldiaalbertoadriani.com\/#\/schema\/person\/image\/\",\"url\":\"https:\/\/secure.gravatar.com\/avatar\/ea1cb567ea992a29627f4eee1c2eb185ec16decec6342d508fdf18dedb56c9de?s=96&d=mm&r=g\",\"contentUrl\":\"https:\/\/secure.gravatar.com\/avatar\/ea1cb567ea992a29627f4eee1c2eb185ec16decec6342d508fdf18dedb56c9de?s=96&d=mm&r=g\",\"caption\":\"Prensa\"},\"url\":\"https:\/\/alcaldiaalbertoadriani.com\/?author=2\"}]}<\/script>\n<!-- \/ Yoast SEO plugin. -->","yoast_head_json":{"title":"Instalada mesa t\u00e9cnica de Agua Potable en el municipio Alberto Adriani - Alcaldia Alberto Adriani","description":"El alcalde vig\u00edense con la participaci\u00f3n de diversos organismos conformaron la comisi\u00f3n e instalaron la Mesa T\u00e9cnica de Agua Potable.","robots":{"index":"index","follow":"follow","max-snippet":"max-snippet:-1","max-image-preview":"max-image-preview:large","max-video-preview":"max-video-preview:-1"},"canonical":"https:\/\/alcaldiaalbertoadriani.com\/?p=1467","og_locale":"es_ES","og_type":"article","og_title":"Instalada mesa t\u00e9cnica de Agua Potable en el municipio Alberto Adriani - Alcaldia Alberto Adriani","og_description":"El alcalde vig\u00edense con la participaci\u00f3n de diversos organismos conformaron la comisi\u00f3n e instalaron la Mesa T\u00e9cnica de Agua Potable.","og_url":"https:\/\/alcaldiaalbertoadriani.com\/?p=1467","og_site_name":"Alcaldia Alberto Adriani","article_published_time":"2022-12-13T18:44:55+00:00","article_modified_time":"2022-12-13T18:45:07+00:00","og_image":[{"width":2560,"height":1928,"url":"https:\/\/alcaldiaalbertoadriani.com\/wp-content\/uploads\/2022\/12\/IMG_20221212_110940-scaled.jpg","type":"image\/jpeg"}],"author":"Prensa","twitter_card":"summary_large_image","twitter_misc":{"Escrito por":"Prensa","Tiempo de lectura":"4 minutos"},"schema":{"@context":"https:\/\/schema.org","@graph":[{"@type":"WebPage","@id":"https:\/\/alcaldiaalbertoadriani.com\/?p=1467","url":"https:\/\/alcaldiaalbertoadriani.com\/?p=1467","name":"Instalada mesa t\u00e9cnica de Agua Potable en el municipio Alberto Adriani - Alcaldia Alberto Adriani","isPartOf":{"@id":"https:\/\/alcaldiaalbertoadriani.com\/#website"},"datePublished":"2022-12-13T18:44:55+00:00","dateModified":"2022-12-13T18:45:07+00:00","author":{"@id":"https:\/\/alcaldiaalbertoadriani.com\/#\/schema\/person\/549b4483ff8999ac780deeea78795fc9"},"description":"El alcalde vig\u00edense con la participaci\u00f3n de diversos organismos conformaron la comisi\u00f3n e instalaron la Mesa T\u00e9cnica de Agua Potable.","breadcrumb":{"@id":"https:\/\/alcaldiaalbertoadriani.com\/?p=1467#breadcrumb"},"inLanguage":"es","potentialAction":[{"@type":"ReadAction","target":["https:\/\/alcaldiaalbertoadriani.com\/?p=1467"]}]},{"@type":"BreadcrumbList","@id":"https:\/\/alcaldiaalbertoadriani.com\/?p=1467#breadcrumb","itemListElement":[{"@type":"ListItem","position":1,"name":"Portada","item":"https:\/\/alcaldiaalbertoadriani.com\/"},{"@type":"ListItem","position":2,"name":"Instalada mesa t\u00e9cnica de Agua Potable en el municipio Alberto Adriani"}]},{"@type":"WebSite","@id":"https:\/\/alcaldiaalbertoadriani.com\/#website","url":"https:\/\/alcaldiaalbertoadriani.com\/","name":"Alcaldia Alberto Adriani","description":"","potentialAction":[{"@type":"SearchAction","target":{"@type":"EntryPoint","urlTemplate":"https:\/\/alcaldiaalbertoadriani.com\/?s={search_term_string}"},"query-input":"required name=search_term_string"}],"inLanguage":"es"},{"@type":"Person","@id":"https:\/\/alcaldiaalbertoadriani.com\/#\/schema\/person\/549b4483ff8999ac780deeea78795fc9","name":"Prensa","image":{"@type":"ImageObject","inLanguage":"es","@id":"https:\/\/alcaldiaalbertoadriani.com\/#\/schema\/person\/image\/","url":"https:\/\/secure.gravatar.com\/avatar\/ea1cb567ea992a29627f4eee1c2eb185ec16decec6342d508fdf18dedb56c9de?s=96&d=mm&r=g","contentUrl":"https:\/\/secure.gravatar.com\/avatar\/ea1cb567ea992a29627f4eee1c2eb185ec16decec6342d508fdf18dedb56c9de?s=96&d=mm&r=g","caption":"Prensa"},"url":"https:\/\/alcaldiaalbertoadriani.com\/?author=2"}]}},"_links":{"self":[{"href":"https:\/\/alcaldiaalbertoadriani.com\/index.php?rest_route=\/wp\/v2\/posts\/1467","targetHints":{"allow":["GET"]}}],"collection":[{"href":"https:\/\/alcaldiaalbertoadriani.com\/index.php?rest_route=\/wp\/v2\/posts"}],"about":[{"href":"https:\/\/alcaldiaalbertoadriani.com\/index.php?rest_route=\/wp\/v2\/types\/post"}],"author":[{"embeddable":true,"href":"https:\/\/alcaldiaalbertoadriani.com\/index.php?rest_route=\/wp\/v2\/users\/2"}],"replies":[{"embeddable":true,"href":"https:\/\/alcaldiaalbertoadriani.com\/index.php?rest_route=%2Fwp%2Fv2%2Fcomments&post=1467"}],"version-history":[{"count":1,"href":"https:\/\/alcaldiaalbertoadriani.com\/index.php?rest_route=\/wp\/v2\/posts\/1467\/revisions"}],"predecessor-version":[{"id":1482,"href":"https:\/\/alcaldiaalbertoadriani.com\/index.php?rest_route=\/wp\/v2\/posts\/1467\/revisions\/1482"}],"wp:featuredmedia":[{"embeddable":true,"href":"https:\/\/alcaldiaalbertoadriani.com\/index.php?rest_route=\/wp\/v2\/media\/1468"}],"wp:attachment":[{"href":"https:\/\/alcaldiaalbertoadriani.com\/index.php?rest_route=%2Fwp%2Fv2%2Fmedia&parent=1467"}],"wp:term":[{"taxonomy":"category","embeddable":true,"href":"https:\/\/alcaldiaalbertoadriani.com\/index.php?rest_route=%2Fwp%2Fv2%2Fcategories&post=1467"},{"taxonomy":"post_tag","embeddable":true,"href":"https:\/\/alcaldiaalbertoadriani.com\/index.php?rest_route=%2Fwp%2Fv2%2Ftags&post=1467"}],"curies":[{"name":"wp","href":"https:\/\/api.w.org\/{rel}","templated":true}]}}