{"id":14654,"date":"2026-01-16T13:13:01","date_gmt":"2026-01-16T13:13:01","guid":{"rendered":"https:\/\/alcaldiaalbertoadriani.com\/?p=14654"},"modified":"2026-01-16T13:13:10","modified_gmt":"2026-01-16T13:13:10","slug":"gestion-de-lisandro-segura-avanza-en-el-desarrollo-educativo","status":"publish","type":"post","link":"https:\/\/alcaldiaalbertoadriani.com\/?p=14654","title":{"rendered":"Gesti\u00f3n de Lisandro Segura avanza en el desarrollo educativo municipal"},"content":{"rendered":"\n<p>En el marco de la celebraci\u00f3n del <a href=\"https:\/\/alcaldiaalbertoadriani.com\/?p=14641\">D\u00eda del Maestro<\/a>, el alcalde del municipio Alberto Adriani, <a href=\"https:\/\/www.instagram.com\/lisandrosegura02\/\">Lisandro Segura<\/a>, expuso los trabajos y planes educacionales que su gesti\u00f3n local ha venido realizando en pro del desarrollo educativo del municipio. Los detalles los ofreci\u00f3 durante su intervenci\u00f3n en la Sesion Solemne que se efectu\u00f3 en los salones de la Curia.<\/p>\n\n\n\n<p>El alcalde aprovecho la oportunidad para informar que a trav\u00e9s de la Gerencia de Educaci\u00f3n Municipal dirigida por An\u00edbal Chac\u00f3n, se les ha dado continuidad a los cursos de nivelaci\u00f3n para estudiantes de bachillerato en diferentes materias.<\/p>\n\n\n\n<p>Igualmente, se ha puesto en marcha desde hace varios a\u00f1os, el programa de <a href=\"https:\/\/alcaldiaalbertoadriani.com\/?p=6153\">becas Presidente Carlos Andr\u00e9s P\u00e9rez<\/a>, un programa educativo y social creado mediante ordenanza que apoya a estudiantes de todas las etapas, adem\u00e1s el Plan Siembra &#8220;Julio Su\u00e1rez&#8221; de capacitaci\u00f3n y educaci\u00f3n para el trabajo.<\/p>\n\n\n\n<p>Es importante mencionar que el programa de becas se financia con recursos de la Alcald\u00eda Alberto Adriani, asignados anualmente en la Ordenanza de Presupuesto. Actualmente, son cientos los beneficiados del Plan Siembra que comprende un amplio cat\u00e1logo de cursos y talleres que permite a quienes lo cursan, certificarse con el aval del Ministerio de Educaci\u00f3n,&nbsp; la Comunidad Econ\u00f3mica Europea de Canad\u00e1 y los Estados Unidos y, por supuesto, de la instituci\u00f3n educativa con la que la Municipalidad firme el convenio para la ejecuci\u00f3n del plan.<\/p>\n\n\n\n<p>\u201cA la fecha se han beneficiado 100 ciudadanos que han cursado talleres en el Instituto Universitario Tecnol\u00f3gico Crist\u00f3bal Mendoza de nuestra Municipalidad, primera instituci\u00f3n con la que se firm\u00f3 el convenio para el desarrollo del Plan Siembra, en \u00e1reas de soldadura y herrer\u00eda, reparaci\u00f3n de motocicletas, asistente administrativo, tapicer\u00eda, belleza y est\u00e9tica, refrigeraci\u00f3n dom\u00e9stica e inteligencia artificial\u201d, explic\u00f3 el alcalde.<\/p>\n\n\n\n<h2 class=\"wp-block-heading\"><strong><em>Escuelas Municipales<\/em><\/strong><\/h2>\n\n\n\n<p>Asimismo, la primera autoridad civil, inform\u00f3 con gran satisfacci\u00f3n, la construcci\u00f3n e inauguraci\u00f3n por parte de su gesti\u00f3n de dos escuelas municipales. La <a href=\"https:\/\/alcaldiaalbertoadriani.com\/?p=14568\">Escuela Municipal &#8220;Salvador L\u00f3pez&#8221;<\/a> , construida en la remota comunidad rural de Camir\u00ed y la Escuela &#8220;Armando Mora&#8221;, construida en la comunidad de Ca\u00f1o Balza, ambas en la parroquia H\u00e9ctor Amable Mora.<\/p>\n\n\n\n<figure class=\"wp-block-gallery has-nested-images columns-default is-cropped wp-block-gallery-1 is-layout-flex wp-block-gallery-is-layout-flex\">\n<figure class=\"wp-block-image size-large\"><img loading=\"lazy\" decoding=\"async\" width=\"1024\" height=\"770\" data-id=\"14656\" src=\"https:\/\/alcaldiaalbertoadriani.com\/wp-content\/uploads\/2026\/01\/photo_5136730794272427246_y-1024x770.jpg\" alt=\"\" class=\"wp-image-14656\" srcset=\"https:\/\/alcaldiaalbertoadriani.com\/wp-content\/uploads\/2026\/01\/photo_5136730794272427246_y-1024x770.jpg 1024w, https:\/\/alcaldiaalbertoadriani.com\/wp-content\/uploads\/2026\/01\/photo_5136730794272427246_y-980x737.jpg 980w, https:\/\/alcaldiaalbertoadriani.com\/wp-content\/uploads\/2026\/01\/photo_5136730794272427246_y-480x361.jpg 480w\" sizes=\"auto, (min-width: 0px) and (max-width: 480px) 480px, (min-width: 481px) and (max-width: 980px) 980px, (min-width: 981px) 1024px, 100vw\" \/><\/figure>\n<\/figure>\n\n\n\n<p>A tal efecto, la Gerencia de Educaci\u00f3n Municipal ha viabilizado la apertura de estas escuelas ante la zona educativa, comenzando ya el proceso de atenci\u00f3n pedag\u00f3gica a m\u00e1s de 60 ni\u00f1os, ni\u00f1as y adolescentes de estas comunidades.<\/p>\n\n\n\n<p>Segura, manifest\u00f3 que el tema de ense\u00f1ar es mucho m\u00e1s profundo, pues considera que &#8220;es un acto de creaci\u00f3n y de inspiraci\u00f3n, es guiar al otro hacia el descubrimiento de sus propias capacidades, acompa\u00f1arlo en el proceso de aprender a pensar, de hacerse preguntas y de buscar respuestas. Un buen maestro no solo proporciona informaci\u00f3n, sino que enciende la curiosidad, despierta el amor por el saber y logra que el aprendizaje tenga sentido. Ense\u00f1ar es un arte porque requiere sensibilidad, creatividad y empat\u00eda\u201d, se\u00f1al\u00f3.<\/p>\n\n\n\n<p>Las palabras del alcalde estuvieron siempre dirigidas a los docentes, llam\u00e1ndolos a ser protagonistas principales de la formaci\u00f3n de estas nuevas generaciones que al final son el futuro prominente y esperanzador.<\/p>\n\n\n\n<p>Finalmente, inst\u00f3 a que en la medida que cada maestro pueda integrar estas ense\u00f1anzas en sus aulas de clases, en esa misma medida estar\u00e1 contribuyendo con la nueva Venezuela. \u201cUna nueva Venezuela con profundo respeto por la libertad, por la dignidad humana, con ciudadanos compasivos y responsables\u201d, concluyo. <strong><em>Presa Alberto Adriani \/ Tahiry Villalobos C.N.P 23.225\/ Foto: Karla M\u00e1rquez.<\/em><\/strong><\/p>\n\n\n\n<figure class=\"wp-block-gallery has-nested-images columns-default is-cropped wp-block-gallery-2 is-layout-flex wp-block-gallery-is-layout-flex\">\n<figure class=\"wp-block-image size-large\"><img loading=\"lazy\" decoding=\"async\" width=\"1024\" height=\"576\" data-id=\"14657\" src=\"https:\/\/alcaldiaalbertoadriani.com\/wp-content\/uploads\/2026\/01\/photo_5136730794272427245_y-1024x576.jpg\" alt=\"\" class=\"wp-image-14657\" srcset=\"https:\/\/alcaldiaalbertoadriani.com\/wp-content\/uploads\/2026\/01\/photo_5136730794272427245_y-1024x576.jpg 1024w, https:\/\/alcaldiaalbertoadriani.com\/wp-content\/uploads\/2026\/01\/photo_5136730794272427245_y-980x551.jpg 980w, https:\/\/alcaldiaalbertoadriani.com\/wp-content\/uploads\/2026\/01\/photo_5136730794272427245_y-480x270.jpg 480w\" sizes=\"auto, (min-width: 0px) and (max-width: 480px) 480px, (min-width: 481px) and (max-width: 980px) 980px, (min-width: 981px) 1024px, 100vw\" \/><\/figure>\n<\/figure>\n","protected":false},"excerpt":{"rendered":"<p>En el marco de la celebraci\u00f3n del D\u00eda del Maestro, el alcalde del municipio Alberto Adriani, Lisandro Segura, expuso los trabajos y planes educacionales que su gesti\u00f3n local ha venido [&hellip;]<\/p>\n","protected":false},"author":2,"featured_media":14655,"comment_status":"open","ping_status":"closed","sticky":false,"template":"","format":"standard","meta":{"_et_pb_use_builder":"off","_et_pb_old_content":"","_et_gb_content_width":"","footnotes":""},"categories":[341,352,25],"tags":[31,11,12,15,761,30,29,28],"class_list":["post-14654","post","type-post","status-publish","format-standard","has-post-thumbnail","hentry","category-alcaldia-alberto-adriani","category-educacion","category-nuestro-municipio","tag-alcalde","tag-alcaldia","tag-alcaldiaalbertoadriani","tag-elvigia","tag-encrucijadadeprogreso","tag-lisandrosegura","tag-municipioquenosmerecemos","tag-porelrenacer"],"yoast_head":"<!-- This site is optimized with the Yoast SEO plugin v19.13 - https:\/\/yoast.com\/wordpress\/plugins\/seo\/ -->\n<title>Gesti\u00f3n de Lisandro Segura avanza en el desarrollo educativo<\/title>\n<meta name=\"description\" content=\"Gesti\u00f3n de Lisandro Segura avanza en el desarrollo educativo municipal Los detalles los ofreci\u00f3 durante su intervenci\u00f3n en sesi\u00f3n solemne\" \/>\n<meta name=\"robots\" content=\"index, follow, max-snippet:-1, max-image-preview:large, max-video-preview:-1\" \/>\n<link rel=\"canonical\" href=\"https:\/\/alcaldiaalbertoadriani.com\/?p=14654\" \/>\n<meta property=\"og:locale\" content=\"es_ES\" \/>\n<meta property=\"og:type\" content=\"article\" \/>\n<meta property=\"og:title\" content=\"Gesti\u00f3n de Lisandro Segura avanza en el desarrollo educativo\" \/>\n<meta property=\"og:description\" content=\"Gesti\u00f3n de Lisandro Segura avanza en el desarrollo educativo municipal Los detalles los ofreci\u00f3 durante su intervenci\u00f3n en sesi\u00f3n solemne\" \/>\n<meta property=\"og:url\" content=\"https:\/\/alcaldiaalbertoadriani.com\/?p=14654\" \/>\n<meta property=\"og:site_name\" content=\"Alcaldia Alberto Adriani\" \/>\n<meta property=\"article:published_time\" content=\"2026-01-16T13:13:01+00:00\" \/>\n<meta property=\"article:modified_time\" content=\"2026-01-16T13:13:10+00:00\" \/>\n<meta property=\"og:image\" content=\"https:\/\/alcaldiaalbertoadriani.com\/wp-content\/uploads\/2026\/01\/photo_5136855842245250095_y.jpg\" \/>\n\t<meta property=\"og:image:width\" content=\"1280\" \/>\n\t<meta property=\"og:image:height\" content=\"960\" \/>\n\t<meta property=\"og:image:type\" content=\"image\/jpeg\" \/>\n<meta name=\"author\" content=\"Prensa\" \/>\n<meta name=\"twitter:card\" content=\"summary_large_image\" \/>\n<meta name=\"twitter:label1\" content=\"Escrito por\" \/>\n\t<meta name=\"twitter:data1\" content=\"Prensa\" \/>\n\t<meta name=\"twitter:label2\" content=\"Tiempo de lectura\" \/>\n\t<meta name=\"twitter:data2\" content=\"3 minutos\" \/>\n<script type=\"application\/ld+json\" class=\"yoast-schema-graph\">{\"@context\":\"https:\/\/schema.org\",\"@graph\":[{\"@type\":\"WebPage\",\"@id\":\"https:\/\/alcaldiaalbertoadriani.com\/?p=14654\",\"url\":\"https:\/\/alcaldiaalbertoadriani.com\/?p=14654\",\"name\":\"Gesti\u00f3n de Lisandro Segura avanza en el desarrollo educativo\",\"isPartOf\":{\"@id\":\"https:\/\/alcaldiaalbertoadriani.com\/#website\"},\"datePublished\":\"2026-01-16T13:13:01+00:00\",\"dateModified\":\"2026-01-16T13:13:10+00:00\",\"author\":{\"@id\":\"https:\/\/alcaldiaalbertoadriani.com\/#\/schema\/person\/549b4483ff8999ac780deeea78795fc9\"},\"description\":\"Gesti\u00f3n de Lisandro Segura avanza en el desarrollo educativo municipal Los detalles los ofreci\u00f3 durante su intervenci\u00f3n en sesi\u00f3n solemne\",\"breadcrumb\":{\"@id\":\"https:\/\/alcaldiaalbertoadriani.com\/?p=14654#breadcrumb\"},\"inLanguage\":\"es\",\"potentialAction\":[{\"@type\":\"ReadAction\",\"target\":[\"https:\/\/alcaldiaalbertoadriani.com\/?p=14654\"]}]},{\"@type\":\"BreadcrumbList\",\"@id\":\"https:\/\/alcaldiaalbertoadriani.com\/?p=14654#breadcrumb\",\"itemListElement\":[{\"@type\":\"ListItem\",\"position\":1,\"name\":\"Portada\",\"item\":\"https:\/\/alcaldiaalbertoadriani.com\/\"},{\"@type\":\"ListItem\",\"position\":2,\"name\":\"Gesti\u00f3n de Lisandro Segura avanza en el desarrollo educativo municipal\"}]},{\"@type\":\"WebSite\",\"@id\":\"https:\/\/alcaldiaalbertoadriani.com\/#website\",\"url\":\"https:\/\/alcaldiaalbertoadriani.com\/\",\"name\":\"Alcaldia Alberto Adriani\",\"description\":\"\",\"potentialAction\":[{\"@type\":\"SearchAction\",\"target\":{\"@type\":\"EntryPoint\",\"urlTemplate\":\"https:\/\/alcaldiaalbertoadriani.com\/?s={search_term_string}\"},\"query-input\":\"required name=search_term_string\"}],\"inLanguage\":\"es\"},{\"@type\":\"Person\",\"@id\":\"https:\/\/alcaldiaalbertoadriani.com\/#\/schema\/person\/549b4483ff8999ac780deeea78795fc9\",\"name\":\"Prensa\",\"image\":{\"@type\":\"ImageObject\",\"inLanguage\":\"es\",\"@id\":\"https:\/\/alcaldiaalbertoadriani.com\/#\/schema\/person\/image\/\",\"url\":\"https:\/\/secure.gravatar.com\/avatar\/ea1cb567ea992a29627f4eee1c2eb185ec16decec6342d508fdf18dedb56c9de?s=96&d=mm&r=g\",\"contentUrl\":\"https:\/\/secure.gravatar.com\/avatar\/ea1cb567ea992a29627f4eee1c2eb185ec16decec6342d508fdf18dedb56c9de?s=96&d=mm&r=g\",\"caption\":\"Prensa\"},\"url\":\"https:\/\/alcaldiaalbertoadriani.com\/?author=2\"}]}<\/script>\n<!-- \/ Yoast SEO plugin. -->","yoast_head_json":{"title":"Gesti\u00f3n de Lisandro Segura avanza en el desarrollo educativo","description":"Gesti\u00f3n de Lisandro Segura avanza en el desarrollo educativo municipal Los detalles los ofreci\u00f3 durante su intervenci\u00f3n en sesi\u00f3n solemne","robots":{"index":"index","follow":"follow","max-snippet":"max-snippet:-1","max-image-preview":"max-image-preview:large","max-video-preview":"max-video-preview:-1"},"canonical":"https:\/\/alcaldiaalbertoadriani.com\/?p=14654","og_locale":"es_ES","og_type":"article","og_title":"Gesti\u00f3n de Lisandro Segura avanza en el desarrollo educativo","og_description":"Gesti\u00f3n de Lisandro Segura avanza en el desarrollo educativo municipal Los detalles los ofreci\u00f3 durante su intervenci\u00f3n en sesi\u00f3n solemne","og_url":"https:\/\/alcaldiaalbertoadriani.com\/?p=14654","og_site_name":"Alcaldia Alberto Adriani","article_published_time":"2026-01-16T13:13:01+00:00","article_modified_time":"2026-01-16T13:13:10+00:00","og_image":[{"width":1280,"height":960,"url":"https:\/\/alcaldiaalbertoadriani.com\/wp-content\/uploads\/2026\/01\/photo_5136855842245250095_y.jpg","type":"image\/jpeg"}],"author":"Prensa","twitter_card":"summary_large_image","twitter_misc":{"Escrito por":"Prensa","Tiempo de lectura":"3 minutos"},"schema":{"@context":"https:\/\/schema.org","@graph":[{"@type":"WebPage","@id":"https:\/\/alcaldiaalbertoadriani.com\/?p=14654","url":"https:\/\/alcaldiaalbertoadriani.com\/?p=14654","name":"Gesti\u00f3n de Lisandro Segura avanza en el desarrollo educativo","isPartOf":{"@id":"https:\/\/alcaldiaalbertoadriani.com\/#website"},"datePublished":"2026-01-16T13:13:01+00:00","dateModified":"2026-01-16T13:13:10+00:00","author":{"@id":"https:\/\/alcaldiaalbertoadriani.com\/#\/schema\/person\/549b4483ff8999ac780deeea78795fc9"},"description":"Gesti\u00f3n de Lisandro Segura avanza en el desarrollo educativo municipal Los detalles los ofreci\u00f3 durante su intervenci\u00f3n en sesi\u00f3n solemne","breadcrumb":{"@id":"https:\/\/alcaldiaalbertoadriani.com\/?p=14654#breadcrumb"},"inLanguage":"es","potentialAction":[{"@type":"ReadAction","target":["https:\/\/alcaldiaalbertoadriani.com\/?p=14654"]}]},{"@type":"BreadcrumbList","@id":"https:\/\/alcaldiaalbertoadriani.com\/?p=14654#breadcrumb","itemListElement":[{"@type":"ListItem","position":1,"name":"Portada","item":"https:\/\/alcaldiaalbertoadriani.com\/"},{"@type":"ListItem","position":2,"name":"Gesti\u00f3n de Lisandro Segura avanza en el desarrollo educativo municipal"}]},{"@type":"WebSite","@id":"https:\/\/alcaldiaalbertoadriani.com\/#website","url":"https:\/\/alcaldiaalbertoadriani.com\/","name":"Alcaldia Alberto Adriani","description":"","potentialAction":[{"@type":"SearchAction","target":{"@type":"EntryPoint","urlTemplate":"https:\/\/alcaldiaalbertoadriani.com\/?s={search_term_string}"},"query-input":"required name=search_term_string"}],"inLanguage":"es"},{"@type":"Person","@id":"https:\/\/alcaldiaalbertoadriani.com\/#\/schema\/person\/549b4483ff8999ac780deeea78795fc9","name":"Prensa","image":{"@type":"ImageObject","inLanguage":"es","@id":"https:\/\/alcaldiaalbertoadriani.com\/#\/schema\/person\/image\/","url":"https:\/\/secure.gravatar.com\/avatar\/ea1cb567ea992a29627f4eee1c2eb185ec16decec6342d508fdf18dedb56c9de?s=96&d=mm&r=g","contentUrl":"https:\/\/secure.gravatar.com\/avatar\/ea1cb567ea992a29627f4eee1c2eb185ec16decec6342d508fdf18dedb56c9de?s=96&d=mm&r=g","caption":"Prensa"},"url":"https:\/\/alcaldiaalbertoadriani.com\/?author=2"}]}},"_links":{"self":[{"href":"https:\/\/alcaldiaalbertoadriani.com\/index.php?rest_route=\/wp\/v2\/posts\/14654","targetHints":{"allow":["GET"]}}],"collection":[{"href":"https:\/\/alcaldiaalbertoadriani.com\/index.php?rest_route=\/wp\/v2\/posts"}],"about":[{"href":"https:\/\/alcaldiaalbertoadriani.com\/index.php?rest_route=\/wp\/v2\/types\/post"}],"author":[{"embeddable":true,"href":"https:\/\/alcaldiaalbertoadriani.com\/index.php?rest_route=\/wp\/v2\/users\/2"}],"replies":[{"embeddable":true,"href":"https:\/\/alcaldiaalbertoadriani.com\/index.php?rest_route=%2Fwp%2Fv2%2Fcomments&post=14654"}],"version-history":[{"count":1,"href":"https:\/\/alcaldiaalbertoadriani.com\/index.php?rest_route=\/wp\/v2\/posts\/14654\/revisions"}],"predecessor-version":[{"id":14658,"href":"https:\/\/alcaldiaalbertoadriani.com\/index.php?rest_route=\/wp\/v2\/posts\/14654\/revisions\/14658"}],"wp:featuredmedia":[{"embeddable":true,"href":"https:\/\/alcaldiaalbertoadriani.com\/index.php?rest_route=\/wp\/v2\/media\/14655"}],"wp:attachment":[{"href":"https:\/\/alcaldiaalbertoadriani.com\/index.php?rest_route=%2Fwp%2Fv2%2Fmedia&parent=14654"}],"wp:term":[{"taxonomy":"category","embeddable":true,"href":"https:\/\/alcaldiaalbertoadriani.com\/index.php?rest_route=%2Fwp%2Fv2%2Fcategories&post=14654"},{"taxonomy":"post_tag","embeddable":true,"href":"https:\/\/alcaldiaalbertoadriani.com\/index.php?rest_route=%2Fwp%2Fv2%2Ftags&post=14654"}],"curies":[{"name":"wp","href":"https:\/\/api.w.org\/{rel}","templated":true}]}}