{"id":14641,"date":"2026-01-16T12:58:30","date_gmt":"2026-01-16T12:58:30","guid":{"rendered":"https:\/\/alcaldiaalbertoadriani.com\/?p=14641"},"modified":"2026-01-16T12:58:33","modified_gmt":"2026-01-16T12:58:33","slug":"autoridades-de-alberto-adriani-celebraron-el-dia-del-maestro","status":"publish","type":"post","link":"https:\/\/alcaldiaalbertoadriani.com\/?p=14641","title":{"rendered":"Autoridades de Alberto Adriani celebraron el D\u00eda del Maestro con misa y sesi\u00f3n solemne"},"content":{"rendered":"\n<p>En el marco de la conmemoraci\u00f3n del <a href=\"https:\/\/alcaldiaalbertoadriani.com\/?p=9904\">D\u00eda del Maestro<\/a>, los docentes del municipio Alberto Adriani fueron homenajeados por parte de la municipalidad con una serie de actividades que iniciaron con una misa de acci\u00f3n de gracias y Sesi\u00f3n Solemne como muestra de reconocimiento a la invaluable labor que desempe\u00f1an en la formaci\u00f3n de las nuevas generaciones.<\/p>\n\n\n\n<!--more-->\n\n\n\n<p>A la ceremonia religiosa, oficiada por el presb\u00edtero Germ\u00e1n Mar\u00edn, asistieron educadores de distintas instituciones del municipio, quienes se congregaron para agradecer y reflexionar sobre su vocaci\u00f3n de servicio, reafirmando su compromiso con la educaci\u00f3n pese a los desaf\u00edos que enfrenta el sector.<\/p>\n\n\n\n<h2 class=\"wp-block-heading\"><strong><em>Sesi\u00f3n Solemne<\/em><\/strong><\/h2>\n\n\n\n<p>Posteriormente, en la sesi\u00f3n solemne realizada en los salones de la Curia, el alcalde de Alberto Adriani, <a href=\"https:\/\/www.instagram.com\/lisandrosegura02\/\">Lisandro Segura<\/a>, extendi\u00f3 un mensaje de felicitaci\u00f3n a todos los maestros en su d\u00eda, exaltando su esfuerzo, dedicaci\u00f3n y entrega. Asimismo, los exhort\u00f3 a continuar con esta loable labor, resaltando que, a pesar de ser una profesi\u00f3n hist\u00f3ricamente mal remunerada, sigue siendo fundamental para el desarrollo de la sociedad.<\/p>\n\n\n\n<figure class=\"wp-block-gallery has-nested-images columns-default is-cropped wp-block-gallery-1 is-layout-flex wp-block-gallery-is-layout-flex\">\n<figure class=\"wp-block-image size-large\"><img loading=\"lazy\" decoding=\"async\" width=\"1024\" height=\"768\" data-id=\"14643\" src=\"https:\/\/alcaldiaalbertoadriani.com\/wp-content\/uploads\/2026\/01\/photo_5136903726835633483_y-1024x768.jpg\" alt=\"\" class=\"wp-image-14643\" srcset=\"https:\/\/alcaldiaalbertoadriani.com\/wp-content\/uploads\/2026\/01\/photo_5136903726835633483_y-1024x768.jpg 1024w, https:\/\/alcaldiaalbertoadriani.com\/wp-content\/uploads\/2026\/01\/photo_5136903726835633483_y-980x735.jpg 980w, https:\/\/alcaldiaalbertoadriani.com\/wp-content\/uploads\/2026\/01\/photo_5136903726835633483_y-480x360.jpg 480w\" sizes=\"auto, (min-width: 0px) and (max-width: 480px) 480px, (min-width: 481px) and (max-width: 980px) 980px, (min-width: 981px) 1024px, 100vw\" \/><\/figure>\n<\/figure>\n\n\n\n<p>\u201cPero son ustedes, apreciados maestros, los llamados a ser los principales protagonistas de la formaci\u00f3n de estas nuevas generaciones que garantizar\u00e1n para el pa\u00eds, para el nuevo pa\u00eds, el futuro prominente y esperanzador que todos so\u00f1amos. En la medida en que cada maestro pueda integrar estas ense\u00f1anzas en sus aulas de clases, en esa misma medida estar\u00e1 contribuyendo con la nueva Venezuela que todos merecemos. Una Venezuela con profundo respeto por la libertad, por la dignidad humana, con ciudadanos compasivos y responsables\u201d puntualiz\u00f3 el burgomaestre.<\/p>\n\n\n\n<p>Posteriormente, el<a href=\"https:\/\/alcaldiaalbertoadriani.com\/?tag=concejo-municipal\"> Concejo Municipal<\/a>, presidido por Alfredo Mendoza, otorgaron reconocimientos a los docentes m\u00e1s destacados de la ciudad, en honor a su trayectoria, compromiso y aportes significativos al \u00e1mbito educativo.<\/p>\n\n\n\n<figure class=\"wp-block-gallery has-nested-images columns-default is-cropped wp-block-gallery-2 is-layout-flex wp-block-gallery-is-layout-flex\">\n<figure class=\"wp-block-image size-large\"><img loading=\"lazy\" decoding=\"async\" width=\"1024\" height=\"768\" data-id=\"14644\" src=\"https:\/\/alcaldiaalbertoadriani.com\/wp-content\/uploads\/2026\/01\/photo_5136903726835633492_y-1024x768.jpg\" alt=\"\" class=\"wp-image-14644\" srcset=\"https:\/\/alcaldiaalbertoadriani.com\/wp-content\/uploads\/2026\/01\/photo_5136903726835633492_y-1024x768.jpg 1024w, https:\/\/alcaldiaalbertoadriani.com\/wp-content\/uploads\/2026\/01\/photo_5136903726835633492_y-980x735.jpg 980w, https:\/\/alcaldiaalbertoadriani.com\/wp-content\/uploads\/2026\/01\/photo_5136903726835633492_y-480x360.jpg 480w\" sizes=\"auto, (min-width: 0px) and (max-width: 480px) 480px, (min-width: 481px) and (max-width: 980px) 980px, (min-width: 981px) 1024px, 100vw\" \/><\/figure>\n<\/figure>\n\n\n\n<p>En esta actividad, organizada por el Cuerpo Edilicio, se resalt\u00f3 el papel protag\u00f3nico de los maestros en la construcci\u00f3n de un mejor futuro.<\/p>\n\n\n\n<h2 class=\"wp-block-heading\"><strong><em>Discurso de orden<\/em><\/strong><\/h2>\n\n\n\n<p>Las palabras como Oradora de Orden estuvieron a cargo de Graciela C\u00e1ceres, docente de amplia trayectoria y reconocida dentro de este gremio.<\/p>\n\n\n\n<figure class=\"wp-block-gallery has-nested-images columns-default is-cropped wp-block-gallery-3 is-layout-flex wp-block-gallery-is-layout-flex\">\n<figure class=\"wp-block-image size-large\"><img loading=\"lazy\" decoding=\"async\" width=\"1024\" height=\"768\" data-id=\"14645\" src=\"https:\/\/alcaldiaalbertoadriani.com\/wp-content\/uploads\/2026\/01\/photo_5136903726835633485_y-1024x768.jpg\" alt=\"\" class=\"wp-image-14645\" srcset=\"https:\/\/alcaldiaalbertoadriani.com\/wp-content\/uploads\/2026\/01\/photo_5136903726835633485_y-1024x768.jpg 1024w, https:\/\/alcaldiaalbertoadriani.com\/wp-content\/uploads\/2026\/01\/photo_5136903726835633485_y-980x735.jpg 980w, https:\/\/alcaldiaalbertoadriani.com\/wp-content\/uploads\/2026\/01\/photo_5136903726835633485_y-480x360.jpg 480w\" sizes=\"auto, (min-width: 0px) and (max-width: 480px) 480px, (min-width: 481px) and (max-width: 980px) 980px, (min-width: 981px) 1024px, 100vw\" \/><\/figure>\n<\/figure>\n\n\n\n<p>En sus palabras la oradora, se\u00f1al\u00f3 que en la actualidad ser docente requiere ser un promotor de resiliencia, empat\u00eda y gesti\u00f3n emocional, ya que es alarmante ver las estad\u00edsticas de suicidio en la poblaci\u00f3n juvenil venezolana, por lo que, fue muy enf\u00e1tica en hacer un llamado a sus colegas para que contin\u00faen con la formaci\u00f3n y entrega a sus alumnos, pero siendo m\u00e1s observadores en las conductas cambiaste de su alumnado.<\/p>\n\n\n\n<p>\u201cLa ense\u00f1anza debe ser inclusiva, personalizada y nuestra aula es diversa, hoy entre tantos desaf\u00edos, tambi\u00e9n tenemos que sumar el reto de formar ni\u00f1os y adolescentes con diversas inteligencias emocionales y, muchos de ellos, poseedores de habilidades excepcionales dentro de un espectro que les permite ir m\u00e1s all\u00e1 de lo que pueden distinguir nuestros sentidos.<\/p>\n\n\n\n<p>Para finalizar, C\u00e1ceres incentiv\u00f3 a los docentes a ser capaces de dise\u00f1ar estrategias que lleguen a todos, reconociendo los diferentes ritmos, intereses y talentos.<\/p>\n\n\n\n<p>Con estas acciones, las autoridades municipales reafirmaron su respeto y admiraci\u00f3n hacia el gremio docente, celebrando su d\u00eda con actos cargados de espiritualidad, reconocimiento y gratitud.<strong><em> Prensa Alberto Adriani \/ Tahiry Villalobos C.N.P 23.225\/ Foto: Karla M\u00e1rquez.<\/em><\/strong><\/p>\n\n\n\n<figure class=\"wp-block-gallery has-nested-images columns-default is-cropped wp-block-gallery-4 is-layout-flex wp-block-gallery-is-layout-flex\">\n<figure class=\"wp-block-image size-large\"><img loading=\"lazy\" decoding=\"async\" width=\"1024\" height=\"768\" data-id=\"14646\" src=\"https:\/\/alcaldiaalbertoadriani.com\/wp-content\/uploads\/2026\/01\/photo_5136896618664758535_y-1024x768.jpg\" alt=\"\" class=\"wp-image-14646\" srcset=\"https:\/\/alcaldiaalbertoadriani.com\/wp-content\/uploads\/2026\/01\/photo_5136896618664758535_y-1024x768.jpg 1024w, https:\/\/alcaldiaalbertoadriani.com\/wp-content\/uploads\/2026\/01\/photo_5136896618664758535_y-980x735.jpg 980w, https:\/\/alcaldiaalbertoadriani.com\/wp-content\/uploads\/2026\/01\/photo_5136896618664758535_y-480x360.jpg 480w\" sizes=\"auto, (min-width: 0px) and (max-width: 480px) 480px, (min-width: 481px) and (max-width: 980px) 980px, (min-width: 981px) 1024px, 100vw\" \/><\/figure>\n\n\n\n<figure class=\"wp-block-image size-large\"><img loading=\"lazy\" decoding=\"async\" width=\"1024\" height=\"768\" data-id=\"14647\" src=\"https:\/\/alcaldiaalbertoadriani.com\/wp-content\/uploads\/2026\/01\/photo_5136903726835633490_y-1024x768.jpg\" alt=\"\" class=\"wp-image-14647\" srcset=\"https:\/\/alcaldiaalbertoadriani.com\/wp-content\/uploads\/2026\/01\/photo_5136903726835633490_y-1024x768.jpg 1024w, https:\/\/alcaldiaalbertoadriani.com\/wp-content\/uploads\/2026\/01\/photo_5136903726835633490_y-980x735.jpg 980w, https:\/\/alcaldiaalbertoadriani.com\/wp-content\/uploads\/2026\/01\/photo_5136903726835633490_y-480x360.jpg 480w\" sizes=\"auto, (min-width: 0px) and (max-width: 480px) 480px, (min-width: 481px) and (max-width: 980px) 980px, (min-width: 981px) 1024px, 100vw\" \/><\/figure>\n\n\n\n<figure class=\"wp-block-image size-large\"><img loading=\"lazy\" decoding=\"async\" width=\"1024\" height=\"768\" data-id=\"14650\" src=\"https:\/\/alcaldiaalbertoadriani.com\/wp-content\/uploads\/2026\/01\/photo_5136903726835633491_y-1024x768.jpg\" alt=\"\" class=\"wp-image-14650\" srcset=\"https:\/\/alcaldiaalbertoadriani.com\/wp-content\/uploads\/2026\/01\/photo_5136903726835633491_y-1024x768.jpg 1024w, https:\/\/alcaldiaalbertoadriani.com\/wp-content\/uploads\/2026\/01\/photo_5136903726835633491_y-980x735.jpg 980w, https:\/\/alcaldiaalbertoadriani.com\/wp-content\/uploads\/2026\/01\/photo_5136903726835633491_y-480x360.jpg 480w\" sizes=\"auto, (min-width: 0px) and (max-width: 480px) 480px, (min-width: 481px) and (max-width: 980px) 980px, (min-width: 981px) 1024px, 100vw\" \/><\/figure>\n\n\n\n<figure class=\"wp-block-image size-large\"><img loading=\"lazy\" decoding=\"async\" width=\"1024\" height=\"768\" data-id=\"14652\" src=\"https:\/\/alcaldiaalbertoadriani.com\/wp-content\/uploads\/2026\/01\/photo_5136903726835633499_y-1024x768.jpg\" alt=\"\" class=\"wp-image-14652\" srcset=\"https:\/\/alcaldiaalbertoadriani.com\/wp-content\/uploads\/2026\/01\/photo_5136903726835633499_y-1024x768.jpg 1024w, https:\/\/alcaldiaalbertoadriani.com\/wp-content\/uploads\/2026\/01\/photo_5136903726835633499_y-980x735.jpg 980w, https:\/\/alcaldiaalbertoadriani.com\/wp-content\/uploads\/2026\/01\/photo_5136903726835633499_y-480x360.jpg 480w\" sizes=\"auto, (min-width: 0px) and (max-width: 480px) 480px, (min-width: 481px) and (max-width: 980px) 980px, (min-width: 981px) 1024px, 100vw\" \/><\/figure>\n\n\n\n<figure class=\"wp-block-image size-large\"><img loading=\"lazy\" decoding=\"async\" width=\"1024\" height=\"768\" data-id=\"14648\" src=\"https:\/\/alcaldiaalbertoadriani.com\/wp-content\/uploads\/2026\/01\/photo_5136903726835633515_y-1024x768.jpg\" alt=\"\" class=\"wp-image-14648\" srcset=\"https:\/\/alcaldiaalbertoadriani.com\/wp-content\/uploads\/2026\/01\/photo_5136903726835633515_y-1024x768.jpg 1024w, https:\/\/alcaldiaalbertoadriani.com\/wp-content\/uploads\/2026\/01\/photo_5136903726835633515_y-980x735.jpg 980w, https:\/\/alcaldiaalbertoadriani.com\/wp-content\/uploads\/2026\/01\/photo_5136903726835633515_y-480x360.jpg 480w\" sizes=\"auto, (min-width: 0px) and (max-width: 480px) 480px, (min-width: 481px) and (max-width: 980px) 980px, (min-width: 981px) 1024px, 100vw\" \/><\/figure>\n\n\n\n<figure class=\"wp-block-image size-large\"><img loading=\"lazy\" decoding=\"async\" width=\"1024\" height=\"768\" data-id=\"14651\" src=\"https:\/\/alcaldiaalbertoadriani.com\/wp-content\/uploads\/2026\/01\/photo_5136903726835633521_y-1024x768.jpg\" alt=\"\" class=\"wp-image-14651\" srcset=\"https:\/\/alcaldiaalbertoadriani.com\/wp-content\/uploads\/2026\/01\/photo_5136903726835633521_y-1024x768.jpg 1024w, https:\/\/alcaldiaalbertoadriani.com\/wp-content\/uploads\/2026\/01\/photo_5136903726835633521_y-980x735.jpg 980w, https:\/\/alcaldiaalbertoadriani.com\/wp-content\/uploads\/2026\/01\/photo_5136903726835633521_y-480x360.jpg 480w\" sizes=\"auto, (min-width: 0px) and (max-width: 480px) 480px, (min-width: 481px) and (max-width: 980px) 980px, (min-width: 981px) 1024px, 100vw\" \/><\/figure>\n\n\n\n<figure class=\"wp-block-image size-large\"><img loading=\"lazy\" decoding=\"async\" width=\"1024\" height=\"768\" data-id=\"14649\" src=\"https:\/\/alcaldiaalbertoadriani.com\/wp-content\/uploads\/2026\/01\/photo_5136903726835633529_y-1024x768.jpg\" alt=\"\" class=\"wp-image-14649\" srcset=\"https:\/\/alcaldiaalbertoadriani.com\/wp-content\/uploads\/2026\/01\/photo_5136903726835633529_y-1024x768.jpg 1024w, https:\/\/alcaldiaalbertoadriani.com\/wp-content\/uploads\/2026\/01\/photo_5136903726835633529_y-980x735.jpg 980w, https:\/\/alcaldiaalbertoadriani.com\/wp-content\/uploads\/2026\/01\/photo_5136903726835633529_y-480x360.jpg 480w\" sizes=\"auto, (min-width: 0px) and (max-width: 480px) 480px, (min-width: 481px) and (max-width: 980px) 980px, (min-width: 981px) 1024px, 100vw\" \/><\/figure>\n<\/figure>\n","protected":false},"excerpt":{"rendered":"<p>En el marco de la conmemoraci\u00f3n del D\u00eda del Maestro, los docentes del municipio Alberto Adriani fueron homenajeados por parte de la municipalidad con una serie de actividades que iniciaron [&hellip;]<\/p>\n","protected":false},"author":2,"featured_media":14642,"comment_status":"open","ping_status":"closed","sticky":false,"template":"","format":"standard","meta":{"_et_pb_use_builder":"off","_et_pb_old_content":"","_et_gb_content_width":"","footnotes":""},"categories":[341,136,25,342],"tags":[31,11,12,15,761,30,29,28],"class_list":["post-14641","post","type-post","status-publish","format-standard","has-post-thumbnail","hentry","category-alcaldia-alberto-adriani","category-concejo-municipal","category-nuestro-municipio","category-sesion-solemne","tag-alcalde","tag-alcaldia","tag-alcaldiaalbertoadriani","tag-elvigia","tag-encrucijadadeprogreso","tag-lisandrosegura","tag-municipioquenosmerecemos","tag-porelrenacer"],"yoast_head":"<!-- This site is optimized with the Yoast SEO plugin v19.13 - https:\/\/yoast.com\/wordpress\/plugins\/seo\/ -->\n<title>Autoridades de Alberto Adriani celebraron el D\u00eda del Maestro<\/title>\n<meta name=\"description\" content=\"Autoridades de Alberto Adriani celebraron el D\u00eda del Maestro con misa y sesi\u00f3n solemne como muestra de reconocimiento a la invaluable labor\" \/>\n<meta name=\"robots\" content=\"index, follow, max-snippet:-1, max-image-preview:large, max-video-preview:-1\" \/>\n<link rel=\"canonical\" href=\"https:\/\/alcaldiaalbertoadriani.com\/?p=14641\" \/>\n<meta property=\"og:locale\" content=\"es_ES\" \/>\n<meta property=\"og:type\" content=\"article\" \/>\n<meta property=\"og:title\" content=\"Autoridades de Alberto Adriani celebraron el D\u00eda del Maestro\" \/>\n<meta property=\"og:description\" content=\"Autoridades de Alberto Adriani celebraron el D\u00eda del Maestro con misa y sesi\u00f3n solemne como muestra de reconocimiento a la invaluable labor\" \/>\n<meta property=\"og:url\" content=\"https:\/\/alcaldiaalbertoadriani.com\/?p=14641\" \/>\n<meta property=\"og:site_name\" content=\"Alcaldia Alberto Adriani\" \/>\n<meta property=\"article:published_time\" content=\"2026-01-16T12:58:30+00:00\" \/>\n<meta property=\"article:modified_time\" content=\"2026-01-16T12:58:33+00:00\" \/>\n<meta property=\"og:image\" content=\"https:\/\/alcaldiaalbertoadriani.com\/wp-content\/uploads\/2026\/01\/photo_5136903726835633474_y.jpg\" \/>\n\t<meta property=\"og:image:width\" content=\"1280\" \/>\n\t<meta property=\"og:image:height\" content=\"960\" \/>\n\t<meta property=\"og:image:type\" content=\"image\/jpeg\" \/>\n<meta name=\"author\" content=\"Prensa\" \/>\n<meta name=\"twitter:card\" content=\"summary_large_image\" \/>\n<meta name=\"twitter:label1\" content=\"Escrito por\" \/>\n\t<meta name=\"twitter:data1\" content=\"Prensa\" \/>\n\t<meta name=\"twitter:label2\" content=\"Tiempo de lectura\" \/>\n\t<meta name=\"twitter:data2\" content=\"5 minutos\" \/>\n<script type=\"application\/ld+json\" class=\"yoast-schema-graph\">{\"@context\":\"https:\/\/schema.org\",\"@graph\":[{\"@type\":\"WebPage\",\"@id\":\"https:\/\/alcaldiaalbertoadriani.com\/?p=14641\",\"url\":\"https:\/\/alcaldiaalbertoadriani.com\/?p=14641\",\"name\":\"Autoridades de Alberto Adriani celebraron el D\u00eda del Maestro\",\"isPartOf\":{\"@id\":\"https:\/\/alcaldiaalbertoadriani.com\/#website\"},\"datePublished\":\"2026-01-16T12:58:30+00:00\",\"dateModified\":\"2026-01-16T12:58:33+00:00\",\"author\":{\"@id\":\"https:\/\/alcaldiaalbertoadriani.com\/#\/schema\/person\/549b4483ff8999ac780deeea78795fc9\"},\"description\":\"Autoridades de Alberto Adriani celebraron el D\u00eda del Maestro con misa y sesi\u00f3n solemne como muestra de reconocimiento a la invaluable labor\",\"breadcrumb\":{\"@id\":\"https:\/\/alcaldiaalbertoadriani.com\/?p=14641#breadcrumb\"},\"inLanguage\":\"es\",\"potentialAction\":[{\"@type\":\"ReadAction\",\"target\":[\"https:\/\/alcaldiaalbertoadriani.com\/?p=14641\"]}]},{\"@type\":\"BreadcrumbList\",\"@id\":\"https:\/\/alcaldiaalbertoadriani.com\/?p=14641#breadcrumb\",\"itemListElement\":[{\"@type\":\"ListItem\",\"position\":1,\"name\":\"Portada\",\"item\":\"https:\/\/alcaldiaalbertoadriani.com\/\"},{\"@type\":\"ListItem\",\"position\":2,\"name\":\"Autoridades de Alberto Adriani celebraron el D\u00eda del Maestro con misa y sesi\u00f3n solemne\"}]},{\"@type\":\"WebSite\",\"@id\":\"https:\/\/alcaldiaalbertoadriani.com\/#website\",\"url\":\"https:\/\/alcaldiaalbertoadriani.com\/\",\"name\":\"Alcaldia Alberto Adriani\",\"description\":\"\",\"potentialAction\":[{\"@type\":\"SearchAction\",\"target\":{\"@type\":\"EntryPoint\",\"urlTemplate\":\"https:\/\/alcaldiaalbertoadriani.com\/?s={search_term_string}\"},\"query-input\":\"required name=search_term_string\"}],\"inLanguage\":\"es\"},{\"@type\":\"Person\",\"@id\":\"https:\/\/alcaldiaalbertoadriani.com\/#\/schema\/person\/549b4483ff8999ac780deeea78795fc9\",\"name\":\"Prensa\",\"image\":{\"@type\":\"ImageObject\",\"inLanguage\":\"es\",\"@id\":\"https:\/\/alcaldiaalbertoadriani.com\/#\/schema\/person\/image\/\",\"url\":\"https:\/\/secure.gravatar.com\/avatar\/ea1cb567ea992a29627f4eee1c2eb185ec16decec6342d508fdf18dedb56c9de?s=96&d=mm&r=g\",\"contentUrl\":\"https:\/\/secure.gravatar.com\/avatar\/ea1cb567ea992a29627f4eee1c2eb185ec16decec6342d508fdf18dedb56c9de?s=96&d=mm&r=g\",\"caption\":\"Prensa\"},\"url\":\"https:\/\/alcaldiaalbertoadriani.com\/?author=2\"}]}<\/script>\n<!-- \/ Yoast SEO plugin. -->","yoast_head_json":{"title":"Autoridades de Alberto Adriani celebraron el D\u00eda del Maestro","description":"Autoridades de Alberto Adriani celebraron el D\u00eda del Maestro con misa y sesi\u00f3n solemne como muestra de reconocimiento a la invaluable labor","robots":{"index":"index","follow":"follow","max-snippet":"max-snippet:-1","max-image-preview":"max-image-preview:large","max-video-preview":"max-video-preview:-1"},"canonical":"https:\/\/alcaldiaalbertoadriani.com\/?p=14641","og_locale":"es_ES","og_type":"article","og_title":"Autoridades de Alberto Adriani celebraron el D\u00eda del Maestro","og_description":"Autoridades de Alberto Adriani celebraron el D\u00eda del Maestro con misa y sesi\u00f3n solemne como muestra de reconocimiento a la invaluable labor","og_url":"https:\/\/alcaldiaalbertoadriani.com\/?p=14641","og_site_name":"Alcaldia Alberto Adriani","article_published_time":"2026-01-16T12:58:30+00:00","article_modified_time":"2026-01-16T12:58:33+00:00","og_image":[{"width":1280,"height":960,"url":"https:\/\/alcaldiaalbertoadriani.com\/wp-content\/uploads\/2026\/01\/photo_5136903726835633474_y.jpg","type":"image\/jpeg"}],"author":"Prensa","twitter_card":"summary_large_image","twitter_misc":{"Escrito por":"Prensa","Tiempo de lectura":"5 minutos"},"schema":{"@context":"https:\/\/schema.org","@graph":[{"@type":"WebPage","@id":"https:\/\/alcaldiaalbertoadriani.com\/?p=14641","url":"https:\/\/alcaldiaalbertoadriani.com\/?p=14641","name":"Autoridades de Alberto Adriani celebraron el D\u00eda del Maestro","isPartOf":{"@id":"https:\/\/alcaldiaalbertoadriani.com\/#website"},"datePublished":"2026-01-16T12:58:30+00:00","dateModified":"2026-01-16T12:58:33+00:00","author":{"@id":"https:\/\/alcaldiaalbertoadriani.com\/#\/schema\/person\/549b4483ff8999ac780deeea78795fc9"},"description":"Autoridades de Alberto Adriani celebraron el D\u00eda del Maestro con misa y sesi\u00f3n solemne como muestra de reconocimiento a la invaluable labor","breadcrumb":{"@id":"https:\/\/alcaldiaalbertoadriani.com\/?p=14641#breadcrumb"},"inLanguage":"es","potentialAction":[{"@type":"ReadAction","target":["https:\/\/alcaldiaalbertoadriani.com\/?p=14641"]}]},{"@type":"BreadcrumbList","@id":"https:\/\/alcaldiaalbertoadriani.com\/?p=14641#breadcrumb","itemListElement":[{"@type":"ListItem","position":1,"name":"Portada","item":"https:\/\/alcaldiaalbertoadriani.com\/"},{"@type":"ListItem","position":2,"name":"Autoridades de Alberto Adriani celebraron el D\u00eda del Maestro con misa y sesi\u00f3n solemne"}]},{"@type":"WebSite","@id":"https:\/\/alcaldiaalbertoadriani.com\/#website","url":"https:\/\/alcaldiaalbertoadriani.com\/","name":"Alcaldia Alberto Adriani","description":"","potentialAction":[{"@type":"SearchAction","target":{"@type":"EntryPoint","urlTemplate":"https:\/\/alcaldiaalbertoadriani.com\/?s={search_term_string}"},"query-input":"required name=search_term_string"}],"inLanguage":"es"},{"@type":"Person","@id":"https:\/\/alcaldiaalbertoadriani.com\/#\/schema\/person\/549b4483ff8999ac780deeea78795fc9","name":"Prensa","image":{"@type":"ImageObject","inLanguage":"es","@id":"https:\/\/alcaldiaalbertoadriani.com\/#\/schema\/person\/image\/","url":"https:\/\/secure.gravatar.com\/avatar\/ea1cb567ea992a29627f4eee1c2eb185ec16decec6342d508fdf18dedb56c9de?s=96&d=mm&r=g","contentUrl":"https:\/\/secure.gravatar.com\/avatar\/ea1cb567ea992a29627f4eee1c2eb185ec16decec6342d508fdf18dedb56c9de?s=96&d=mm&r=g","caption":"Prensa"},"url":"https:\/\/alcaldiaalbertoadriani.com\/?author=2"}]}},"_links":{"self":[{"href":"https:\/\/alcaldiaalbertoadriani.com\/index.php?rest_route=\/wp\/v2\/posts\/14641","targetHints":{"allow":["GET"]}}],"collection":[{"href":"https:\/\/alcaldiaalbertoadriani.com\/index.php?rest_route=\/wp\/v2\/posts"}],"about":[{"href":"https:\/\/alcaldiaalbertoadriani.com\/index.php?rest_route=\/wp\/v2\/types\/post"}],"author":[{"embeddable":true,"href":"https:\/\/alcaldiaalbertoadriani.com\/index.php?rest_route=\/wp\/v2\/users\/2"}],"replies":[{"embeddable":true,"href":"https:\/\/alcaldiaalbertoadriani.com\/index.php?rest_route=%2Fwp%2Fv2%2Fcomments&post=14641"}],"version-history":[{"count":1,"href":"https:\/\/alcaldiaalbertoadriani.com\/index.php?rest_route=\/wp\/v2\/posts\/14641\/revisions"}],"predecessor-version":[{"id":14653,"href":"https:\/\/alcaldiaalbertoadriani.com\/index.php?rest_route=\/wp\/v2\/posts\/14641\/revisions\/14653"}],"wp:featuredmedia":[{"embeddable":true,"href":"https:\/\/alcaldiaalbertoadriani.com\/index.php?rest_route=\/wp\/v2\/media\/14642"}],"wp:attachment":[{"href":"https:\/\/alcaldiaalbertoadriani.com\/index.php?rest_route=%2Fwp%2Fv2%2Fmedia&parent=14641"}],"wp:term":[{"taxonomy":"category","embeddable":true,"href":"https:\/\/alcaldiaalbertoadriani.com\/index.php?rest_route=%2Fwp%2Fv2%2Fcategories&post=14641"},{"taxonomy":"post_tag","embeddable":true,"href":"https:\/\/alcaldiaalbertoadriani.com\/index.php?rest_route=%2Fwp%2Fv2%2Ftags&post=14641"}],"curies":[{"name":"wp","href":"https:\/\/api.w.org\/{rel}","templated":true}]}}