{"id":14637,"date":"2026-01-15T18:28:00","date_gmt":"2026-01-15T18:28:00","guid":{"rendered":"https:\/\/alcaldiaalbertoadriani.com\/?p=14637"},"modified":"2026-01-15T18:28:13","modified_gmt":"2026-01-15T18:28:13","slug":"lisandro-segura-anuncio-inicio-del-plan-de-asfaltado","status":"publish","type":"post","link":"https:\/\/alcaldiaalbertoadriani.com\/?p=14637","title":{"rendered":"Lisandro Segura anunci\u00f3 inicio del Plan de Asfaltado y construcci\u00f3n de puente en Quebrada Blanca"},"content":{"rendered":"\n<p>Desde el sector <a href=\"https:\/\/alcaldiaalbertoadriani.com\/?tag=beneficiada-con-jornada-medica-la-comunidad-quebrada-blanca\">Quebrada Blanca<\/a>, v\u00eda Las Adjuntas, parroquia H\u00e9ctor Amable Mora, el alcalde<a href=\"https:\/\/www.instagram.com\/lisandrosegura02\/\"> Lisandro Segura<\/a>, realiz\u00f3 su programa radial \u201c<a href=\"https:\/\/alcaldiaalbertoadriani.com\/?cat=222\">Conversando con Lisandro<\/a>\u201d, en el cual ofreci\u00f3 un balance sobre eventos cicl\u00edsticos, infraestructura, atenci\u00f3n a las afectaciones por lluvias en otras acciones.<\/p>\n\n\n\n<p>En deporte, Segura celebr\u00f3 el paso por el municipio de la Vuelta al T\u00e1chira en Bicicleta en su 61 edici\u00f3n y ratific\u00f3 su apoyo al ciclismo. Al respecto, dijo que su gesti\u00f3n ha impulsado esta pr\u00e1ctica, con la recuperaci\u00f3n de la vialidad municipal, el apoyo a los diversos clubes cicl\u00edsticos que ha conllevado a realizar cuatro eventos de la disciplina como el Cl\u00e1sico de las categor\u00edas menores, enmarcada en las Ferias de El Vig\u00eda; la Vuelta a El Vig\u00eda de las categor\u00edas menores; y dos eventos privados, el Cl\u00e1sico D\u00eda del Trabajador y el Cl\u00e1sico de la Fundaci\u00f3n Richard Parra.<\/p>\n\n\n\n<p>En este sentido, anunci\u00f3 que el equipo La Cordillera-Alcald\u00eda Alberto Adriani desde ya se prepara para tener una participaci\u00f3n en la edici\u00f3n 62 del giro al T\u00e1chira en 2027.<\/p>\n\n\n\n<h2 class=\"wp-block-heading\"><strong><em>Atenci\u00f3n inmediata ante las lluvias<\/em><\/strong><\/h2>\n\n\n\n<p>Respecto a las recientes lluvias, resalt\u00f3 la capacidad de respuesta inmediata del gobierno local ante las afectaciones. Para ello, activ\u00f3 las cuadrillas del Plan \u201cRenacer de mi Vig\u00eda Querido\u201d, la gerencia de Ingenier\u00eda y Planeamiento Urbano Local (Gipul) y Ugradmaa, logrando despejar en tiempo r\u00e9cord la v\u00eda hacia el puente sobre el R\u00edo Chama con el apoyo de organismos de seguridad del Estado. Tambi\u00e9n, en la avenida La Rotaria y sectores como La Vega I, La Palmita, San Jos\u00e9 y Flor del Para\u00edso.<\/p>\n\n\n\n<p>Sobre la v\u00eda hacia Boca Grande, el alcalde supervis\u00f3 la afectaci\u00f3n de la v\u00eda e inform\u00f3 que \u201cse debe esperar que cesen las lluvias para proceder a los trabajos y restablecer el paso vehicular pues en este momento representa un riesgo trabajar bajo esas condiciones&#8221;.<\/p>\n\n\n\n<h2 class=\"wp-block-heading\"><strong><em>Infraestructuras y Plan de Asfaltado<\/em><\/strong><\/h2>\n\n\n\n<p>En infraestructura, detall\u00f3 los avances en la construcci\u00f3n del nuevo puente de Quebrada Blanca, v\u00eda Las Adjuntas. Inform\u00f3 que actualmente se ejecutan los estribos y la estructura met\u00e1lica. &#8220;Este pr\u00f3ximo lunes iniciaremos la construcci\u00f3n de un paso provisional con maquinaria pesada para proceder a la demolici\u00f3n del antiguo puente y avanzar en esta obra, la cual estimamos terminar en unos cuatro meses &#8220;, explic\u00f3.<\/p>\n\n\n\n<p>Asimismo, aprovech\u00f3 para informar el inicio formal del Plan de Asfaltado Municipal para finales del mes de enero. Aclar\u00f3 que las labores de bacheo ejecutadas recientemente en la avenida Don Pepe Rojas fueron un trabajo puntual en conjunto con la Gobernaci\u00f3n por la Vuelta al T\u00e1chira, diferenci\u00e1ndola del cronograma planificado por la alcald\u00eda.<\/p>\n\n\n\n<p>Finalmente, expres\u00f3 su satisfacci\u00f3n por la creaci\u00f3n de la Oficina de Informaci\u00f3n y Promoci\u00f3n Institucional. &#8220;Es una reivindicaci\u00f3n al ejercicio period\u00edstico cuyo objetivo ser\u00e1 mejorar el flujo comunicacional entre el gobierno municipal y la ciudadan\u00eda&#8221;, concluy\u00f3.<strong> <em>OIPI Alberto Adriani\/ Claribel Zambrano CNP: 11.843\/ Fotos: Rub\u00e9n Ramos.<\/em><\/strong><\/p>\n\n\n\n<figure class=\"wp-block-gallery has-nested-images columns-default is-cropped wp-block-gallery-1 is-layout-flex wp-block-gallery-is-layout-flex\">\n<figure class=\"wp-block-image size-large\"><img loading=\"lazy\" decoding=\"async\" width=\"1024\" height=\"682\" data-id=\"14639\" src=\"https:\/\/alcaldiaalbertoadriani.com\/wp-content\/uploads\/2026\/01\/photo_5136508353621199778_y-1024x682.jpg\" alt=\"\" class=\"wp-image-14639\" srcset=\"https:\/\/alcaldiaalbertoadriani.com\/wp-content\/uploads\/2026\/01\/photo_5136508353621199778_y-1024x682.jpg 1024w, https:\/\/alcaldiaalbertoadriani.com\/wp-content\/uploads\/2026\/01\/photo_5136508353621199778_y-980x653.jpg 980w, https:\/\/alcaldiaalbertoadriani.com\/wp-content\/uploads\/2026\/01\/photo_5136508353621199778_y-480x320.jpg 480w\" sizes=\"auto, (min-width: 0px) and (max-width: 480px) 480px, (min-width: 481px) and (max-width: 980px) 980px, (min-width: 981px) 1024px, 100vw\" \/><\/figure>\n<\/figure>\n","protected":false},"excerpt":{"rendered":"<p>Desde el sector Quebrada Blanca, v\u00eda Las Adjuntas, parroquia H\u00e9ctor Amable Mora, el alcalde Lisandro Segura, realiz\u00f3 su programa radial \u201cConversando con Lisandro\u201d, en el cual ofreci\u00f3 un balance sobre [&hellip;]<\/p>\n","protected":false},"author":2,"featured_media":14638,"comment_status":"open","ping_status":"closed","sticky":false,"template":"","format":"standard","meta":{"_et_pb_use_builder":"off","_et_pb_old_content":"","_et_gb_content_width":"","footnotes":""},"categories":[341,222,61,197,25],"tags":[31,11,12,15,761,30,29,28],"class_list":["post-14637","post","type-post","status-publish","format-standard","has-post-thumbnail","hentry","category-alcaldia-alberto-adriani","category-conversando-con-lisandro","category-deportes","category-gipul","category-nuestro-municipio","tag-alcalde","tag-alcaldia","tag-alcaldiaalbertoadriani","tag-elvigia","tag-encrucijadadeprogreso","tag-lisandrosegura","tag-municipioquenosmerecemos","tag-porelrenacer"],"yoast_head":"<!-- This site is optimized with the Yoast SEO plugin v19.13 - https:\/\/yoast.com\/wordpress\/plugins\/seo\/ -->\n<title>Lisandro Segura anunci\u00f3 inicio del Plan de Asfaltado<\/title>\n<meta name=\"description\" content=\"Lisandro Segura anunci\u00f3 inicio del Plan de Asfaltado y construcci\u00f3n de puente en Quebrada Blanca parroquia Hector Amable Mora\" \/>\n<meta name=\"robots\" content=\"index, follow, max-snippet:-1, max-image-preview:large, max-video-preview:-1\" \/>\n<link rel=\"canonical\" href=\"https:\/\/alcaldiaalbertoadriani.com\/?p=14637\" \/>\n<meta property=\"og:locale\" content=\"es_ES\" \/>\n<meta property=\"og:type\" content=\"article\" \/>\n<meta property=\"og:title\" content=\"Lisandro Segura anunci\u00f3 inicio del Plan de Asfaltado\" \/>\n<meta property=\"og:description\" content=\"Lisandro Segura anunci\u00f3 inicio del Plan de Asfaltado y construcci\u00f3n de puente en Quebrada Blanca parroquia Hector Amable Mora\" \/>\n<meta property=\"og:url\" content=\"https:\/\/alcaldiaalbertoadriani.com\/?p=14637\" \/>\n<meta property=\"og:site_name\" content=\"Alcaldia Alberto Adriani\" \/>\n<meta property=\"article:published_time\" content=\"2026-01-15T18:28:00+00:00\" \/>\n<meta property=\"article:modified_time\" content=\"2026-01-15T18:28:13+00:00\" \/>\n<meta property=\"og:image\" content=\"https:\/\/alcaldiaalbertoadriani.com\/wp-content\/uploads\/2026\/01\/photo_5136508353621199777_y.jpg\" \/>\n\t<meta property=\"og:image:width\" content=\"1280\" \/>\n\t<meta property=\"og:image:height\" content=\"853\" \/>\n\t<meta property=\"og:image:type\" content=\"image\/jpeg\" \/>\n<meta name=\"author\" content=\"Prensa\" \/>\n<meta name=\"twitter:card\" content=\"summary_large_image\" \/>\n<meta name=\"twitter:label1\" content=\"Escrito por\" \/>\n\t<meta name=\"twitter:data1\" content=\"Prensa\" \/>\n\t<meta name=\"twitter:label2\" content=\"Tiempo de lectura\" \/>\n\t<meta name=\"twitter:data2\" content=\"3 minutos\" \/>\n<script type=\"application\/ld+json\" class=\"yoast-schema-graph\">{\"@context\":\"https:\/\/schema.org\",\"@graph\":[{\"@type\":\"WebPage\",\"@id\":\"https:\/\/alcaldiaalbertoadriani.com\/?p=14637\",\"url\":\"https:\/\/alcaldiaalbertoadriani.com\/?p=14637\",\"name\":\"Lisandro Segura anunci\u00f3 inicio del Plan de Asfaltado\",\"isPartOf\":{\"@id\":\"https:\/\/alcaldiaalbertoadriani.com\/#website\"},\"datePublished\":\"2026-01-15T18:28:00+00:00\",\"dateModified\":\"2026-01-15T18:28:13+00:00\",\"author\":{\"@id\":\"https:\/\/alcaldiaalbertoadriani.com\/#\/schema\/person\/549b4483ff8999ac780deeea78795fc9\"},\"description\":\"Lisandro Segura anunci\u00f3 inicio del Plan de Asfaltado y construcci\u00f3n de puente en Quebrada Blanca parroquia Hector Amable Mora\",\"breadcrumb\":{\"@id\":\"https:\/\/alcaldiaalbertoadriani.com\/?p=14637#breadcrumb\"},\"inLanguage\":\"es\",\"potentialAction\":[{\"@type\":\"ReadAction\",\"target\":[\"https:\/\/alcaldiaalbertoadriani.com\/?p=14637\"]}]},{\"@type\":\"BreadcrumbList\",\"@id\":\"https:\/\/alcaldiaalbertoadriani.com\/?p=14637#breadcrumb\",\"itemListElement\":[{\"@type\":\"ListItem\",\"position\":1,\"name\":\"Portada\",\"item\":\"https:\/\/alcaldiaalbertoadriani.com\/\"},{\"@type\":\"ListItem\",\"position\":2,\"name\":\"Lisandro Segura anunci\u00f3 inicio del Plan de Asfaltado y construcci\u00f3n de puente en Quebrada Blanca\"}]},{\"@type\":\"WebSite\",\"@id\":\"https:\/\/alcaldiaalbertoadriani.com\/#website\",\"url\":\"https:\/\/alcaldiaalbertoadriani.com\/\",\"name\":\"Alcaldia Alberto Adriani\",\"description\":\"\",\"potentialAction\":[{\"@type\":\"SearchAction\",\"target\":{\"@type\":\"EntryPoint\",\"urlTemplate\":\"https:\/\/alcaldiaalbertoadriani.com\/?s={search_term_string}\"},\"query-input\":\"required name=search_term_string\"}],\"inLanguage\":\"es\"},{\"@type\":\"Person\",\"@id\":\"https:\/\/alcaldiaalbertoadriani.com\/#\/schema\/person\/549b4483ff8999ac780deeea78795fc9\",\"name\":\"Prensa\",\"image\":{\"@type\":\"ImageObject\",\"inLanguage\":\"es\",\"@id\":\"https:\/\/alcaldiaalbertoadriani.com\/#\/schema\/person\/image\/\",\"url\":\"https:\/\/secure.gravatar.com\/avatar\/ea1cb567ea992a29627f4eee1c2eb185ec16decec6342d508fdf18dedb56c9de?s=96&d=mm&r=g\",\"contentUrl\":\"https:\/\/secure.gravatar.com\/avatar\/ea1cb567ea992a29627f4eee1c2eb185ec16decec6342d508fdf18dedb56c9de?s=96&d=mm&r=g\",\"caption\":\"Prensa\"},\"url\":\"https:\/\/alcaldiaalbertoadriani.com\/?author=2\"}]}<\/script>\n<!-- \/ Yoast SEO plugin. -->","yoast_head_json":{"title":"Lisandro Segura anunci\u00f3 inicio del Plan de Asfaltado","description":"Lisandro Segura anunci\u00f3 inicio del Plan de Asfaltado y construcci\u00f3n de puente en Quebrada Blanca parroquia Hector Amable Mora","robots":{"index":"index","follow":"follow","max-snippet":"max-snippet:-1","max-image-preview":"max-image-preview:large","max-video-preview":"max-video-preview:-1"},"canonical":"https:\/\/alcaldiaalbertoadriani.com\/?p=14637","og_locale":"es_ES","og_type":"article","og_title":"Lisandro Segura anunci\u00f3 inicio del Plan de Asfaltado","og_description":"Lisandro Segura anunci\u00f3 inicio del Plan de Asfaltado y construcci\u00f3n de puente en Quebrada Blanca parroquia Hector Amable Mora","og_url":"https:\/\/alcaldiaalbertoadriani.com\/?p=14637","og_site_name":"Alcaldia Alberto Adriani","article_published_time":"2026-01-15T18:28:00+00:00","article_modified_time":"2026-01-15T18:28:13+00:00","og_image":[{"width":1280,"height":853,"url":"https:\/\/alcaldiaalbertoadriani.com\/wp-content\/uploads\/2026\/01\/photo_5136508353621199777_y.jpg","type":"image\/jpeg"}],"author":"Prensa","twitter_card":"summary_large_image","twitter_misc":{"Escrito por":"Prensa","Tiempo de lectura":"3 minutos"},"schema":{"@context":"https:\/\/schema.org","@graph":[{"@type":"WebPage","@id":"https:\/\/alcaldiaalbertoadriani.com\/?p=14637","url":"https:\/\/alcaldiaalbertoadriani.com\/?p=14637","name":"Lisandro Segura anunci\u00f3 inicio del Plan de Asfaltado","isPartOf":{"@id":"https:\/\/alcaldiaalbertoadriani.com\/#website"},"datePublished":"2026-01-15T18:28:00+00:00","dateModified":"2026-01-15T18:28:13+00:00","author":{"@id":"https:\/\/alcaldiaalbertoadriani.com\/#\/schema\/person\/549b4483ff8999ac780deeea78795fc9"},"description":"Lisandro Segura anunci\u00f3 inicio del Plan de Asfaltado y construcci\u00f3n de puente en Quebrada Blanca parroquia Hector Amable Mora","breadcrumb":{"@id":"https:\/\/alcaldiaalbertoadriani.com\/?p=14637#breadcrumb"},"inLanguage":"es","potentialAction":[{"@type":"ReadAction","target":["https:\/\/alcaldiaalbertoadriani.com\/?p=14637"]}]},{"@type":"BreadcrumbList","@id":"https:\/\/alcaldiaalbertoadriani.com\/?p=14637#breadcrumb","itemListElement":[{"@type":"ListItem","position":1,"name":"Portada","item":"https:\/\/alcaldiaalbertoadriani.com\/"},{"@type":"ListItem","position":2,"name":"Lisandro Segura anunci\u00f3 inicio del Plan de Asfaltado y construcci\u00f3n de puente en Quebrada Blanca"}]},{"@type":"WebSite","@id":"https:\/\/alcaldiaalbertoadriani.com\/#website","url":"https:\/\/alcaldiaalbertoadriani.com\/","name":"Alcaldia Alberto Adriani","description":"","potentialAction":[{"@type":"SearchAction","target":{"@type":"EntryPoint","urlTemplate":"https:\/\/alcaldiaalbertoadriani.com\/?s={search_term_string}"},"query-input":"required name=search_term_string"}],"inLanguage":"es"},{"@type":"Person","@id":"https:\/\/alcaldiaalbertoadriani.com\/#\/schema\/person\/549b4483ff8999ac780deeea78795fc9","name":"Prensa","image":{"@type":"ImageObject","inLanguage":"es","@id":"https:\/\/alcaldiaalbertoadriani.com\/#\/schema\/person\/image\/","url":"https:\/\/secure.gravatar.com\/avatar\/ea1cb567ea992a29627f4eee1c2eb185ec16decec6342d508fdf18dedb56c9de?s=96&d=mm&r=g","contentUrl":"https:\/\/secure.gravatar.com\/avatar\/ea1cb567ea992a29627f4eee1c2eb185ec16decec6342d508fdf18dedb56c9de?s=96&d=mm&r=g","caption":"Prensa"},"url":"https:\/\/alcaldiaalbertoadriani.com\/?author=2"}]}},"_links":{"self":[{"href":"https:\/\/alcaldiaalbertoadriani.com\/index.php?rest_route=\/wp\/v2\/posts\/14637","targetHints":{"allow":["GET"]}}],"collection":[{"href":"https:\/\/alcaldiaalbertoadriani.com\/index.php?rest_route=\/wp\/v2\/posts"}],"about":[{"href":"https:\/\/alcaldiaalbertoadriani.com\/index.php?rest_route=\/wp\/v2\/types\/post"}],"author":[{"embeddable":true,"href":"https:\/\/alcaldiaalbertoadriani.com\/index.php?rest_route=\/wp\/v2\/users\/2"}],"replies":[{"embeddable":true,"href":"https:\/\/alcaldiaalbertoadriani.com\/index.php?rest_route=%2Fwp%2Fv2%2Fcomments&post=14637"}],"version-history":[{"count":1,"href":"https:\/\/alcaldiaalbertoadriani.com\/index.php?rest_route=\/wp\/v2\/posts\/14637\/revisions"}],"predecessor-version":[{"id":14640,"href":"https:\/\/alcaldiaalbertoadriani.com\/index.php?rest_route=\/wp\/v2\/posts\/14637\/revisions\/14640"}],"wp:featuredmedia":[{"embeddable":true,"href":"https:\/\/alcaldiaalbertoadriani.com\/index.php?rest_route=\/wp\/v2\/media\/14638"}],"wp:attachment":[{"href":"https:\/\/alcaldiaalbertoadriani.com\/index.php?rest_route=%2Fwp%2Fv2%2Fmedia&parent=14637"}],"wp:term":[{"taxonomy":"category","embeddable":true,"href":"https:\/\/alcaldiaalbertoadriani.com\/index.php?rest_route=%2Fwp%2Fv2%2Fcategories&post=14637"},{"taxonomy":"post_tag","embeddable":true,"href":"https:\/\/alcaldiaalbertoadriani.com\/index.php?rest_route=%2Fwp%2Fv2%2Ftags&post=14637"}],"curies":[{"name":"wp","href":"https:\/\/api.w.org\/{rel}","templated":true}]}}