{"id":14632,"date":"2026-01-15T18:14:42","date_gmt":"2026-01-15T18:14:42","guid":{"rendered":"https:\/\/alcaldiaalbertoadriani.com\/?p=14632"},"modified":"2026-01-15T18:16:24","modified_gmt":"2026-01-15T18:16:24","slug":"alcalde-lisandro-segura-el-ciclismo-ha-renacido-en-nuestra","status":"publish","type":"post","link":"https:\/\/alcaldiaalbertoadriani.com\/?p=14632","title":{"rendered":"Alcalde Lisandro Segura: \u201cEl ciclismo ha renacido en nuestra regi\u00f3n\u201d"},"content":{"rendered":"\n<p>En horas de la ma\u00f1ana de este mi\u00e9rcoles, el alcalde <a href=\"https:\/\/www.instagram.com\/lisandrosegura02\/\">Lisandro Segura<\/a>, estuvo presente en el inicio de la 6ta etapa de la Vuelta al T\u00e1chira en Bicicleta en su edici\u00f3n 61, realizada en la capital vig\u00edense.<\/p>\n\n\n\n<p>La etapa arranc\u00f3 desde la avenida 16, zona ic\u00f3nica del comercio de la ciudad, conectando con la avenida Bol\u00edvar hasta el Elevado de La Iberia y de all\u00ed la avenida Don Pepe Rojas camino hacia La Grita, siendo \u00e9sta una de las etapas exigentes de monta\u00f1a.<\/p>\n\n\n\n<p>El alcalde en sus palabras enfatiz\u00f3 que, \u201cel ciclismo ha renacido en nuestra gesti\u00f3n, partiendo en que se hab\u00eda dejado de practicar y de hacer las competencias, los cl\u00e1sicos, la vuelta, debido al estado de las calles y avenidas de nuestra ciudad, las cuales estaban llenas de huecos cuando llegamos en el 2021 y esto imped\u00eda que se pudiera practicar esta disciplina deportiva\u201d, detall\u00f3.<\/p>\n\n\n\n<figure class=\"wp-block-gallery has-nested-images columns-default is-cropped wp-block-gallery-1 is-layout-flex wp-block-gallery-is-layout-flex\">\n<figure class=\"wp-block-image size-large\"><img loading=\"lazy\" decoding=\"async\" width=\"768\" height=\"1024\" data-id=\"14634\" src=\"https:\/\/alcaldiaalbertoadriani.com\/wp-content\/uploads\/2026\/01\/photo_5134604042431564761_y-768x1024.jpg\" alt=\"\" class=\"wp-image-14634\" srcset=\"https:\/\/alcaldiaalbertoadriani.com\/wp-content\/uploads\/2026\/01\/photo_5134604042431564761_y-768x1024.jpg 768w, https:\/\/alcaldiaalbertoadriani.com\/wp-content\/uploads\/2026\/01\/photo_5134604042431564761_y-480x640.jpg 480w\" sizes=\"auto, (min-width: 0px) and (max-width: 480px) 480px, (min-width: 481px) 768px, 100vw\" \/><\/figure>\n<\/figure>\n\n\n\n<p>La primera autoridad civil especific\u00f3 que el avance de la gesti\u00f3n de gobierno municipal se ve materializado en la recuperaci\u00f3n total de las zonas urbana y de calles de las distintas parroquias del municipio, lo que ha permitido que se pueda nuevamente promover y apoyar esta disciplina.<\/p>\n\n\n\n<h2 class=\"wp-block-heading\"><strong><em>Proyectos<\/em><\/strong><\/h2>\n\n\n\n<p>A prop\u00f3sito del evento cicl\u00edstico, el burgomaestre destac\u00f3 que, en el marco de las <a href=\"https:\/\/alcaldiaalbertoadriani.com\/?p=5575\">Ferias y Fiestas de El Vig\u00eda<\/a>, se tendr\u00e1 el Cl\u00e1sico de las categor\u00edas infantiles que ya re\u00fane a m\u00e1s de 120 ni\u00f1os y j\u00f3venes de diferentes partes del pa\u00eds que llegar\u00e1n a la ciudad para este torneo.<\/p>\n\n\n\n<p>Adem\u00e1s, se podr\u00e1 disfrutar de La Vuelta a El Vig\u00eda en Bicicleta tambi\u00e9n de las categor\u00edas menores, \u201cnuestro prop\u00f3sito es la masificaci\u00f3n del deporte y por eso nos dirigimos hacia las categor\u00edas menores. Este evento, se desarrollar\u00e1 durante tres d\u00edas de competici\u00f3n, inclusive con una etapa de monta\u00f1a en nuestro municipio que re\u00fane tambi\u00e9n a m\u00e1s de 150 participantes de diferentes partes del pa\u00eds\u201d, explic\u00f3.<\/p>\n\n\n\n<p>Vale destacar que, en el municipio se realizan dos eventos privados de esta categor\u00eda deportiva, una es el cl\u00e1sico 1ero de Mayo organizado por Jos\u00e9 \u201cCheo\u201d Junco y el Cl\u00e1sico de la Fundaci\u00f3n Richard Parra dirigida por la gloria del ciclismo vigente Richard Parra.<\/p>\n\n\n\n<p>Refiri\u00f3 Segura que hay un calendario din\u00e1mico y competitivo en el que participa, adem\u00e1s, el equipo La Cordillera de la alcald\u00eda del Municipio Alberto Adriani, para lo cual se ha fusionado todos los equipos de ciclismo del municipio con m\u00e1s de 40 atletas participantes. \u201cTenemos el firme prop\u00f3sito, as\u00ed como hemos cumplido las primeras etapas del nacer del ciclismo, en este a\u00f1o y lo hemos conversado con Alirio Contreras, presidente del Club la Cordillera, el prop\u00f3sito para que en el 2027 El Vig\u00eda tenga participaci\u00f3n con su equipo en la Vuelta al T\u00e1chira Dios mediante\u201d, afirm\u00f3.<\/p>\n\n\n\n<h2 class=\"wp-block-heading\"><strong><em>Vuelta al T\u00e1chira en Bicicleta<\/em><\/strong><\/h2>\n\n\n\n<p>El burgomaestre celebr\u00f3 que El Vig\u00eda haya sido este a\u00f1o una de las locaciones de la Vuelta al T\u00e1chira, pues desde hace mucho tiempo no se hac\u00eda. Segura expres\u00f3 que se ha logrado vencer las mezquindades pol\u00edticas para que por fin El Vig\u00eda, independientemente de quienes ejercemos el gobierno municipal, pueda ser parte del apoyo de la promoci\u00f3n de esta disciplina de gran afecto popular, \u201cel ciclismo, es la disciplina que no requiere de una taquilla, de una puerta de entrada, que se desarrolla en las calles y avenidas de nuestros pueblos, nuestras ciudades, donde todos pueden salir a disfrutar y a vivir la pasi\u00f3n del ciclismo\u201d, finaliz\u00f3. <strong><em>Prensa Alberto Adriani\/ Tahiry Villalobos CNP: 23.225\/ Fotos: Rub\u00e9n Ramos<\/em><\/strong><\/p>\n\n\n\n<figure class=\"wp-block-gallery has-nested-images columns-default is-cropped wp-block-gallery-2 is-layout-flex wp-block-gallery-is-layout-flex\">\n<figure class=\"wp-block-image size-large\"><img loading=\"lazy\" decoding=\"async\" width=\"1024\" height=\"682\" data-id=\"14635\" src=\"https:\/\/alcaldiaalbertoadriani.com\/wp-content\/uploads\/2026\/01\/photo_5134604042431564759_y-1024x682.jpg\" alt=\"\" class=\"wp-image-14635\" srcset=\"https:\/\/alcaldiaalbertoadriani.com\/wp-content\/uploads\/2026\/01\/photo_5134604042431564759_y-1024x682.jpg 1024w, https:\/\/alcaldiaalbertoadriani.com\/wp-content\/uploads\/2026\/01\/photo_5134604042431564759_y-980x653.jpg 980w, https:\/\/alcaldiaalbertoadriani.com\/wp-content\/uploads\/2026\/01\/photo_5134604042431564759_y-480x320.jpg 480w\" sizes=\"auto, (min-width: 0px) and (max-width: 480px) 480px, (min-width: 481px) and (max-width: 980px) 980px, (min-width: 981px) 1024px, 100vw\" \/><\/figure>\n<\/figure>\n","protected":false},"excerpt":{"rendered":"<p>En horas de la ma\u00f1ana de este mi\u00e9rcoles, el alcalde Lisandro Segura, estuvo presente en el inicio de la 6ta etapa de la Vuelta al T\u00e1chira en Bicicleta en su [&hellip;]<\/p>\n","protected":false},"author":2,"featured_media":14633,"comment_status":"open","ping_status":"closed","sticky":false,"template":"","format":"standard","meta":{"_et_pb_use_builder":"off","_et_pb_old_content":"","_et_gb_content_width":"","footnotes":""},"categories":[341,61,25],"tags":[31,11,12,15,761,30,29,28],"class_list":["post-14632","post","type-post","status-publish","format-standard","has-post-thumbnail","hentry","category-alcaldia-alberto-adriani","category-deportes","category-nuestro-municipio","tag-alcalde","tag-alcaldia","tag-alcaldiaalbertoadriani","tag-elvigia","tag-encrucijadadeprogreso","tag-lisandrosegura","tag-municipioquenosmerecemos","tag-porelrenacer"],"yoast_head":"<!-- This site is optimized with the Yoast SEO plugin v19.13 - https:\/\/yoast.com\/wordpress\/plugins\/seo\/ -->\n<title>Alcalde Lisandro Segura: \u201cEl ciclismo ha renacido en nuestra<\/title>\n<meta name=\"description\" content=\"Alcalde Lisandro Segura: \u201cEl ciclismo ha renacido en nuestra regi\u00f3n\u201d La etapa arranc\u00f3 desde la avenida 16, zona ic\u00f3nica del comercio\" \/>\n<meta name=\"robots\" content=\"index, follow, max-snippet:-1, max-image-preview:large, max-video-preview:-1\" \/>\n<link rel=\"canonical\" href=\"https:\/\/alcaldiaalbertoadriani.com\/?p=14632\" \/>\n<meta property=\"og:locale\" content=\"es_ES\" \/>\n<meta property=\"og:type\" content=\"article\" \/>\n<meta property=\"og:title\" content=\"Alcalde Lisandro Segura: \u201cEl ciclismo ha renacido en nuestra\" \/>\n<meta property=\"og:description\" content=\"Alcalde Lisandro Segura: \u201cEl ciclismo ha renacido en nuestra regi\u00f3n\u201d La etapa arranc\u00f3 desde la avenida 16, zona ic\u00f3nica del comercio\" \/>\n<meta property=\"og:url\" content=\"https:\/\/alcaldiaalbertoadriani.com\/?p=14632\" \/>\n<meta property=\"og:site_name\" content=\"Alcaldia Alberto Adriani\" \/>\n<meta property=\"article:published_time\" content=\"2026-01-15T18:14:42+00:00\" \/>\n<meta property=\"article:modified_time\" content=\"2026-01-15T18:16:24+00:00\" \/>\n<meta property=\"og:image\" content=\"https:\/\/alcaldiaalbertoadriani.com\/wp-content\/uploads\/2026\/01\/photo_5134604042431564757_y.jpg\" \/>\n\t<meta property=\"og:image:width\" content=\"1280\" \/>\n\t<meta property=\"og:image:height\" content=\"720\" \/>\n\t<meta property=\"og:image:type\" content=\"image\/jpeg\" \/>\n<meta name=\"author\" content=\"Prensa\" \/>\n<meta name=\"twitter:card\" content=\"summary_large_image\" \/>\n<meta name=\"twitter:label1\" content=\"Escrito por\" \/>\n\t<meta name=\"twitter:data1\" content=\"Prensa\" \/>\n\t<meta name=\"twitter:label2\" content=\"Tiempo de lectura\" \/>\n\t<meta name=\"twitter:data2\" content=\"4 minutos\" \/>\n<script type=\"application\/ld+json\" class=\"yoast-schema-graph\">{\"@context\":\"https:\/\/schema.org\",\"@graph\":[{\"@type\":\"WebPage\",\"@id\":\"https:\/\/alcaldiaalbertoadriani.com\/?p=14632\",\"url\":\"https:\/\/alcaldiaalbertoadriani.com\/?p=14632\",\"name\":\"Alcalde Lisandro Segura: \u201cEl ciclismo ha renacido en nuestra\",\"isPartOf\":{\"@id\":\"https:\/\/alcaldiaalbertoadriani.com\/#website\"},\"datePublished\":\"2026-01-15T18:14:42+00:00\",\"dateModified\":\"2026-01-15T18:16:24+00:00\",\"author\":{\"@id\":\"https:\/\/alcaldiaalbertoadriani.com\/#\/schema\/person\/549b4483ff8999ac780deeea78795fc9\"},\"description\":\"Alcalde Lisandro Segura: \u201cEl ciclismo ha renacido en nuestra regi\u00f3n\u201d La etapa arranc\u00f3 desde la avenida 16, zona ic\u00f3nica del comercio\",\"breadcrumb\":{\"@id\":\"https:\/\/alcaldiaalbertoadriani.com\/?p=14632#breadcrumb\"},\"inLanguage\":\"es\",\"potentialAction\":[{\"@type\":\"ReadAction\",\"target\":[\"https:\/\/alcaldiaalbertoadriani.com\/?p=14632\"]}]},{\"@type\":\"BreadcrumbList\",\"@id\":\"https:\/\/alcaldiaalbertoadriani.com\/?p=14632#breadcrumb\",\"itemListElement\":[{\"@type\":\"ListItem\",\"position\":1,\"name\":\"Portada\",\"item\":\"https:\/\/alcaldiaalbertoadriani.com\/\"},{\"@type\":\"ListItem\",\"position\":2,\"name\":\"Alcalde Lisandro Segura: \u201cEl ciclismo ha renacido en nuestra regi\u00f3n\u201d\"}]},{\"@type\":\"WebSite\",\"@id\":\"https:\/\/alcaldiaalbertoadriani.com\/#website\",\"url\":\"https:\/\/alcaldiaalbertoadriani.com\/\",\"name\":\"Alcaldia Alberto Adriani\",\"description\":\"\",\"potentialAction\":[{\"@type\":\"SearchAction\",\"target\":{\"@type\":\"EntryPoint\",\"urlTemplate\":\"https:\/\/alcaldiaalbertoadriani.com\/?s={search_term_string}\"},\"query-input\":\"required name=search_term_string\"}],\"inLanguage\":\"es\"},{\"@type\":\"Person\",\"@id\":\"https:\/\/alcaldiaalbertoadriani.com\/#\/schema\/person\/549b4483ff8999ac780deeea78795fc9\",\"name\":\"Prensa\",\"image\":{\"@type\":\"ImageObject\",\"inLanguage\":\"es\",\"@id\":\"https:\/\/alcaldiaalbertoadriani.com\/#\/schema\/person\/image\/\",\"url\":\"https:\/\/secure.gravatar.com\/avatar\/ea1cb567ea992a29627f4eee1c2eb185ec16decec6342d508fdf18dedb56c9de?s=96&d=mm&r=g\",\"contentUrl\":\"https:\/\/secure.gravatar.com\/avatar\/ea1cb567ea992a29627f4eee1c2eb185ec16decec6342d508fdf18dedb56c9de?s=96&d=mm&r=g\",\"caption\":\"Prensa\"},\"url\":\"https:\/\/alcaldiaalbertoadriani.com\/?author=2\"}]}<\/script>\n<!-- \/ Yoast SEO plugin. -->","yoast_head_json":{"title":"Alcalde Lisandro Segura: \u201cEl ciclismo ha renacido en nuestra","description":"Alcalde Lisandro Segura: \u201cEl ciclismo ha renacido en nuestra regi\u00f3n\u201d La etapa arranc\u00f3 desde la avenida 16, zona ic\u00f3nica del comercio","robots":{"index":"index","follow":"follow","max-snippet":"max-snippet:-1","max-image-preview":"max-image-preview:large","max-video-preview":"max-video-preview:-1"},"canonical":"https:\/\/alcaldiaalbertoadriani.com\/?p=14632","og_locale":"es_ES","og_type":"article","og_title":"Alcalde Lisandro Segura: \u201cEl ciclismo ha renacido en nuestra","og_description":"Alcalde Lisandro Segura: \u201cEl ciclismo ha renacido en nuestra regi\u00f3n\u201d La etapa arranc\u00f3 desde la avenida 16, zona ic\u00f3nica del comercio","og_url":"https:\/\/alcaldiaalbertoadriani.com\/?p=14632","og_site_name":"Alcaldia Alberto Adriani","article_published_time":"2026-01-15T18:14:42+00:00","article_modified_time":"2026-01-15T18:16:24+00:00","og_image":[{"width":1280,"height":720,"url":"https:\/\/alcaldiaalbertoadriani.com\/wp-content\/uploads\/2026\/01\/photo_5134604042431564757_y.jpg","type":"image\/jpeg"}],"author":"Prensa","twitter_card":"summary_large_image","twitter_misc":{"Escrito por":"Prensa","Tiempo de lectura":"4 minutos"},"schema":{"@context":"https:\/\/schema.org","@graph":[{"@type":"WebPage","@id":"https:\/\/alcaldiaalbertoadriani.com\/?p=14632","url":"https:\/\/alcaldiaalbertoadriani.com\/?p=14632","name":"Alcalde Lisandro Segura: \u201cEl ciclismo ha renacido en nuestra","isPartOf":{"@id":"https:\/\/alcaldiaalbertoadriani.com\/#website"},"datePublished":"2026-01-15T18:14:42+00:00","dateModified":"2026-01-15T18:16:24+00:00","author":{"@id":"https:\/\/alcaldiaalbertoadriani.com\/#\/schema\/person\/549b4483ff8999ac780deeea78795fc9"},"description":"Alcalde Lisandro Segura: \u201cEl ciclismo ha renacido en nuestra regi\u00f3n\u201d La etapa arranc\u00f3 desde la avenida 16, zona ic\u00f3nica del comercio","breadcrumb":{"@id":"https:\/\/alcaldiaalbertoadriani.com\/?p=14632#breadcrumb"},"inLanguage":"es","potentialAction":[{"@type":"ReadAction","target":["https:\/\/alcaldiaalbertoadriani.com\/?p=14632"]}]},{"@type":"BreadcrumbList","@id":"https:\/\/alcaldiaalbertoadriani.com\/?p=14632#breadcrumb","itemListElement":[{"@type":"ListItem","position":1,"name":"Portada","item":"https:\/\/alcaldiaalbertoadriani.com\/"},{"@type":"ListItem","position":2,"name":"Alcalde Lisandro Segura: \u201cEl ciclismo ha renacido en nuestra regi\u00f3n\u201d"}]},{"@type":"WebSite","@id":"https:\/\/alcaldiaalbertoadriani.com\/#website","url":"https:\/\/alcaldiaalbertoadriani.com\/","name":"Alcaldia Alberto Adriani","description":"","potentialAction":[{"@type":"SearchAction","target":{"@type":"EntryPoint","urlTemplate":"https:\/\/alcaldiaalbertoadriani.com\/?s={search_term_string}"},"query-input":"required name=search_term_string"}],"inLanguage":"es"},{"@type":"Person","@id":"https:\/\/alcaldiaalbertoadriani.com\/#\/schema\/person\/549b4483ff8999ac780deeea78795fc9","name":"Prensa","image":{"@type":"ImageObject","inLanguage":"es","@id":"https:\/\/alcaldiaalbertoadriani.com\/#\/schema\/person\/image\/","url":"https:\/\/secure.gravatar.com\/avatar\/ea1cb567ea992a29627f4eee1c2eb185ec16decec6342d508fdf18dedb56c9de?s=96&d=mm&r=g","contentUrl":"https:\/\/secure.gravatar.com\/avatar\/ea1cb567ea992a29627f4eee1c2eb185ec16decec6342d508fdf18dedb56c9de?s=96&d=mm&r=g","caption":"Prensa"},"url":"https:\/\/alcaldiaalbertoadriani.com\/?author=2"}]}},"_links":{"self":[{"href":"https:\/\/alcaldiaalbertoadriani.com\/index.php?rest_route=\/wp\/v2\/posts\/14632","targetHints":{"allow":["GET"]}}],"collection":[{"href":"https:\/\/alcaldiaalbertoadriani.com\/index.php?rest_route=\/wp\/v2\/posts"}],"about":[{"href":"https:\/\/alcaldiaalbertoadriani.com\/index.php?rest_route=\/wp\/v2\/types\/post"}],"author":[{"embeddable":true,"href":"https:\/\/alcaldiaalbertoadriani.com\/index.php?rest_route=\/wp\/v2\/users\/2"}],"replies":[{"embeddable":true,"href":"https:\/\/alcaldiaalbertoadriani.com\/index.php?rest_route=%2Fwp%2Fv2%2Fcomments&post=14632"}],"version-history":[{"count":1,"href":"https:\/\/alcaldiaalbertoadriani.com\/index.php?rest_route=\/wp\/v2\/posts\/14632\/revisions"}],"predecessor-version":[{"id":14636,"href":"https:\/\/alcaldiaalbertoadriani.com\/index.php?rest_route=\/wp\/v2\/posts\/14632\/revisions\/14636"}],"wp:featuredmedia":[{"embeddable":true,"href":"https:\/\/alcaldiaalbertoadriani.com\/index.php?rest_route=\/wp\/v2\/media\/14633"}],"wp:attachment":[{"href":"https:\/\/alcaldiaalbertoadriani.com\/index.php?rest_route=%2Fwp%2Fv2%2Fmedia&parent=14632"}],"wp:term":[{"taxonomy":"category","embeddable":true,"href":"https:\/\/alcaldiaalbertoadriani.com\/index.php?rest_route=%2Fwp%2Fv2%2Fcategories&post=14632"},{"taxonomy":"post_tag","embeddable":true,"href":"https:\/\/alcaldiaalbertoadriani.com\/index.php?rest_route=%2Fwp%2Fv2%2Ftags&post=14632"}],"curies":[{"name":"wp","href":"https:\/\/api.w.org\/{rel}","templated":true}]}}