{"id":14623,"date":"2026-01-15T14:06:34","date_gmt":"2026-01-15T14:06:34","guid":{"rendered":"https:\/\/alcaldiaalbertoadriani.com\/?p=14623"},"modified":"2026-01-15T14:06:38","modified_gmt":"2026-01-15T14:06:38","slug":"reparan-falla-en-la-calzada-de-la-av-don-pepe-rojas","status":"publish","type":"post","link":"https:\/\/alcaldiaalbertoadriani.com\/?p=14623","title":{"rendered":"Reparan falla en la calzada de la Av. Don Pepe Rojas"},"content":{"rendered":"\n<p>Luego de la reparaci\u00f3n de una tuber\u00eda matriz de aguas blancas en la avenida Don Pepe Rojas ejecutada en coordinaci\u00f3n entre la Alcald\u00eda de Alberto Adriani y Aguas de M\u00e9rida, el alcalde <a href=\"https:\/\/www.instagram.com\/lisandrosegura02\/\">Lisandro Segura<\/a>, explic\u00f3\u00a0sobre los trabajos de correcci\u00f3n t\u00e9cnica que se realizan actualmente en la calzada, espec\u00edficamente a la altura de la Cl\u00ednica Vargas.<\/p>\n\n\n\n<!--more-->\n\n\n\n<p>El burgomaestre explic\u00f3 que, debido a la premura por la llegada de la Vuelta al T\u00e1chira en Bicicleta, adem\u00e1s que los fines de semana no hay disponibilidad del granz\u00f3n requerido para esta obra, hubo la necesidad de reparar la calzada con el mismo material mojado que se extrajo en un primer momento.<\/p>\n\n\n\n<p>\u201cSe trabaj\u00f3 de ese modo, en el primer momento, por la premura requerida, pero ello provoc\u00f3 que el asfalto que se coloc\u00f3 se da\u00f1ara; sin embargo,&nbsp;una vez pas\u00f3 la Vuelta al T\u00e1chira, era obligante retirar dicho material para hacerlo de la manera profesional y precisamente usar material que garantice la durabilidad en la obra\u201d, puntualiz\u00f3.<\/p>\n\n\n\n<figure class=\"wp-block-gallery has-nested-images columns-default is-cropped wp-block-gallery-1 is-layout-flex wp-block-gallery-is-layout-flex\">\n<figure class=\"wp-block-image size-large\"><img loading=\"lazy\" decoding=\"async\" width=\"1024\" height=\"768\" data-id=\"14625\" src=\"https:\/\/alcaldiaalbertoadriani.com\/wp-content\/uploads\/2026\/01\/photo_5132341629753690977_y-1024x768.jpg\" alt=\"\" class=\"wp-image-14625\" srcset=\"https:\/\/alcaldiaalbertoadriani.com\/wp-content\/uploads\/2026\/01\/photo_5132341629753690977_y-1024x768.jpg 1024w, https:\/\/alcaldiaalbertoadriani.com\/wp-content\/uploads\/2026\/01\/photo_5132341629753690977_y-980x735.jpg 980w, https:\/\/alcaldiaalbertoadriani.com\/wp-content\/uploads\/2026\/01\/photo_5132341629753690977_y-480x360.jpg 480w\" sizes=\"auto, (min-width: 0px) and (max-width: 480px) 480px, (min-width: 481px) and (max-width: 980px) 980px, (min-width: 981px) 1024px, 100vw\" \/><\/figure>\n<\/figure>\n\n\n\n<p>La primera autoridad civil, destac\u00f3 que, as\u00ed como se atendi\u00f3 nuevamente el hueco de la calzada ubicado a la altura de la Cl\u00ednica Vargas, se est\u00e1 trabajando en la falla de la calzada que esta frente al terminal de pasajeros y unos baches en la Avenida Bol\u00edvar.<\/p>\n\n\n\n<figure class=\"wp-block-gallery has-nested-images columns-default is-cropped wp-block-gallery-2 is-layout-flex wp-block-gallery-is-layout-flex\">\n<figure class=\"wp-block-image size-large\"><img loading=\"lazy\" decoding=\"async\" width=\"1024\" height=\"768\" data-id=\"14626\" src=\"https:\/\/alcaldiaalbertoadriani.com\/wp-content\/uploads\/2026\/01\/photo_5132341629753690978_y-1024x768.jpg\" alt=\"\" class=\"wp-image-14626\" srcset=\"https:\/\/alcaldiaalbertoadriani.com\/wp-content\/uploads\/2026\/01\/photo_5132341629753690978_y-1024x768.jpg 1024w, https:\/\/alcaldiaalbertoadriani.com\/wp-content\/uploads\/2026\/01\/photo_5132341629753690978_y-980x735.jpg 980w, https:\/\/alcaldiaalbertoadriani.com\/wp-content\/uploads\/2026\/01\/photo_5132341629753690978_y-480x360.jpg 480w\" sizes=\"auto, (min-width: 0px) and (max-width: 480px) 480px, (min-width: 481px) and (max-width: 980px) 980px, (min-width: 981px) 1024px, 100vw\" \/><\/figure>\n<\/figure>\n\n\n\n<p>El alcalde reiter\u00f3 que los trabajos de bacheo realizados en colaboraci\u00f3n con la Gobernaci\u00f3n del estado M\u00e9rida son producto de la Vuelta al T\u00e1chira en Bicicleta, pero que no forma parte del <a href=\"https:\/\/alcaldiaalbertoadriani.com\/?tag=gobierno-plan-de-asfaltado\">plan de asfaltado<\/a> municipal. \u201cEsto no pertenecen al Plan de Asfaltado que tiene programado el ayuntamiento local, porque nuestro trabajo de mejoramiento de la vialidad comenzara Dios mediante para finales de este mes de Enero\u201d, finaliz\u00f3 el alcalde. <strong>Prensa Alberto Adriani\/ Tahiry Villalobos C.N.P.23.225\/ Foto: Karla Marqu\u00e9z<\/strong><\/p>\n\n\n\n<figure class=\"wp-block-gallery has-nested-images columns-default is-cropped wp-block-gallery-3 is-layout-flex wp-block-gallery-is-layout-flex\">\n<figure class=\"wp-block-image size-large\"><img loading=\"lazy\" decoding=\"async\" width=\"1024\" height=\"768\" data-id=\"14628\" src=\"https:\/\/alcaldiaalbertoadriani.com\/wp-content\/uploads\/2026\/01\/photo_5132341629753690995_y-1024x768.jpg\" alt=\"\" class=\"wp-image-14628\" srcset=\"https:\/\/alcaldiaalbertoadriani.com\/wp-content\/uploads\/2026\/01\/photo_5132341629753690995_y-1024x768.jpg 1024w, https:\/\/alcaldiaalbertoadriani.com\/wp-content\/uploads\/2026\/01\/photo_5132341629753690995_y-980x735.jpg 980w, https:\/\/alcaldiaalbertoadriani.com\/wp-content\/uploads\/2026\/01\/photo_5132341629753690995_y-480x360.jpg 480w\" sizes=\"auto, (min-width: 0px) and (max-width: 480px) 480px, (min-width: 481px) and (max-width: 980px) 980px, (min-width: 981px) 1024px, 100vw\" \/><\/figure>\n\n\n\n<figure class=\"wp-block-image size-large\"><img loading=\"lazy\" decoding=\"async\" width=\"1024\" height=\"576\" data-id=\"14627\" src=\"https:\/\/alcaldiaalbertoadriani.com\/wp-content\/uploads\/2026\/01\/photo_5132341629753690980_y-1024x576.jpg\" alt=\"\" class=\"wp-image-14627\" srcset=\"https:\/\/alcaldiaalbertoadriani.com\/wp-content\/uploads\/2026\/01\/photo_5132341629753690980_y-1024x576.jpg 1024w, https:\/\/alcaldiaalbertoadriani.com\/wp-content\/uploads\/2026\/01\/photo_5132341629753690980_y-980x551.jpg 980w, https:\/\/alcaldiaalbertoadriani.com\/wp-content\/uploads\/2026\/01\/photo_5132341629753690980_y-480x270.jpg 480w\" sizes=\"auto, (min-width: 0px) and (max-width: 480px) 480px, (min-width: 481px) and (max-width: 980px) 980px, (min-width: 981px) 1024px, 100vw\" \/><\/figure>\n<\/figure>\n","protected":false},"excerpt":{"rendered":"<p>Luego de la reparaci\u00f3n de una tuber\u00eda matriz de aguas blancas en la avenida Don Pepe Rojas ejecutada en coordinaci\u00f3n entre la Alcald\u00eda de Alberto Adriani y Aguas de M\u00e9rida, [&hellip;]<\/p>\n","protected":false},"author":2,"featured_media":14624,"comment_status":"open","ping_status":"closed","sticky":false,"template":"","format":"standard","meta":{"_et_pb_use_builder":"off","_et_pb_old_content":"","_et_gb_content_width":"","footnotes":""},"categories":[341,1064,25],"tags":[31,11,12,15,761,30,29,28],"class_list":["post-14623","post","type-post","status-publish","format-standard","has-post-thumbnail","hentry","category-alcaldia-alberto-adriani","category-asfaltado","category-nuestro-municipio","tag-alcalde","tag-alcaldia","tag-alcaldiaalbertoadriani","tag-elvigia","tag-encrucijadadeprogreso","tag-lisandrosegura","tag-municipioquenosmerecemos","tag-porelrenacer"],"yoast_head":"<!-- This site is optimized with the Yoast SEO plugin v19.13 - https:\/\/yoast.com\/wordpress\/plugins\/seo\/ -->\n<title>Reparan falla en la calzada de la Av. Don Pepe Rojas<\/title>\n<meta name=\"description\" content=\"Reparan falla en la calzada de la Av. Don Pepe Rojas Luego de la reparaci\u00f3n de una tuber\u00eda matriz de aguas blancas\" \/>\n<meta name=\"robots\" content=\"index, follow, max-snippet:-1, max-image-preview:large, max-video-preview:-1\" \/>\n<link rel=\"canonical\" href=\"https:\/\/alcaldiaalbertoadriani.com\/?p=14623\" \/>\n<meta property=\"og:locale\" content=\"es_ES\" \/>\n<meta property=\"og:type\" content=\"article\" \/>\n<meta property=\"og:title\" content=\"Reparan falla en la calzada de la Av. Don Pepe Rojas\" \/>\n<meta property=\"og:description\" content=\"Reparan falla en la calzada de la Av. Don Pepe Rojas Luego de la reparaci\u00f3n de una tuber\u00eda matriz de aguas blancas\" \/>\n<meta property=\"og:url\" content=\"https:\/\/alcaldiaalbertoadriani.com\/?p=14623\" \/>\n<meta property=\"og:site_name\" content=\"Alcaldia Alberto Adriani\" \/>\n<meta property=\"article:published_time\" content=\"2026-01-15T14:06:34+00:00\" \/>\n<meta property=\"article:modified_time\" content=\"2026-01-15T14:06:38+00:00\" \/>\n<meta property=\"og:image\" content=\"https:\/\/alcaldiaalbertoadriani.com\/wp-content\/uploads\/2026\/01\/photo_5132341629753690975_y.jpg\" \/>\n\t<meta property=\"og:image:width\" content=\"1280\" \/>\n\t<meta property=\"og:image:height\" content=\"960\" \/>\n\t<meta property=\"og:image:type\" content=\"image\/jpeg\" \/>\n<meta name=\"author\" content=\"Prensa\" \/>\n<meta name=\"twitter:card\" content=\"summary_large_image\" \/>\n<meta name=\"twitter:label1\" content=\"Escrito por\" \/>\n\t<meta name=\"twitter:data1\" content=\"Prensa\" \/>\n\t<meta name=\"twitter:label2\" content=\"Tiempo de lectura\" \/>\n\t<meta name=\"twitter:data2\" content=\"3 minutos\" \/>\n<script type=\"application\/ld+json\" class=\"yoast-schema-graph\">{\"@context\":\"https:\/\/schema.org\",\"@graph\":[{\"@type\":\"WebPage\",\"@id\":\"https:\/\/alcaldiaalbertoadriani.com\/?p=14623\",\"url\":\"https:\/\/alcaldiaalbertoadriani.com\/?p=14623\",\"name\":\"Reparan falla en la calzada de la Av. Don Pepe Rojas\",\"isPartOf\":{\"@id\":\"https:\/\/alcaldiaalbertoadriani.com\/#website\"},\"datePublished\":\"2026-01-15T14:06:34+00:00\",\"dateModified\":\"2026-01-15T14:06:38+00:00\",\"author\":{\"@id\":\"https:\/\/alcaldiaalbertoadriani.com\/#\/schema\/person\/549b4483ff8999ac780deeea78795fc9\"},\"description\":\"Reparan falla en la calzada de la Av. Don Pepe Rojas Luego de la reparaci\u00f3n de una tuber\u00eda matriz de aguas blancas\",\"breadcrumb\":{\"@id\":\"https:\/\/alcaldiaalbertoadriani.com\/?p=14623#breadcrumb\"},\"inLanguage\":\"es\",\"potentialAction\":[{\"@type\":\"ReadAction\",\"target\":[\"https:\/\/alcaldiaalbertoadriani.com\/?p=14623\"]}]},{\"@type\":\"BreadcrumbList\",\"@id\":\"https:\/\/alcaldiaalbertoadriani.com\/?p=14623#breadcrumb\",\"itemListElement\":[{\"@type\":\"ListItem\",\"position\":1,\"name\":\"Portada\",\"item\":\"https:\/\/alcaldiaalbertoadriani.com\/\"},{\"@type\":\"ListItem\",\"position\":2,\"name\":\"Reparan falla en la calzada de la Av. Don Pepe Rojas\"}]},{\"@type\":\"WebSite\",\"@id\":\"https:\/\/alcaldiaalbertoadriani.com\/#website\",\"url\":\"https:\/\/alcaldiaalbertoadriani.com\/\",\"name\":\"Alcaldia Alberto Adriani\",\"description\":\"\",\"potentialAction\":[{\"@type\":\"SearchAction\",\"target\":{\"@type\":\"EntryPoint\",\"urlTemplate\":\"https:\/\/alcaldiaalbertoadriani.com\/?s={search_term_string}\"},\"query-input\":\"required name=search_term_string\"}],\"inLanguage\":\"es\"},{\"@type\":\"Person\",\"@id\":\"https:\/\/alcaldiaalbertoadriani.com\/#\/schema\/person\/549b4483ff8999ac780deeea78795fc9\",\"name\":\"Prensa\",\"image\":{\"@type\":\"ImageObject\",\"inLanguage\":\"es\",\"@id\":\"https:\/\/alcaldiaalbertoadriani.com\/#\/schema\/person\/image\/\",\"url\":\"https:\/\/secure.gravatar.com\/avatar\/ea1cb567ea992a29627f4eee1c2eb185ec16decec6342d508fdf18dedb56c9de?s=96&d=mm&r=g\",\"contentUrl\":\"https:\/\/secure.gravatar.com\/avatar\/ea1cb567ea992a29627f4eee1c2eb185ec16decec6342d508fdf18dedb56c9de?s=96&d=mm&r=g\",\"caption\":\"Prensa\"},\"url\":\"https:\/\/alcaldiaalbertoadriani.com\/?author=2\"}]}<\/script>\n<!-- \/ Yoast SEO plugin. -->","yoast_head_json":{"title":"Reparan falla en la calzada de la Av. Don Pepe Rojas","description":"Reparan falla en la calzada de la Av. Don Pepe Rojas Luego de la reparaci\u00f3n de una tuber\u00eda matriz de aguas blancas","robots":{"index":"index","follow":"follow","max-snippet":"max-snippet:-1","max-image-preview":"max-image-preview:large","max-video-preview":"max-video-preview:-1"},"canonical":"https:\/\/alcaldiaalbertoadriani.com\/?p=14623","og_locale":"es_ES","og_type":"article","og_title":"Reparan falla en la calzada de la Av. Don Pepe Rojas","og_description":"Reparan falla en la calzada de la Av. Don Pepe Rojas Luego de la reparaci\u00f3n de una tuber\u00eda matriz de aguas blancas","og_url":"https:\/\/alcaldiaalbertoadriani.com\/?p=14623","og_site_name":"Alcaldia Alberto Adriani","article_published_time":"2026-01-15T14:06:34+00:00","article_modified_time":"2026-01-15T14:06:38+00:00","og_image":[{"width":1280,"height":960,"url":"https:\/\/alcaldiaalbertoadriani.com\/wp-content\/uploads\/2026\/01\/photo_5132341629753690975_y.jpg","type":"image\/jpeg"}],"author":"Prensa","twitter_card":"summary_large_image","twitter_misc":{"Escrito por":"Prensa","Tiempo de lectura":"3 minutos"},"schema":{"@context":"https:\/\/schema.org","@graph":[{"@type":"WebPage","@id":"https:\/\/alcaldiaalbertoadriani.com\/?p=14623","url":"https:\/\/alcaldiaalbertoadriani.com\/?p=14623","name":"Reparan falla en la calzada de la Av. Don Pepe Rojas","isPartOf":{"@id":"https:\/\/alcaldiaalbertoadriani.com\/#website"},"datePublished":"2026-01-15T14:06:34+00:00","dateModified":"2026-01-15T14:06:38+00:00","author":{"@id":"https:\/\/alcaldiaalbertoadriani.com\/#\/schema\/person\/549b4483ff8999ac780deeea78795fc9"},"description":"Reparan falla en la calzada de la Av. Don Pepe Rojas Luego de la reparaci\u00f3n de una tuber\u00eda matriz de aguas blancas","breadcrumb":{"@id":"https:\/\/alcaldiaalbertoadriani.com\/?p=14623#breadcrumb"},"inLanguage":"es","potentialAction":[{"@type":"ReadAction","target":["https:\/\/alcaldiaalbertoadriani.com\/?p=14623"]}]},{"@type":"BreadcrumbList","@id":"https:\/\/alcaldiaalbertoadriani.com\/?p=14623#breadcrumb","itemListElement":[{"@type":"ListItem","position":1,"name":"Portada","item":"https:\/\/alcaldiaalbertoadriani.com\/"},{"@type":"ListItem","position":2,"name":"Reparan falla en la calzada de la Av. Don Pepe Rojas"}]},{"@type":"WebSite","@id":"https:\/\/alcaldiaalbertoadriani.com\/#website","url":"https:\/\/alcaldiaalbertoadriani.com\/","name":"Alcaldia Alberto Adriani","description":"","potentialAction":[{"@type":"SearchAction","target":{"@type":"EntryPoint","urlTemplate":"https:\/\/alcaldiaalbertoadriani.com\/?s={search_term_string}"},"query-input":"required name=search_term_string"}],"inLanguage":"es"},{"@type":"Person","@id":"https:\/\/alcaldiaalbertoadriani.com\/#\/schema\/person\/549b4483ff8999ac780deeea78795fc9","name":"Prensa","image":{"@type":"ImageObject","inLanguage":"es","@id":"https:\/\/alcaldiaalbertoadriani.com\/#\/schema\/person\/image\/","url":"https:\/\/secure.gravatar.com\/avatar\/ea1cb567ea992a29627f4eee1c2eb185ec16decec6342d508fdf18dedb56c9de?s=96&d=mm&r=g","contentUrl":"https:\/\/secure.gravatar.com\/avatar\/ea1cb567ea992a29627f4eee1c2eb185ec16decec6342d508fdf18dedb56c9de?s=96&d=mm&r=g","caption":"Prensa"},"url":"https:\/\/alcaldiaalbertoadriani.com\/?author=2"}]}},"_links":{"self":[{"href":"https:\/\/alcaldiaalbertoadriani.com\/index.php?rest_route=\/wp\/v2\/posts\/14623","targetHints":{"allow":["GET"]}}],"collection":[{"href":"https:\/\/alcaldiaalbertoadriani.com\/index.php?rest_route=\/wp\/v2\/posts"}],"about":[{"href":"https:\/\/alcaldiaalbertoadriani.com\/index.php?rest_route=\/wp\/v2\/types\/post"}],"author":[{"embeddable":true,"href":"https:\/\/alcaldiaalbertoadriani.com\/index.php?rest_route=\/wp\/v2\/users\/2"}],"replies":[{"embeddable":true,"href":"https:\/\/alcaldiaalbertoadriani.com\/index.php?rest_route=%2Fwp%2Fv2%2Fcomments&post=14623"}],"version-history":[{"count":1,"href":"https:\/\/alcaldiaalbertoadriani.com\/index.php?rest_route=\/wp\/v2\/posts\/14623\/revisions"}],"predecessor-version":[{"id":14629,"href":"https:\/\/alcaldiaalbertoadriani.com\/index.php?rest_route=\/wp\/v2\/posts\/14623\/revisions\/14629"}],"wp:featuredmedia":[{"embeddable":true,"href":"https:\/\/alcaldiaalbertoadriani.com\/index.php?rest_route=\/wp\/v2\/media\/14624"}],"wp:attachment":[{"href":"https:\/\/alcaldiaalbertoadriani.com\/index.php?rest_route=%2Fwp%2Fv2%2Fmedia&parent=14623"}],"wp:term":[{"taxonomy":"category","embeddable":true,"href":"https:\/\/alcaldiaalbertoadriani.com\/index.php?rest_route=%2Fwp%2Fv2%2Fcategories&post=14623"},{"taxonomy":"post_tag","embeddable":true,"href":"https:\/\/alcaldiaalbertoadriani.com\/index.php?rest_route=%2Fwp%2Fv2%2Ftags&post=14623"}],"curies":[{"name":"wp","href":"https:\/\/api.w.org\/{rel}","templated":true}]}}