{"id":14615,"date":"2026-01-15T13:48:48","date_gmt":"2026-01-15T13:48:48","guid":{"rendered":"https:\/\/alcaldiaalbertoadriani.com\/?p=14615"},"modified":"2026-01-15T13:49:55","modified_gmt":"2026-01-15T13:49:55","slug":"alcaldia-de-alberto-adriani-mantiene-limpieza-de-canos","status":"publish","type":"post","link":"https:\/\/alcaldiaalbertoadriani.com\/?p=14615","title":{"rendered":"Alcald\u00eda de Alberto Adriani mantiene limpieza de ca\u00f1os"},"content":{"rendered":"\n<p>La alcald\u00eda de Alberto Adriani, a trav\u00e9s de la Gerencia de Ingenier\u00eda y Planeamiento Urbano Local (<a href=\"https:\/\/alcaldiaalbertoadriani.com\/?p=6135\">Gipul<\/a>), mantienen los trabajos de remoci\u00f3n de sedimentos en diferentes ca\u00f1os de la ciudad.<\/p>\n\n\n\n<!--more-->\n\n\n\n<p>Esta limpieza, fue direccionada por el alcalde <a href=\"https:\/\/www.instagram.com\/lisandrosegura02\/\">Lisandro Segura<\/a>, debido a las continuas lluvias que se han presentado en el territorio meride\u00f1o; trabajos preventivos para evitar desbordamiento de los ca\u00f1os y posibles da\u00f1os a las infraestructuras de las viviendas que se encuentran en las riveras de estos caudales.<\/p>\n\n\n\n<p>Todos los trabajos que se est\u00e1n ejecutando, ante la oleada de lluvias repentinas en la jurisdicci\u00f3n, son supervisados por los ingenieros del ayuntamiento local, especialmente en las zonas de alto riesgo para que sean atendidas de manera oportuna.<\/p>\n\n\n\n<figure class=\"wp-block-image size-large\"><img loading=\"lazy\" decoding=\"async\" width=\"770\" height=\"1024\" src=\"https:\/\/alcaldiaalbertoadriani.com\/wp-content\/uploads\/2026\/01\/photo_5127814077093710741_y-770x1024.jpg\" alt=\"\" class=\"wp-image-14617\" srcset=\"https:\/\/alcaldiaalbertoadriani.com\/wp-content\/uploads\/2026\/01\/photo_5127814077093710741_y-770x1024.jpg 770w, https:\/\/alcaldiaalbertoadriani.com\/wp-content\/uploads\/2026\/01\/photo_5127814077093710741_y-480x639.jpg 480w\" sizes=\"auto, (min-width: 0px) and (max-width: 480px) 480px, (min-width: 481px) 770px, 100vw\" \/><\/figure>\n\n\n\n<h2 class=\"wp-block-heading\"><strong><em>La Vega<\/em><\/strong><\/h2>\n\n\n\n<p>El ingeniero Juan Araujo en representaci\u00f3n de la Gipul, explic\u00f3 que en el sector La Vega 1, efect\u00faan trabajos de limpieza y despeje de material sedimentario proveniente del talud que cubre dicho sector.<\/p>\n\n\n\n<p>A su vez, indic\u00f3 que este canal comunica a La Vega 1 y desemboca en La Vega 2, &#8220;todo el sedimento est\u00e1 siendo depositado en un lado del ca\u00f1o, para luego ser removido con maquinaria pesada tipo retroexcavadora, dejando de este modo el canal totalmente despejado de sedimento, basura o cualquier otro material s\u00f3lido que pueda obstaculizar el paso de las aguas, tanto pluviales como las que minan de manera natural de la monta\u00f1a&#8221;, precis\u00f3.<\/p>\n\n\n\n<figure class=\"wp-block-gallery has-nested-images columns-default is-cropped wp-block-gallery-1 is-layout-flex wp-block-gallery-is-layout-flex\">\n<figure class=\"wp-block-image size-large\"><img loading=\"lazy\" decoding=\"async\" width=\"768\" height=\"1024\" data-id=\"14618\" src=\"https:\/\/alcaldiaalbertoadriani.com\/wp-content\/uploads\/2026\/01\/photo_5127814077093710730_y-768x1024.jpg\" alt=\"\" class=\"wp-image-14618\" srcset=\"https:\/\/alcaldiaalbertoadriani.com\/wp-content\/uploads\/2026\/01\/photo_5127814077093710730_y-768x1024.jpg 768w, https:\/\/alcaldiaalbertoadriani.com\/wp-content\/uploads\/2026\/01\/photo_5127814077093710730_y-480x640.jpg 480w\" sizes=\"auto, (min-width: 0px) and (max-width: 480px) 480px, (min-width: 481px) 768px, 100vw\" \/><\/figure>\n<\/figure>\n\n\n\n<h2 class=\"wp-block-heading\"><strong><em>Flor del Para\u00edso<\/em><\/strong><\/h2>\n\n\n\n<p>Ahora bien, en el sector de Flor del Para\u00edso, ubicada en la parroquia R\u00f3mulo Gallegos, el concejal del circuito Marcos Valera, supervis\u00f3 los trabajos de remoci\u00f3n y mejoramiento del caudal del <a href=\"https:\/\/alcaldiaalbertoadriani.com\/?p=12407\">Ca\u00f1o La Macana<\/a>.<\/p>\n\n\n\n<p>El edil, agradeci\u00f3 la atenci\u00f3n y respuesta inmediata por parte del alcalde de la ciudad a la necesidad de esta comunidad, mediante la limpieza de este ca\u00f1o, adem\u00e1s del mejoramiento de la vialidad con una cantidad se granz\u00f3n que ser\u00e1n distribuido en la calzada de entrada a este sector.<\/p>\n\n\n\n<p>Por su parte, la habitante de la comunidad Graciela Ardila, agradeci\u00f3 al alcalde por la atenci\u00f3n que ha recibido su comunidad, donde no solo tendr\u00e1n un alivio con la limpieza del ca\u00f1o, sino que adem\u00e1s la calle ser\u00e1 mejorada con unos camiones de granz\u00f3n que permitir\u00e1n un acceso menos complicado a las viviendas que se encuentran ca\u00f1o abajo. <strong><em>Prensa Alcald\u00eda Alberto Adriani\/ Tahiry Villalobos CNP: 23.225\/ Foto: Karla M\u00e1rquez.<\/em><\/strong><\/p>\n\n\n\n<figure class=\"wp-block-gallery has-nested-images columns-default is-cropped wp-block-gallery-2 is-layout-flex wp-block-gallery-is-layout-flex\">\n<figure class=\"wp-block-image size-large\"><img loading=\"lazy\" decoding=\"async\" width=\"1024\" height=\"576\" data-id=\"14619\" src=\"https:\/\/alcaldiaalbertoadriani.com\/wp-content\/uploads\/2026\/01\/photo_5127814077093710747_y-1024x576.jpg\" alt=\"\" class=\"wp-image-14619\" srcset=\"https:\/\/alcaldiaalbertoadriani.com\/wp-content\/uploads\/2026\/01\/photo_5127814077093710747_y-1024x576.jpg 1024w, https:\/\/alcaldiaalbertoadriani.com\/wp-content\/uploads\/2026\/01\/photo_5127814077093710747_y-980x551.jpg 980w, https:\/\/alcaldiaalbertoadriani.com\/wp-content\/uploads\/2026\/01\/photo_5127814077093710747_y-480x270.jpg 480w\" sizes=\"auto, (min-width: 0px) and (max-width: 480px) 480px, (min-width: 481px) and (max-width: 980px) 980px, (min-width: 981px) 1024px, 100vw\" \/><\/figure>\n\n\n\n<figure class=\"wp-block-image size-large\"><img loading=\"lazy\" decoding=\"async\" width=\"1024\" height=\"768\" data-id=\"14620\" src=\"https:\/\/alcaldiaalbertoadriani.com\/wp-content\/uploads\/2026\/01\/photo_5127814077093710736_y-1024x768.jpg\" alt=\"\" class=\"wp-image-14620\" srcset=\"https:\/\/alcaldiaalbertoadriani.com\/wp-content\/uploads\/2026\/01\/photo_5127814077093710736_y-1024x768.jpg 1024w, https:\/\/alcaldiaalbertoadriani.com\/wp-content\/uploads\/2026\/01\/photo_5127814077093710736_y-980x735.jpg 980w, https:\/\/alcaldiaalbertoadriani.com\/wp-content\/uploads\/2026\/01\/photo_5127814077093710736_y-480x360.jpg 480w\" sizes=\"auto, (min-width: 0px) and (max-width: 480px) 480px, (min-width: 481px) and (max-width: 980px) 980px, (min-width: 981px) 1024px, 100vw\" \/><\/figure>\n<\/figure>\n","protected":false},"excerpt":{"rendered":"<p>La alcald\u00eda de Alberto Adriani, a trav\u00e9s de la Gerencia de Ingenier\u00eda y Planeamiento Urbano Local (Gipul), mantienen los trabajos de remoci\u00f3n de sedimentos en diferentes ca\u00f1os de la ciudad.<\/p>\n","protected":false},"author":2,"featured_media":14616,"comment_status":"open","ping_status":"closed","sticky":false,"template":"","format":"standard","meta":{"_et_pb_use_builder":"off","_et_pb_old_content":"","_et_gb_content_width":"","footnotes":""},"categories":[341,25,24],"tags":[31,11,12,15,761,30,29,28],"class_list":["post-14615","post","type-post","status-publish","format-standard","has-post-thumbnail","hentry","category-alcaldia-alberto-adriani","category-nuestro-municipio","category-recuperacion-de-espacios","tag-alcalde","tag-alcaldia","tag-alcaldiaalbertoadriani","tag-elvigia","tag-encrucijadadeprogreso","tag-lisandrosegura","tag-municipioquenosmerecemos","tag-porelrenacer"],"yoast_head":"<!-- This site is optimized with the Yoast SEO plugin v19.13 - https:\/\/yoast.com\/wordpress\/plugins\/seo\/ -->\n<title>Alcald\u00eda de Alberto Adriani mantiene limpieza de ca\u00f1os - Alcaldia Alberto Adriani<\/title>\n<meta name=\"robots\" content=\"index, follow, max-snippet:-1, max-image-preview:large, max-video-preview:-1\" \/>\n<link rel=\"canonical\" href=\"https:\/\/alcaldiaalbertoadriani.com\/?p=14615\" \/>\n<meta property=\"og:locale\" content=\"es_ES\" \/>\n<meta property=\"og:type\" content=\"article\" \/>\n<meta property=\"og:title\" content=\"Alcald\u00eda de Alberto Adriani mantiene limpieza de ca\u00f1os - Alcaldia Alberto Adriani\" \/>\n<meta property=\"og:description\" content=\"La alcald\u00eda de Alberto Adriani, a trav\u00e9s de la Gerencia de Ingenier\u00eda y Planeamiento Urbano Local (Gipul), mantienen los trabajos de remoci\u00f3n de sedimentos en diferentes ca\u00f1os de la ciudad.\" \/>\n<meta property=\"og:url\" content=\"https:\/\/alcaldiaalbertoadriani.com\/?p=14615\" \/>\n<meta property=\"og:site_name\" content=\"Alcaldia Alberto Adriani\" \/>\n<meta property=\"article:published_time\" content=\"2026-01-15T13:48:48+00:00\" \/>\n<meta property=\"article:modified_time\" content=\"2026-01-15T13:49:55+00:00\" \/>\n<meta property=\"og:image\" content=\"https:\/\/alcaldiaalbertoadriani.com\/wp-content\/uploads\/2026\/01\/photo_5127814077093710741_y-770x1024.jpg\" \/>\n<meta name=\"author\" content=\"Prensa\" \/>\n<meta name=\"twitter:card\" content=\"summary_large_image\" \/>\n<meta name=\"twitter:label1\" content=\"Escrito por\" \/>\n\t<meta name=\"twitter:data1\" content=\"Prensa\" \/>\n\t<meta name=\"twitter:label2\" content=\"Tiempo de lectura\" \/>\n\t<meta name=\"twitter:data2\" content=\"2 minutos\" \/>\n<script type=\"application\/ld+json\" class=\"yoast-schema-graph\">{\"@context\":\"https:\/\/schema.org\",\"@graph\":[{\"@type\":\"WebPage\",\"@id\":\"https:\/\/alcaldiaalbertoadriani.com\/?p=14615\",\"url\":\"https:\/\/alcaldiaalbertoadriani.com\/?p=14615\",\"name\":\"Alcald\u00eda de Alberto Adriani mantiene limpieza de ca\u00f1os - Alcaldia Alberto Adriani\",\"isPartOf\":{\"@id\":\"https:\/\/alcaldiaalbertoadriani.com\/#website\"},\"datePublished\":\"2026-01-15T13:48:48+00:00\",\"dateModified\":\"2026-01-15T13:49:55+00:00\",\"author\":{\"@id\":\"https:\/\/alcaldiaalbertoadriani.com\/#\/schema\/person\/549b4483ff8999ac780deeea78795fc9\"},\"breadcrumb\":{\"@id\":\"https:\/\/alcaldiaalbertoadriani.com\/?p=14615#breadcrumb\"},\"inLanguage\":\"es\",\"potentialAction\":[{\"@type\":\"ReadAction\",\"target\":[\"https:\/\/alcaldiaalbertoadriani.com\/?p=14615\"]}]},{\"@type\":\"BreadcrumbList\",\"@id\":\"https:\/\/alcaldiaalbertoadriani.com\/?p=14615#breadcrumb\",\"itemListElement\":[{\"@type\":\"ListItem\",\"position\":1,\"name\":\"Portada\",\"item\":\"https:\/\/alcaldiaalbertoadriani.com\/\"},{\"@type\":\"ListItem\",\"position\":2,\"name\":\"Alcald\u00eda de Alberto Adriani mantiene limpieza de ca\u00f1os\"}]},{\"@type\":\"WebSite\",\"@id\":\"https:\/\/alcaldiaalbertoadriani.com\/#website\",\"url\":\"https:\/\/alcaldiaalbertoadriani.com\/\",\"name\":\"Alcaldia Alberto Adriani\",\"description\":\"\",\"potentialAction\":[{\"@type\":\"SearchAction\",\"target\":{\"@type\":\"EntryPoint\",\"urlTemplate\":\"https:\/\/alcaldiaalbertoadriani.com\/?s={search_term_string}\"},\"query-input\":\"required name=search_term_string\"}],\"inLanguage\":\"es\"},{\"@type\":\"Person\",\"@id\":\"https:\/\/alcaldiaalbertoadriani.com\/#\/schema\/person\/549b4483ff8999ac780deeea78795fc9\",\"name\":\"Prensa\",\"image\":{\"@type\":\"ImageObject\",\"inLanguage\":\"es\",\"@id\":\"https:\/\/alcaldiaalbertoadriani.com\/#\/schema\/person\/image\/\",\"url\":\"https:\/\/secure.gravatar.com\/avatar\/ea1cb567ea992a29627f4eee1c2eb185ec16decec6342d508fdf18dedb56c9de?s=96&d=mm&r=g\",\"contentUrl\":\"https:\/\/secure.gravatar.com\/avatar\/ea1cb567ea992a29627f4eee1c2eb185ec16decec6342d508fdf18dedb56c9de?s=96&d=mm&r=g\",\"caption\":\"Prensa\"},\"url\":\"https:\/\/alcaldiaalbertoadriani.com\/?author=2\"}]}<\/script>\n<!-- \/ Yoast SEO plugin. -->","yoast_head_json":{"title":"Alcald\u00eda de Alberto Adriani mantiene limpieza de ca\u00f1os - Alcaldia Alberto Adriani","robots":{"index":"index","follow":"follow","max-snippet":"max-snippet:-1","max-image-preview":"max-image-preview:large","max-video-preview":"max-video-preview:-1"},"canonical":"https:\/\/alcaldiaalbertoadriani.com\/?p=14615","og_locale":"es_ES","og_type":"article","og_title":"Alcald\u00eda de Alberto Adriani mantiene limpieza de ca\u00f1os - Alcaldia Alberto Adriani","og_description":"La alcald\u00eda de Alberto Adriani, a trav\u00e9s de la Gerencia de Ingenier\u00eda y Planeamiento Urbano Local (Gipul), mantienen los trabajos de remoci\u00f3n de sedimentos en diferentes ca\u00f1os de la ciudad.","og_url":"https:\/\/alcaldiaalbertoadriani.com\/?p=14615","og_site_name":"Alcaldia Alberto Adriani","article_published_time":"2026-01-15T13:48:48+00:00","article_modified_time":"2026-01-15T13:49:55+00:00","og_image":[{"url":"https:\/\/alcaldiaalbertoadriani.com\/wp-content\/uploads\/2026\/01\/photo_5127814077093710741_y-770x1024.jpg"}],"author":"Prensa","twitter_card":"summary_large_image","twitter_misc":{"Escrito por":"Prensa","Tiempo de lectura":"2 minutos"},"schema":{"@context":"https:\/\/schema.org","@graph":[{"@type":"WebPage","@id":"https:\/\/alcaldiaalbertoadriani.com\/?p=14615","url":"https:\/\/alcaldiaalbertoadriani.com\/?p=14615","name":"Alcald\u00eda de Alberto Adriani mantiene limpieza de ca\u00f1os - Alcaldia Alberto Adriani","isPartOf":{"@id":"https:\/\/alcaldiaalbertoadriani.com\/#website"},"datePublished":"2026-01-15T13:48:48+00:00","dateModified":"2026-01-15T13:49:55+00:00","author":{"@id":"https:\/\/alcaldiaalbertoadriani.com\/#\/schema\/person\/549b4483ff8999ac780deeea78795fc9"},"breadcrumb":{"@id":"https:\/\/alcaldiaalbertoadriani.com\/?p=14615#breadcrumb"},"inLanguage":"es","potentialAction":[{"@type":"ReadAction","target":["https:\/\/alcaldiaalbertoadriani.com\/?p=14615"]}]},{"@type":"BreadcrumbList","@id":"https:\/\/alcaldiaalbertoadriani.com\/?p=14615#breadcrumb","itemListElement":[{"@type":"ListItem","position":1,"name":"Portada","item":"https:\/\/alcaldiaalbertoadriani.com\/"},{"@type":"ListItem","position":2,"name":"Alcald\u00eda de Alberto Adriani mantiene limpieza de ca\u00f1os"}]},{"@type":"WebSite","@id":"https:\/\/alcaldiaalbertoadriani.com\/#website","url":"https:\/\/alcaldiaalbertoadriani.com\/","name":"Alcaldia Alberto Adriani","description":"","potentialAction":[{"@type":"SearchAction","target":{"@type":"EntryPoint","urlTemplate":"https:\/\/alcaldiaalbertoadriani.com\/?s={search_term_string}"},"query-input":"required name=search_term_string"}],"inLanguage":"es"},{"@type":"Person","@id":"https:\/\/alcaldiaalbertoadriani.com\/#\/schema\/person\/549b4483ff8999ac780deeea78795fc9","name":"Prensa","image":{"@type":"ImageObject","inLanguage":"es","@id":"https:\/\/alcaldiaalbertoadriani.com\/#\/schema\/person\/image\/","url":"https:\/\/secure.gravatar.com\/avatar\/ea1cb567ea992a29627f4eee1c2eb185ec16decec6342d508fdf18dedb56c9de?s=96&d=mm&r=g","contentUrl":"https:\/\/secure.gravatar.com\/avatar\/ea1cb567ea992a29627f4eee1c2eb185ec16decec6342d508fdf18dedb56c9de?s=96&d=mm&r=g","caption":"Prensa"},"url":"https:\/\/alcaldiaalbertoadriani.com\/?author=2"}]}},"_links":{"self":[{"href":"https:\/\/alcaldiaalbertoadriani.com\/index.php?rest_route=\/wp\/v2\/posts\/14615","targetHints":{"allow":["GET"]}}],"collection":[{"href":"https:\/\/alcaldiaalbertoadriani.com\/index.php?rest_route=\/wp\/v2\/posts"}],"about":[{"href":"https:\/\/alcaldiaalbertoadriani.com\/index.php?rest_route=\/wp\/v2\/types\/post"}],"author":[{"embeddable":true,"href":"https:\/\/alcaldiaalbertoadriani.com\/index.php?rest_route=\/wp\/v2\/users\/2"}],"replies":[{"embeddable":true,"href":"https:\/\/alcaldiaalbertoadriani.com\/index.php?rest_route=%2Fwp%2Fv2%2Fcomments&post=14615"}],"version-history":[{"count":1,"href":"https:\/\/alcaldiaalbertoadriani.com\/index.php?rest_route=\/wp\/v2\/posts\/14615\/revisions"}],"predecessor-version":[{"id":14621,"href":"https:\/\/alcaldiaalbertoadriani.com\/index.php?rest_route=\/wp\/v2\/posts\/14615\/revisions\/14621"}],"wp:featuredmedia":[{"embeddable":true,"href":"https:\/\/alcaldiaalbertoadriani.com\/index.php?rest_route=\/wp\/v2\/media\/14616"}],"wp:attachment":[{"href":"https:\/\/alcaldiaalbertoadriani.com\/index.php?rest_route=%2Fwp%2Fv2%2Fmedia&parent=14615"}],"wp:term":[{"taxonomy":"category","embeddable":true,"href":"https:\/\/alcaldiaalbertoadriani.com\/index.php?rest_route=%2Fwp%2Fv2%2Fcategories&post=14615"},{"taxonomy":"post_tag","embeddable":true,"href":"https:\/\/alcaldiaalbertoadriani.com\/index.php?rest_route=%2Fwp%2Fv2%2Ftags&post=14615"}],"curies":[{"name":"wp","href":"https:\/\/api.w.org\/{rel}","templated":true}]}}