{"id":14510,"date":"2026-01-09T14:30:26","date_gmt":"2026-01-09T14:30:26","guid":{"rendered":"https:\/\/alcaldiaalbertoadriani.com\/?p=14510"},"modified":"2026-01-09T14:32:43","modified_gmt":"2026-01-09T14:32:43","slug":"programa-de-becas-carlos-andres-perez-promueve","status":"publish","type":"post","link":"https:\/\/alcaldiaalbertoadriani.com\/?p=14510","title":{"rendered":"Programa de Becas \u201cCarlos Andr\u00e9s P\u00e9rez\u201d promueve la profesionalizaci\u00f3n de j\u00f3venes en Alberto Adriani"},"content":{"rendered":"\n<h2 class=\"wp-block-heading\"><strong><em>Anderson \u00c1vila, el primer becado del Programa culmina su carrera universitaria y agradece a Dios y al alcalde Lisandro Segura por el apoyo para concretar uno de sus sue\u00f1os<\/em><\/strong><\/h2>\n\n\n\n<p>Con el prop\u00f3sito de fomentar, promover el desarrollo acad\u00e9mico y brindar soporte econ\u00f3mico a los estudiantes del municipio Alberto Adriani, la gesti\u00f3n del alcalde <a href=\"https:\/\/www.instagram.com\/lisandrosegura02\/\">Lisandro Segura<\/a> contin\u00faa fortaleciendo el programa de <a href=\"https:\/\/alcaldiaalbertoadriani.com\/?p=2066\">Becas \u201cCarlos Andr\u00e9s P\u00e9rez\u201d<\/a>. Esta iniciativa educativa, se consolida como una herramienta para que los ciudadanos vigienses puedan culminar sus estudios superiores pese a las dificultades econ\u00f3micas.<\/p>\n\n\n\n<p>Tal es el caso de Anderson \u00c1vila, habitante del sector Onia parte Baja de la parroquia R\u00f3mulo Gallegos, quien fue el primer beneficiario de dicho programa, y agradeci\u00f3 al gobierno municipal por el apoyo para concluir su carrera universitaria.<\/p>\n\n\n\n<p>\u00c1vila es estudiante de Ingenier\u00eda El\u00e9ctrica en la Universidad de Los Andes (ULA) quien se encuentra en la etapa final de ejecuci\u00f3n de su Proyecto de Grado, destac\u00f3 la importancia de este beneficio para su formaci\u00f3n.<\/p>\n\n\n\n<p>\u201cGracias a Dios y al alcalde con la beca pude cubrir gastos necesarios en la ciudad de M\u00e9rida y hoy, me permite concretar uno de mis sue\u00f1os, ser ingeniero electricista\u201d, enfatiz\u00f3.<\/p>\n\n\n\n<p>Como muestra del apoyo, el gobierno municipal incorpor\u00f3 a \u00c1vila como asistente t\u00e9cnico en la coordinaci\u00f3n de Alumbrado P\u00fablico de la Gerencia de Ingenier\u00eda y Planeamiento Urbano Local (Gipul), a partir del lunes 5 de enero de 2026.<\/p>\n\n\n\n<p>Con estas acciones, la gesti\u00f3n del alcalde<a href=\"https:\/\/www.instagram.com\/lisandrosegura02\/\"> Lisandro Segura<\/a> reafirma su compromiso con la educaci\u00f3n, no solo a trav\u00e9s del incentivo econ\u00f3mico, sino tambi\u00e9n promoviendo oportunidades de empleo para los nuevos profesionales del municipio Alberto Adriani. <strong><em>Prensa Alcald\u00eda Alberto Adriani\/Edgar Mendoza CNP25.736\/Fotos: Danny Ru\u00edz.<\/em><\/strong><\/p>\n\n\n\n<figure class=\"wp-block-gallery has-nested-images columns-default is-cropped wp-block-gallery-1 is-layout-flex wp-block-gallery-is-layout-flex\">\n<figure class=\"wp-block-image size-large\"><img loading=\"lazy\" decoding=\"async\" width=\"600\" height=\"800\" data-id=\"14514\" src=\"https:\/\/alcaldiaalbertoadriani.com\/wp-content\/uploads\/2026\/01\/photo_5111872369671736471_x-1.jpg\" alt=\"\" class=\"wp-image-14514\" srcset=\"https:\/\/alcaldiaalbertoadriani.com\/wp-content\/uploads\/2026\/01\/photo_5111872369671736471_x-1.jpg 600w, https:\/\/alcaldiaalbertoadriani.com\/wp-content\/uploads\/2026\/01\/photo_5111872369671736471_x-1-480x640.jpg 480w\" sizes=\"auto, (min-width: 0px) and (max-width: 480px) 480px, (min-width: 481px) 600px, 100vw\" \/><\/figure>\n<\/figure>\n","protected":false},"excerpt":{"rendered":"<p>Anderson \u00c1vila, el primer becado del Programa culmina su carrera universitaria y agradece a Dios y al alcalde Lisandro Segura por el apoyo para concretar uno de sus sue\u00f1os Con [&hellip;]<\/p>\n","protected":false},"author":2,"featured_media":14515,"comment_status":"open","ping_status":"closed","sticky":false,"template":"","format":"standard","meta":{"_et_pb_use_builder":"off","_et_pb_old_content":"","_et_gb_content_width":"","footnotes":""},"categories":[341,352,197,25],"tags":[31,11,12,15,30,29,28],"class_list":["post-14510","post","type-post","status-publish","format-standard","has-post-thumbnail","hentry","category-alcaldia-alberto-adriani","category-educacion","category-gipul","category-nuestro-municipio","tag-alcalde","tag-alcaldia","tag-alcaldiaalbertoadriani","tag-elvigia","tag-lisandrosegura","tag-municipioquenosmerecemos","tag-porelrenacer"],"yoast_head":"<!-- This site is optimized with the Yoast SEO plugin v19.13 - https:\/\/yoast.com\/wordpress\/plugins\/seo\/ -->\n<title>Programa de Becas \u201cCarlos Andr\u00e9s P\u00e9rez\u201d promueve<\/title>\n<meta name=\"description\" content=\"Programa de Becas \u201cCarlos Andr\u00e9s P\u00e9rez\u201d promueve la profesionalizaci\u00f3n de j\u00f3venes en Alberto Adriani Con el prop\u00f3sito de fomentar\" \/>\n<meta name=\"robots\" content=\"index, follow, max-snippet:-1, max-image-preview:large, max-video-preview:-1\" \/>\n<link rel=\"canonical\" href=\"https:\/\/alcaldiaalbertoadriani.com\/?p=14510\" \/>\n<meta property=\"og:locale\" content=\"es_ES\" \/>\n<meta property=\"og:type\" content=\"article\" \/>\n<meta property=\"og:title\" content=\"Programa de Becas \u201cCarlos Andr\u00e9s P\u00e9rez\u201d promueve\" \/>\n<meta property=\"og:description\" content=\"Programa de Becas \u201cCarlos Andr\u00e9s P\u00e9rez\u201d promueve la profesionalizaci\u00f3n de j\u00f3venes en Alberto Adriani Con el prop\u00f3sito de fomentar\" \/>\n<meta property=\"og:url\" content=\"https:\/\/alcaldiaalbertoadriani.com\/?p=14510\" \/>\n<meta property=\"og:site_name\" content=\"Alcaldia Alberto Adriani\" \/>\n<meta property=\"article:published_time\" content=\"2026-01-09T14:30:26+00:00\" \/>\n<meta property=\"article:modified_time\" content=\"2026-01-09T14:32:43+00:00\" \/>\n<meta property=\"og:image\" content=\"https:\/\/alcaldiaalbertoadriani.com\/wp-content\/uploads\/2026\/01\/00000000-1.png\" \/>\n\t<meta property=\"og:image:width\" content=\"1280\" \/>\n\t<meta property=\"og:image:height\" content=\"960\" \/>\n\t<meta property=\"og:image:type\" content=\"image\/png\" \/>\n<meta name=\"author\" content=\"Prensa\" \/>\n<meta name=\"twitter:card\" content=\"summary_large_image\" \/>\n<meta name=\"twitter:label1\" content=\"Escrito por\" \/>\n\t<meta name=\"twitter:data1\" content=\"Prensa\" \/>\n\t<meta name=\"twitter:label2\" content=\"Tiempo de lectura\" \/>\n\t<meta name=\"twitter:data2\" content=\"2 minutos\" \/>\n<script type=\"application\/ld+json\" class=\"yoast-schema-graph\">{\"@context\":\"https:\/\/schema.org\",\"@graph\":[{\"@type\":\"WebPage\",\"@id\":\"https:\/\/alcaldiaalbertoadriani.com\/?p=14510\",\"url\":\"https:\/\/alcaldiaalbertoadriani.com\/?p=14510\",\"name\":\"Programa de Becas \u201cCarlos Andr\u00e9s P\u00e9rez\u201d promueve\",\"isPartOf\":{\"@id\":\"https:\/\/alcaldiaalbertoadriani.com\/#website\"},\"datePublished\":\"2026-01-09T14:30:26+00:00\",\"dateModified\":\"2026-01-09T14:32:43+00:00\",\"author\":{\"@id\":\"https:\/\/alcaldiaalbertoadriani.com\/#\/schema\/person\/549b4483ff8999ac780deeea78795fc9\"},\"description\":\"Programa de Becas \u201cCarlos Andr\u00e9s P\u00e9rez\u201d promueve la profesionalizaci\u00f3n de j\u00f3venes en Alberto Adriani Con el prop\u00f3sito de fomentar\",\"breadcrumb\":{\"@id\":\"https:\/\/alcaldiaalbertoadriani.com\/?p=14510#breadcrumb\"},\"inLanguage\":\"es\",\"potentialAction\":[{\"@type\":\"ReadAction\",\"target\":[\"https:\/\/alcaldiaalbertoadriani.com\/?p=14510\"]}]},{\"@type\":\"BreadcrumbList\",\"@id\":\"https:\/\/alcaldiaalbertoadriani.com\/?p=14510#breadcrumb\",\"itemListElement\":[{\"@type\":\"ListItem\",\"position\":1,\"name\":\"Portada\",\"item\":\"https:\/\/alcaldiaalbertoadriani.com\/\"},{\"@type\":\"ListItem\",\"position\":2,\"name\":\"Programa de Becas \u201cCarlos Andr\u00e9s P\u00e9rez\u201d promueve la profesionalizaci\u00f3n de j\u00f3venes en Alberto Adriani\"}]},{\"@type\":\"WebSite\",\"@id\":\"https:\/\/alcaldiaalbertoadriani.com\/#website\",\"url\":\"https:\/\/alcaldiaalbertoadriani.com\/\",\"name\":\"Alcaldia Alberto Adriani\",\"description\":\"\",\"potentialAction\":[{\"@type\":\"SearchAction\",\"target\":{\"@type\":\"EntryPoint\",\"urlTemplate\":\"https:\/\/alcaldiaalbertoadriani.com\/?s={search_term_string}\"},\"query-input\":\"required name=search_term_string\"}],\"inLanguage\":\"es\"},{\"@type\":\"Person\",\"@id\":\"https:\/\/alcaldiaalbertoadriani.com\/#\/schema\/person\/549b4483ff8999ac780deeea78795fc9\",\"name\":\"Prensa\",\"image\":{\"@type\":\"ImageObject\",\"inLanguage\":\"es\",\"@id\":\"https:\/\/alcaldiaalbertoadriani.com\/#\/schema\/person\/image\/\",\"url\":\"https:\/\/secure.gravatar.com\/avatar\/ea1cb567ea992a29627f4eee1c2eb185ec16decec6342d508fdf18dedb56c9de?s=96&d=mm&r=g\",\"contentUrl\":\"https:\/\/secure.gravatar.com\/avatar\/ea1cb567ea992a29627f4eee1c2eb185ec16decec6342d508fdf18dedb56c9de?s=96&d=mm&r=g\",\"caption\":\"Prensa\"},\"url\":\"https:\/\/alcaldiaalbertoadriani.com\/?author=2\"}]}<\/script>\n<!-- \/ Yoast SEO plugin. -->","yoast_head_json":{"title":"Programa de Becas \u201cCarlos Andr\u00e9s P\u00e9rez\u201d promueve","description":"Programa de Becas \u201cCarlos Andr\u00e9s P\u00e9rez\u201d promueve la profesionalizaci\u00f3n de j\u00f3venes en Alberto Adriani Con el prop\u00f3sito de fomentar","robots":{"index":"index","follow":"follow","max-snippet":"max-snippet:-1","max-image-preview":"max-image-preview:large","max-video-preview":"max-video-preview:-1"},"canonical":"https:\/\/alcaldiaalbertoadriani.com\/?p=14510","og_locale":"es_ES","og_type":"article","og_title":"Programa de Becas \u201cCarlos Andr\u00e9s P\u00e9rez\u201d promueve","og_description":"Programa de Becas \u201cCarlos Andr\u00e9s P\u00e9rez\u201d promueve la profesionalizaci\u00f3n de j\u00f3venes en Alberto Adriani Con el prop\u00f3sito de fomentar","og_url":"https:\/\/alcaldiaalbertoadriani.com\/?p=14510","og_site_name":"Alcaldia Alberto Adriani","article_published_time":"2026-01-09T14:30:26+00:00","article_modified_time":"2026-01-09T14:32:43+00:00","og_image":[{"width":1280,"height":960,"url":"https:\/\/alcaldiaalbertoadriani.com\/wp-content\/uploads\/2026\/01\/00000000-1.png","type":"image\/png"}],"author":"Prensa","twitter_card":"summary_large_image","twitter_misc":{"Escrito por":"Prensa","Tiempo de lectura":"2 minutos"},"schema":{"@context":"https:\/\/schema.org","@graph":[{"@type":"WebPage","@id":"https:\/\/alcaldiaalbertoadriani.com\/?p=14510","url":"https:\/\/alcaldiaalbertoadriani.com\/?p=14510","name":"Programa de Becas \u201cCarlos Andr\u00e9s P\u00e9rez\u201d promueve","isPartOf":{"@id":"https:\/\/alcaldiaalbertoadriani.com\/#website"},"datePublished":"2026-01-09T14:30:26+00:00","dateModified":"2026-01-09T14:32:43+00:00","author":{"@id":"https:\/\/alcaldiaalbertoadriani.com\/#\/schema\/person\/549b4483ff8999ac780deeea78795fc9"},"description":"Programa de Becas \u201cCarlos Andr\u00e9s P\u00e9rez\u201d promueve la profesionalizaci\u00f3n de j\u00f3venes en Alberto Adriani Con el prop\u00f3sito de fomentar","breadcrumb":{"@id":"https:\/\/alcaldiaalbertoadriani.com\/?p=14510#breadcrumb"},"inLanguage":"es","potentialAction":[{"@type":"ReadAction","target":["https:\/\/alcaldiaalbertoadriani.com\/?p=14510"]}]},{"@type":"BreadcrumbList","@id":"https:\/\/alcaldiaalbertoadriani.com\/?p=14510#breadcrumb","itemListElement":[{"@type":"ListItem","position":1,"name":"Portada","item":"https:\/\/alcaldiaalbertoadriani.com\/"},{"@type":"ListItem","position":2,"name":"Programa de Becas \u201cCarlos Andr\u00e9s P\u00e9rez\u201d promueve la profesionalizaci\u00f3n de j\u00f3venes en Alberto Adriani"}]},{"@type":"WebSite","@id":"https:\/\/alcaldiaalbertoadriani.com\/#website","url":"https:\/\/alcaldiaalbertoadriani.com\/","name":"Alcaldia Alberto Adriani","description":"","potentialAction":[{"@type":"SearchAction","target":{"@type":"EntryPoint","urlTemplate":"https:\/\/alcaldiaalbertoadriani.com\/?s={search_term_string}"},"query-input":"required name=search_term_string"}],"inLanguage":"es"},{"@type":"Person","@id":"https:\/\/alcaldiaalbertoadriani.com\/#\/schema\/person\/549b4483ff8999ac780deeea78795fc9","name":"Prensa","image":{"@type":"ImageObject","inLanguage":"es","@id":"https:\/\/alcaldiaalbertoadriani.com\/#\/schema\/person\/image\/","url":"https:\/\/secure.gravatar.com\/avatar\/ea1cb567ea992a29627f4eee1c2eb185ec16decec6342d508fdf18dedb56c9de?s=96&d=mm&r=g","contentUrl":"https:\/\/secure.gravatar.com\/avatar\/ea1cb567ea992a29627f4eee1c2eb185ec16decec6342d508fdf18dedb56c9de?s=96&d=mm&r=g","caption":"Prensa"},"url":"https:\/\/alcaldiaalbertoadriani.com\/?author=2"}]}},"_links":{"self":[{"href":"https:\/\/alcaldiaalbertoadriani.com\/index.php?rest_route=\/wp\/v2\/posts\/14510","targetHints":{"allow":["GET"]}}],"collection":[{"href":"https:\/\/alcaldiaalbertoadriani.com\/index.php?rest_route=\/wp\/v2\/posts"}],"about":[{"href":"https:\/\/alcaldiaalbertoadriani.com\/index.php?rest_route=\/wp\/v2\/types\/post"}],"author":[{"embeddable":true,"href":"https:\/\/alcaldiaalbertoadriani.com\/index.php?rest_route=\/wp\/v2\/users\/2"}],"replies":[{"embeddable":true,"href":"https:\/\/alcaldiaalbertoadriani.com\/index.php?rest_route=%2Fwp%2Fv2%2Fcomments&post=14510"}],"version-history":[{"count":2,"href":"https:\/\/alcaldiaalbertoadriani.com\/index.php?rest_route=\/wp\/v2\/posts\/14510\/revisions"}],"predecessor-version":[{"id":14516,"href":"https:\/\/alcaldiaalbertoadriani.com\/index.php?rest_route=\/wp\/v2\/posts\/14510\/revisions\/14516"}],"wp:featuredmedia":[{"embeddable":true,"href":"https:\/\/alcaldiaalbertoadriani.com\/index.php?rest_route=\/wp\/v2\/media\/14515"}],"wp:attachment":[{"href":"https:\/\/alcaldiaalbertoadriani.com\/index.php?rest_route=%2Fwp%2Fv2%2Fmedia&parent=14510"}],"wp:term":[{"taxonomy":"category","embeddable":true,"href":"https:\/\/alcaldiaalbertoadriani.com\/index.php?rest_route=%2Fwp%2Fv2%2Fcategories&post=14510"},{"taxonomy":"post_tag","embeddable":true,"href":"https:\/\/alcaldiaalbertoadriani.com\/index.php?rest_route=%2Fwp%2Fv2%2Ftags&post=14510"}],"curies":[{"name":"wp","href":"https:\/\/api.w.org\/{rel}","templated":true}]}}