{"id":14408,"date":"2026-01-07T13:10:55","date_gmt":"2026-01-07T13:10:55","guid":{"rendered":"https:\/\/alcaldiaalbertoadriani.com\/?p=14408"},"modified":"2026-01-07T13:10:59","modified_gmt":"2026-01-07T13:10:59","slug":"alcaldia-de-alberto-adriani-conmemoro-el-dia-del-deporte-con-misa","status":"publish","type":"post","link":"https:\/\/alcaldiaalbertoadriani.com\/?p=14408","title":{"rendered":"Alcald\u00eda de Alberto Adriani conmemor\u00f3 el D\u00eda del Deporte con misa"},"content":{"rendered":"\n<p>La Alcald\u00eda del Municipio Alberto Adriani a trav\u00e9s del Instituto Municipal del Deporte y Recreaci\u00f3n (<a href=\"https:\/\/alcaldiaalbertoadriani.com\/?tag=imdraa-inicio-plan\">IMDRAA<\/a>), celebr\u00f3 el <a href=\"https:\/\/alcaldiaalbertoadriani.com\/?p=9563\">D\u00eda del Deporte<\/a> con una misa en acci\u00f3n de gracias, actividad eclesi\u00e1stica donde se pudo reconocer el esfuerzo, la disciplina y los logros de los atletas que con orgullo representan esta ciudad.<\/p>\n\n\n\n<p>La Misa fue presidida por el presb\u00edtero Germ\u00e1n Mar\u00edn, quien elev\u00f3 sus palabras de bienestar a los entrenadores, atletas y dirigentes deportivos de El Vig\u00eda. Antes de finalizar la ceremonia, el profesor Mauricio Rosales, destacado formador de taekwondo, fue el encargado de ofrecer unas palabras.<\/p>\n\n\n\n<figure class=\"wp-block-gallery has-nested-images columns-default is-cropped wp-block-gallery-1 is-layout-flex wp-block-gallery-is-layout-flex\">\n<figure class=\"wp-block-image size-large\"><img loading=\"lazy\" decoding=\"async\" width=\"1024\" height=\"768\" data-id=\"14410\" src=\"https:\/\/alcaldiaalbertoadriani.com\/wp-content\/uploads\/2026\/01\/photo_5109820590779993550_y-1024x768.jpg\" alt=\"\" class=\"wp-image-14410\" srcset=\"https:\/\/alcaldiaalbertoadriani.com\/wp-content\/uploads\/2026\/01\/photo_5109820590779993550_y-1024x768.jpg 1024w, https:\/\/alcaldiaalbertoadriani.com\/wp-content\/uploads\/2026\/01\/photo_5109820590779993550_y-980x735.jpg 980w, https:\/\/alcaldiaalbertoadriani.com\/wp-content\/uploads\/2026\/01\/photo_5109820590779993550_y-480x360.jpg 480w\" sizes=\"auto, (min-width: 0px) and (max-width: 480px) 480px, (min-width: 481px) and (max-width: 980px) 980px, (min-width: 981px) 1024px, 100vw\" \/><\/figure>\n<\/figure>\n\n\n\n<p>Durante su intervenci\u00f3n, destac\u00f3 la importancia del deporte como herramienta fundamental para la formaci\u00f3n integral de ni\u00f1os, j\u00f3venes y adultos. Para Rosales el deporte no solo sirve para fortalecer el cuerpo, sino que contribuye a la formaci\u00f3n de una sociedad m\u00e1s sana, disciplinada y comprometida con los valores.<\/p>\n\n\n\n<p>\u201cHago un llamado a los padres y representantes a que involucren a los ni\u00f1os en un ambiente deportivo, para que puedan crecer dentro de los proyectos de un mejor ciudadano, reconocemos, adem\u00e1s, a todos los atletas incluyendo los paral\u00edmpicos quienes han tra\u00eddo medallas de oro a nuestra ciudad, hacer deporte es elevar nuestra calidad de vida, nuestro pa\u00eds nos pide una mejor sociedad, m\u00e1s productiva que a la larga se resumir\u00e1 en una estabilidad social para todos\u201d, destac\u00f3 Rosales.<\/p>\n\n\n\n<h2 class=\"wp-block-heading\"><strong><em>Apoyando el Deporte<\/em><\/strong><\/h2>\n\n\n\n<p>En la actividad estuvo presente el alcalde<a href=\"https:\/\/www.instagram.com\/lisandrosegura02\/\"> Lisandro Segura<\/a>, junto a Ricardo Romero, presidente del Imdraa y dem\u00e1s personalidades del ejecutivo municipal, quien resalt\u00f3 el desempe\u00f1o, constancia y dedicaci\u00f3n de los ni\u00f1os, ni\u00f1as y adolescentes que han dejado en alto el nombre del Municipio.<\/p>\n\n\n\n<figure class=\"wp-block-gallery has-nested-images columns-default is-cropped wp-block-gallery-2 is-layout-flex wp-block-gallery-is-layout-flex\">\n<figure class=\"wp-block-image size-large\"><img loading=\"lazy\" decoding=\"async\" width=\"1024\" height=\"576\" data-id=\"14411\" src=\"https:\/\/alcaldiaalbertoadriani.com\/wp-content\/uploads\/2026\/01\/photo_5109808865519274964_y-1024x576.jpg\" alt=\"\" class=\"wp-image-14411\" srcset=\"https:\/\/alcaldiaalbertoadriani.com\/wp-content\/uploads\/2026\/01\/photo_5109808865519274964_y-1024x576.jpg 1024w, https:\/\/alcaldiaalbertoadriani.com\/wp-content\/uploads\/2026\/01\/photo_5109808865519274964_y-980x551.jpg 980w, https:\/\/alcaldiaalbertoadriani.com\/wp-content\/uploads\/2026\/01\/photo_5109808865519274964_y-480x270.jpg 480w\" sizes=\"auto, (min-width: 0px) and (max-width: 480px) 480px, (min-width: 481px) and (max-width: 980px) 980px, (min-width: 981px) 1024px, 100vw\" \/><\/figure>\n<\/figure>\n\n\n\n<p>\u201cM\u00e1s que unas palabras, el orador ofreci\u00f3 fue un poema porque el contenido de sus palabras, fue dirigido fundamental a la esencia del atleta y a la esencia del ser humano, que es pensar que el adversario m\u00e1s grande es uno mismo, y es a uno mismo que debemos superar, eso sin dejar a un lado la calidad del personal deportivo que tenemos en el municipio\u201d, se\u00f1al\u00f3 el alcalde.<\/p>\n\n\n\n<p>Segura ofreci\u00f3 su apoyo a Rosales para que siga efectuando su trabajo de ense\u00f1anza deportiva con las personas con discapacidad, trabajo que desempe\u00f1a de manera incansable. Esto para el alcalde representan un est\u00edmulo para seguir trabajando con esfuerzo y pasi\u00f3n, adem\u00e1s de ser ejemplo para las nuevas generaciones.<\/p>\n\n\n\n<figure class=\"wp-block-gallery has-nested-images columns-default is-cropped wp-block-gallery-3 is-layout-flex wp-block-gallery-is-layout-flex\">\n<figure class=\"wp-block-image size-large\"><img loading=\"lazy\" decoding=\"async\" width=\"1024\" height=\"768\" data-id=\"14412\" src=\"https:\/\/alcaldiaalbertoadriani.com\/wp-content\/uploads\/2026\/01\/photo_5109808865519274962_y-1024x768.jpg\" alt=\"\" class=\"wp-image-14412\" srcset=\"https:\/\/alcaldiaalbertoadriani.com\/wp-content\/uploads\/2026\/01\/photo_5109808865519274962_y-1024x768.jpg 1024w, https:\/\/alcaldiaalbertoadriani.com\/wp-content\/uploads\/2026\/01\/photo_5109808865519274962_y-980x735.jpg 980w, https:\/\/alcaldiaalbertoadriani.com\/wp-content\/uploads\/2026\/01\/photo_5109808865519274962_y-480x360.jpg 480w\" sizes=\"auto, (min-width: 0px) and (max-width: 480px) 480px, (min-width: 481px) and (max-width: 980px) 980px, (min-width: 981px) 1024px, 100vw\" \/><\/figure>\n<\/figure>\n\n\n\n<p>Con esta actividad, la gesti\u00f3n municipal reafirma su compromiso de seguir apoyando el desarrollo deportivo en el municipio Alberto Adriani, impulsando iniciativas que fomenten la pr\u00e1ctica del deporte, el sano esparcimiento y la formaci\u00f3n de ciudadanos \u00edntegros y convencidos que es una herramienta clave para el bienestar y progreso de las comunidades. <strong><em>Prensa Alcald\u00eda Alberto Adriani \/Tahiry Villalobos, CNP: 23.225, Fotos: Karla M\u00e1rquez.<\/em><\/strong><\/p>\n\n\n\n<figure class=\"wp-block-gallery has-nested-images columns-default is-cropped wp-block-gallery-4 is-layout-flex wp-block-gallery-is-layout-flex\">\n<figure class=\"wp-block-image size-large\"><img loading=\"lazy\" decoding=\"async\" width=\"1024\" height=\"768\" data-id=\"14413\" src=\"https:\/\/alcaldiaalbertoadriani.com\/wp-content\/uploads\/2026\/01\/photo_5109820590779993551_y-1024x768.jpg\" alt=\"\" class=\"wp-image-14413\" srcset=\"https:\/\/alcaldiaalbertoadriani.com\/wp-content\/uploads\/2026\/01\/photo_5109820590779993551_y-1024x768.jpg 1024w, https:\/\/alcaldiaalbertoadriani.com\/wp-content\/uploads\/2026\/01\/photo_5109820590779993551_y-980x735.jpg 980w, https:\/\/alcaldiaalbertoadriani.com\/wp-content\/uploads\/2026\/01\/photo_5109820590779993551_y-480x360.jpg 480w\" sizes=\"auto, (min-width: 0px) and (max-width: 480px) 480px, (min-width: 481px) and (max-width: 980px) 980px, (min-width: 981px) 1024px, 100vw\" \/><\/figure>\n\n\n\n<figure class=\"wp-block-image size-large\"><img loading=\"lazy\" decoding=\"async\" width=\"1024\" height=\"768\" data-id=\"14415\" src=\"https:\/\/alcaldiaalbertoadriani.com\/wp-content\/uploads\/2026\/01\/photo_5109820590779993552_y-1024x768.jpg\" alt=\"\" class=\"wp-image-14415\" srcset=\"https:\/\/alcaldiaalbertoadriani.com\/wp-content\/uploads\/2026\/01\/photo_5109820590779993552_y-1024x768.jpg 1024w, https:\/\/alcaldiaalbertoadriani.com\/wp-content\/uploads\/2026\/01\/photo_5109820590779993552_y-980x735.jpg 980w, https:\/\/alcaldiaalbertoadriani.com\/wp-content\/uploads\/2026\/01\/photo_5109820590779993552_y-480x360.jpg 480w\" sizes=\"auto, (min-width: 0px) and (max-width: 480px) 480px, (min-width: 481px) and (max-width: 980px) 980px, (min-width: 981px) 1024px, 100vw\" \/><\/figure>\n\n\n\n<figure class=\"wp-block-image size-large\"><img loading=\"lazy\" decoding=\"async\" width=\"1024\" height=\"768\" data-id=\"14414\" src=\"https:\/\/alcaldiaalbertoadriani.com\/wp-content\/uploads\/2026\/01\/photo_5109808865519274966_y-1024x768.jpg\" alt=\"\" class=\"wp-image-14414\" srcset=\"https:\/\/alcaldiaalbertoadriani.com\/wp-content\/uploads\/2026\/01\/photo_5109808865519274966_y-1024x768.jpg 1024w, https:\/\/alcaldiaalbertoadriani.com\/wp-content\/uploads\/2026\/01\/photo_5109808865519274966_y-980x735.jpg 980w, https:\/\/alcaldiaalbertoadriani.com\/wp-content\/uploads\/2026\/01\/photo_5109808865519274966_y-480x360.jpg 480w\" sizes=\"auto, (min-width: 0px) and (max-width: 480px) 480px, (min-width: 481px) and (max-width: 980px) 980px, (min-width: 981px) 1024px, 100vw\" \/><\/figure>\n<\/figure>\n","protected":false},"excerpt":{"rendered":"<p>La Alcald\u00eda del Municipio Alberto Adriani a trav\u00e9s del Instituto Municipal del Deporte y Recreaci\u00f3n (IMDRAA), celebr\u00f3 el D\u00eda del Deporte con una misa en acci\u00f3n de gracias, actividad eclesi\u00e1stica [&hellip;]<\/p>\n","protected":false},"author":2,"featured_media":14409,"comment_status":"open","ping_status":"closed","sticky":false,"template":"","format":"standard","meta":{"_et_pb_use_builder":"off","_et_pb_old_content":"","_et_gb_content_width":"","footnotes":""},"categories":[341,61,50,895,25],"tags":[31,11,12,15,761,29,28],"class_list":["post-14408","post","type-post","status-publish","format-standard","has-post-thumbnail","hentry","category-alcaldia-alberto-adriani","category-deportes","category-imdraa","category-misa-de-accion-de-gracias","category-nuestro-municipio","tag-alcalde","tag-alcaldia","tag-alcaldiaalbertoadriani","tag-elvigia","tag-encrucijadadeprogreso","tag-municipioquenosmerecemos","tag-porelrenacer"],"yoast_head":"<!-- This site is optimized with the Yoast SEO plugin v19.13 - https:\/\/yoast.com\/wordpress\/plugins\/seo\/ -->\n<title>Alcald\u00eda de Alberto Adriani conmemor\u00f3 el D\u00eda del Deporte con misa<\/title>\n<meta name=\"description\" content=\"Alcald\u00eda de Alberto Adriani conmemor\u00f3 el D\u00eda del Deporte con misa, actividad eclesi\u00e1stica donde se pudo reconocer el esfuerzo, la disciplina\" \/>\n<meta name=\"robots\" content=\"index, follow, max-snippet:-1, max-image-preview:large, max-video-preview:-1\" \/>\n<link rel=\"canonical\" href=\"https:\/\/alcaldiaalbertoadriani.com\/?p=14408\" \/>\n<meta property=\"og:locale\" content=\"es_ES\" \/>\n<meta property=\"og:type\" content=\"article\" \/>\n<meta property=\"og:title\" content=\"Alcald\u00eda de Alberto Adriani conmemor\u00f3 el D\u00eda del Deporte con misa\" \/>\n<meta property=\"og:description\" content=\"Alcald\u00eda de Alberto Adriani conmemor\u00f3 el D\u00eda del Deporte con misa, actividad eclesi\u00e1stica donde se pudo reconocer el esfuerzo, la disciplina\" \/>\n<meta property=\"og:url\" content=\"https:\/\/alcaldiaalbertoadriani.com\/?p=14408\" \/>\n<meta property=\"og:site_name\" content=\"Alcaldia Alberto Adriani\" \/>\n<meta property=\"article:published_time\" content=\"2026-01-07T13:10:55+00:00\" \/>\n<meta property=\"article:modified_time\" content=\"2026-01-07T13:10:59+00:00\" \/>\n<meta property=\"og:image\" content=\"https:\/\/alcaldiaalbertoadriani.com\/wp-content\/uploads\/2026\/01\/photo_5109808865519274960_y.jpg\" \/>\n\t<meta property=\"og:image:width\" content=\"1280\" \/>\n\t<meta property=\"og:image:height\" content=\"960\" \/>\n\t<meta property=\"og:image:type\" content=\"image\/jpeg\" \/>\n<meta name=\"author\" content=\"Prensa\" \/>\n<meta name=\"twitter:card\" content=\"summary_large_image\" \/>\n<meta name=\"twitter:label1\" content=\"Escrito por\" \/>\n\t<meta name=\"twitter:data1\" content=\"Prensa\" \/>\n\t<meta name=\"twitter:label2\" content=\"Tiempo de lectura\" \/>\n\t<meta name=\"twitter:data2\" content=\"4 minutos\" \/>\n<script type=\"application\/ld+json\" class=\"yoast-schema-graph\">{\"@context\":\"https:\/\/schema.org\",\"@graph\":[{\"@type\":\"WebPage\",\"@id\":\"https:\/\/alcaldiaalbertoadriani.com\/?p=14408\",\"url\":\"https:\/\/alcaldiaalbertoadriani.com\/?p=14408\",\"name\":\"Alcald\u00eda de Alberto Adriani conmemor\u00f3 el D\u00eda del Deporte con misa\",\"isPartOf\":{\"@id\":\"https:\/\/alcaldiaalbertoadriani.com\/#website\"},\"datePublished\":\"2026-01-07T13:10:55+00:00\",\"dateModified\":\"2026-01-07T13:10:59+00:00\",\"author\":{\"@id\":\"https:\/\/alcaldiaalbertoadriani.com\/#\/schema\/person\/549b4483ff8999ac780deeea78795fc9\"},\"description\":\"Alcald\u00eda de Alberto Adriani conmemor\u00f3 el D\u00eda del Deporte con misa, actividad eclesi\u00e1stica donde se pudo reconocer el esfuerzo, la disciplina\",\"breadcrumb\":{\"@id\":\"https:\/\/alcaldiaalbertoadriani.com\/?p=14408#breadcrumb\"},\"inLanguage\":\"es\",\"potentialAction\":[{\"@type\":\"ReadAction\",\"target\":[\"https:\/\/alcaldiaalbertoadriani.com\/?p=14408\"]}]},{\"@type\":\"BreadcrumbList\",\"@id\":\"https:\/\/alcaldiaalbertoadriani.com\/?p=14408#breadcrumb\",\"itemListElement\":[{\"@type\":\"ListItem\",\"position\":1,\"name\":\"Portada\",\"item\":\"https:\/\/alcaldiaalbertoadriani.com\/\"},{\"@type\":\"ListItem\",\"position\":2,\"name\":\"Alcald\u00eda de Alberto Adriani conmemor\u00f3 el D\u00eda del Deporte con misa\"}]},{\"@type\":\"WebSite\",\"@id\":\"https:\/\/alcaldiaalbertoadriani.com\/#website\",\"url\":\"https:\/\/alcaldiaalbertoadriani.com\/\",\"name\":\"Alcaldia Alberto Adriani\",\"description\":\"\",\"potentialAction\":[{\"@type\":\"SearchAction\",\"target\":{\"@type\":\"EntryPoint\",\"urlTemplate\":\"https:\/\/alcaldiaalbertoadriani.com\/?s={search_term_string}\"},\"query-input\":\"required name=search_term_string\"}],\"inLanguage\":\"es\"},{\"@type\":\"Person\",\"@id\":\"https:\/\/alcaldiaalbertoadriani.com\/#\/schema\/person\/549b4483ff8999ac780deeea78795fc9\",\"name\":\"Prensa\",\"image\":{\"@type\":\"ImageObject\",\"inLanguage\":\"es\",\"@id\":\"https:\/\/alcaldiaalbertoadriani.com\/#\/schema\/person\/image\/\",\"url\":\"https:\/\/secure.gravatar.com\/avatar\/ea1cb567ea992a29627f4eee1c2eb185ec16decec6342d508fdf18dedb56c9de?s=96&d=mm&r=g\",\"contentUrl\":\"https:\/\/secure.gravatar.com\/avatar\/ea1cb567ea992a29627f4eee1c2eb185ec16decec6342d508fdf18dedb56c9de?s=96&d=mm&r=g\",\"caption\":\"Prensa\"},\"url\":\"https:\/\/alcaldiaalbertoadriani.com\/?author=2\"}]}<\/script>\n<!-- \/ Yoast SEO plugin. -->","yoast_head_json":{"title":"Alcald\u00eda de Alberto Adriani conmemor\u00f3 el D\u00eda del Deporte con misa","description":"Alcald\u00eda de Alberto Adriani conmemor\u00f3 el D\u00eda del Deporte con misa, actividad eclesi\u00e1stica donde se pudo reconocer el esfuerzo, la disciplina","robots":{"index":"index","follow":"follow","max-snippet":"max-snippet:-1","max-image-preview":"max-image-preview:large","max-video-preview":"max-video-preview:-1"},"canonical":"https:\/\/alcaldiaalbertoadriani.com\/?p=14408","og_locale":"es_ES","og_type":"article","og_title":"Alcald\u00eda de Alberto Adriani conmemor\u00f3 el D\u00eda del Deporte con misa","og_description":"Alcald\u00eda de Alberto Adriani conmemor\u00f3 el D\u00eda del Deporte con misa, actividad eclesi\u00e1stica donde se pudo reconocer el esfuerzo, la disciplina","og_url":"https:\/\/alcaldiaalbertoadriani.com\/?p=14408","og_site_name":"Alcaldia Alberto Adriani","article_published_time":"2026-01-07T13:10:55+00:00","article_modified_time":"2026-01-07T13:10:59+00:00","og_image":[{"width":1280,"height":960,"url":"https:\/\/alcaldiaalbertoadriani.com\/wp-content\/uploads\/2026\/01\/photo_5109808865519274960_y.jpg","type":"image\/jpeg"}],"author":"Prensa","twitter_card":"summary_large_image","twitter_misc":{"Escrito por":"Prensa","Tiempo de lectura":"4 minutos"},"schema":{"@context":"https:\/\/schema.org","@graph":[{"@type":"WebPage","@id":"https:\/\/alcaldiaalbertoadriani.com\/?p=14408","url":"https:\/\/alcaldiaalbertoadriani.com\/?p=14408","name":"Alcald\u00eda de Alberto Adriani conmemor\u00f3 el D\u00eda del Deporte con misa","isPartOf":{"@id":"https:\/\/alcaldiaalbertoadriani.com\/#website"},"datePublished":"2026-01-07T13:10:55+00:00","dateModified":"2026-01-07T13:10:59+00:00","author":{"@id":"https:\/\/alcaldiaalbertoadriani.com\/#\/schema\/person\/549b4483ff8999ac780deeea78795fc9"},"description":"Alcald\u00eda de Alberto Adriani conmemor\u00f3 el D\u00eda del Deporte con misa, actividad eclesi\u00e1stica donde se pudo reconocer el esfuerzo, la disciplina","breadcrumb":{"@id":"https:\/\/alcaldiaalbertoadriani.com\/?p=14408#breadcrumb"},"inLanguage":"es","potentialAction":[{"@type":"ReadAction","target":["https:\/\/alcaldiaalbertoadriani.com\/?p=14408"]}]},{"@type":"BreadcrumbList","@id":"https:\/\/alcaldiaalbertoadriani.com\/?p=14408#breadcrumb","itemListElement":[{"@type":"ListItem","position":1,"name":"Portada","item":"https:\/\/alcaldiaalbertoadriani.com\/"},{"@type":"ListItem","position":2,"name":"Alcald\u00eda de Alberto Adriani conmemor\u00f3 el D\u00eda del Deporte con misa"}]},{"@type":"WebSite","@id":"https:\/\/alcaldiaalbertoadriani.com\/#website","url":"https:\/\/alcaldiaalbertoadriani.com\/","name":"Alcaldia Alberto Adriani","description":"","potentialAction":[{"@type":"SearchAction","target":{"@type":"EntryPoint","urlTemplate":"https:\/\/alcaldiaalbertoadriani.com\/?s={search_term_string}"},"query-input":"required name=search_term_string"}],"inLanguage":"es"},{"@type":"Person","@id":"https:\/\/alcaldiaalbertoadriani.com\/#\/schema\/person\/549b4483ff8999ac780deeea78795fc9","name":"Prensa","image":{"@type":"ImageObject","inLanguage":"es","@id":"https:\/\/alcaldiaalbertoadriani.com\/#\/schema\/person\/image\/","url":"https:\/\/secure.gravatar.com\/avatar\/ea1cb567ea992a29627f4eee1c2eb185ec16decec6342d508fdf18dedb56c9de?s=96&d=mm&r=g","contentUrl":"https:\/\/secure.gravatar.com\/avatar\/ea1cb567ea992a29627f4eee1c2eb185ec16decec6342d508fdf18dedb56c9de?s=96&d=mm&r=g","caption":"Prensa"},"url":"https:\/\/alcaldiaalbertoadriani.com\/?author=2"}]}},"_links":{"self":[{"href":"https:\/\/alcaldiaalbertoadriani.com\/index.php?rest_route=\/wp\/v2\/posts\/14408","targetHints":{"allow":["GET"]}}],"collection":[{"href":"https:\/\/alcaldiaalbertoadriani.com\/index.php?rest_route=\/wp\/v2\/posts"}],"about":[{"href":"https:\/\/alcaldiaalbertoadriani.com\/index.php?rest_route=\/wp\/v2\/types\/post"}],"author":[{"embeddable":true,"href":"https:\/\/alcaldiaalbertoadriani.com\/index.php?rest_route=\/wp\/v2\/users\/2"}],"replies":[{"embeddable":true,"href":"https:\/\/alcaldiaalbertoadriani.com\/index.php?rest_route=%2Fwp%2Fv2%2Fcomments&post=14408"}],"version-history":[{"count":1,"href":"https:\/\/alcaldiaalbertoadriani.com\/index.php?rest_route=\/wp\/v2\/posts\/14408\/revisions"}],"predecessor-version":[{"id":14416,"href":"https:\/\/alcaldiaalbertoadriani.com\/index.php?rest_route=\/wp\/v2\/posts\/14408\/revisions\/14416"}],"wp:featuredmedia":[{"embeddable":true,"href":"https:\/\/alcaldiaalbertoadriani.com\/index.php?rest_route=\/wp\/v2\/media\/14409"}],"wp:attachment":[{"href":"https:\/\/alcaldiaalbertoadriani.com\/index.php?rest_route=%2Fwp%2Fv2%2Fmedia&parent=14408"}],"wp:term":[{"taxonomy":"category","embeddable":true,"href":"https:\/\/alcaldiaalbertoadriani.com\/index.php?rest_route=%2Fwp%2Fv2%2Fcategories&post=14408"},{"taxonomy":"post_tag","embeddable":true,"href":"https:\/\/alcaldiaalbertoadriani.com\/index.php?rest_route=%2Fwp%2Fv2%2Ftags&post=14408"}],"curies":[{"name":"wp","href":"https:\/\/api.w.org\/{rel}","templated":true}]}}