{"id":14390,"date":"2026-01-06T18:52:08","date_gmt":"2026-01-06T18:52:08","guid":{"rendered":"https:\/\/alcaldiaalbertoadriani.com\/?p=14390"},"modified":"2026-01-06T18:52:14","modified_gmt":"2026-01-06T18:52:14","slug":"gobierno-de-lisandro-segura-optimizo-el-alumbrado-publico","status":"publish","type":"post","link":"https:\/\/alcaldiaalbertoadriani.com\/?p=14390","title":{"rendered":"Gobierno de Lisandro Segura optimiz\u00f3 el alumbrado p\u00fablico con diversos trabajos en el 2025"},"content":{"rendered":"\n<p>El gobierno de <a href=\"https:\/\/www.instagram.com\/lisandrosegura02\/\">Lisandro Segura<\/a> optimiz\u00f3 el servicio de <a href=\"https:\/\/alcaldiaalbertoadriani.com\/?tag=alcaldia-reparo-alumbrado-publico\">alumbrado p\u00fablico<\/a> con diversos trabajos durante el 2025 en las siete parroquias del municipio Alberto Adriani.<\/p>\n\n\n\n<!--more-->\n\n\n\n<p>C\u00e9sar Soto, jefe de Alumbrado P\u00fablico de la <a href=\"https:\/\/alcaldiaalbertoadriani.com\/?tag=gipul-realiza-trabajos-para-corregir-fugas-de-agua-en-el-vigia\">Gipul<\/a> ofreci\u00f3 detalles sobre los trabajos desarrollados en materia de electrificaci\u00f3n y alumbrado p\u00fablico.<\/p>\n\n\n\n<p>&#8220;Bajo las orientaciones de nuestro alcalde <a href=\"https:\/\/www.instagram.com\/lisandrosegura02\/\">Lisandro Segura<\/a>, logramos ejecutar varios trabajos que incluy\u00f3 la sustituci\u00f3n de luminarias y fotoceldas, as\u00ed como el mejoramiento del tendido de baja tensi\u00f3n en sectores como El Cimiento y El Trompillo&#8221;, explic\u00f3.<\/p>\n\n\n\n<figure class=\"wp-block-gallery has-nested-images columns-default is-cropped wp-block-gallery-1 is-layout-flex wp-block-gallery-is-layout-flex\">\n<figure class=\"wp-block-image size-large\"><img loading=\"lazy\" decoding=\"async\" width=\"1024\" height=\"768\" data-id=\"14392\" src=\"https:\/\/alcaldiaalbertoadriani.com\/wp-content\/uploads\/2026\/01\/photo_5091413649439525813_y-1024x768.jpg\" alt=\"\" class=\"wp-image-14392\" srcset=\"https:\/\/alcaldiaalbertoadriani.com\/wp-content\/uploads\/2026\/01\/photo_5091413649439525813_y-1024x768.jpg 1024w, https:\/\/alcaldiaalbertoadriani.com\/wp-content\/uploads\/2026\/01\/photo_5091413649439525813_y-980x735.jpg 980w, https:\/\/alcaldiaalbertoadriani.com\/wp-content\/uploads\/2026\/01\/photo_5091413649439525813_y-480x360.jpg 480w\" sizes=\"auto, (min-width: 0px) and (max-width: 480px) 480px, (min-width: 481px) and (max-width: 980px) 980px, (min-width: 981px) 1024px, 100vw\" \/><\/figure>\n<\/figure>\n\n\n\n<p>De igual modo, la dotaci\u00f3n de dos transformadores en los sectores El Renacer y 4 de Febrero, adem\u00e1s de la instalaci\u00f3n de un generador de 30 KVA en el Edificio Renacer. Mantenimiento de pozos de agua profunda mediante el suministro de motor y bomba sumergible en el Km. 15, junto a la instalaci\u00f3n del sistema de protecci\u00f3n en el tablero el\u00e9ctrico del sector 16 de Julio, as\u00ed como el mejoramiento del sistema de potencia en la comunidad de Ca\u00f1o Blanco alto v\u00eda a La Meseta.<\/p>\n\n\n\n<p>Adicionalmente, se acondicion\u00f3 el alumbrado p\u00fablico en el per\u00edmetro de la iglesia San Jos\u00e9 de la Blanca, las luminarias internas del gimnasio Morochito Rodr\u00edguez, como tambi\u00e9n el alumbrado interno y externo de la manga de coleo.<\/p>\n\n\n\n<h2 class=\"wp-block-heading\"><strong><em>Instalaci\u00f3n de Luminarias<\/em><\/strong><\/h2>\n\n\n\n<p>Soto tambi\u00e9n destac\u00f3 la instalaci\u00f3n y remplazo de luminarias de 200 VATIOS en las avenidas Bol\u00edvar y 15 del municipio, igualmente, el acondicionamiento del alumbrado p\u00fablico en las comunidades del Km. 15, Urbanizaci\u00f3n Buenos Aires; casco central de La Palmita; Quebrada Blanca parte baja; Los Pozones en el sector 19 de abril; Boulevard de la P\u00e1ez y Mucujepe.<\/p>\n\n\n\n<figure class=\"wp-block-gallery has-nested-images columns-default is-cropped wp-block-gallery-2 is-layout-flex wp-block-gallery-is-layout-flex\">\n<figure class=\"wp-block-image size-large\"><img loading=\"lazy\" decoding=\"async\" width=\"1024\" height=\"460\" data-id=\"14393\" src=\"https:\/\/alcaldiaalbertoadriani.com\/wp-content\/uploads\/2026\/01\/photo_5091413649439525815_w-1024x460.jpg\" alt=\"\" class=\"wp-image-14393\" srcset=\"https:\/\/alcaldiaalbertoadriani.com\/wp-content\/uploads\/2026\/01\/photo_5091413649439525815_w-980x441.jpg 980w, https:\/\/alcaldiaalbertoadriani.com\/wp-content\/uploads\/2026\/01\/photo_5091413649439525815_w-480x216.jpg 480w\" sizes=\"auto, (min-width: 0px) and (max-width: 480px) 480px, (min-width: 481px) and (max-width: 980px) 980px, (min-width: 981px) 1024px, 100vw\" \/><\/figure>\n<\/figure>\n\n\n\n<p>Adem\u00e1s, se realiz\u00f3 la instalaci\u00f3n y mejoramiento del alumbrado interno de las Plazas Alberto Adriani y Bol\u00edvar del sector12 de octubre.<\/p>\n\n\n\n<p>Es importante rese\u00f1ar, el avance desde el \u00e1mbito el\u00e9ctrico con la instalaci\u00f3n de acometida para el cuarto de m\u00e1quina de bombeo de la piscina del Parque La Guacamaya.<\/p>\n\n\n\n<p>Para el cierre del periodo, Alumbrado P\u00fablico garantiz\u00f3 el ambiente navide\u00f1o en las avenidas Bol\u00edvar, la 15 y en la Plaza Bol\u00edvar de El Vig\u00eda con la instalaci\u00f3n de los adornos navide\u00f1os. <strong><em>Prensa Alcald\u00eda Alberto Adriani\/ Claribel Zambrano\/ CNP: 11.843\/ Fotos: Prensa AAA.<\/em><\/strong><\/p>\n\n\n\n<figure class=\"wp-block-gallery has-nested-images columns-default is-cropped wp-block-gallery-3 is-layout-flex wp-block-gallery-is-layout-flex\">\n<figure class=\"wp-block-image size-large\"><img loading=\"lazy\" decoding=\"async\" width=\"1024\" height=\"768\" data-id=\"14395\" src=\"https:\/\/alcaldiaalbertoadriani.com\/wp-content\/uploads\/2026\/01\/photo_5091413649439525816_y-1024x768.jpg\" alt=\"\" class=\"wp-image-14395\" srcset=\"https:\/\/alcaldiaalbertoadriani.com\/wp-content\/uploads\/2026\/01\/photo_5091413649439525816_y-1024x768.jpg 1024w, https:\/\/alcaldiaalbertoadriani.com\/wp-content\/uploads\/2026\/01\/photo_5091413649439525816_y-980x735.jpg 980w, https:\/\/alcaldiaalbertoadriani.com\/wp-content\/uploads\/2026\/01\/photo_5091413649439525816_y-480x360.jpg 480w\" sizes=\"auto, (min-width: 0px) and (max-width: 480px) 480px, (min-width: 481px) and (max-width: 980px) 980px, (min-width: 981px) 1024px, 100vw\" \/><\/figure>\n\n\n\n<figure class=\"wp-block-image size-large\"><img loading=\"lazy\" decoding=\"async\" width=\"1024\" height=\"768\" data-id=\"14396\" src=\"https:\/\/alcaldiaalbertoadriani.com\/wp-content\/uploads\/2026\/01\/photo_5104915089587899556_y-1024x768.jpg\" alt=\"\" class=\"wp-image-14396\" srcset=\"https:\/\/alcaldiaalbertoadriani.com\/wp-content\/uploads\/2026\/01\/photo_5104915089587899556_y-1024x768.jpg 1024w, https:\/\/alcaldiaalbertoadriani.com\/wp-content\/uploads\/2026\/01\/photo_5104915089587899556_y-980x735.jpg 980w, https:\/\/alcaldiaalbertoadriani.com\/wp-content\/uploads\/2026\/01\/photo_5104915089587899556_y-480x360.jpg 480w\" sizes=\"auto, (min-width: 0px) and (max-width: 480px) 480px, (min-width: 481px) and (max-width: 980px) 980px, (min-width: 981px) 1024px, 100vw\" \/><\/figure>\n\n\n\n<figure class=\"wp-block-image size-large\"><img loading=\"lazy\" decoding=\"async\" width=\"1024\" height=\"768\" data-id=\"14397\" src=\"https:\/\/alcaldiaalbertoadriani.com\/wp-content\/uploads\/2026\/01\/photo_5091413649439525811_y-1024x768.jpg\" alt=\"\" class=\"wp-image-14397\" srcset=\"https:\/\/alcaldiaalbertoadriani.com\/wp-content\/uploads\/2026\/01\/photo_5091413649439525811_y-1024x768.jpg 1024w, https:\/\/alcaldiaalbertoadriani.com\/wp-content\/uploads\/2026\/01\/photo_5091413649439525811_y-980x735.jpg 980w, https:\/\/alcaldiaalbertoadriani.com\/wp-content\/uploads\/2026\/01\/photo_5091413649439525811_y-480x360.jpg 480w\" sizes=\"auto, (min-width: 0px) and (max-width: 480px) 480px, (min-width: 481px) and (max-width: 980px) 980px, (min-width: 981px) 1024px, 100vw\" \/><\/figure>\n\n\n\n<figure class=\"wp-block-image size-large\"><img loading=\"lazy\" decoding=\"async\" width=\"1024\" height=\"768\" data-id=\"14394\" src=\"https:\/\/alcaldiaalbertoadriani.com\/wp-content\/uploads\/2026\/01\/photo_5091413649439525812_y-1024x768.jpg\" alt=\"\" class=\"wp-image-14394\" srcset=\"https:\/\/alcaldiaalbertoadriani.com\/wp-content\/uploads\/2026\/01\/photo_5091413649439525812_y-1024x768.jpg 1024w, https:\/\/alcaldiaalbertoadriani.com\/wp-content\/uploads\/2026\/01\/photo_5091413649439525812_y-980x735.jpg 980w, https:\/\/alcaldiaalbertoadriani.com\/wp-content\/uploads\/2026\/01\/photo_5091413649439525812_y-480x360.jpg 480w\" sizes=\"auto, (min-width: 0px) and (max-width: 480px) 480px, (min-width: 481px) and (max-width: 980px) 980px, (min-width: 981px) 1024px, 100vw\" \/><\/figure>\n<\/figure>\n","protected":false},"excerpt":{"rendered":"<p>El gobierno de Lisandro Segura optimiz\u00f3 el servicio de alumbrado p\u00fablico con diversos trabajos durante el 2025 en las siete parroquias del municipio Alberto Adriani.<\/p>\n","protected":false},"author":2,"featured_media":14391,"comment_status":"open","ping_status":"closed","sticky":false,"template":"","format":"standard","meta":{"_et_pb_use_builder":"off","_et_pb_old_content":"","_et_gb_content_width":"","footnotes":""},"categories":[341,197,25],"tags":[31,11,12,15,761,30,29,28],"class_list":["post-14390","post","type-post","status-publish","format-standard","has-post-thumbnail","hentry","category-alcaldia-alberto-adriani","category-gipul","category-nuestro-municipio","tag-alcalde","tag-alcaldia","tag-alcaldiaalbertoadriani","tag-elvigia","tag-encrucijadadeprogreso","tag-lisandrosegura","tag-municipioquenosmerecemos","tag-porelrenacer"],"yoast_head":"<!-- This site is optimized with the Yoast SEO plugin v19.13 - https:\/\/yoast.com\/wordpress\/plugins\/seo\/ -->\n<title>Gobierno de Lisandro Segura optimiz\u00f3 el alumbrado p\u00fablico<\/title>\n<meta name=\"description\" content=\"Gobierno de Lisandro Segura optimiz\u00f3 el alumbrado p\u00fablico con diversos trabajos en el 2025 parroquias del municipio Alberto Adriani.\" \/>\n<meta name=\"robots\" content=\"index, follow, max-snippet:-1, max-image-preview:large, max-video-preview:-1\" \/>\n<link rel=\"canonical\" href=\"https:\/\/alcaldiaalbertoadriani.com\/?p=14390\" \/>\n<meta property=\"og:locale\" content=\"es_ES\" \/>\n<meta property=\"og:type\" content=\"article\" \/>\n<meta property=\"og:title\" content=\"Gobierno de Lisandro Segura optimiz\u00f3 el alumbrado p\u00fablico\" \/>\n<meta property=\"og:description\" content=\"Gobierno de Lisandro Segura optimiz\u00f3 el alumbrado p\u00fablico con diversos trabajos en el 2025 parroquias del municipio Alberto Adriani.\" \/>\n<meta property=\"og:url\" content=\"https:\/\/alcaldiaalbertoadriani.com\/?p=14390\" \/>\n<meta property=\"og:site_name\" content=\"Alcaldia Alberto Adriani\" \/>\n<meta property=\"article:published_time\" content=\"2026-01-06T18:52:08+00:00\" \/>\n<meta property=\"article:modified_time\" content=\"2026-01-06T18:52:14+00:00\" \/>\n<meta property=\"og:image\" content=\"https:\/\/alcaldiaalbertoadriani.com\/wp-content\/uploads\/2026\/01\/photo_5091413649439525814_y.jpg\" \/>\n\t<meta property=\"og:image:width\" content=\"1280\" \/>\n\t<meta property=\"og:image:height\" content=\"960\" \/>\n\t<meta property=\"og:image:type\" content=\"image\/jpeg\" \/>\n<meta name=\"author\" content=\"Prensa\" \/>\n<meta name=\"twitter:card\" content=\"summary_large_image\" \/>\n<meta name=\"twitter:label1\" content=\"Escrito por\" \/>\n\t<meta name=\"twitter:data1\" content=\"Prensa\" \/>\n\t<meta name=\"twitter:label2\" content=\"Tiempo de lectura\" \/>\n\t<meta name=\"twitter:data2\" content=\"3 minutos\" \/>\n<script type=\"application\/ld+json\" class=\"yoast-schema-graph\">{\"@context\":\"https:\/\/schema.org\",\"@graph\":[{\"@type\":\"WebPage\",\"@id\":\"https:\/\/alcaldiaalbertoadriani.com\/?p=14390\",\"url\":\"https:\/\/alcaldiaalbertoadriani.com\/?p=14390\",\"name\":\"Gobierno de Lisandro Segura optimiz\u00f3 el alumbrado p\u00fablico\",\"isPartOf\":{\"@id\":\"https:\/\/alcaldiaalbertoadriani.com\/#website\"},\"datePublished\":\"2026-01-06T18:52:08+00:00\",\"dateModified\":\"2026-01-06T18:52:14+00:00\",\"author\":{\"@id\":\"https:\/\/alcaldiaalbertoadriani.com\/#\/schema\/person\/549b4483ff8999ac780deeea78795fc9\"},\"description\":\"Gobierno de Lisandro Segura optimiz\u00f3 el alumbrado p\u00fablico con diversos trabajos en el 2025 parroquias del municipio Alberto Adriani.\",\"breadcrumb\":{\"@id\":\"https:\/\/alcaldiaalbertoadriani.com\/?p=14390#breadcrumb\"},\"inLanguage\":\"es\",\"potentialAction\":[{\"@type\":\"ReadAction\",\"target\":[\"https:\/\/alcaldiaalbertoadriani.com\/?p=14390\"]}]},{\"@type\":\"BreadcrumbList\",\"@id\":\"https:\/\/alcaldiaalbertoadriani.com\/?p=14390#breadcrumb\",\"itemListElement\":[{\"@type\":\"ListItem\",\"position\":1,\"name\":\"Portada\",\"item\":\"https:\/\/alcaldiaalbertoadriani.com\/\"},{\"@type\":\"ListItem\",\"position\":2,\"name\":\"Gobierno de Lisandro Segura optimiz\u00f3 el alumbrado p\u00fablico con diversos trabajos en el 2025\"}]},{\"@type\":\"WebSite\",\"@id\":\"https:\/\/alcaldiaalbertoadriani.com\/#website\",\"url\":\"https:\/\/alcaldiaalbertoadriani.com\/\",\"name\":\"Alcaldia Alberto Adriani\",\"description\":\"\",\"potentialAction\":[{\"@type\":\"SearchAction\",\"target\":{\"@type\":\"EntryPoint\",\"urlTemplate\":\"https:\/\/alcaldiaalbertoadriani.com\/?s={search_term_string}\"},\"query-input\":\"required name=search_term_string\"}],\"inLanguage\":\"es\"},{\"@type\":\"Person\",\"@id\":\"https:\/\/alcaldiaalbertoadriani.com\/#\/schema\/person\/549b4483ff8999ac780deeea78795fc9\",\"name\":\"Prensa\",\"image\":{\"@type\":\"ImageObject\",\"inLanguage\":\"es\",\"@id\":\"https:\/\/alcaldiaalbertoadriani.com\/#\/schema\/person\/image\/\",\"url\":\"https:\/\/secure.gravatar.com\/avatar\/ea1cb567ea992a29627f4eee1c2eb185ec16decec6342d508fdf18dedb56c9de?s=96&d=mm&r=g\",\"contentUrl\":\"https:\/\/secure.gravatar.com\/avatar\/ea1cb567ea992a29627f4eee1c2eb185ec16decec6342d508fdf18dedb56c9de?s=96&d=mm&r=g\",\"caption\":\"Prensa\"},\"url\":\"https:\/\/alcaldiaalbertoadriani.com\/?author=2\"}]}<\/script>\n<!-- \/ Yoast SEO plugin. -->","yoast_head_json":{"title":"Gobierno de Lisandro Segura optimiz\u00f3 el alumbrado p\u00fablico","description":"Gobierno de Lisandro Segura optimiz\u00f3 el alumbrado p\u00fablico con diversos trabajos en el 2025 parroquias del municipio Alberto Adriani.","robots":{"index":"index","follow":"follow","max-snippet":"max-snippet:-1","max-image-preview":"max-image-preview:large","max-video-preview":"max-video-preview:-1"},"canonical":"https:\/\/alcaldiaalbertoadriani.com\/?p=14390","og_locale":"es_ES","og_type":"article","og_title":"Gobierno de Lisandro Segura optimiz\u00f3 el alumbrado p\u00fablico","og_description":"Gobierno de Lisandro Segura optimiz\u00f3 el alumbrado p\u00fablico con diversos trabajos en el 2025 parroquias del municipio Alberto Adriani.","og_url":"https:\/\/alcaldiaalbertoadriani.com\/?p=14390","og_site_name":"Alcaldia Alberto Adriani","article_published_time":"2026-01-06T18:52:08+00:00","article_modified_time":"2026-01-06T18:52:14+00:00","og_image":[{"width":1280,"height":960,"url":"https:\/\/alcaldiaalbertoadriani.com\/wp-content\/uploads\/2026\/01\/photo_5091413649439525814_y.jpg","type":"image\/jpeg"}],"author":"Prensa","twitter_card":"summary_large_image","twitter_misc":{"Escrito por":"Prensa","Tiempo de lectura":"3 minutos"},"schema":{"@context":"https:\/\/schema.org","@graph":[{"@type":"WebPage","@id":"https:\/\/alcaldiaalbertoadriani.com\/?p=14390","url":"https:\/\/alcaldiaalbertoadriani.com\/?p=14390","name":"Gobierno de Lisandro Segura optimiz\u00f3 el alumbrado p\u00fablico","isPartOf":{"@id":"https:\/\/alcaldiaalbertoadriani.com\/#website"},"datePublished":"2026-01-06T18:52:08+00:00","dateModified":"2026-01-06T18:52:14+00:00","author":{"@id":"https:\/\/alcaldiaalbertoadriani.com\/#\/schema\/person\/549b4483ff8999ac780deeea78795fc9"},"description":"Gobierno de Lisandro Segura optimiz\u00f3 el alumbrado p\u00fablico con diversos trabajos en el 2025 parroquias del municipio Alberto Adriani.","breadcrumb":{"@id":"https:\/\/alcaldiaalbertoadriani.com\/?p=14390#breadcrumb"},"inLanguage":"es","potentialAction":[{"@type":"ReadAction","target":["https:\/\/alcaldiaalbertoadriani.com\/?p=14390"]}]},{"@type":"BreadcrumbList","@id":"https:\/\/alcaldiaalbertoadriani.com\/?p=14390#breadcrumb","itemListElement":[{"@type":"ListItem","position":1,"name":"Portada","item":"https:\/\/alcaldiaalbertoadriani.com\/"},{"@type":"ListItem","position":2,"name":"Gobierno de Lisandro Segura optimiz\u00f3 el alumbrado p\u00fablico con diversos trabajos en el 2025"}]},{"@type":"WebSite","@id":"https:\/\/alcaldiaalbertoadriani.com\/#website","url":"https:\/\/alcaldiaalbertoadriani.com\/","name":"Alcaldia Alberto Adriani","description":"","potentialAction":[{"@type":"SearchAction","target":{"@type":"EntryPoint","urlTemplate":"https:\/\/alcaldiaalbertoadriani.com\/?s={search_term_string}"},"query-input":"required name=search_term_string"}],"inLanguage":"es"},{"@type":"Person","@id":"https:\/\/alcaldiaalbertoadriani.com\/#\/schema\/person\/549b4483ff8999ac780deeea78795fc9","name":"Prensa","image":{"@type":"ImageObject","inLanguage":"es","@id":"https:\/\/alcaldiaalbertoadriani.com\/#\/schema\/person\/image\/","url":"https:\/\/secure.gravatar.com\/avatar\/ea1cb567ea992a29627f4eee1c2eb185ec16decec6342d508fdf18dedb56c9de?s=96&d=mm&r=g","contentUrl":"https:\/\/secure.gravatar.com\/avatar\/ea1cb567ea992a29627f4eee1c2eb185ec16decec6342d508fdf18dedb56c9de?s=96&d=mm&r=g","caption":"Prensa"},"url":"https:\/\/alcaldiaalbertoadriani.com\/?author=2"}]}},"_links":{"self":[{"href":"https:\/\/alcaldiaalbertoadriani.com\/index.php?rest_route=\/wp\/v2\/posts\/14390","targetHints":{"allow":["GET"]}}],"collection":[{"href":"https:\/\/alcaldiaalbertoadriani.com\/index.php?rest_route=\/wp\/v2\/posts"}],"about":[{"href":"https:\/\/alcaldiaalbertoadriani.com\/index.php?rest_route=\/wp\/v2\/types\/post"}],"author":[{"embeddable":true,"href":"https:\/\/alcaldiaalbertoadriani.com\/index.php?rest_route=\/wp\/v2\/users\/2"}],"replies":[{"embeddable":true,"href":"https:\/\/alcaldiaalbertoadriani.com\/index.php?rest_route=%2Fwp%2Fv2%2Fcomments&post=14390"}],"version-history":[{"count":1,"href":"https:\/\/alcaldiaalbertoadriani.com\/index.php?rest_route=\/wp\/v2\/posts\/14390\/revisions"}],"predecessor-version":[{"id":14398,"href":"https:\/\/alcaldiaalbertoadriani.com\/index.php?rest_route=\/wp\/v2\/posts\/14390\/revisions\/14398"}],"wp:featuredmedia":[{"embeddable":true,"href":"https:\/\/alcaldiaalbertoadriani.com\/index.php?rest_route=\/wp\/v2\/media\/14391"}],"wp:attachment":[{"href":"https:\/\/alcaldiaalbertoadriani.com\/index.php?rest_route=%2Fwp%2Fv2%2Fmedia&parent=14390"}],"wp:term":[{"taxonomy":"category","embeddable":true,"href":"https:\/\/alcaldiaalbertoadriani.com\/index.php?rest_route=%2Fwp%2Fv2%2Fcategories&post=14390"},{"taxonomy":"post_tag","embeddable":true,"href":"https:\/\/alcaldiaalbertoadriani.com\/index.php?rest_route=%2Fwp%2Fv2%2Ftags&post=14390"}],"curies":[{"name":"wp","href":"https:\/\/api.w.org\/{rel}","templated":true}]}}