{"id":14383,"date":"2026-01-06T15:53:14","date_gmt":"2026-01-06T15:53:14","guid":{"rendered":"https:\/\/alcaldiaalbertoadriani.com\/?p=14383"},"modified":"2026-01-06T15:53:20","modified_gmt":"2026-01-06T15:53:20","slug":"lisandro-segura-presento-balance-de-gestion-2025","status":"publish","type":"post","link":"https:\/\/alcaldiaalbertoadriani.com\/?p=14383","title":{"rendered":"Lisandro Segura present\u00f3 balance de gesti\u00f3n 2025 y reafirm\u00f3 su compromiso con los vigienses"},"content":{"rendered":"\n<p>En la \u00faltima emisi\u00f3n de su programa radial de este a\u00f1o, el alcalde del municipio Alberto Adriani, <a href=\"https:\/\/www.instagram.com\/lisandrosegura02\/\">Lisandro Segura<\/a>, realiz\u00f3 un balance de las acciones de gobierno del ejercicio fiscal 2025. El burgomaestre calific\u00f3 el per\u00edodo como &#8220;din\u00e1mico&#8221; y aprovech\u00f3 la ocasi\u00f3n para expresar su gratitud a la ciudadan\u00eda por el respaldo recibido en las elecciones, tras ser reelegido para un nuevo per\u00edodo constitucional.<\/p>\n\n\n\n<p>Durante su alocuci\u00f3n, Segura destac\u00f3 que su gesti\u00f3n se ha caracterizado en presentar resultados tangibles al pueblo a trav\u00e9s de la ejecuci\u00f3n de obras de infraestructura, servicios p\u00fablicos y saneamiento ambiental.<\/p>\n\n\n\n<p>Entre el resumen de obras ejecutadas y avances de otras destac\u00f3 la Canalizaci\u00f3n y dragado de diversos ca\u00f1os, mantenimiento de canales de aguas pluviales, construcci\u00f3n de aceras y brocales; as\u00ed mismo, labores de poda, desmalezamiento de espacios p\u00fablicos y la optimizaci\u00f3n de los sistemas de aguas blancas y negras del Parque La Guacamaya.<\/p>\n\n\n\n<p>Uno de los puntos m\u00e1s destacados fue el avance en materia de vialidad. El alcalde inform\u00f3 que, mediante el<a href=\"https:\/\/alcaldiaalbertoadriani.com\/?tag=gestion-de-lisandro-segura-ejecuto-con-exito-plan-de-asfaltado\"> plan de asfaltado<\/a>, se colocaron m\u00e1s de 4 mil 550 toneladas de mezcla asf\u00e1ltica. Asimismo, la recuperaci\u00f3n de 70 kil\u00f3metros de vialidad rural y urbana no consolidada, y la recolecci\u00f3n de 32 mil toneladas de desechos s\u00f3lidos mediante el servicio de aseo urbano.<\/p>\n\n\n\n<p>&#8220;Este ha sido un a\u00f1o de logros palpables. Agradezco profundamente a los hombres y mujeres que integran el Plan Renacer de mi Vig\u00eda Querido, as\u00ed como de Alumbrado P\u00fablico, Aseo Urbano y a todo el personal administrativo, operativo, de los institutos por su entrega&#8221;, manifest\u00f3.<\/p>\n\n\n\n<h2 class=\"wp-block-heading\"><strong><em>Anuncios para el 2026 <\/em><\/strong><\/h2>\n\n\n\n<p>Entre los anuncios para el pr\u00f3ximo 2026 destac\u00f3 la inauguraci\u00f3n de la escuela municipal de Camir\u00ed el 09 de enero. Resalt\u00f3 que las dos escuelas municipales construidas por su gesti\u00f3n (Ca\u00f1o Balza y Camir\u00ed) comenzar\u00e1n las actividades escolares el 12 de enero.<\/p>\n\n\n\n<p>Adem\u00e1s, la continuidad del plan de asfaltado, y la ejecuci\u00f3n de obras de envergadura que impulsar\u00e1n el desarrollo econ\u00f3mico y social del municipio.<\/p>\n\n\n\n<p>Al cierre, Lisandro Segura agradeci\u00f3, primeramente, a Dios pese a las dificultades y manifest\u00f3 la disposici\u00f3n, el entusiasmo y la voluntad del gobierno municipal de seguir haciendo las cosas en beneficio de los ciudadanos e invit\u00f3 a sumar esfuerzos para conquistar las metas. \u201cQueda mucho por hacer y juntos lo vamos a hacer\u201d, finaliz\u00f3. <strong><em>Prensa Alcald\u00eda Alberto Adriani\/ Claribel Zambrano CNP: 11.843\/ Fotos: Edgar Mendoza.<\/em><\/strong><\/p>\n","protected":false},"excerpt":{"rendered":"<p>En la \u00faltima emisi\u00f3n de su programa radial de este a\u00f1o, el alcalde del municipio Alberto Adriani, Lisandro Segura, realiz\u00f3 un balance de las acciones de gobierno del ejercicio fiscal [&hellip;]<\/p>\n","protected":false},"author":2,"featured_media":14384,"comment_status":"open","ping_status":"closed","sticky":false,"template":"","format":"standard","meta":{"_et_pb_use_builder":"off","_et_pb_old_content":"","_et_gb_content_width":"","footnotes":""},"categories":[341,300,1064,25],"tags":[31,11,12,15,761,30,29,28],"class_list":["post-14383","post","type-post","status-publish","format-standard","has-post-thumbnail","hentry","category-alcaldia-alberto-adriani","category-aseo","category-asfaltado","category-nuestro-municipio","tag-alcalde","tag-alcaldia","tag-alcaldiaalbertoadriani","tag-elvigia","tag-encrucijadadeprogreso","tag-lisandrosegura","tag-municipioquenosmerecemos","tag-porelrenacer"],"yoast_head":"<!-- This site is optimized with the Yoast SEO plugin v19.13 - https:\/\/yoast.com\/wordpress\/plugins\/seo\/ -->\n<title>Lisandro Segura present\u00f3 balance de gesti\u00f3n 2025<\/title>\n<meta name=\"description\" content=\"Lisandro Segura present\u00f3 balance de gesti\u00f3n 2025 y reafirm\u00f3 su compromiso con los vigienses en la \u00faltima emisi\u00f3n de su programa radial\" \/>\n<meta name=\"robots\" content=\"index, follow, max-snippet:-1, max-image-preview:large, max-video-preview:-1\" \/>\n<link rel=\"canonical\" href=\"https:\/\/alcaldiaalbertoadriani.com\/?p=14383\" \/>\n<meta property=\"og:locale\" content=\"es_ES\" \/>\n<meta property=\"og:type\" content=\"article\" \/>\n<meta property=\"og:title\" content=\"Lisandro Segura present\u00f3 balance de gesti\u00f3n 2025\" \/>\n<meta property=\"og:description\" content=\"Lisandro Segura present\u00f3 balance de gesti\u00f3n 2025 y reafirm\u00f3 su compromiso con los vigienses en la \u00faltima emisi\u00f3n de su programa radial\" \/>\n<meta property=\"og:url\" content=\"https:\/\/alcaldiaalbertoadriani.com\/?p=14383\" \/>\n<meta property=\"og:site_name\" content=\"Alcaldia Alberto Adriani\" \/>\n<meta property=\"article:published_time\" content=\"2026-01-06T15:53:14+00:00\" \/>\n<meta property=\"article:modified_time\" content=\"2026-01-06T15:53:20+00:00\" \/>\n<meta property=\"og:image\" content=\"https:\/\/alcaldiaalbertoadriani.com\/wp-content\/uploads\/2026\/01\/photo_5104915089587899557_w.jpg\" \/>\n\t<meta property=\"og:image:width\" content=\"1600\" \/>\n\t<meta property=\"og:image:height\" content=\"1200\" \/>\n\t<meta property=\"og:image:type\" content=\"image\/jpeg\" \/>\n<meta name=\"author\" content=\"Prensa\" \/>\n<meta name=\"twitter:card\" content=\"summary_large_image\" \/>\n<meta name=\"twitter:label1\" content=\"Escrito por\" \/>\n\t<meta name=\"twitter:data1\" content=\"Prensa\" \/>\n\t<meta name=\"twitter:label2\" content=\"Tiempo de lectura\" \/>\n\t<meta name=\"twitter:data2\" content=\"2 minutos\" \/>\n<script type=\"application\/ld+json\" class=\"yoast-schema-graph\">{\"@context\":\"https:\/\/schema.org\",\"@graph\":[{\"@type\":\"WebPage\",\"@id\":\"https:\/\/alcaldiaalbertoadriani.com\/?p=14383\",\"url\":\"https:\/\/alcaldiaalbertoadriani.com\/?p=14383\",\"name\":\"Lisandro Segura present\u00f3 balance de gesti\u00f3n 2025\",\"isPartOf\":{\"@id\":\"https:\/\/alcaldiaalbertoadriani.com\/#website\"},\"datePublished\":\"2026-01-06T15:53:14+00:00\",\"dateModified\":\"2026-01-06T15:53:20+00:00\",\"author\":{\"@id\":\"https:\/\/alcaldiaalbertoadriani.com\/#\/schema\/person\/549b4483ff8999ac780deeea78795fc9\"},\"description\":\"Lisandro Segura present\u00f3 balance de gesti\u00f3n 2025 y reafirm\u00f3 su compromiso con los vigienses en la \u00faltima emisi\u00f3n de su programa radial\",\"breadcrumb\":{\"@id\":\"https:\/\/alcaldiaalbertoadriani.com\/?p=14383#breadcrumb\"},\"inLanguage\":\"es\",\"potentialAction\":[{\"@type\":\"ReadAction\",\"target\":[\"https:\/\/alcaldiaalbertoadriani.com\/?p=14383\"]}]},{\"@type\":\"BreadcrumbList\",\"@id\":\"https:\/\/alcaldiaalbertoadriani.com\/?p=14383#breadcrumb\",\"itemListElement\":[{\"@type\":\"ListItem\",\"position\":1,\"name\":\"Portada\",\"item\":\"https:\/\/alcaldiaalbertoadriani.com\/\"},{\"@type\":\"ListItem\",\"position\":2,\"name\":\"Lisandro Segura present\u00f3 balance de gesti\u00f3n 2025 y reafirm\u00f3 su compromiso con los vigienses\"}]},{\"@type\":\"WebSite\",\"@id\":\"https:\/\/alcaldiaalbertoadriani.com\/#website\",\"url\":\"https:\/\/alcaldiaalbertoadriani.com\/\",\"name\":\"Alcaldia Alberto Adriani\",\"description\":\"\",\"potentialAction\":[{\"@type\":\"SearchAction\",\"target\":{\"@type\":\"EntryPoint\",\"urlTemplate\":\"https:\/\/alcaldiaalbertoadriani.com\/?s={search_term_string}\"},\"query-input\":\"required name=search_term_string\"}],\"inLanguage\":\"es\"},{\"@type\":\"Person\",\"@id\":\"https:\/\/alcaldiaalbertoadriani.com\/#\/schema\/person\/549b4483ff8999ac780deeea78795fc9\",\"name\":\"Prensa\",\"image\":{\"@type\":\"ImageObject\",\"inLanguage\":\"es\",\"@id\":\"https:\/\/alcaldiaalbertoadriani.com\/#\/schema\/person\/image\/\",\"url\":\"https:\/\/secure.gravatar.com\/avatar\/ea1cb567ea992a29627f4eee1c2eb185ec16decec6342d508fdf18dedb56c9de?s=96&d=mm&r=g\",\"contentUrl\":\"https:\/\/secure.gravatar.com\/avatar\/ea1cb567ea992a29627f4eee1c2eb185ec16decec6342d508fdf18dedb56c9de?s=96&d=mm&r=g\",\"caption\":\"Prensa\"},\"url\":\"https:\/\/alcaldiaalbertoadriani.com\/?author=2\"}]}<\/script>\n<!-- \/ Yoast SEO plugin. -->","yoast_head_json":{"title":"Lisandro Segura present\u00f3 balance de gesti\u00f3n 2025","description":"Lisandro Segura present\u00f3 balance de gesti\u00f3n 2025 y reafirm\u00f3 su compromiso con los vigienses en la \u00faltima emisi\u00f3n de su programa radial","robots":{"index":"index","follow":"follow","max-snippet":"max-snippet:-1","max-image-preview":"max-image-preview:large","max-video-preview":"max-video-preview:-1"},"canonical":"https:\/\/alcaldiaalbertoadriani.com\/?p=14383","og_locale":"es_ES","og_type":"article","og_title":"Lisandro Segura present\u00f3 balance de gesti\u00f3n 2025","og_description":"Lisandro Segura present\u00f3 balance de gesti\u00f3n 2025 y reafirm\u00f3 su compromiso con los vigienses en la \u00faltima emisi\u00f3n de su programa radial","og_url":"https:\/\/alcaldiaalbertoadriani.com\/?p=14383","og_site_name":"Alcaldia Alberto Adriani","article_published_time":"2026-01-06T15:53:14+00:00","article_modified_time":"2026-01-06T15:53:20+00:00","og_image":[{"width":1600,"height":1200,"url":"https:\/\/alcaldiaalbertoadriani.com\/wp-content\/uploads\/2026\/01\/photo_5104915089587899557_w.jpg","type":"image\/jpeg"}],"author":"Prensa","twitter_card":"summary_large_image","twitter_misc":{"Escrito por":"Prensa","Tiempo de lectura":"2 minutos"},"schema":{"@context":"https:\/\/schema.org","@graph":[{"@type":"WebPage","@id":"https:\/\/alcaldiaalbertoadriani.com\/?p=14383","url":"https:\/\/alcaldiaalbertoadriani.com\/?p=14383","name":"Lisandro Segura present\u00f3 balance de gesti\u00f3n 2025","isPartOf":{"@id":"https:\/\/alcaldiaalbertoadriani.com\/#website"},"datePublished":"2026-01-06T15:53:14+00:00","dateModified":"2026-01-06T15:53:20+00:00","author":{"@id":"https:\/\/alcaldiaalbertoadriani.com\/#\/schema\/person\/549b4483ff8999ac780deeea78795fc9"},"description":"Lisandro Segura present\u00f3 balance de gesti\u00f3n 2025 y reafirm\u00f3 su compromiso con los vigienses en la \u00faltima emisi\u00f3n de su programa radial","breadcrumb":{"@id":"https:\/\/alcaldiaalbertoadriani.com\/?p=14383#breadcrumb"},"inLanguage":"es","potentialAction":[{"@type":"ReadAction","target":["https:\/\/alcaldiaalbertoadriani.com\/?p=14383"]}]},{"@type":"BreadcrumbList","@id":"https:\/\/alcaldiaalbertoadriani.com\/?p=14383#breadcrumb","itemListElement":[{"@type":"ListItem","position":1,"name":"Portada","item":"https:\/\/alcaldiaalbertoadriani.com\/"},{"@type":"ListItem","position":2,"name":"Lisandro Segura present\u00f3 balance de gesti\u00f3n 2025 y reafirm\u00f3 su compromiso con los vigienses"}]},{"@type":"WebSite","@id":"https:\/\/alcaldiaalbertoadriani.com\/#website","url":"https:\/\/alcaldiaalbertoadriani.com\/","name":"Alcaldia Alberto Adriani","description":"","potentialAction":[{"@type":"SearchAction","target":{"@type":"EntryPoint","urlTemplate":"https:\/\/alcaldiaalbertoadriani.com\/?s={search_term_string}"},"query-input":"required name=search_term_string"}],"inLanguage":"es"},{"@type":"Person","@id":"https:\/\/alcaldiaalbertoadriani.com\/#\/schema\/person\/549b4483ff8999ac780deeea78795fc9","name":"Prensa","image":{"@type":"ImageObject","inLanguage":"es","@id":"https:\/\/alcaldiaalbertoadriani.com\/#\/schema\/person\/image\/","url":"https:\/\/secure.gravatar.com\/avatar\/ea1cb567ea992a29627f4eee1c2eb185ec16decec6342d508fdf18dedb56c9de?s=96&d=mm&r=g","contentUrl":"https:\/\/secure.gravatar.com\/avatar\/ea1cb567ea992a29627f4eee1c2eb185ec16decec6342d508fdf18dedb56c9de?s=96&d=mm&r=g","caption":"Prensa"},"url":"https:\/\/alcaldiaalbertoadriani.com\/?author=2"}]}},"_links":{"self":[{"href":"https:\/\/alcaldiaalbertoadriani.com\/index.php?rest_route=\/wp\/v2\/posts\/14383","targetHints":{"allow":["GET"]}}],"collection":[{"href":"https:\/\/alcaldiaalbertoadriani.com\/index.php?rest_route=\/wp\/v2\/posts"}],"about":[{"href":"https:\/\/alcaldiaalbertoadriani.com\/index.php?rest_route=\/wp\/v2\/types\/post"}],"author":[{"embeddable":true,"href":"https:\/\/alcaldiaalbertoadriani.com\/index.php?rest_route=\/wp\/v2\/users\/2"}],"replies":[{"embeddable":true,"href":"https:\/\/alcaldiaalbertoadriani.com\/index.php?rest_route=%2Fwp%2Fv2%2Fcomments&post=14383"}],"version-history":[{"count":1,"href":"https:\/\/alcaldiaalbertoadriani.com\/index.php?rest_route=\/wp\/v2\/posts\/14383\/revisions"}],"predecessor-version":[{"id":14385,"href":"https:\/\/alcaldiaalbertoadriani.com\/index.php?rest_route=\/wp\/v2\/posts\/14383\/revisions\/14385"}],"wp:featuredmedia":[{"embeddable":true,"href":"https:\/\/alcaldiaalbertoadriani.com\/index.php?rest_route=\/wp\/v2\/media\/14384"}],"wp:attachment":[{"href":"https:\/\/alcaldiaalbertoadriani.com\/index.php?rest_route=%2Fwp%2Fv2%2Fmedia&parent=14383"}],"wp:term":[{"taxonomy":"category","embeddable":true,"href":"https:\/\/alcaldiaalbertoadriani.com\/index.php?rest_route=%2Fwp%2Fv2%2Fcategories&post=14383"},{"taxonomy":"post_tag","embeddable":true,"href":"https:\/\/alcaldiaalbertoadriani.com\/index.php?rest_route=%2Fwp%2Fv2%2Ftags&post=14383"}],"curies":[{"name":"wp","href":"https:\/\/api.w.org\/{rel}","templated":true}]}}