{"id":1436,"date":"2022-12-02T22:47:16","date_gmt":"2022-12-02T22:47:16","guid":{"rendered":"https:\/\/alcaldiaalbertoadriani.com\/?p=1436"},"modified":"2022-12-02T22:47:18","modified_gmt":"2022-12-02T22:47:18","slug":"sur-america-parrandon","status":"publish","type":"post","link":"https:\/\/alcaldiaalbertoadriani.com\/?p=1436","title":{"rendered":"Sector Sur Am\u00e9rica deslumbr\u00f3 en el d\u00e9cimo cuarto Parrand\u00f3n Navide\u00f1o 2022"},"content":{"rendered":"<div class=\"wp-block-post-excerpt\"><p class=\"wp-block-post-excerpt__excerpt\">Unas 145 personas fueron beneficiadas mediante una jornada de atenci\u00f3n social, previo al parrand\u00f3n en la cancha deportiva de esta comunidad de la parroquia Presidente P\u00e1ez <\/p><\/div>\n\n\n<p>La <a href=\"https:\/\/www.facebook.com\/alcaldiaaa\" target=\"_blank\" rel=\"noreferrer noopener\">alcald\u00eda del municipio Alberto Adriani<\/a>, realiz\u00f3 el d\u00e9cimo cuarto <a href=\"https:\/\/alcaldiaalbertoadriani.com\/?p=1406\" target=\"_blank\" rel=\"noreferrer noopener\">Parrand\u00f3n Navide\u00f1o<\/a> en la comunidad de Sur Am\u00e9rica, parroquia Presidente P\u00e1ez, en la que sus habitantes demostraron el talento que tienen.<\/p>\n\n\n\n<p>La actividad cont\u00f3 con la presencia del alcalde <a href=\"https:\/\/twitter.com\/lisandrosegura\" target=\"_blank\" rel=\"noreferrer noopener\">Lisandro Segura<\/a>, junto con la primera Dama, <a href=\"https:\/\/www.instagram.com\/drayudithparra\/\" target=\"_blank\" rel=\"noreferrer noopener\">Yudith Parra<\/a> y parte de su Tren Ejecutivo.<\/p>\n\n\n\n<p>Entre las presentaciones se destacaron el opening por parte de los ni\u00f1os de la comunidad, las dramatizaciones, bailes culturales y la participaci\u00f3n especial del coro infantil de la Catedral de El Vig\u00eda.<\/p>\n\n\n\n<!--more-->\n\n\n\n<h2 class=\"wp-block-heading\">Reconocimientos en el Parrand\u00f3n Navide\u00f1o en Sur Am\u00e9rica<\/h2>\n\n\n\n<p>Asimismo, el Jurado Calificador y los concejales del circuito, en compa\u00f1\u00eda de Karelis Prieto, reina de FeriVig\u00eda 2022, entregaron merecidos certificados para reconocer el talento que brill\u00f3 en el escenario, as\u00ed como al comit\u00e9 organizador de la actividad.<\/p>\n\n\n\n<h2 class=\"wp-block-heading\">Jornada Social<\/h2>\n\n\n\n<p>Por otra parte, previo al parrand\u00f3n, se realiz\u00f3 una jornada de atenci\u00f3n social en la cancha deportiva de la misma comunidad, en donde 145 personas fueron beneficiadas. Asimismo, se brind\u00f3 consulta en medicina general, pediatr\u00eda, peluquer\u00eda, pinta caritas y permisos de viaje para los ni\u00f1os por parte del Concejo de Protecci\u00f3n del Ni\u00f1o, Ni\u00f1a y Adolescente -Cpnna-. <strong>Prensa Alcald\u00eda Alberto Adriani\/Edgar Mendoza CNP: 25.736\/Fotos: Yorman Parra.<\/strong><\/p>\n\n\n\n<figure class=\"wp-block-gallery has-nested-images columns-default is-cropped wp-block-gallery-1 is-layout-flex wp-block-gallery-is-layout-flex\">\n<figure class=\"wp-block-image size-large\"><img loading=\"lazy\" decoding=\"async\" width=\"1024\" height=\"1024\" data-id=\"1440\" src=\"https:\/\/alcaldiaalbertoadriani.com\/wp-content\/uploads\/2022\/12\/20221201_195023-1024x1024.jpg\" alt=\"\" class=\"wp-image-1440\" srcset=\"https:\/\/alcaldiaalbertoadriani.com\/wp-content\/uploads\/2022\/12\/20221201_195023-980x980.jpg 980w, https:\/\/alcaldiaalbertoadriani.com\/wp-content\/uploads\/2022\/12\/20221201_195023-480x480.jpg 480w\" sizes=\"auto, (min-width: 0px) and (max-width: 480px) 480px, (min-width: 481px) and (max-width: 980px) 980px, (min-width: 981px) 1024px, 100vw\" \/><\/figure>\n\n\n\n<figure class=\"wp-block-image size-large\"><img loading=\"lazy\" decoding=\"async\" width=\"1024\" height=\"1024\" data-id=\"1438\" src=\"https:\/\/alcaldiaalbertoadriani.com\/wp-content\/uploads\/2022\/12\/20221201_210920-1024x1024.jpg\" alt=\"\" class=\"wp-image-1438\" srcset=\"https:\/\/alcaldiaalbertoadriani.com\/wp-content\/uploads\/2022\/12\/20221201_210920-980x980.jpg 980w, https:\/\/alcaldiaalbertoadriani.com\/wp-content\/uploads\/2022\/12\/20221201_210920-480x480.jpg 480w\" sizes=\"auto, (min-width: 0px) and (max-width: 480px) 480px, (min-width: 481px) and (max-width: 980px) 980px, (min-width: 981px) 1024px, 100vw\" \/><\/figure>\n<\/figure>\n\n\n\n<figure class=\"wp-block-gallery has-nested-images columns-default is-cropped wp-block-gallery-2 is-layout-flex wp-block-gallery-is-layout-flex\">\n<figure class=\"wp-block-image size-large\"><img loading=\"lazy\" decoding=\"async\" width=\"1024\" height=\"1024\" data-id=\"1442\" src=\"https:\/\/alcaldiaalbertoadriani.com\/wp-content\/uploads\/2022\/12\/20221201_230245-1024x1024.jpg\" alt=\"\" class=\"wp-image-1442\" srcset=\"https:\/\/alcaldiaalbertoadriani.com\/wp-content\/uploads\/2022\/12\/20221201_230245-980x980.jpg 980w, https:\/\/alcaldiaalbertoadriani.com\/wp-content\/uploads\/2022\/12\/20221201_230245-480x480.jpg 480w\" sizes=\"auto, (min-width: 0px) and (max-width: 480px) 480px, (min-width: 481px) and (max-width: 980px) 980px, (min-width: 981px) 1024px, 100vw\" \/><\/figure>\n\n\n\n<figure class=\"wp-block-image size-large\"><img loading=\"lazy\" decoding=\"async\" width=\"1024\" height=\"1024\" data-id=\"1444\" src=\"https:\/\/alcaldiaalbertoadriani.com\/wp-content\/uploads\/2022\/12\/20221201_230704-1024x1024.jpg\" alt=\"\" class=\"wp-image-1444\" srcset=\"https:\/\/alcaldiaalbertoadriani.com\/wp-content\/uploads\/2022\/12\/20221201_230704-980x980.jpg 980w, https:\/\/alcaldiaalbertoadriani.com\/wp-content\/uploads\/2022\/12\/20221201_230704-480x480.jpg 480w\" sizes=\"auto, (min-width: 0px) and (max-width: 480px) 480px, (min-width: 481px) and (max-width: 980px) 980px, (min-width: 981px) 1024px, 100vw\" \/><\/figure>\n<\/figure>\n\n\n\n<figure class=\"wp-block-gallery has-nested-images columns-default is-cropped wp-block-gallery-3 is-layout-flex wp-block-gallery-is-layout-flex\">\n<figure class=\"wp-block-image size-large\"><img loading=\"lazy\" decoding=\"async\" width=\"1024\" height=\"576\" data-id=\"1447\" src=\"https:\/\/alcaldiaalbertoadriani.com\/wp-content\/uploads\/2022\/12\/1670009124423.webp-1024x576.jpg\" alt=\"\" class=\"wp-image-1447\" srcset=\"https:\/\/alcaldiaalbertoadriani.com\/wp-content\/uploads\/2022\/12\/1670009124423.webp-1024x576.jpg 1024w, https:\/\/alcaldiaalbertoadriani.com\/wp-content\/uploads\/2022\/12\/1670009124423.webp-980x552.jpg 980w, https:\/\/alcaldiaalbertoadriani.com\/wp-content\/uploads\/2022\/12\/1670009124423.webp-480x270.jpg 480w\" sizes=\"auto, (min-width: 0px) and (max-width: 480px) 480px, (min-width: 481px) and (max-width: 980px) 980px, (min-width: 981px) 1024px, 100vw\" \/><\/figure>\n\n\n\n<figure class=\"wp-block-image size-large\"><img loading=\"lazy\" decoding=\"async\" width=\"1024\" height=\"576\" data-id=\"1449\" src=\"https:\/\/alcaldiaalbertoadriani.com\/wp-content\/uploads\/2022\/12\/1670009129114.webp-1024x576.jpg\" alt=\"\" class=\"wp-image-1449\" srcset=\"https:\/\/alcaldiaalbertoadriani.com\/wp-content\/uploads\/2022\/12\/1670009129114.webp-1024x576.jpg 1024w, https:\/\/alcaldiaalbertoadriani.com\/wp-content\/uploads\/2022\/12\/1670009129114.webp-980x552.jpg 980w, https:\/\/alcaldiaalbertoadriani.com\/wp-content\/uploads\/2022\/12\/1670009129114.webp-480x270.jpg 480w\" sizes=\"auto, (min-width: 0px) and (max-width: 480px) 480px, (min-width: 481px) and (max-width: 980px) 980px, (min-width: 981px) 1024px, 100vw\" \/><\/figure>\n\n\n\n<figure class=\"wp-block-image size-large\"><img loading=\"lazy\" decoding=\"async\" width=\"1024\" height=\"576\" data-id=\"1450\" src=\"https:\/\/alcaldiaalbertoadriani.com\/wp-content\/uploads\/2022\/12\/1670009130022.webp-1024x576.jpg\" alt=\"\" class=\"wp-image-1450\" srcset=\"https:\/\/alcaldiaalbertoadriani.com\/wp-content\/uploads\/2022\/12\/1670009130022.webp-1024x576.jpg 1024w, https:\/\/alcaldiaalbertoadriani.com\/wp-content\/uploads\/2022\/12\/1670009130022.webp-980x552.jpg 980w, https:\/\/alcaldiaalbertoadriani.com\/wp-content\/uploads\/2022\/12\/1670009130022.webp-480x270.jpg 480w\" sizes=\"auto, (min-width: 0px) and (max-width: 480px) 480px, (min-width: 481px) and (max-width: 980px) 980px, (min-width: 981px) 1024px, 100vw\" \/><\/figure>\n\n\n\n<figure class=\"wp-block-image size-large\"><img loading=\"lazy\" decoding=\"async\" width=\"1024\" height=\"576\" data-id=\"1448\" src=\"https:\/\/alcaldiaalbertoadriani.com\/wp-content\/uploads\/2022\/12\/1670009131248.webp-1024x576.jpg\" alt=\"\" class=\"wp-image-1448\" srcset=\"https:\/\/alcaldiaalbertoadriani.com\/wp-content\/uploads\/2022\/12\/1670009131248.webp-1024x576.jpg 1024w, https:\/\/alcaldiaalbertoadriani.com\/wp-content\/uploads\/2022\/12\/1670009131248.webp-980x552.jpg 980w, https:\/\/alcaldiaalbertoadriani.com\/wp-content\/uploads\/2022\/12\/1670009131248.webp-480x270.jpg 480w\" sizes=\"auto, (min-width: 0px) and (max-width: 480px) 480px, (min-width: 481px) and (max-width: 980px) 980px, (min-width: 981px) 1024px, 100vw\" \/><\/figure>\n<\/figure>\n","protected":false},"excerpt":{"rendered":"<p><em><strong>Unas 145 personas fueron beneficiadas mediante una jornada de atenci\u00f3n social, previo al parrand\u00f3n en la cancha deportiva de esta comunidad de la parroquia Presidente P\u00e1ez<\/strong><\/em><\/p>\n","protected":false},"author":2,"featured_media":1446,"comment_status":"closed","ping_status":"closed","sticky":false,"template":"","format":"standard","meta":{"_et_pb_use_builder":"off","_et_pb_old_content":"","_et_gb_content_width":"","footnotes":""},"categories":[39,77,25],"tags":[31,11,12,15,30,29,28,293],"class_list":["post-1436","post","type-post","status-publish","format-standard","has-post-thumbnail","hentry","category-actividades-sociales","category-iamcaa","category-nuestro-municipio","tag-alcalde","tag-alcaldia","tag-alcaldiaalbertoadriani","tag-elvigia","tag-lisandrosegura","tag-municipioquenosmerecemos","tag-porelrenacer","tag-sur-america-parrandon"],"yoast_head":"<!-- This site is optimized with the Yoast SEO plugin v19.13 - https:\/\/yoast.com\/wordpress\/plugins\/seo\/ -->\n<title>Sector Sur Am\u00e9rica deslumbr\u00f3 en el d\u00e9cimo cuarto Parrand\u00f3n Navide\u00f1o 2022 - Alcaldia Alberto Adriani<\/title>\n<meta name=\"description\" content=\"145 personas fueron beneficiadas mediante una jornada de atenci\u00f3n social, previo al parrand\u00f3n en la cancha deportiva del sector Sur Am\u00e9rica.\" \/>\n<meta name=\"robots\" content=\"index, follow, max-snippet:-1, max-image-preview:large, max-video-preview:-1\" \/>\n<link rel=\"canonical\" href=\"https:\/\/alcaldiaalbertoadriani.com\/?p=1436\" \/>\n<meta property=\"og:locale\" content=\"es_ES\" \/>\n<meta property=\"og:type\" content=\"article\" \/>\n<meta property=\"og:title\" content=\"Sector Sur Am\u00e9rica deslumbr\u00f3 en el d\u00e9cimo cuarto Parrand\u00f3n Navide\u00f1o 2022 - Alcaldia Alberto Adriani\" \/>\n<meta property=\"og:description\" content=\"145 personas fueron beneficiadas mediante una jornada de atenci\u00f3n social, previo al parrand\u00f3n en la cancha deportiva del sector Sur Am\u00e9rica.\" \/>\n<meta property=\"og:url\" content=\"https:\/\/alcaldiaalbertoadriani.com\/?p=1436\" \/>\n<meta property=\"og:site_name\" content=\"Alcaldia Alberto Adriani\" \/>\n<meta property=\"article:published_time\" content=\"2022-12-02T22:47:16+00:00\" \/>\n<meta property=\"article:modified_time\" content=\"2022-12-02T22:47:18+00:00\" \/>\n<meta property=\"og:image\" content=\"https:\/\/alcaldiaalbertoadriani.com\/wp-content\/uploads\/2022\/12\/20221201_202402-scaled.jpg\" \/>\n\t<meta property=\"og:image:width\" content=\"2560\" \/>\n\t<meta property=\"og:image:height\" content=\"2560\" \/>\n\t<meta property=\"og:image:type\" content=\"image\/jpeg\" \/>\n<meta name=\"author\" content=\"Prensa\" \/>\n<meta name=\"twitter:card\" content=\"summary_large_image\" \/>\n<meta name=\"twitter:label1\" content=\"Escrito por\" \/>\n\t<meta name=\"twitter:data1\" content=\"Prensa\" \/>\n\t<meta name=\"twitter:label2\" content=\"Tiempo de lectura\" \/>\n\t<meta name=\"twitter:data2\" content=\"3 minutos\" \/>\n<script type=\"application\/ld+json\" class=\"yoast-schema-graph\">{\"@context\":\"https:\/\/schema.org\",\"@graph\":[{\"@type\":\"WebPage\",\"@id\":\"https:\/\/alcaldiaalbertoadriani.com\/?p=1436\",\"url\":\"https:\/\/alcaldiaalbertoadriani.com\/?p=1436\",\"name\":\"Sector Sur Am\u00e9rica deslumbr\u00f3 en el d\u00e9cimo cuarto Parrand\u00f3n Navide\u00f1o 2022 - Alcaldia Alberto Adriani\",\"isPartOf\":{\"@id\":\"https:\/\/alcaldiaalbertoadriani.com\/#website\"},\"datePublished\":\"2022-12-02T22:47:16+00:00\",\"dateModified\":\"2022-12-02T22:47:18+00:00\",\"author\":{\"@id\":\"https:\/\/alcaldiaalbertoadriani.com\/#\/schema\/person\/549b4483ff8999ac780deeea78795fc9\"},\"description\":\"145 personas fueron beneficiadas mediante una jornada de atenci\u00f3n social, previo al parrand\u00f3n en la cancha deportiva del sector Sur Am\u00e9rica.\",\"breadcrumb\":{\"@id\":\"https:\/\/alcaldiaalbertoadriani.com\/?p=1436#breadcrumb\"},\"inLanguage\":\"es\",\"potentialAction\":[{\"@type\":\"ReadAction\",\"target\":[\"https:\/\/alcaldiaalbertoadriani.com\/?p=1436\"]}]},{\"@type\":\"BreadcrumbList\",\"@id\":\"https:\/\/alcaldiaalbertoadriani.com\/?p=1436#breadcrumb\",\"itemListElement\":[{\"@type\":\"ListItem\",\"position\":1,\"name\":\"Portada\",\"item\":\"https:\/\/alcaldiaalbertoadriani.com\/\"},{\"@type\":\"ListItem\",\"position\":2,\"name\":\"Sector Sur Am\u00e9rica deslumbr\u00f3 en el d\u00e9cimo cuarto Parrand\u00f3n Navide\u00f1o 2022\"}]},{\"@type\":\"WebSite\",\"@id\":\"https:\/\/alcaldiaalbertoadriani.com\/#website\",\"url\":\"https:\/\/alcaldiaalbertoadriani.com\/\",\"name\":\"Alcaldia Alberto Adriani\",\"description\":\"\",\"potentialAction\":[{\"@type\":\"SearchAction\",\"target\":{\"@type\":\"EntryPoint\",\"urlTemplate\":\"https:\/\/alcaldiaalbertoadriani.com\/?s={search_term_string}\"},\"query-input\":\"required name=search_term_string\"}],\"inLanguage\":\"es\"},{\"@type\":\"Person\",\"@id\":\"https:\/\/alcaldiaalbertoadriani.com\/#\/schema\/person\/549b4483ff8999ac780deeea78795fc9\",\"name\":\"Prensa\",\"image\":{\"@type\":\"ImageObject\",\"inLanguage\":\"es\",\"@id\":\"https:\/\/alcaldiaalbertoadriani.com\/#\/schema\/person\/image\/\",\"url\":\"https:\/\/secure.gravatar.com\/avatar\/ea1cb567ea992a29627f4eee1c2eb185ec16decec6342d508fdf18dedb56c9de?s=96&d=mm&r=g\",\"contentUrl\":\"https:\/\/secure.gravatar.com\/avatar\/ea1cb567ea992a29627f4eee1c2eb185ec16decec6342d508fdf18dedb56c9de?s=96&d=mm&r=g\",\"caption\":\"Prensa\"},\"url\":\"https:\/\/alcaldiaalbertoadriani.com\/?author=2\"}]}<\/script>\n<!-- \/ Yoast SEO plugin. -->","yoast_head_json":{"title":"Sector Sur Am\u00e9rica deslumbr\u00f3 en el d\u00e9cimo cuarto Parrand\u00f3n Navide\u00f1o 2022 - Alcaldia Alberto Adriani","description":"145 personas fueron beneficiadas mediante una jornada de atenci\u00f3n social, previo al parrand\u00f3n en la cancha deportiva del sector Sur Am\u00e9rica.","robots":{"index":"index","follow":"follow","max-snippet":"max-snippet:-1","max-image-preview":"max-image-preview:large","max-video-preview":"max-video-preview:-1"},"canonical":"https:\/\/alcaldiaalbertoadriani.com\/?p=1436","og_locale":"es_ES","og_type":"article","og_title":"Sector Sur Am\u00e9rica deslumbr\u00f3 en el d\u00e9cimo cuarto Parrand\u00f3n Navide\u00f1o 2022 - Alcaldia Alberto Adriani","og_description":"145 personas fueron beneficiadas mediante una jornada de atenci\u00f3n social, previo al parrand\u00f3n en la cancha deportiva del sector Sur Am\u00e9rica.","og_url":"https:\/\/alcaldiaalbertoadriani.com\/?p=1436","og_site_name":"Alcaldia Alberto Adriani","article_published_time":"2022-12-02T22:47:16+00:00","article_modified_time":"2022-12-02T22:47:18+00:00","og_image":[{"width":2560,"height":2560,"url":"https:\/\/alcaldiaalbertoadriani.com\/wp-content\/uploads\/2022\/12\/20221201_202402-scaled.jpg","type":"image\/jpeg"}],"author":"Prensa","twitter_card":"summary_large_image","twitter_misc":{"Escrito por":"Prensa","Tiempo de lectura":"3 minutos"},"schema":{"@context":"https:\/\/schema.org","@graph":[{"@type":"WebPage","@id":"https:\/\/alcaldiaalbertoadriani.com\/?p=1436","url":"https:\/\/alcaldiaalbertoadriani.com\/?p=1436","name":"Sector Sur Am\u00e9rica deslumbr\u00f3 en el d\u00e9cimo cuarto Parrand\u00f3n Navide\u00f1o 2022 - Alcaldia Alberto Adriani","isPartOf":{"@id":"https:\/\/alcaldiaalbertoadriani.com\/#website"},"datePublished":"2022-12-02T22:47:16+00:00","dateModified":"2022-12-02T22:47:18+00:00","author":{"@id":"https:\/\/alcaldiaalbertoadriani.com\/#\/schema\/person\/549b4483ff8999ac780deeea78795fc9"},"description":"145 personas fueron beneficiadas mediante una jornada de atenci\u00f3n social, previo al parrand\u00f3n en la cancha deportiva del sector Sur Am\u00e9rica.","breadcrumb":{"@id":"https:\/\/alcaldiaalbertoadriani.com\/?p=1436#breadcrumb"},"inLanguage":"es","potentialAction":[{"@type":"ReadAction","target":["https:\/\/alcaldiaalbertoadriani.com\/?p=1436"]}]},{"@type":"BreadcrumbList","@id":"https:\/\/alcaldiaalbertoadriani.com\/?p=1436#breadcrumb","itemListElement":[{"@type":"ListItem","position":1,"name":"Portada","item":"https:\/\/alcaldiaalbertoadriani.com\/"},{"@type":"ListItem","position":2,"name":"Sector Sur Am\u00e9rica deslumbr\u00f3 en el d\u00e9cimo cuarto Parrand\u00f3n Navide\u00f1o 2022"}]},{"@type":"WebSite","@id":"https:\/\/alcaldiaalbertoadriani.com\/#website","url":"https:\/\/alcaldiaalbertoadriani.com\/","name":"Alcaldia Alberto Adriani","description":"","potentialAction":[{"@type":"SearchAction","target":{"@type":"EntryPoint","urlTemplate":"https:\/\/alcaldiaalbertoadriani.com\/?s={search_term_string}"},"query-input":"required name=search_term_string"}],"inLanguage":"es"},{"@type":"Person","@id":"https:\/\/alcaldiaalbertoadriani.com\/#\/schema\/person\/549b4483ff8999ac780deeea78795fc9","name":"Prensa","image":{"@type":"ImageObject","inLanguage":"es","@id":"https:\/\/alcaldiaalbertoadriani.com\/#\/schema\/person\/image\/","url":"https:\/\/secure.gravatar.com\/avatar\/ea1cb567ea992a29627f4eee1c2eb185ec16decec6342d508fdf18dedb56c9de?s=96&d=mm&r=g","contentUrl":"https:\/\/secure.gravatar.com\/avatar\/ea1cb567ea992a29627f4eee1c2eb185ec16decec6342d508fdf18dedb56c9de?s=96&d=mm&r=g","caption":"Prensa"},"url":"https:\/\/alcaldiaalbertoadriani.com\/?author=2"}]}},"_links":{"self":[{"href":"https:\/\/alcaldiaalbertoadriani.com\/index.php?rest_route=\/wp\/v2\/posts\/1436","targetHints":{"allow":["GET"]}}],"collection":[{"href":"https:\/\/alcaldiaalbertoadriani.com\/index.php?rest_route=\/wp\/v2\/posts"}],"about":[{"href":"https:\/\/alcaldiaalbertoadriani.com\/index.php?rest_route=\/wp\/v2\/types\/post"}],"author":[{"embeddable":true,"href":"https:\/\/alcaldiaalbertoadriani.com\/index.php?rest_route=\/wp\/v2\/users\/2"}],"replies":[{"embeddable":true,"href":"https:\/\/alcaldiaalbertoadriani.com\/index.php?rest_route=%2Fwp%2Fv2%2Fcomments&post=1436"}],"version-history":[{"count":1,"href":"https:\/\/alcaldiaalbertoadriani.com\/index.php?rest_route=\/wp\/v2\/posts\/1436\/revisions"}],"predecessor-version":[{"id":1451,"href":"https:\/\/alcaldiaalbertoadriani.com\/index.php?rest_route=\/wp\/v2\/posts\/1436\/revisions\/1451"}],"wp:featuredmedia":[{"embeddable":true,"href":"https:\/\/alcaldiaalbertoadriani.com\/index.php?rest_route=\/wp\/v2\/media\/1446"}],"wp:attachment":[{"href":"https:\/\/alcaldiaalbertoadriani.com\/index.php?rest_route=%2Fwp%2Fv2%2Fmedia&parent=1436"}],"wp:term":[{"taxonomy":"category","embeddable":true,"href":"https:\/\/alcaldiaalbertoadriani.com\/index.php?rest_route=%2Fwp%2Fv2%2Fcategories&post=1436"},{"taxonomy":"post_tag","embeddable":true,"href":"https:\/\/alcaldiaalbertoadriani.com\/index.php?rest_route=%2Fwp%2Fv2%2Ftags&post=1436"}],"curies":[{"name":"wp","href":"https:\/\/api.w.org\/{rel}","templated":true}]}}