{"id":14228,"date":"2025-12-23T19:07:27","date_gmt":"2025-12-23T19:07:27","guid":{"rendered":"https:\/\/alcaldiaalbertoadriani.com\/?p=14228"},"modified":"2025-12-23T19:07:31","modified_gmt":"2025-12-23T19:07:31","slug":"ultimo-parrandon-navideno-2025-se-realizo-con-exito-en-la-blanca","status":"publish","type":"post","link":"https:\/\/alcaldiaalbertoadriani.com\/?p=14228","title":{"rendered":"\u00daltimo Parrand\u00f3n Navide\u00f1o 2025 se realiz\u00f3 con \u00e9xito en La Blanca"},"content":{"rendered":"\n<p>De manera exitosa, la alcald\u00eda del <a href=\"https:\/\/alcaldiaalbertoadriani.com\/?p=922\">municipio Alberto Adriani<\/a>, realiz\u00f3 este s\u00e1bado 20 de diciembre el \u00faltimo <a href=\"https:\/\/alcaldiaalbertoadriani.com\/?p=14179\">Parrand\u00f3n Navide\u00f1o<\/a> en el sector La Blanca, parroquia Rafael Pulido M\u00e9ndez.\u00a0<\/p>\n\n\n\n<p>Brenda Hern\u00e1ndez, concejal del circuito, en representaci\u00f3n del alcalde <a href=\"https:\/\/www.instagram.com\/lisandrosegura02\/\">Lisandro Segura<\/a>, extendi\u00f3 sus palabras de salutaci\u00f3n a los presentes y resalt\u00f3 el apoyo de la gesti\u00f3n municipal para la realizaci\u00f3n del evento.<\/p>\n\n\n\n<figure class=\"wp-block-gallery has-nested-images columns-default is-cropped wp-block-gallery-1 is-layout-flex wp-block-gallery-is-layout-flex\">\n<figure class=\"wp-block-image size-large\"><img loading=\"lazy\" decoding=\"async\" width=\"1024\" height=\"768\" data-id=\"14230\" src=\"https:\/\/alcaldiaalbertoadriani.com\/wp-content\/uploads\/2025\/12\/photo_5062452547523644303_y-1024x768.jpg\" alt=\"\" class=\"wp-image-14230\" srcset=\"https:\/\/alcaldiaalbertoadriani.com\/wp-content\/uploads\/2025\/12\/photo_5062452547523644303_y-1024x768.jpg 1024w, https:\/\/alcaldiaalbertoadriani.com\/wp-content\/uploads\/2025\/12\/photo_5062452547523644303_y-980x735.jpg 980w, https:\/\/alcaldiaalbertoadriani.com\/wp-content\/uploads\/2025\/12\/photo_5062452547523644303_y-480x360.jpg 480w\" sizes=\"auto, (min-width: 0px) and (max-width: 480px) 480px, (min-width: 481px) and (max-width: 980px) 980px, (min-width: 981px) 1024px, 100vw\" \/><\/figure>\n<\/figure>\n\n\n\n<p>El presb\u00edtero Ricardo Quevedo, fue el encargado de bendecir la actividad mediante una eucarist\u00eda.<\/p>\n\n\n\n<figure class=\"wp-block-gallery has-nested-images columns-default is-cropped wp-block-gallery-2 is-layout-flex wp-block-gallery-is-layout-flex\">\n<figure class=\"wp-block-image size-large\"><img loading=\"lazy\" decoding=\"async\" width=\"1024\" height=\"768\" data-id=\"14231\" src=\"https:\/\/alcaldiaalbertoadriani.com\/wp-content\/uploads\/2025\/12\/photo_5062452547523644304_y-1024x768.jpg\" alt=\"\" class=\"wp-image-14231\" srcset=\"https:\/\/alcaldiaalbertoadriani.com\/wp-content\/uploads\/2025\/12\/photo_5062452547523644304_y-1024x768.jpg 1024w, https:\/\/alcaldiaalbertoadriani.com\/wp-content\/uploads\/2025\/12\/photo_5062452547523644304_y-980x735.jpg 980w, https:\/\/alcaldiaalbertoadriani.com\/wp-content\/uploads\/2025\/12\/photo_5062452547523644304_y-480x360.jpg 480w\" sizes=\"auto, (min-width: 0px) and (max-width: 480px) 480px, (min-width: 481px) and (max-width: 980px) 980px, (min-width: 981px) 1024px, 100vw\" \/><\/figure>\n<\/figure>\n\n\n\n<p>La <a href=\"https:\/\/alcaldiaalbertoadriani.com\/?p=1297\">Banda Municipal Inocente Carre\u00f1o<\/a> inici\u00f3 la jornada deleitando al p\u00fablico con un amplio repertorio musical navide\u00f1o. Entre las presentaciones destacaron grupos culturales, villancicos, danzas y recitales de poes\u00eda; as\u00ed como una variada muestra de talento urbano, campesino, colombiano y mexicano, entre otros.<\/p>\n\n\n\n<figure class=\"wp-block-gallery has-nested-images columns-default is-cropped wp-block-gallery-3 is-layout-flex wp-block-gallery-is-layout-flex\">\n<figure class=\"wp-block-image size-large\"><img loading=\"lazy\" decoding=\"async\" width=\"1024\" height=\"768\" data-id=\"14232\" src=\"https:\/\/alcaldiaalbertoadriani.com\/wp-content\/uploads\/2025\/12\/photo_5062452547523644308_y-1024x768.jpg\" alt=\"\" class=\"wp-image-14232\" srcset=\"https:\/\/alcaldiaalbertoadriani.com\/wp-content\/uploads\/2025\/12\/photo_5062452547523644308_y-1024x768.jpg 1024w, https:\/\/alcaldiaalbertoadriani.com\/wp-content\/uploads\/2025\/12\/photo_5062452547523644308_y-980x735.jpg 980w, https:\/\/alcaldiaalbertoadriani.com\/wp-content\/uploads\/2025\/12\/photo_5062452547523644308_y-480x360.jpg 480w\" sizes=\"auto, (min-width: 0px) and (max-width: 480px) 480px, (min-width: 481px) and (max-width: 980px) 980px, (min-width: 981px) 1024px, 100vw\" \/><\/figure>\n<\/figure>\n\n\n\n<p>Entretanto, el joven Bryan G\u00f3mez, habitante de la urbanizaci\u00f3n Villa Los \u00c1ngeles, elev\u00f3 un globo por la paz de Venezuela.<\/p>\n\n\n\n<figure class=\"wp-block-gallery has-nested-images columns-default is-cropped wp-block-gallery-4 is-layout-flex wp-block-gallery-is-layout-flex\">\n<figure class=\"wp-block-image size-large\"><img loading=\"lazy\" decoding=\"async\" width=\"1024\" height=\"768\" data-id=\"14233\" src=\"https:\/\/alcaldiaalbertoadriani.com\/wp-content\/uploads\/2025\/12\/photo_5062452547523644322_y-1024x768.jpg\" alt=\"\" class=\"wp-image-14233\" srcset=\"https:\/\/alcaldiaalbertoadriani.com\/wp-content\/uploads\/2025\/12\/photo_5062452547523644322_y-1024x768.jpg 1024w, https:\/\/alcaldiaalbertoadriani.com\/wp-content\/uploads\/2025\/12\/photo_5062452547523644322_y-980x735.jpg 980w, https:\/\/alcaldiaalbertoadriani.com\/wp-content\/uploads\/2025\/12\/photo_5062452547523644322_y-480x360.jpg 480w\" sizes=\"auto, (min-width: 0px) and (max-width: 480px) 480px, (min-width: 481px) and (max-width: 980px) 980px, (min-width: 981px) 1024px, 100vw\" \/><\/figure>\n<\/figure>\n\n\n\n<p>Importante destacar que el evento cont\u00f3 con la presencia de la Alianza Radial Adrianista la cual brind\u00f3 cobertura informativa en vivo.<\/p>\n\n\n\n<figure class=\"wp-block-gallery has-nested-images columns-default is-cropped wp-block-gallery-5 is-layout-flex wp-block-gallery-is-layout-flex\">\n<figure class=\"wp-block-image size-large\"><img loading=\"lazy\" decoding=\"async\" width=\"1024\" height=\"586\" data-id=\"14234\" src=\"https:\/\/alcaldiaalbertoadriani.com\/wp-content\/uploads\/2025\/12\/photo_5062452547523644312_y-1024x586.jpg\" alt=\"\" class=\"wp-image-14234\" srcset=\"https:\/\/alcaldiaalbertoadriani.com\/wp-content\/uploads\/2025\/12\/photo_5062452547523644312_y-1024x586.jpg 1024w, https:\/\/alcaldiaalbertoadriani.com\/wp-content\/uploads\/2025\/12\/photo_5062452547523644312_y-980x561.jpg 980w, https:\/\/alcaldiaalbertoadriani.com\/wp-content\/uploads\/2025\/12\/photo_5062452547523644312_y-480x275.jpg 480w\" sizes=\"auto, (min-width: 0px) and (max-width: 480px) 480px, (min-width: 481px) and (max-width: 980px) 980px, (min-width: 981px) 1024px, 100vw\" \/><\/figure>\n<\/figure>\n\n\n\n<p>El jurado calificador evalu\u00f3 cada presentaci\u00f3n del parrand\u00f3n que cont\u00f3 con la participaci\u00f3n de las comunidades adyacentes. Asimismo, las agrupaciones musicales y el talento local dijeron presentes para cerrar con broche de oro.<\/p>\n\n\n\n<p>Posteriormente, se entregaron merecidos certificados de reconocimiento.<strong><em> Prensa Alcald\u00eda Alberto Adriani\/Edgar Mendoza CNP 25.736\/Fotos: Karla M\u00e1rquez.<\/em><\/strong><\/p>\n\n\n\n<figure class=\"wp-block-gallery has-nested-images columns-default is-cropped wp-block-gallery-6 is-layout-flex wp-block-gallery-is-layout-flex\">\n<figure class=\"wp-block-image size-large\"><img loading=\"lazy\" decoding=\"async\" width=\"1024\" height=\"768\" data-id=\"14243\" src=\"https:\/\/alcaldiaalbertoadriani.com\/wp-content\/uploads\/2025\/12\/photo_5062452547523644323_y-1024x768.jpg\" alt=\"\" class=\"wp-image-14243\" srcset=\"https:\/\/alcaldiaalbertoadriani.com\/wp-content\/uploads\/2025\/12\/photo_5062452547523644323_y-1024x768.jpg 1024w, https:\/\/alcaldiaalbertoadriani.com\/wp-content\/uploads\/2025\/12\/photo_5062452547523644323_y-980x735.jpg 980w, https:\/\/alcaldiaalbertoadriani.com\/wp-content\/uploads\/2025\/12\/photo_5062452547523644323_y-480x360.jpg 480w\" sizes=\"auto, (min-width: 0px) and (max-width: 480px) 480px, (min-width: 481px) and (max-width: 980px) 980px, (min-width: 981px) 1024px, 100vw\" \/><\/figure>\n\n\n\n<figure class=\"wp-block-image size-large\"><img loading=\"lazy\" decoding=\"async\" width=\"1024\" height=\"768\" data-id=\"14235\" src=\"https:\/\/alcaldiaalbertoadriani.com\/wp-content\/uploads\/2025\/12\/photo_5062452547523644305_y-1024x768.jpg\" alt=\"\" class=\"wp-image-14235\" srcset=\"https:\/\/alcaldiaalbertoadriani.com\/wp-content\/uploads\/2025\/12\/photo_5062452547523644305_y-1024x768.jpg 1024w, https:\/\/alcaldiaalbertoadriani.com\/wp-content\/uploads\/2025\/12\/photo_5062452547523644305_y-980x735.jpg 980w, https:\/\/alcaldiaalbertoadriani.com\/wp-content\/uploads\/2025\/12\/photo_5062452547523644305_y-480x360.jpg 480w\" sizes=\"auto, (min-width: 0px) and (max-width: 480px) 480px, (min-width: 481px) and (max-width: 980px) 980px, (min-width: 981px) 1024px, 100vw\" \/><\/figure>\n\n\n\n<figure class=\"wp-block-image size-large\"><img loading=\"lazy\" decoding=\"async\" width=\"1024\" height=\"768\" data-id=\"14238\" src=\"https:\/\/alcaldiaalbertoadriani.com\/wp-content\/uploads\/2025\/12\/photo_5062452547523644306_y-1024x768.jpg\" alt=\"\" class=\"wp-image-14238\" srcset=\"https:\/\/alcaldiaalbertoadriani.com\/wp-content\/uploads\/2025\/12\/photo_5062452547523644306_y-1024x768.jpg 1024w, https:\/\/alcaldiaalbertoadriani.com\/wp-content\/uploads\/2025\/12\/photo_5062452547523644306_y-980x735.jpg 980w, https:\/\/alcaldiaalbertoadriani.com\/wp-content\/uploads\/2025\/12\/photo_5062452547523644306_y-480x360.jpg 480w\" sizes=\"auto, (min-width: 0px) and (max-width: 480px) 480px, (min-width: 481px) and (max-width: 980px) 980px, (min-width: 981px) 1024px, 100vw\" \/><\/figure>\n\n\n\n<figure class=\"wp-block-image size-large\"><img loading=\"lazy\" decoding=\"async\" width=\"1024\" height=\"768\" data-id=\"14247\" src=\"https:\/\/alcaldiaalbertoadriani.com\/wp-content\/uploads\/2025\/12\/photo_5062452547523644307_y-1024x768.jpg\" alt=\"\" class=\"wp-image-14247\" srcset=\"https:\/\/alcaldiaalbertoadriani.com\/wp-content\/uploads\/2025\/12\/photo_5062452547523644307_y-1024x768.jpg 1024w, https:\/\/alcaldiaalbertoadriani.com\/wp-content\/uploads\/2025\/12\/photo_5062452547523644307_y-980x735.jpg 980w, https:\/\/alcaldiaalbertoadriani.com\/wp-content\/uploads\/2025\/12\/photo_5062452547523644307_y-480x360.jpg 480w\" sizes=\"auto, (min-width: 0px) and (max-width: 480px) 480px, (min-width: 481px) and (max-width: 980px) 980px, (min-width: 981px) 1024px, 100vw\" \/><\/figure>\n\n\n\n<figure class=\"wp-block-image size-large\"><img loading=\"lazy\" decoding=\"async\" width=\"1024\" height=\"768\" data-id=\"14246\" src=\"https:\/\/alcaldiaalbertoadriani.com\/wp-content\/uploads\/2025\/12\/photo_5062452547523644310_y-1024x768.jpg\" alt=\"\" class=\"wp-image-14246\" srcset=\"https:\/\/alcaldiaalbertoadriani.com\/wp-content\/uploads\/2025\/12\/photo_5062452547523644310_y-1024x768.jpg 1024w, https:\/\/alcaldiaalbertoadriani.com\/wp-content\/uploads\/2025\/12\/photo_5062452547523644310_y-980x735.jpg 980w, https:\/\/alcaldiaalbertoadriani.com\/wp-content\/uploads\/2025\/12\/photo_5062452547523644310_y-480x360.jpg 480w\" sizes=\"auto, (min-width: 0px) and (max-width: 480px) 480px, (min-width: 481px) and (max-width: 980px) 980px, (min-width: 981px) 1024px, 100vw\" \/><\/figure>\n\n\n\n<figure class=\"wp-block-image size-large\"><img loading=\"lazy\" decoding=\"async\" width=\"1024\" height=\"768\" data-id=\"14239\" src=\"https:\/\/alcaldiaalbertoadriani.com\/wp-content\/uploads\/2025\/12\/photo_5062452547523644311_y-1024x768.jpg\" alt=\"\" class=\"wp-image-14239\" srcset=\"https:\/\/alcaldiaalbertoadriani.com\/wp-content\/uploads\/2025\/12\/photo_5062452547523644311_y-1024x768.jpg 1024w, https:\/\/alcaldiaalbertoadriani.com\/wp-content\/uploads\/2025\/12\/photo_5062452547523644311_y-980x735.jpg 980w, https:\/\/alcaldiaalbertoadriani.com\/wp-content\/uploads\/2025\/12\/photo_5062452547523644311_y-480x360.jpg 480w\" sizes=\"auto, (min-width: 0px) and (max-width: 480px) 480px, (min-width: 481px) and (max-width: 980px) 980px, (min-width: 981px) 1024px, 100vw\" \/><\/figure>\n\n\n\n<figure class=\"wp-block-image size-large\"><img loading=\"lazy\" decoding=\"async\" width=\"1024\" height=\"768\" data-id=\"14237\" src=\"https:\/\/alcaldiaalbertoadriani.com\/wp-content\/uploads\/2025\/12\/photo_5062452547523644313_y-1024x768.jpg\" alt=\"\" class=\"wp-image-14237\" srcset=\"https:\/\/alcaldiaalbertoadriani.com\/wp-content\/uploads\/2025\/12\/photo_5062452547523644313_y-1024x768.jpg 1024w, https:\/\/alcaldiaalbertoadriani.com\/wp-content\/uploads\/2025\/12\/photo_5062452547523644313_y-980x735.jpg 980w, https:\/\/alcaldiaalbertoadriani.com\/wp-content\/uploads\/2025\/12\/photo_5062452547523644313_y-480x360.jpg 480w\" sizes=\"auto, (min-width: 0px) and (max-width: 480px) 480px, (min-width: 481px) and (max-width: 980px) 980px, (min-width: 981px) 1024px, 100vw\" \/><\/figure>\n\n\n\n<figure class=\"wp-block-image size-large\"><img loading=\"lazy\" decoding=\"async\" width=\"1024\" height=\"768\" data-id=\"14240\" src=\"https:\/\/alcaldiaalbertoadriani.com\/wp-content\/uploads\/2025\/12\/photo_5062452547523644315_y-1024x768.jpg\" alt=\"\" class=\"wp-image-14240\" srcset=\"https:\/\/alcaldiaalbertoadriani.com\/wp-content\/uploads\/2025\/12\/photo_5062452547523644315_y-1024x768.jpg 1024w, https:\/\/alcaldiaalbertoadriani.com\/wp-content\/uploads\/2025\/12\/photo_5062452547523644315_y-980x735.jpg 980w, https:\/\/alcaldiaalbertoadriani.com\/wp-content\/uploads\/2025\/12\/photo_5062452547523644315_y-480x360.jpg 480w\" sizes=\"auto, (min-width: 0px) and (max-width: 480px) 480px, (min-width: 481px) and (max-width: 980px) 980px, (min-width: 981px) 1024px, 100vw\" \/><\/figure>\n\n\n\n<figure class=\"wp-block-image size-large\"><img loading=\"lazy\" decoding=\"async\" width=\"1024\" height=\"768\" data-id=\"14241\" src=\"https:\/\/alcaldiaalbertoadriani.com\/wp-content\/uploads\/2025\/12\/photo_5062452547523644316_y-1024x768.jpg\" alt=\"\" class=\"wp-image-14241\" srcset=\"https:\/\/alcaldiaalbertoadriani.com\/wp-content\/uploads\/2025\/12\/photo_5062452547523644316_y-1024x768.jpg 1024w, https:\/\/alcaldiaalbertoadriani.com\/wp-content\/uploads\/2025\/12\/photo_5062452547523644316_y-980x735.jpg 980w, https:\/\/alcaldiaalbertoadriani.com\/wp-content\/uploads\/2025\/12\/photo_5062452547523644316_y-480x360.jpg 480w\" sizes=\"auto, (min-width: 0px) and (max-width: 480px) 480px, (min-width: 481px) and (max-width: 980px) 980px, (min-width: 981px) 1024px, 100vw\" \/><\/figure>\n\n\n\n<figure class=\"wp-block-image size-large\"><img loading=\"lazy\" decoding=\"async\" width=\"1024\" height=\"768\" data-id=\"14245\" src=\"https:\/\/alcaldiaalbertoadriani.com\/wp-content\/uploads\/2025\/12\/photo_5062452547523644317_y-1024x768.jpg\" alt=\"\" class=\"wp-image-14245\" srcset=\"https:\/\/alcaldiaalbertoadriani.com\/wp-content\/uploads\/2025\/12\/photo_5062452547523644317_y-1024x768.jpg 1024w, https:\/\/alcaldiaalbertoadriani.com\/wp-content\/uploads\/2025\/12\/photo_5062452547523644317_y-980x735.jpg 980w, https:\/\/alcaldiaalbertoadriani.com\/wp-content\/uploads\/2025\/12\/photo_5062452547523644317_y-480x360.jpg 480w\" sizes=\"auto, (min-width: 0px) and (max-width: 480px) 480px, (min-width: 481px) and (max-width: 980px) 980px, (min-width: 981px) 1024px, 100vw\" \/><\/figure>\n\n\n\n<figure class=\"wp-block-image size-large\"><img loading=\"lazy\" decoding=\"async\" width=\"1024\" height=\"768\" data-id=\"14244\" src=\"https:\/\/alcaldiaalbertoadriani.com\/wp-content\/uploads\/2025\/12\/photo_5062452547523644318_y-1024x768.jpg\" alt=\"\" class=\"wp-image-14244\" srcset=\"https:\/\/alcaldiaalbertoadriani.com\/wp-content\/uploads\/2025\/12\/photo_5062452547523644318_y-1024x768.jpg 1024w, https:\/\/alcaldiaalbertoadriani.com\/wp-content\/uploads\/2025\/12\/photo_5062452547523644318_y-980x735.jpg 980w, https:\/\/alcaldiaalbertoadriani.com\/wp-content\/uploads\/2025\/12\/photo_5062452547523644318_y-480x360.jpg 480w\" sizes=\"auto, (min-width: 0px) and (max-width: 480px) 480px, (min-width: 481px) and (max-width: 980px) 980px, (min-width: 981px) 1024px, 100vw\" \/><\/figure>\n\n\n\n<figure class=\"wp-block-image size-large\"><img loading=\"lazy\" decoding=\"async\" width=\"1024\" height=\"768\" data-id=\"14236\" src=\"https:\/\/alcaldiaalbertoadriani.com\/wp-content\/uploads\/2025\/12\/photo_5062452547523644319_y-1024x768.jpg\" alt=\"\" class=\"wp-image-14236\" srcset=\"https:\/\/alcaldiaalbertoadriani.com\/wp-content\/uploads\/2025\/12\/photo_5062452547523644319_y-1024x768.jpg 1024w, https:\/\/alcaldiaalbertoadriani.com\/wp-content\/uploads\/2025\/12\/photo_5062452547523644319_y-980x735.jpg 980w, https:\/\/alcaldiaalbertoadriani.com\/wp-content\/uploads\/2025\/12\/photo_5062452547523644319_y-480x360.jpg 480w\" sizes=\"auto, (min-width: 0px) and (max-width: 480px) 480px, (min-width: 481px) and (max-width: 980px) 980px, (min-width: 981px) 1024px, 100vw\" \/><\/figure>\n\n\n\n<figure class=\"wp-block-image size-large\"><img loading=\"lazy\" decoding=\"async\" width=\"1024\" height=\"768\" data-id=\"14242\" src=\"https:\/\/alcaldiaalbertoadriani.com\/wp-content\/uploads\/2025\/12\/photo_5062452547523644321_y-1024x768.jpg\" alt=\"\" class=\"wp-image-14242\" srcset=\"https:\/\/alcaldiaalbertoadriani.com\/wp-content\/uploads\/2025\/12\/photo_5062452547523644321_y-1024x768.jpg 1024w, https:\/\/alcaldiaalbertoadriani.com\/wp-content\/uploads\/2025\/12\/photo_5062452547523644321_y-980x735.jpg 980w, https:\/\/alcaldiaalbertoadriani.com\/wp-content\/uploads\/2025\/12\/photo_5062452547523644321_y-480x360.jpg 480w\" sizes=\"auto, (min-width: 0px) and (max-width: 480px) 480px, (min-width: 481px) and (max-width: 980px) 980px, (min-width: 981px) 1024px, 100vw\" \/><\/figure>\n<\/figure>\n","protected":false},"excerpt":{"rendered":"<p>De manera exitosa, la alcald\u00eda del municipio Alberto Adriani, realiz\u00f3 este s\u00e1bado 20 de diciembre el \u00faltimo Parrand\u00f3n Navide\u00f1o en el sector La Blanca, parroquia Rafael Pulido M\u00e9ndez.\u00a0 Brenda Hern\u00e1ndez, [&hellip;]<\/p>\n","protected":false},"author":2,"featured_media":14229,"comment_status":"open","ping_status":"closed","sticky":false,"template":"","format":"standard","meta":{"_et_pb_use_builder":"off","_et_pb_old_content":"","_et_gb_content_width":"","footnotes":""},"categories":[341,78,25,930],"tags":[11,12,15,761,30,29,28],"class_list":["post-14228","post","type-post","status-publish","format-standard","has-post-thumbnail","hentry","category-alcaldia-alberto-adriani","category-cultura","category-nuestro-municipio","category-parrandon","tag-alcaldia","tag-alcaldiaalbertoadriani","tag-elvigia","tag-encrucijadadeprogreso","tag-lisandrosegura","tag-municipioquenosmerecemos","tag-porelrenacer"],"yoast_head":"<!-- This site is optimized with the Yoast SEO plugin v19.13 - https:\/\/yoast.com\/wordpress\/plugins\/seo\/ -->\n<title>\u00daltimo Parrand\u00f3n Navide\u00f1o 2025 se realiz\u00f3 con \u00e9xito en La Blanca<\/title>\n<meta name=\"description\" content=\"\u00daltimo Parrand\u00f3n Navide\u00f1o 2025 se realiz\u00f3 con \u00e9xito en La Blanca, el presb\u00edtero Ricardo Quevedo, fue el encargado de bendecir la actividad\" \/>\n<meta name=\"robots\" content=\"index, follow, max-snippet:-1, max-image-preview:large, max-video-preview:-1\" \/>\n<link rel=\"canonical\" href=\"https:\/\/alcaldiaalbertoadriani.com\/?p=14228\" \/>\n<meta property=\"og:locale\" content=\"es_ES\" \/>\n<meta property=\"og:type\" content=\"article\" \/>\n<meta property=\"og:title\" content=\"\u00daltimo Parrand\u00f3n Navide\u00f1o 2025 se realiz\u00f3 con \u00e9xito en La Blanca\" \/>\n<meta property=\"og:description\" content=\"\u00daltimo Parrand\u00f3n Navide\u00f1o 2025 se realiz\u00f3 con \u00e9xito en La Blanca, el presb\u00edtero Ricardo Quevedo, fue el encargado de bendecir la actividad\" \/>\n<meta property=\"og:url\" content=\"https:\/\/alcaldiaalbertoadriani.com\/?p=14228\" \/>\n<meta property=\"og:site_name\" content=\"Alcaldia Alberto Adriani\" \/>\n<meta property=\"article:published_time\" content=\"2025-12-23T19:07:27+00:00\" \/>\n<meta property=\"article:modified_time\" content=\"2025-12-23T19:07:31+00:00\" \/>\n<meta property=\"og:image\" content=\"https:\/\/alcaldiaalbertoadriani.com\/wp-content\/uploads\/2025\/12\/photo_5062452547523644302_y.jpg\" \/>\n\t<meta property=\"og:image:width\" content=\"1280\" \/>\n\t<meta property=\"og:image:height\" content=\"960\" \/>\n\t<meta property=\"og:image:type\" content=\"image\/jpeg\" \/>\n<meta name=\"author\" content=\"Prensa\" \/>\n<meta name=\"twitter:card\" content=\"summary_large_image\" \/>\n<meta name=\"twitter:label1\" content=\"Escrito por\" \/>\n\t<meta name=\"twitter:data1\" content=\"Prensa\" \/>\n\t<meta name=\"twitter:label2\" content=\"Tiempo de lectura\" \/>\n\t<meta name=\"twitter:data2\" content=\"5 minutos\" \/>\n<script type=\"application\/ld+json\" class=\"yoast-schema-graph\">{\"@context\":\"https:\/\/schema.org\",\"@graph\":[{\"@type\":\"WebPage\",\"@id\":\"https:\/\/alcaldiaalbertoadriani.com\/?p=14228\",\"url\":\"https:\/\/alcaldiaalbertoadriani.com\/?p=14228\",\"name\":\"\u00daltimo Parrand\u00f3n Navide\u00f1o 2025 se realiz\u00f3 con \u00e9xito en La Blanca\",\"isPartOf\":{\"@id\":\"https:\/\/alcaldiaalbertoadriani.com\/#website\"},\"datePublished\":\"2025-12-23T19:07:27+00:00\",\"dateModified\":\"2025-12-23T19:07:31+00:00\",\"author\":{\"@id\":\"https:\/\/alcaldiaalbertoadriani.com\/#\/schema\/person\/549b4483ff8999ac780deeea78795fc9\"},\"description\":\"\u00daltimo Parrand\u00f3n Navide\u00f1o 2025 se realiz\u00f3 con \u00e9xito en La Blanca, el presb\u00edtero Ricardo Quevedo, fue el encargado de bendecir la actividad\",\"breadcrumb\":{\"@id\":\"https:\/\/alcaldiaalbertoadriani.com\/?p=14228#breadcrumb\"},\"inLanguage\":\"es\",\"potentialAction\":[{\"@type\":\"ReadAction\",\"target\":[\"https:\/\/alcaldiaalbertoadriani.com\/?p=14228\"]}]},{\"@type\":\"BreadcrumbList\",\"@id\":\"https:\/\/alcaldiaalbertoadriani.com\/?p=14228#breadcrumb\",\"itemListElement\":[{\"@type\":\"ListItem\",\"position\":1,\"name\":\"Portada\",\"item\":\"https:\/\/alcaldiaalbertoadriani.com\/\"},{\"@type\":\"ListItem\",\"position\":2,\"name\":\"\u00daltimo Parrand\u00f3n Navide\u00f1o 2025 se realiz\u00f3 con \u00e9xito en La Blanca\"}]},{\"@type\":\"WebSite\",\"@id\":\"https:\/\/alcaldiaalbertoadriani.com\/#website\",\"url\":\"https:\/\/alcaldiaalbertoadriani.com\/\",\"name\":\"Alcaldia Alberto Adriani\",\"description\":\"\",\"potentialAction\":[{\"@type\":\"SearchAction\",\"target\":{\"@type\":\"EntryPoint\",\"urlTemplate\":\"https:\/\/alcaldiaalbertoadriani.com\/?s={search_term_string}\"},\"query-input\":\"required name=search_term_string\"}],\"inLanguage\":\"es\"},{\"@type\":\"Person\",\"@id\":\"https:\/\/alcaldiaalbertoadriani.com\/#\/schema\/person\/549b4483ff8999ac780deeea78795fc9\",\"name\":\"Prensa\",\"image\":{\"@type\":\"ImageObject\",\"inLanguage\":\"es\",\"@id\":\"https:\/\/alcaldiaalbertoadriani.com\/#\/schema\/person\/image\/\",\"url\":\"https:\/\/secure.gravatar.com\/avatar\/ea1cb567ea992a29627f4eee1c2eb185ec16decec6342d508fdf18dedb56c9de?s=96&d=mm&r=g\",\"contentUrl\":\"https:\/\/secure.gravatar.com\/avatar\/ea1cb567ea992a29627f4eee1c2eb185ec16decec6342d508fdf18dedb56c9de?s=96&d=mm&r=g\",\"caption\":\"Prensa\"},\"url\":\"https:\/\/alcaldiaalbertoadriani.com\/?author=2\"}]}<\/script>\n<!-- \/ Yoast SEO plugin. -->","yoast_head_json":{"title":"\u00daltimo Parrand\u00f3n Navide\u00f1o 2025 se realiz\u00f3 con \u00e9xito en La Blanca","description":"\u00daltimo Parrand\u00f3n Navide\u00f1o 2025 se realiz\u00f3 con \u00e9xito en La Blanca, el presb\u00edtero Ricardo Quevedo, fue el encargado de bendecir la actividad","robots":{"index":"index","follow":"follow","max-snippet":"max-snippet:-1","max-image-preview":"max-image-preview:large","max-video-preview":"max-video-preview:-1"},"canonical":"https:\/\/alcaldiaalbertoadriani.com\/?p=14228","og_locale":"es_ES","og_type":"article","og_title":"\u00daltimo Parrand\u00f3n Navide\u00f1o 2025 se realiz\u00f3 con \u00e9xito en La Blanca","og_description":"\u00daltimo Parrand\u00f3n Navide\u00f1o 2025 se realiz\u00f3 con \u00e9xito en La Blanca, el presb\u00edtero Ricardo Quevedo, fue el encargado de bendecir la actividad","og_url":"https:\/\/alcaldiaalbertoadriani.com\/?p=14228","og_site_name":"Alcaldia Alberto Adriani","article_published_time":"2025-12-23T19:07:27+00:00","article_modified_time":"2025-12-23T19:07:31+00:00","og_image":[{"width":1280,"height":960,"url":"https:\/\/alcaldiaalbertoadriani.com\/wp-content\/uploads\/2025\/12\/photo_5062452547523644302_y.jpg","type":"image\/jpeg"}],"author":"Prensa","twitter_card":"summary_large_image","twitter_misc":{"Escrito por":"Prensa","Tiempo de lectura":"5 minutos"},"schema":{"@context":"https:\/\/schema.org","@graph":[{"@type":"WebPage","@id":"https:\/\/alcaldiaalbertoadriani.com\/?p=14228","url":"https:\/\/alcaldiaalbertoadriani.com\/?p=14228","name":"\u00daltimo Parrand\u00f3n Navide\u00f1o 2025 se realiz\u00f3 con \u00e9xito en La Blanca","isPartOf":{"@id":"https:\/\/alcaldiaalbertoadriani.com\/#website"},"datePublished":"2025-12-23T19:07:27+00:00","dateModified":"2025-12-23T19:07:31+00:00","author":{"@id":"https:\/\/alcaldiaalbertoadriani.com\/#\/schema\/person\/549b4483ff8999ac780deeea78795fc9"},"description":"\u00daltimo Parrand\u00f3n Navide\u00f1o 2025 se realiz\u00f3 con \u00e9xito en La Blanca, el presb\u00edtero Ricardo Quevedo, fue el encargado de bendecir la actividad","breadcrumb":{"@id":"https:\/\/alcaldiaalbertoadriani.com\/?p=14228#breadcrumb"},"inLanguage":"es","potentialAction":[{"@type":"ReadAction","target":["https:\/\/alcaldiaalbertoadriani.com\/?p=14228"]}]},{"@type":"BreadcrumbList","@id":"https:\/\/alcaldiaalbertoadriani.com\/?p=14228#breadcrumb","itemListElement":[{"@type":"ListItem","position":1,"name":"Portada","item":"https:\/\/alcaldiaalbertoadriani.com\/"},{"@type":"ListItem","position":2,"name":"\u00daltimo Parrand\u00f3n Navide\u00f1o 2025 se realiz\u00f3 con \u00e9xito en La Blanca"}]},{"@type":"WebSite","@id":"https:\/\/alcaldiaalbertoadriani.com\/#website","url":"https:\/\/alcaldiaalbertoadriani.com\/","name":"Alcaldia Alberto Adriani","description":"","potentialAction":[{"@type":"SearchAction","target":{"@type":"EntryPoint","urlTemplate":"https:\/\/alcaldiaalbertoadriani.com\/?s={search_term_string}"},"query-input":"required name=search_term_string"}],"inLanguage":"es"},{"@type":"Person","@id":"https:\/\/alcaldiaalbertoadriani.com\/#\/schema\/person\/549b4483ff8999ac780deeea78795fc9","name":"Prensa","image":{"@type":"ImageObject","inLanguage":"es","@id":"https:\/\/alcaldiaalbertoadriani.com\/#\/schema\/person\/image\/","url":"https:\/\/secure.gravatar.com\/avatar\/ea1cb567ea992a29627f4eee1c2eb185ec16decec6342d508fdf18dedb56c9de?s=96&d=mm&r=g","contentUrl":"https:\/\/secure.gravatar.com\/avatar\/ea1cb567ea992a29627f4eee1c2eb185ec16decec6342d508fdf18dedb56c9de?s=96&d=mm&r=g","caption":"Prensa"},"url":"https:\/\/alcaldiaalbertoadriani.com\/?author=2"}]}},"_links":{"self":[{"href":"https:\/\/alcaldiaalbertoadriani.com\/index.php?rest_route=\/wp\/v2\/posts\/14228","targetHints":{"allow":["GET"]}}],"collection":[{"href":"https:\/\/alcaldiaalbertoadriani.com\/index.php?rest_route=\/wp\/v2\/posts"}],"about":[{"href":"https:\/\/alcaldiaalbertoadriani.com\/index.php?rest_route=\/wp\/v2\/types\/post"}],"author":[{"embeddable":true,"href":"https:\/\/alcaldiaalbertoadriani.com\/index.php?rest_route=\/wp\/v2\/users\/2"}],"replies":[{"embeddable":true,"href":"https:\/\/alcaldiaalbertoadriani.com\/index.php?rest_route=%2Fwp%2Fv2%2Fcomments&post=14228"}],"version-history":[{"count":1,"href":"https:\/\/alcaldiaalbertoadriani.com\/index.php?rest_route=\/wp\/v2\/posts\/14228\/revisions"}],"predecessor-version":[{"id":14248,"href":"https:\/\/alcaldiaalbertoadriani.com\/index.php?rest_route=\/wp\/v2\/posts\/14228\/revisions\/14248"}],"wp:featuredmedia":[{"embeddable":true,"href":"https:\/\/alcaldiaalbertoadriani.com\/index.php?rest_route=\/wp\/v2\/media\/14229"}],"wp:attachment":[{"href":"https:\/\/alcaldiaalbertoadriani.com\/index.php?rest_route=%2Fwp%2Fv2%2Fmedia&parent=14228"}],"wp:term":[{"taxonomy":"category","embeddable":true,"href":"https:\/\/alcaldiaalbertoadriani.com\/index.php?rest_route=%2Fwp%2Fv2%2Fcategories&post=14228"},{"taxonomy":"post_tag","embeddable":true,"href":"https:\/\/alcaldiaalbertoadriani.com\/index.php?rest_route=%2Fwp%2Fv2%2Ftags&post=14228"}],"curies":[{"name":"wp","href":"https:\/\/api.w.org\/{rel}","templated":true}]}}