{"id":14217,"date":"2025-12-23T19:00:43","date_gmt":"2025-12-23T19:00:43","guid":{"rendered":"https:\/\/alcaldiaalbertoadriani.com\/?p=14217"},"modified":"2025-12-23T19:00:46","modified_gmt":"2025-12-23T19:00:46","slug":"ultima-visita-de-pesebres-edicion-2025-realizo-la-alianza-radial","status":"publish","type":"post","link":"https:\/\/alcaldiaalbertoadriani.com\/?p=14217","title":{"rendered":"\u00daltima visita de Pesebres edici\u00f3n 2025 realiz\u00f3 la Alianza Radial Adrianista"},"content":{"rendered":"\n<p>Funcionarios de la Oficina de Promoci\u00f3n Institucional de Alberto Adriani junto con los miembros de la <a href=\"https:\/\/alcaldiaalbertoadriani.com\/?p=14138\">Alianza Radial Adrianista<\/a> dieron por culminado el<a href=\"https:\/\/alcaldiaalbertoadriani.com\/?tag=concurso-de-pesebres-2024-continuo-con-la-alianza-radial\"> Concurso de Pesebres<\/a> 2025, promovido por el alcalde Lisandro Segura, en las distintas parroquias del municipio.\u00a0\u00a0\u00a0\u00a0\u00a0<\/p>\n\n\n\n<h2 class=\"wp-block-heading\"><strong><em>Alianza Radial Adrianista como Jurado Calificador<\/em><\/strong><\/h2>\n\n\n\n<p>El jurado calificador,&nbsp; conformado por los representantes de la alianza radial se trasladaron hacia las parroquias R\u00f3mulo Gallegos y R\u00f3mulo Betancourt para realizar las \u00faltimas visitas del concurso.<\/p>\n\n\n\n<figure class=\"wp-block-gallery has-nested-images columns-default is-cropped wp-block-gallery-1 is-layout-flex wp-block-gallery-is-layout-flex\">\n<figure class=\"wp-block-image size-large\"><img loading=\"lazy\" decoding=\"async\" width=\"1024\" height=\"768\" data-id=\"14219\" src=\"https:\/\/alcaldiaalbertoadriani.com\/wp-content\/uploads\/2025\/12\/photo_5064760585639103282_y.jpg\" alt=\"\" class=\"wp-image-14219\" srcset=\"https:\/\/alcaldiaalbertoadriani.com\/wp-content\/uploads\/2025\/12\/photo_5064760585639103282_y.jpg 1024w, https:\/\/alcaldiaalbertoadriani.com\/wp-content\/uploads\/2025\/12\/photo_5064760585639103282_y-980x735.jpg 980w, https:\/\/alcaldiaalbertoadriani.com\/wp-content\/uploads\/2025\/12\/photo_5064760585639103282_y-480x360.jpg 480w\" sizes=\"auto, (min-width: 0px) and (max-width: 480px) 480px, (min-width: 481px) and (max-width: 980px) 980px, (min-width: 981px) 1024px, 100vw\" \/><\/figure>\n<\/figure>\n\n\n\n<p>La visita del primer pesebre correspondi\u00f3 en la Urbanizaci\u00f3n Domingo Roa en casa de Ram\u00f3n Sulbar\u00e1n, quien hizo una combinaci\u00f3n del nacimiento, al estilo andino y evoc\u00f3 citas b\u00edblicas. La utilizaci\u00f3n de materiales naturales como musgo, paja, lajas y troncos de madera.<\/p>\n\n\n\n<figure class=\"wp-block-gallery has-nested-images columns-default is-cropped wp-block-gallery-2 is-layout-flex wp-block-gallery-is-layout-flex\">\n<figure class=\"wp-block-image size-large\"><img loading=\"lazy\" decoding=\"async\" width=\"1024\" height=\"768\" data-id=\"14221\" src=\"https:\/\/alcaldiaalbertoadriani.com\/wp-content\/uploads\/2025\/12\/photo_5064760585639103275_y-1.jpg\" alt=\"\" class=\"wp-image-14221\" srcset=\"https:\/\/alcaldiaalbertoadriani.com\/wp-content\/uploads\/2025\/12\/photo_5064760585639103275_y-1.jpg 1024w, https:\/\/alcaldiaalbertoadriani.com\/wp-content\/uploads\/2025\/12\/photo_5064760585639103275_y-1-980x735.jpg 980w, https:\/\/alcaldiaalbertoadriani.com\/wp-content\/uploads\/2025\/12\/photo_5064760585639103275_y-1-480x360.jpg 480w\" sizes=\"auto, (min-width: 0px) and (max-width: 480px) 480px, (min-width: 481px) and (max-width: 980px) 980px, (min-width: 981px) 1024px, 100vw\" \/><\/figure>\n<\/figure>\n\n\n\n<p>La segunda visita correspondi\u00f3 a la calle 3 en el sector Camino Real, un pesebre B\u00edblico presentado por Elena Andrade, con una tradici\u00f3n de 24 a\u00f1os, elaborado de forma artesanal con material reutilizable y destac\u00f3 un r\u00edo y un pozo.<\/p>\n\n\n\n<figure class=\"wp-block-gallery has-nested-images columns-default is-cropped wp-block-gallery-3 is-layout-flex wp-block-gallery-is-layout-flex\">\n<figure class=\"wp-block-image size-large\"><img loading=\"lazy\" decoding=\"async\" width=\"1024\" height=\"768\" data-id=\"14220\" src=\"https:\/\/alcaldiaalbertoadriani.com\/wp-content\/uploads\/2025\/12\/photo_5064760585639103283_y.jpg\" alt=\"\" class=\"wp-image-14220\" srcset=\"https:\/\/alcaldiaalbertoadriani.com\/wp-content\/uploads\/2025\/12\/photo_5064760585639103283_y.jpg 1024w, https:\/\/alcaldiaalbertoadriani.com\/wp-content\/uploads\/2025\/12\/photo_5064760585639103283_y-980x735.jpg 980w, https:\/\/alcaldiaalbertoadriani.com\/wp-content\/uploads\/2025\/12\/photo_5064760585639103283_y-480x360.jpg 480w\" sizes=\"auto, (min-width: 0px) and (max-width: 480px) 480px, (min-width: 481px) and (max-width: 980px) 980px, (min-width: 981px) 1024px, 100vw\" \/><\/figure>\n<\/figure>\n\n\n\n<p>El tercer pesebre visitado fue en el sector Monte Verde, en el hogar de Yaneth Vanegas, el mismo resalta por sus casas, hechas a mano durante 5 meses, que representa la Ciudad de Bel\u00e9n. El uso de materiales como cart\u00f3n, papel, anime, piedras, heno, goma espuma y estuco.<\/p>\n\n\n\n<figure class=\"wp-block-gallery has-nested-images columns-default is-cropped wp-block-gallery-4 is-layout-flex wp-block-gallery-is-layout-flex\">\n<figure class=\"wp-block-image size-large\"><img loading=\"lazy\" decoding=\"async\" width=\"1024\" height=\"768\" data-id=\"14222\" src=\"https:\/\/alcaldiaalbertoadriani.com\/wp-content\/uploads\/2025\/12\/photo_5064760585639103277_y.jpg\" alt=\"\" class=\"wp-image-14222\" srcset=\"https:\/\/alcaldiaalbertoadriani.com\/wp-content\/uploads\/2025\/12\/photo_5064760585639103277_y.jpg 1024w, https:\/\/alcaldiaalbertoadriani.com\/wp-content\/uploads\/2025\/12\/photo_5064760585639103277_y-980x735.jpg 980w, https:\/\/alcaldiaalbertoadriani.com\/wp-content\/uploads\/2025\/12\/photo_5064760585639103277_y-480x360.jpg 480w\" sizes=\"auto, (min-width: 0px) and (max-width: 480px) 480px, (min-width: 481px) and (max-width: 980px) 980px, (min-width: 981px) 1024px, 100vw\" \/><\/figure>\n<\/figure>\n\n\n\n<p>El cuarto y \u00faltimo pesebre visitado fue en el km 15 parroquia R\u00f3mulo Gallegos, all\u00ed Nellys Mart\u00ednez present\u00f3 un pesebre grande, el cual tard\u00f3 15 d\u00edas para elaborarlo. Resalt\u00f3 que es una tradici\u00f3n de varias generaciones. El mismo representa varias escenas del recorrido de Mar\u00eda y Jos\u00e9 hasta el nacimiento de El Salvador Jesucristo.<\/p>\n\n\n\n<figure class=\"wp-block-gallery has-nested-images columns-default is-cropped wp-block-gallery-5 is-layout-flex wp-block-gallery-is-layout-flex\">\n<figure class=\"wp-block-image size-large\"><img loading=\"lazy\" decoding=\"async\" width=\"960\" height=\"540\" data-id=\"14223\" src=\"https:\/\/alcaldiaalbertoadriani.com\/wp-content\/uploads\/2025\/12\/photo_5064760585639103280_y.jpg\" alt=\"\" class=\"wp-image-14223\" srcset=\"https:\/\/alcaldiaalbertoadriani.com\/wp-content\/uploads\/2025\/12\/photo_5064760585639103280_y.jpg 960w, https:\/\/alcaldiaalbertoadriani.com\/wp-content\/uploads\/2025\/12\/photo_5064760585639103280_y-480x270.jpg 480w\" sizes=\"auto, (min-width: 0px) and (max-width: 480px) 480px, (min-width: 481px) 960px, 100vw\" \/><\/figure>\n<\/figure>\n\n\n\n<p>Asimismo, destac\u00f3 otro escenario con elementos de la nieve del polo norte, es decir, es un Pesebre B\u00edblico y moderno a la vez.<\/p>\n\n\n\n<p>Vale destacar que estas iniciativas impulsadas por la gesti\u00f3n de gobierno del alcalde<a href=\"https:\/\/www.instagram.com\/lisandrosegura02\/\"> Lisandro Segura<\/a> realzan las tradiciones y mantienen viva la Fe en el Redentor, nuestro Se\u00f1or Jesucristo. <strong><em>Prensa Alcald\u00eda Alberto Adriani\/Claribel Zambrano CNP 11.843\/Fotos: Prensa AAA.<\/em><\/strong><\/p>\n\n\n\n<figure class=\"wp-block-gallery has-nested-images columns-default is-cropped wp-block-gallery-6 is-layout-flex wp-block-gallery-is-layout-flex\">\n<figure class=\"wp-block-image size-large\"><img loading=\"lazy\" decoding=\"async\" width=\"1024\" height=\"768\" data-id=\"14224\" src=\"https:\/\/alcaldiaalbertoadriani.com\/wp-content\/uploads\/2025\/12\/photo_5064760585639103278_y.jpg\" alt=\"\" class=\"wp-image-14224\" srcset=\"https:\/\/alcaldiaalbertoadriani.com\/wp-content\/uploads\/2025\/12\/photo_5064760585639103278_y.jpg 1024w, https:\/\/alcaldiaalbertoadriani.com\/wp-content\/uploads\/2025\/12\/photo_5064760585639103278_y-980x735.jpg 980w, https:\/\/alcaldiaalbertoadriani.com\/wp-content\/uploads\/2025\/12\/photo_5064760585639103278_y-480x360.jpg 480w\" sizes=\"auto, (min-width: 0px) and (max-width: 480px) 480px, (min-width: 481px) and (max-width: 980px) 980px, (min-width: 981px) 1024px, 100vw\" \/><\/figure>\n\n\n\n<figure class=\"wp-block-image size-large\"><img loading=\"lazy\" decoding=\"async\" width=\"1024\" height=\"768\" data-id=\"14226\" src=\"https:\/\/alcaldiaalbertoadriani.com\/wp-content\/uploads\/2025\/12\/photo_5064760585639103281_y.jpg\" alt=\"\" class=\"wp-image-14226\" srcset=\"https:\/\/alcaldiaalbertoadriani.com\/wp-content\/uploads\/2025\/12\/photo_5064760585639103281_y.jpg 1024w, https:\/\/alcaldiaalbertoadriani.com\/wp-content\/uploads\/2025\/12\/photo_5064760585639103281_y-980x735.jpg 980w, https:\/\/alcaldiaalbertoadriani.com\/wp-content\/uploads\/2025\/12\/photo_5064760585639103281_y-480x360.jpg 480w\" sizes=\"auto, (min-width: 0px) and (max-width: 480px) 480px, (min-width: 481px) and (max-width: 980px) 980px, (min-width: 981px) 1024px, 100vw\" \/><\/figure>\n\n\n\n<figure class=\"wp-block-image size-large\"><img loading=\"lazy\" decoding=\"async\" width=\"1024\" height=\"768\" data-id=\"14225\" src=\"https:\/\/alcaldiaalbertoadriani.com\/wp-content\/uploads\/2025\/12\/photo_5064760585639103276_y.jpg\" alt=\"\" class=\"wp-image-14225\" srcset=\"https:\/\/alcaldiaalbertoadriani.com\/wp-content\/uploads\/2025\/12\/photo_5064760585639103276_y.jpg 1024w, https:\/\/alcaldiaalbertoadriani.com\/wp-content\/uploads\/2025\/12\/photo_5064760585639103276_y-980x735.jpg 980w, https:\/\/alcaldiaalbertoadriani.com\/wp-content\/uploads\/2025\/12\/photo_5064760585639103276_y-480x360.jpg 480w\" sizes=\"auto, (min-width: 0px) and (max-width: 480px) 480px, (min-width: 481px) and (max-width: 980px) 980px, (min-width: 981px) 1024px, 100vw\" \/><\/figure>\n<\/figure>\n","protected":false},"excerpt":{"rendered":"<p>Funcionarios de la Oficina de Promoci\u00f3n Institucional de Alberto Adriani junto con los miembros de la Alianza Radial Adrianista dieron por culminado el Concurso de Pesebres 2025, promovido por el [&hellip;]<\/p>\n","protected":false},"author":2,"featured_media":14218,"comment_status":"open","ping_status":"closed","sticky":false,"template":"","format":"standard","meta":{"_et_pb_use_builder":"off","_et_pb_old_content":"","_et_gb_content_width":"","footnotes":""},"categories":[341,78,25],"tags":[31,11,12,761,30,28],"class_list":["post-14217","post","type-post","status-publish","format-standard","has-post-thumbnail","hentry","category-alcaldia-alberto-adriani","category-cultura","category-nuestro-municipio","tag-alcalde","tag-alcaldia","tag-alcaldiaalbertoadriani","tag-encrucijadadeprogreso","tag-lisandrosegura","tag-porelrenacer"],"yoast_head":"<!-- This site is optimized with the Yoast SEO plugin v19.13 - https:\/\/yoast.com\/wordpress\/plugins\/seo\/ -->\n<title>\u00daltima visita de Pesebres edici\u00f3n 2025 realiz\u00f3 la Alianza Radial<\/title>\n<meta name=\"description\" content=\"\u00daltima visita de Pesebres edici\u00f3n 2025 realiz\u00f3 la Alianza Radial Adrianista promovido por el alcalde Lisandro Segura.\" \/>\n<meta name=\"robots\" content=\"index, follow, max-snippet:-1, max-image-preview:large, max-video-preview:-1\" \/>\n<link rel=\"canonical\" href=\"https:\/\/alcaldiaalbertoadriani.com\/?p=14217\" \/>\n<meta property=\"og:locale\" content=\"es_ES\" \/>\n<meta property=\"og:type\" content=\"article\" \/>\n<meta property=\"og:title\" content=\"\u00daltima visita de Pesebres edici\u00f3n 2025 realiz\u00f3 la Alianza Radial\" \/>\n<meta property=\"og:description\" content=\"\u00daltima visita de Pesebres edici\u00f3n 2025 realiz\u00f3 la Alianza Radial Adrianista promovido por el alcalde Lisandro Segura.\" \/>\n<meta property=\"og:url\" content=\"https:\/\/alcaldiaalbertoadriani.com\/?p=14217\" \/>\n<meta property=\"og:site_name\" content=\"Alcaldia Alberto Adriani\" \/>\n<meta property=\"article:published_time\" content=\"2025-12-23T19:00:43+00:00\" \/>\n<meta property=\"article:modified_time\" content=\"2025-12-23T19:00:46+00:00\" \/>\n<meta property=\"og:image\" content=\"https:\/\/alcaldiaalbertoadriani.com\/wp-content\/uploads\/2025\/12\/photo_5064760585639103279_y.jpg\" \/>\n\t<meta property=\"og:image:width\" content=\"1024\" \/>\n\t<meta property=\"og:image:height\" content=\"768\" \/>\n\t<meta property=\"og:image:type\" content=\"image\/jpeg\" \/>\n<meta name=\"author\" content=\"Prensa\" \/>\n<meta name=\"twitter:card\" content=\"summary_large_image\" \/>\n<meta name=\"twitter:label1\" content=\"Escrito por\" \/>\n\t<meta name=\"twitter:data1\" content=\"Prensa\" \/>\n\t<meta name=\"twitter:label2\" content=\"Tiempo de lectura\" \/>\n\t<meta name=\"twitter:data2\" content=\"4 minutos\" \/>\n<script type=\"application\/ld+json\" class=\"yoast-schema-graph\">{\"@context\":\"https:\/\/schema.org\",\"@graph\":[{\"@type\":\"WebPage\",\"@id\":\"https:\/\/alcaldiaalbertoadriani.com\/?p=14217\",\"url\":\"https:\/\/alcaldiaalbertoadriani.com\/?p=14217\",\"name\":\"\u00daltima visita de Pesebres edici\u00f3n 2025 realiz\u00f3 la Alianza Radial\",\"isPartOf\":{\"@id\":\"https:\/\/alcaldiaalbertoadriani.com\/#website\"},\"datePublished\":\"2025-12-23T19:00:43+00:00\",\"dateModified\":\"2025-12-23T19:00:46+00:00\",\"author\":{\"@id\":\"https:\/\/alcaldiaalbertoadriani.com\/#\/schema\/person\/549b4483ff8999ac780deeea78795fc9\"},\"description\":\"\u00daltima visita de Pesebres edici\u00f3n 2025 realiz\u00f3 la Alianza Radial Adrianista promovido por el alcalde Lisandro Segura.\",\"breadcrumb\":{\"@id\":\"https:\/\/alcaldiaalbertoadriani.com\/?p=14217#breadcrumb\"},\"inLanguage\":\"es\",\"potentialAction\":[{\"@type\":\"ReadAction\",\"target\":[\"https:\/\/alcaldiaalbertoadriani.com\/?p=14217\"]}]},{\"@type\":\"BreadcrumbList\",\"@id\":\"https:\/\/alcaldiaalbertoadriani.com\/?p=14217#breadcrumb\",\"itemListElement\":[{\"@type\":\"ListItem\",\"position\":1,\"name\":\"Portada\",\"item\":\"https:\/\/alcaldiaalbertoadriani.com\/\"},{\"@type\":\"ListItem\",\"position\":2,\"name\":\"\u00daltima visita de Pesebres edici\u00f3n 2025 realiz\u00f3 la Alianza Radial Adrianista\"}]},{\"@type\":\"WebSite\",\"@id\":\"https:\/\/alcaldiaalbertoadriani.com\/#website\",\"url\":\"https:\/\/alcaldiaalbertoadriani.com\/\",\"name\":\"Alcaldia Alberto Adriani\",\"description\":\"\",\"potentialAction\":[{\"@type\":\"SearchAction\",\"target\":{\"@type\":\"EntryPoint\",\"urlTemplate\":\"https:\/\/alcaldiaalbertoadriani.com\/?s={search_term_string}\"},\"query-input\":\"required name=search_term_string\"}],\"inLanguage\":\"es\"},{\"@type\":\"Person\",\"@id\":\"https:\/\/alcaldiaalbertoadriani.com\/#\/schema\/person\/549b4483ff8999ac780deeea78795fc9\",\"name\":\"Prensa\",\"image\":{\"@type\":\"ImageObject\",\"inLanguage\":\"es\",\"@id\":\"https:\/\/alcaldiaalbertoadriani.com\/#\/schema\/person\/image\/\",\"url\":\"https:\/\/secure.gravatar.com\/avatar\/ea1cb567ea992a29627f4eee1c2eb185ec16decec6342d508fdf18dedb56c9de?s=96&d=mm&r=g\",\"contentUrl\":\"https:\/\/secure.gravatar.com\/avatar\/ea1cb567ea992a29627f4eee1c2eb185ec16decec6342d508fdf18dedb56c9de?s=96&d=mm&r=g\",\"caption\":\"Prensa\"},\"url\":\"https:\/\/alcaldiaalbertoadriani.com\/?author=2\"}]}<\/script>\n<!-- \/ Yoast SEO plugin. -->","yoast_head_json":{"title":"\u00daltima visita de Pesebres edici\u00f3n 2025 realiz\u00f3 la Alianza Radial","description":"\u00daltima visita de Pesebres edici\u00f3n 2025 realiz\u00f3 la Alianza Radial Adrianista promovido por el alcalde Lisandro Segura.","robots":{"index":"index","follow":"follow","max-snippet":"max-snippet:-1","max-image-preview":"max-image-preview:large","max-video-preview":"max-video-preview:-1"},"canonical":"https:\/\/alcaldiaalbertoadriani.com\/?p=14217","og_locale":"es_ES","og_type":"article","og_title":"\u00daltima visita de Pesebres edici\u00f3n 2025 realiz\u00f3 la Alianza Radial","og_description":"\u00daltima visita de Pesebres edici\u00f3n 2025 realiz\u00f3 la Alianza Radial Adrianista promovido por el alcalde Lisandro Segura.","og_url":"https:\/\/alcaldiaalbertoadriani.com\/?p=14217","og_site_name":"Alcaldia Alberto Adriani","article_published_time":"2025-12-23T19:00:43+00:00","article_modified_time":"2025-12-23T19:00:46+00:00","og_image":[{"width":1024,"height":768,"url":"https:\/\/alcaldiaalbertoadriani.com\/wp-content\/uploads\/2025\/12\/photo_5064760585639103279_y.jpg","type":"image\/jpeg"}],"author":"Prensa","twitter_card":"summary_large_image","twitter_misc":{"Escrito por":"Prensa","Tiempo de lectura":"4 minutos"},"schema":{"@context":"https:\/\/schema.org","@graph":[{"@type":"WebPage","@id":"https:\/\/alcaldiaalbertoadriani.com\/?p=14217","url":"https:\/\/alcaldiaalbertoadriani.com\/?p=14217","name":"\u00daltima visita de Pesebres edici\u00f3n 2025 realiz\u00f3 la Alianza Radial","isPartOf":{"@id":"https:\/\/alcaldiaalbertoadriani.com\/#website"},"datePublished":"2025-12-23T19:00:43+00:00","dateModified":"2025-12-23T19:00:46+00:00","author":{"@id":"https:\/\/alcaldiaalbertoadriani.com\/#\/schema\/person\/549b4483ff8999ac780deeea78795fc9"},"description":"\u00daltima visita de Pesebres edici\u00f3n 2025 realiz\u00f3 la Alianza Radial Adrianista promovido por el alcalde Lisandro Segura.","breadcrumb":{"@id":"https:\/\/alcaldiaalbertoadriani.com\/?p=14217#breadcrumb"},"inLanguage":"es","potentialAction":[{"@type":"ReadAction","target":["https:\/\/alcaldiaalbertoadriani.com\/?p=14217"]}]},{"@type":"BreadcrumbList","@id":"https:\/\/alcaldiaalbertoadriani.com\/?p=14217#breadcrumb","itemListElement":[{"@type":"ListItem","position":1,"name":"Portada","item":"https:\/\/alcaldiaalbertoadriani.com\/"},{"@type":"ListItem","position":2,"name":"\u00daltima visita de Pesebres edici\u00f3n 2025 realiz\u00f3 la Alianza Radial Adrianista"}]},{"@type":"WebSite","@id":"https:\/\/alcaldiaalbertoadriani.com\/#website","url":"https:\/\/alcaldiaalbertoadriani.com\/","name":"Alcaldia Alberto Adriani","description":"","potentialAction":[{"@type":"SearchAction","target":{"@type":"EntryPoint","urlTemplate":"https:\/\/alcaldiaalbertoadriani.com\/?s={search_term_string}"},"query-input":"required name=search_term_string"}],"inLanguage":"es"},{"@type":"Person","@id":"https:\/\/alcaldiaalbertoadriani.com\/#\/schema\/person\/549b4483ff8999ac780deeea78795fc9","name":"Prensa","image":{"@type":"ImageObject","inLanguage":"es","@id":"https:\/\/alcaldiaalbertoadriani.com\/#\/schema\/person\/image\/","url":"https:\/\/secure.gravatar.com\/avatar\/ea1cb567ea992a29627f4eee1c2eb185ec16decec6342d508fdf18dedb56c9de?s=96&d=mm&r=g","contentUrl":"https:\/\/secure.gravatar.com\/avatar\/ea1cb567ea992a29627f4eee1c2eb185ec16decec6342d508fdf18dedb56c9de?s=96&d=mm&r=g","caption":"Prensa"},"url":"https:\/\/alcaldiaalbertoadriani.com\/?author=2"}]}},"_links":{"self":[{"href":"https:\/\/alcaldiaalbertoadriani.com\/index.php?rest_route=\/wp\/v2\/posts\/14217","targetHints":{"allow":["GET"]}}],"collection":[{"href":"https:\/\/alcaldiaalbertoadriani.com\/index.php?rest_route=\/wp\/v2\/posts"}],"about":[{"href":"https:\/\/alcaldiaalbertoadriani.com\/index.php?rest_route=\/wp\/v2\/types\/post"}],"author":[{"embeddable":true,"href":"https:\/\/alcaldiaalbertoadriani.com\/index.php?rest_route=\/wp\/v2\/users\/2"}],"replies":[{"embeddable":true,"href":"https:\/\/alcaldiaalbertoadriani.com\/index.php?rest_route=%2Fwp%2Fv2%2Fcomments&post=14217"}],"version-history":[{"count":1,"href":"https:\/\/alcaldiaalbertoadriani.com\/index.php?rest_route=\/wp\/v2\/posts\/14217\/revisions"}],"predecessor-version":[{"id":14227,"href":"https:\/\/alcaldiaalbertoadriani.com\/index.php?rest_route=\/wp\/v2\/posts\/14217\/revisions\/14227"}],"wp:featuredmedia":[{"embeddable":true,"href":"https:\/\/alcaldiaalbertoadriani.com\/index.php?rest_route=\/wp\/v2\/media\/14218"}],"wp:attachment":[{"href":"https:\/\/alcaldiaalbertoadriani.com\/index.php?rest_route=%2Fwp%2Fv2%2Fmedia&parent=14217"}],"wp:term":[{"taxonomy":"category","embeddable":true,"href":"https:\/\/alcaldiaalbertoadriani.com\/index.php?rest_route=%2Fwp%2Fv2%2Fcategories&post=14217"},{"taxonomy":"post_tag","embeddable":true,"href":"https:\/\/alcaldiaalbertoadriani.com\/index.php?rest_route=%2Fwp%2Fv2%2Ftags&post=14217"}],"curies":[{"name":"wp","href":"https:\/\/api.w.org\/{rel}","templated":true}]}}