{"id":14209,"date":"2025-12-23T18:51:37","date_gmt":"2025-12-23T18:51:37","guid":{"rendered":"https:\/\/alcaldiaalbertoadriani.com\/?p=14209"},"modified":"2025-12-23T18:51:42","modified_gmt":"2025-12-23T18:51:42","slug":"alcaldia-alberto-adriani-celebro-con-exito-concurso-a-la-hallaca","status":"publish","type":"post","link":"https:\/\/alcaldiaalbertoadriani.com\/?p=14209","title":{"rendered":"Alcald\u00eda Alberto Adriani Celebr\u00f3 Con \u00c9xito Concurso A La Mejor Hallaca 2025"},"content":{"rendered":"\n<p>Con el prop\u00f3sito de rescatar las tradiciones decembrinas y promover el encuentro social, la gesti\u00f3n del alcalde<a href=\"https:\/\/www.instagram.com\/lisandrosegura02\/\"> Lisandro Segura<\/a>, a trav\u00e9s del Instituto Municipal de la Juventud, realiz\u00f3 con \u00e9xito el <a href=\"https:\/\/alcaldiaalbertoadriani.com\/?p=13504\">Concurso a la Mejor Hallaca<\/a>, edici\u00f3n 2025.<\/p>\n\n\n\n<figure class=\"wp-block-gallery has-nested-images columns-default is-cropped wp-block-gallery-1 is-layout-flex wp-block-gallery-is-layout-flex\">\n<figure class=\"wp-block-image size-large\"><img loading=\"lazy\" decoding=\"async\" width=\"1024\" height=\"768\" data-id=\"14211\" src=\"https:\/\/alcaldiaalbertoadriani.com\/wp-content\/uploads\/2025\/12\/photo_5062382195959335719_y-1024x768.jpg\" alt=\"\" class=\"wp-image-14211\" srcset=\"https:\/\/alcaldiaalbertoadriani.com\/wp-content\/uploads\/2025\/12\/photo_5062382195959335719_y-1024x768.jpg 1024w, https:\/\/alcaldiaalbertoadriani.com\/wp-content\/uploads\/2025\/12\/photo_5062382195959335719_y-980x735.jpg 980w, https:\/\/alcaldiaalbertoadriani.com\/wp-content\/uploads\/2025\/12\/photo_5062382195959335719_y-480x360.jpg 480w\" sizes=\"auto, (min-width: 0px) and (max-width: 480px) 480px, (min-width: 481px) and (max-width: 980px) 980px, (min-width: 981px) 1024px, 100vw\" \/><\/figure>\n<\/figure>\n\n\n\n<p>\u200bEl evento cont\u00f3 con la participaci\u00f3n de 16 concursantes, quienes presentaron sus propuestas culinarias ante un jurado calificador encargado de evaluar uno de los platos m\u00e1s emblem\u00e1ticos de la mesa venezolana en la temporada decembrina.<\/p>\n\n\n\n<p>\u200bJeckson Parra, presidente del Instituto Municipal de la Juventud y responsable de la organizaci\u00f3n del concurso, destac\u00f3 que esta iniciativa del alcalde arriba a su segundo a\u00f1o consecutivo. Seg\u00fan inform\u00f3, el jurado se rigi\u00f3 por cuatro criterios fundamentales como son presentaci\u00f3n de la hallaca, amarre, sabor y originalidad, resaltando que esta edici\u00f3n se evalu\u00f3 solo en la categor\u00eda de Hallaca Tradicional.<\/p>\n\n\n\n<p>Por su parte, Alvenis Villegas, miembro del jurado calificador, subray\u00f3 el valor emocional de este plato navide\u00f1o. &#8220;En Venezuela hay tantas hallacas como familias, y cada cual le da su toque personal. Todas las hallacas son buenas, pues es un sentimiento nacional que nos une&#8221;, refiri\u00f3.<\/p>\n\n\n\n<figure class=\"wp-block-gallery has-nested-images columns-default is-cropped wp-block-gallery-2 is-layout-flex wp-block-gallery-is-layout-flex\">\n<figure class=\"wp-block-image size-large\"><img loading=\"lazy\" decoding=\"async\" width=\"1024\" height=\"768\" data-id=\"14215\" src=\"https:\/\/alcaldiaalbertoadriani.com\/wp-content\/uploads\/2025\/12\/photo_5062382195959335720_y-1024x768.jpg\" alt=\"\" class=\"wp-image-14215\" srcset=\"https:\/\/alcaldiaalbertoadriani.com\/wp-content\/uploads\/2025\/12\/photo_5062382195959335720_y-1024x768.jpg 1024w, https:\/\/alcaldiaalbertoadriani.com\/wp-content\/uploads\/2025\/12\/photo_5062382195959335720_y-980x735.jpg 980w, https:\/\/alcaldiaalbertoadriani.com\/wp-content\/uploads\/2025\/12\/photo_5062382195959335720_y-480x360.jpg 480w\" sizes=\"auto, (min-width: 0px) and (max-width: 480px) 480px, (min-width: 481px) and (max-width: 980px) 980px, (min-width: 981px) 1024px, 100vw\" \/><\/figure>\n<\/figure>\n\n\n\n<p>Es importante mencionar que, los nombres de los ganadores de esta edici\u00f3n 2025 se dar\u00e1n a conocer oficialmente al acto de entrega de premios de los diferentes concursos, el cual se realizar\u00e1 este domingo 21 de diciembre en el Boulevard de la Plaza Bol\u00edvar de El Vig\u00eda<strong>. <em>Prensa Alcald\u00eda Alberto Adriani\/Claribel Zambrano CNP 11.843\/Fotos: Danny Ruiz.<\/em><\/strong><\/p>\n\n\n\n<figure class=\"wp-block-gallery has-nested-images columns-default is-cropped wp-block-gallery-3 is-layout-flex wp-block-gallery-is-layout-flex\">\n<figure class=\"wp-block-image size-large\"><img loading=\"lazy\" decoding=\"async\" width=\"1024\" height=\"768\" data-id=\"14212\" src=\"https:\/\/alcaldiaalbertoadriani.com\/wp-content\/uploads\/2025\/12\/photo_5062382195959335722_y-1024x768.jpg\" alt=\"\" class=\"wp-image-14212\" srcset=\"https:\/\/alcaldiaalbertoadriani.com\/wp-content\/uploads\/2025\/12\/photo_5062382195959335722_y-1024x768.jpg 1024w, https:\/\/alcaldiaalbertoadriani.com\/wp-content\/uploads\/2025\/12\/photo_5062382195959335722_y-980x735.jpg 980w, https:\/\/alcaldiaalbertoadriani.com\/wp-content\/uploads\/2025\/12\/photo_5062382195959335722_y-480x360.jpg 480w\" sizes=\"auto, (min-width: 0px) and (max-width: 480px) 480px, (min-width: 481px) and (max-width: 980px) 980px, (min-width: 981px) 1024px, 100vw\" \/><\/figure>\n\n\n\n<figure class=\"wp-block-image size-large\"><img loading=\"lazy\" decoding=\"async\" width=\"1024\" height=\"768\" data-id=\"14213\" src=\"https:\/\/alcaldiaalbertoadriani.com\/wp-content\/uploads\/2025\/12\/photo_5062382195959335723_y-1024x768.jpg\" alt=\"\" class=\"wp-image-14213\" srcset=\"https:\/\/alcaldiaalbertoadriani.com\/wp-content\/uploads\/2025\/12\/photo_5062382195959335723_y-1024x768.jpg 1024w, https:\/\/alcaldiaalbertoadriani.com\/wp-content\/uploads\/2025\/12\/photo_5062382195959335723_y-980x735.jpg 980w, https:\/\/alcaldiaalbertoadriani.com\/wp-content\/uploads\/2025\/12\/photo_5062382195959335723_y-480x360.jpg 480w\" sizes=\"auto, (min-width: 0px) and (max-width: 480px) 480px, (min-width: 481px) and (max-width: 980px) 980px, (min-width: 981px) 1024px, 100vw\" \/><\/figure>\n\n\n\n<figure class=\"wp-block-image size-large\"><img loading=\"lazy\" decoding=\"async\" width=\"1024\" height=\"768\" data-id=\"14214\" src=\"https:\/\/alcaldiaalbertoadriani.com\/wp-content\/uploads\/2025\/12\/photo_5062382195959335724_y-1024x768.jpg\" alt=\"\" class=\"wp-image-14214\" srcset=\"https:\/\/alcaldiaalbertoadriani.com\/wp-content\/uploads\/2025\/12\/photo_5062382195959335724_y-1024x768.jpg 1024w, https:\/\/alcaldiaalbertoadriani.com\/wp-content\/uploads\/2025\/12\/photo_5062382195959335724_y-980x735.jpg 980w, https:\/\/alcaldiaalbertoadriani.com\/wp-content\/uploads\/2025\/12\/photo_5062382195959335724_y-480x360.jpg 480w\" sizes=\"auto, (min-width: 0px) and (max-width: 480px) 480px, (min-width: 481px) and (max-width: 980px) 980px, (min-width: 981px) 1024px, 100vw\" \/><\/figure>\n<\/figure>\n","protected":false},"excerpt":{"rendered":"<p>Con el prop\u00f3sito de rescatar las tradiciones decembrinas y promover el encuentro social, la gesti\u00f3n del alcalde Lisandro Segura, a trav\u00e9s del Instituto Municipal de la Juventud, realiz\u00f3 con \u00e9xito [&hellip;]<\/p>\n","protected":false},"author":2,"featured_media":14210,"comment_status":"open","ping_status":"closed","sticky":false,"template":"","format":"standard","meta":{"_et_pb_use_builder":"off","_et_pb_old_content":"","_et_gb_content_width":"","footnotes":""},"categories":[341,78,25],"tags":[31,11,12,15,761,29,28],"class_list":["post-14209","post","type-post","status-publish","format-standard","has-post-thumbnail","hentry","category-alcaldia-alberto-adriani","category-cultura","category-nuestro-municipio","tag-alcalde","tag-alcaldia","tag-alcaldiaalbertoadriani","tag-elvigia","tag-encrucijadadeprogreso","tag-municipioquenosmerecemos","tag-porelrenacer"],"yoast_head":"<!-- This site is optimized with the Yoast SEO plugin v19.13 - https:\/\/yoast.com\/wordpress\/plugins\/seo\/ -->\n<title>Alcald\u00eda Alberto Adriani Celebr\u00f3 Con \u00c9xito Concurso A La hallaca<\/title>\n<meta name=\"description\" content=\"Alcald\u00eda Alberto Adriani Celebr\u00f3 Con \u00c9xito Concurso A La Mejor Hallaca 2025 \u200bEl evento cont\u00f3 con la participaci\u00f3n de 16 concursantes.\" \/>\n<meta name=\"robots\" content=\"index, follow, max-snippet:-1, max-image-preview:large, max-video-preview:-1\" \/>\n<link rel=\"canonical\" href=\"https:\/\/alcaldiaalbertoadriani.com\/?p=14209\" \/>\n<meta property=\"og:locale\" content=\"es_ES\" \/>\n<meta property=\"og:type\" content=\"article\" \/>\n<meta property=\"og:title\" content=\"Alcald\u00eda Alberto Adriani Celebr\u00f3 Con \u00c9xito Concurso A La hallaca\" \/>\n<meta property=\"og:description\" content=\"Alcald\u00eda Alberto Adriani Celebr\u00f3 Con \u00c9xito Concurso A La Mejor Hallaca 2025 \u200bEl evento cont\u00f3 con la participaci\u00f3n de 16 concursantes.\" \/>\n<meta property=\"og:url\" content=\"https:\/\/alcaldiaalbertoadriani.com\/?p=14209\" \/>\n<meta property=\"og:site_name\" content=\"Alcaldia Alberto Adriani\" \/>\n<meta property=\"article:published_time\" content=\"2025-12-23T18:51:37+00:00\" \/>\n<meta property=\"article:modified_time\" content=\"2025-12-23T18:51:42+00:00\" \/>\n<meta property=\"og:image\" content=\"https:\/\/alcaldiaalbertoadriani.com\/wp-content\/uploads\/2025\/12\/photo_5062382195959335721_y.jpg\" \/>\n\t<meta property=\"og:image:width\" content=\"1280\" \/>\n\t<meta property=\"og:image:height\" content=\"960\" \/>\n\t<meta property=\"og:image:type\" content=\"image\/jpeg\" \/>\n<meta name=\"author\" content=\"Prensa\" \/>\n<meta name=\"twitter:card\" content=\"summary_large_image\" \/>\n<meta name=\"twitter:label1\" content=\"Escrito por\" \/>\n\t<meta name=\"twitter:data1\" content=\"Prensa\" \/>\n\t<meta name=\"twitter:label2\" content=\"Tiempo de lectura\" \/>\n\t<meta name=\"twitter:data2\" content=\"3 minutos\" \/>\n<script type=\"application\/ld+json\" class=\"yoast-schema-graph\">{\"@context\":\"https:\/\/schema.org\",\"@graph\":[{\"@type\":\"WebPage\",\"@id\":\"https:\/\/alcaldiaalbertoadriani.com\/?p=14209\",\"url\":\"https:\/\/alcaldiaalbertoadriani.com\/?p=14209\",\"name\":\"Alcald\u00eda Alberto Adriani Celebr\u00f3 Con \u00c9xito Concurso A La hallaca\",\"isPartOf\":{\"@id\":\"https:\/\/alcaldiaalbertoadriani.com\/#website\"},\"datePublished\":\"2025-12-23T18:51:37+00:00\",\"dateModified\":\"2025-12-23T18:51:42+00:00\",\"author\":{\"@id\":\"https:\/\/alcaldiaalbertoadriani.com\/#\/schema\/person\/549b4483ff8999ac780deeea78795fc9\"},\"description\":\"Alcald\u00eda Alberto Adriani Celebr\u00f3 Con \u00c9xito Concurso A La Mejor Hallaca 2025 \u200bEl evento cont\u00f3 con la participaci\u00f3n de 16 concursantes.\",\"breadcrumb\":{\"@id\":\"https:\/\/alcaldiaalbertoadriani.com\/?p=14209#breadcrumb\"},\"inLanguage\":\"es\",\"potentialAction\":[{\"@type\":\"ReadAction\",\"target\":[\"https:\/\/alcaldiaalbertoadriani.com\/?p=14209\"]}]},{\"@type\":\"BreadcrumbList\",\"@id\":\"https:\/\/alcaldiaalbertoadriani.com\/?p=14209#breadcrumb\",\"itemListElement\":[{\"@type\":\"ListItem\",\"position\":1,\"name\":\"Portada\",\"item\":\"https:\/\/alcaldiaalbertoadriani.com\/\"},{\"@type\":\"ListItem\",\"position\":2,\"name\":\"Alcald\u00eda Alberto Adriani Celebr\u00f3 Con \u00c9xito Concurso A La Mejor Hallaca 2025\"}]},{\"@type\":\"WebSite\",\"@id\":\"https:\/\/alcaldiaalbertoadriani.com\/#website\",\"url\":\"https:\/\/alcaldiaalbertoadriani.com\/\",\"name\":\"Alcaldia Alberto Adriani\",\"description\":\"\",\"potentialAction\":[{\"@type\":\"SearchAction\",\"target\":{\"@type\":\"EntryPoint\",\"urlTemplate\":\"https:\/\/alcaldiaalbertoadriani.com\/?s={search_term_string}\"},\"query-input\":\"required name=search_term_string\"}],\"inLanguage\":\"es\"},{\"@type\":\"Person\",\"@id\":\"https:\/\/alcaldiaalbertoadriani.com\/#\/schema\/person\/549b4483ff8999ac780deeea78795fc9\",\"name\":\"Prensa\",\"image\":{\"@type\":\"ImageObject\",\"inLanguage\":\"es\",\"@id\":\"https:\/\/alcaldiaalbertoadriani.com\/#\/schema\/person\/image\/\",\"url\":\"https:\/\/secure.gravatar.com\/avatar\/ea1cb567ea992a29627f4eee1c2eb185ec16decec6342d508fdf18dedb56c9de?s=96&d=mm&r=g\",\"contentUrl\":\"https:\/\/secure.gravatar.com\/avatar\/ea1cb567ea992a29627f4eee1c2eb185ec16decec6342d508fdf18dedb56c9de?s=96&d=mm&r=g\",\"caption\":\"Prensa\"},\"url\":\"https:\/\/alcaldiaalbertoadriani.com\/?author=2\"}]}<\/script>\n<!-- \/ Yoast SEO plugin. -->","yoast_head_json":{"title":"Alcald\u00eda Alberto Adriani Celebr\u00f3 Con \u00c9xito Concurso A La hallaca","description":"Alcald\u00eda Alberto Adriani Celebr\u00f3 Con \u00c9xito Concurso A La Mejor Hallaca 2025 \u200bEl evento cont\u00f3 con la participaci\u00f3n de 16 concursantes.","robots":{"index":"index","follow":"follow","max-snippet":"max-snippet:-1","max-image-preview":"max-image-preview:large","max-video-preview":"max-video-preview:-1"},"canonical":"https:\/\/alcaldiaalbertoadriani.com\/?p=14209","og_locale":"es_ES","og_type":"article","og_title":"Alcald\u00eda Alberto Adriani Celebr\u00f3 Con \u00c9xito Concurso A La hallaca","og_description":"Alcald\u00eda Alberto Adriani Celebr\u00f3 Con \u00c9xito Concurso A La Mejor Hallaca 2025 \u200bEl evento cont\u00f3 con la participaci\u00f3n de 16 concursantes.","og_url":"https:\/\/alcaldiaalbertoadriani.com\/?p=14209","og_site_name":"Alcaldia Alberto Adriani","article_published_time":"2025-12-23T18:51:37+00:00","article_modified_time":"2025-12-23T18:51:42+00:00","og_image":[{"width":1280,"height":960,"url":"https:\/\/alcaldiaalbertoadriani.com\/wp-content\/uploads\/2025\/12\/photo_5062382195959335721_y.jpg","type":"image\/jpeg"}],"author":"Prensa","twitter_card":"summary_large_image","twitter_misc":{"Escrito por":"Prensa","Tiempo de lectura":"3 minutos"},"schema":{"@context":"https:\/\/schema.org","@graph":[{"@type":"WebPage","@id":"https:\/\/alcaldiaalbertoadriani.com\/?p=14209","url":"https:\/\/alcaldiaalbertoadriani.com\/?p=14209","name":"Alcald\u00eda Alberto Adriani Celebr\u00f3 Con \u00c9xito Concurso A La hallaca","isPartOf":{"@id":"https:\/\/alcaldiaalbertoadriani.com\/#website"},"datePublished":"2025-12-23T18:51:37+00:00","dateModified":"2025-12-23T18:51:42+00:00","author":{"@id":"https:\/\/alcaldiaalbertoadriani.com\/#\/schema\/person\/549b4483ff8999ac780deeea78795fc9"},"description":"Alcald\u00eda Alberto Adriani Celebr\u00f3 Con \u00c9xito Concurso A La Mejor Hallaca 2025 \u200bEl evento cont\u00f3 con la participaci\u00f3n de 16 concursantes.","breadcrumb":{"@id":"https:\/\/alcaldiaalbertoadriani.com\/?p=14209#breadcrumb"},"inLanguage":"es","potentialAction":[{"@type":"ReadAction","target":["https:\/\/alcaldiaalbertoadriani.com\/?p=14209"]}]},{"@type":"BreadcrumbList","@id":"https:\/\/alcaldiaalbertoadriani.com\/?p=14209#breadcrumb","itemListElement":[{"@type":"ListItem","position":1,"name":"Portada","item":"https:\/\/alcaldiaalbertoadriani.com\/"},{"@type":"ListItem","position":2,"name":"Alcald\u00eda Alberto Adriani Celebr\u00f3 Con \u00c9xito Concurso A La Mejor Hallaca 2025"}]},{"@type":"WebSite","@id":"https:\/\/alcaldiaalbertoadriani.com\/#website","url":"https:\/\/alcaldiaalbertoadriani.com\/","name":"Alcaldia Alberto Adriani","description":"","potentialAction":[{"@type":"SearchAction","target":{"@type":"EntryPoint","urlTemplate":"https:\/\/alcaldiaalbertoadriani.com\/?s={search_term_string}"},"query-input":"required name=search_term_string"}],"inLanguage":"es"},{"@type":"Person","@id":"https:\/\/alcaldiaalbertoadriani.com\/#\/schema\/person\/549b4483ff8999ac780deeea78795fc9","name":"Prensa","image":{"@type":"ImageObject","inLanguage":"es","@id":"https:\/\/alcaldiaalbertoadriani.com\/#\/schema\/person\/image\/","url":"https:\/\/secure.gravatar.com\/avatar\/ea1cb567ea992a29627f4eee1c2eb185ec16decec6342d508fdf18dedb56c9de?s=96&d=mm&r=g","contentUrl":"https:\/\/secure.gravatar.com\/avatar\/ea1cb567ea992a29627f4eee1c2eb185ec16decec6342d508fdf18dedb56c9de?s=96&d=mm&r=g","caption":"Prensa"},"url":"https:\/\/alcaldiaalbertoadriani.com\/?author=2"}]}},"_links":{"self":[{"href":"https:\/\/alcaldiaalbertoadriani.com\/index.php?rest_route=\/wp\/v2\/posts\/14209","targetHints":{"allow":["GET"]}}],"collection":[{"href":"https:\/\/alcaldiaalbertoadriani.com\/index.php?rest_route=\/wp\/v2\/posts"}],"about":[{"href":"https:\/\/alcaldiaalbertoadriani.com\/index.php?rest_route=\/wp\/v2\/types\/post"}],"author":[{"embeddable":true,"href":"https:\/\/alcaldiaalbertoadriani.com\/index.php?rest_route=\/wp\/v2\/users\/2"}],"replies":[{"embeddable":true,"href":"https:\/\/alcaldiaalbertoadriani.com\/index.php?rest_route=%2Fwp%2Fv2%2Fcomments&post=14209"}],"version-history":[{"count":1,"href":"https:\/\/alcaldiaalbertoadriani.com\/index.php?rest_route=\/wp\/v2\/posts\/14209\/revisions"}],"predecessor-version":[{"id":14216,"href":"https:\/\/alcaldiaalbertoadriani.com\/index.php?rest_route=\/wp\/v2\/posts\/14209\/revisions\/14216"}],"wp:featuredmedia":[{"embeddable":true,"href":"https:\/\/alcaldiaalbertoadriani.com\/index.php?rest_route=\/wp\/v2\/media\/14210"}],"wp:attachment":[{"href":"https:\/\/alcaldiaalbertoadriani.com\/index.php?rest_route=%2Fwp%2Fv2%2Fmedia&parent=14209"}],"wp:term":[{"taxonomy":"category","embeddable":true,"href":"https:\/\/alcaldiaalbertoadriani.com\/index.php?rest_route=%2Fwp%2Fv2%2Fcategories&post=14209"},{"taxonomy":"post_tag","embeddable":true,"href":"https:\/\/alcaldiaalbertoadriani.com\/index.php?rest_route=%2Fwp%2Fv2%2Ftags&post=14209"}],"curies":[{"name":"wp","href":"https:\/\/api.w.org\/{rel}","templated":true}]}}