{"id":14072,"date":"2025-12-19T19:36:36","date_gmt":"2025-12-19T19:36:36","guid":{"rendered":"https:\/\/alcaldiaalbertoadriani.com\/?p=14072"},"modified":"2025-12-19T19:36:41","modified_gmt":"2025-12-19T19:36:41","slug":"alianza-radial-continua-visita-de-pesebres-y-calles-adornadas","status":"publish","type":"post","link":"https:\/\/alcaldiaalbertoadriani.com\/?p=14072","title":{"rendered":"Alianza radial contin\u00faa visita de pesebres y calles adornadas"},"content":{"rendered":"\n<p>Miembros de la Alcald\u00eda Alberto Adriani, junto con la Alianza Radial Adrianista, contin\u00faan con el <a href=\"https:\/\/alcaldiaalbertoadriani.com\/?tag=concurso-de-pesebres-2024-continuo-con-la-alianza-radial\">Concurso de Pesebres<\/a> 2025, promovido por el alcalde <a href=\"https:\/\/www.instagram.com\/lisandrosegura02\/\">Lisandro Segura<\/a>, en distintas comunidades de la localidad.\u00a0\u00a0\u00a0\u00a0<\/p>\n\n\n\n<p>En esta oportunidad, el jurado calificador, conformado por los miembros de la alianza radial, se dirigieron hacia las parroquias H\u00e9ctor Amable Mora y Rafael Pulido M\u00e9ndez para efectuar las respectivas visitas y calificaci\u00f3n.&nbsp;&nbsp;&nbsp;<\/p>\n\n\n\n<figure class=\"wp-block-gallery has-nested-images columns-default is-cropped wp-block-gallery-1 is-layout-flex wp-block-gallery-is-layout-flex\">\n<figure class=\"wp-block-image size-large\"><img loading=\"lazy\" decoding=\"async\" width=\"1024\" height=\"768\" data-id=\"14074\" src=\"https:\/\/alcaldiaalbertoadriani.com\/wp-content\/uploads\/2025\/12\/photo_5055331989963082553_y-1024x768.jpg\" alt=\"\" class=\"wp-image-14074\" srcset=\"https:\/\/alcaldiaalbertoadriani.com\/wp-content\/uploads\/2025\/12\/photo_5055331989963082553_y-1024x768.jpg 1024w, https:\/\/alcaldiaalbertoadriani.com\/wp-content\/uploads\/2025\/12\/photo_5055331989963082553_y-980x735.jpg 980w, https:\/\/alcaldiaalbertoadriani.com\/wp-content\/uploads\/2025\/12\/photo_5055331989963082553_y-480x360.jpg 480w\" sizes=\"auto, (min-width: 0px) and (max-width: 480px) 480px, (min-width: 481px) and (max-width: 980px) 980px, (min-width: 981px) 1024px, 100vw\" \/><\/figure>\n<\/figure>\n\n\n\n<p>La primera visita correspondi\u00f3 al sector Ca\u00f1o Caim\u00e1n, parroquia H\u00e9ctor Amable Mora, en el hogar de Jos\u00e9 Garnica, quienes sorprendieron con la presentaci\u00f3n de un pesebre viviente, evocando el nacimiento del Ni\u00f1os Jes\u00fas. El pesebre participante se caracteriza por presentar peceras, adem\u00e1s fue hecho con elementos naturales como matas, piedras y arena. Refiri\u00f3 el concursante que &#8220;es un legado que viene desde la abuela, un trabajo hecho en familia&#8221; con el apoyo de la comunidad la cual se aboc\u00f3 a recibir a la Alianza Radial.<\/p>\n\n\n\n<figure class=\"wp-block-gallery has-nested-images columns-default is-cropped wp-block-gallery-2 is-layout-flex wp-block-gallery-is-layout-flex\"><\/figure>\n\n\n\n<p>La segunda visita fue en Mucujepe, al lado de la iglesia, en casa de Delia Rojas, all\u00ed recibieron a la Alianza Radial con c\u00e1nticos y aguinaldos por parte de los Parranderos del Rosario. El pesebre presenta como caracter\u00edstica un nacimiento gigante, la ciudad de Jerusal\u00e9n con la utilizaci\u00f3n de elementos naturales como cactus, un r\u00edo artificial y artesan\u00eda en anime.<\/p>\n\n\n\n<figure class=\"wp-block-gallery has-nested-images columns-default is-cropped wp-block-gallery-3 is-layout-flex wp-block-gallery-is-layout-flex\">\n<figure class=\"wp-block-image size-large\"><img loading=\"lazy\" decoding=\"async\" width=\"1024\" height=\"768\" data-id=\"14076\" src=\"https:\/\/alcaldiaalbertoadriani.com\/wp-content\/uploads\/2025\/12\/photo_5055331989963082556_y-1024x768.jpg\" alt=\"\" class=\"wp-image-14076\" srcset=\"https:\/\/alcaldiaalbertoadriani.com\/wp-content\/uploads\/2025\/12\/photo_5055331989963082556_y-1024x768.jpg 1024w, https:\/\/alcaldiaalbertoadriani.com\/wp-content\/uploads\/2025\/12\/photo_5055331989963082556_y-980x735.jpg 980w, https:\/\/alcaldiaalbertoadriani.com\/wp-content\/uploads\/2025\/12\/photo_5055331989963082556_y-480x360.jpg 480w\" sizes=\"auto, (min-width: 0px) and (max-width: 480px) 480px, (min-width: 481px) and (max-width: 980px) 980px, (min-width: 981px) 1024px, 100vw\" \/><\/figure>\n<\/figure>\n\n\n\n<p>El tercer pesebre visitado, correspondi\u00f3 en la calle Bailadores de la mencionada parroquia. All\u00ed la Sra. Cecilia de Contreras recibi\u00f3 a la Alianza Radial para mostrar su pesebre cuya caracter\u00edstica resaltante es un portal donde se encuentra el Nacimiento; el mismo est\u00e1 hecho en material de cart\u00f3n, laja y aserr\u00edn.&nbsp; El pesebre fue elaborado por los hijos y nietos con la supervisi\u00f3n de la matriarca de la familia.<\/p>\n\n\n\n<figure class=\"wp-block-gallery has-nested-images columns-default is-cropped wp-block-gallery-4 is-layout-flex wp-block-gallery-is-layout-flex\">\n<figure class=\"wp-block-image size-large\"><img loading=\"lazy\" decoding=\"async\" width=\"1024\" height=\"768\" data-id=\"14077\" src=\"https:\/\/alcaldiaalbertoadriani.com\/wp-content\/uploads\/2025\/12\/photo_5055331989963082551_y-1024x768.jpg\" alt=\"\" class=\"wp-image-14077\" srcset=\"https:\/\/alcaldiaalbertoadriani.com\/wp-content\/uploads\/2025\/12\/photo_5055331989963082551_y-1024x768.jpg 1024w, https:\/\/alcaldiaalbertoadriani.com\/wp-content\/uploads\/2025\/12\/photo_5055331989963082551_y-980x735.jpg 980w, https:\/\/alcaldiaalbertoadriani.com\/wp-content\/uploads\/2025\/12\/photo_5055331989963082551_y-480x360.jpg 480w\" sizes=\"auto, (min-width: 0px) and (max-width: 480px) 480px, (min-width: 481px) and (max-width: 980px) 980px, (min-width: 981px) 1024px, 100vw\" \/><\/figure>\n<\/figure>\n\n\n\n<h2 class=\"wp-block-heading\">Pesebres de la Parroquia Rafael Pulido M\u00e9ndez<\/h2>\n\n\n\n<p>En la cuarta visita, los miembros de la Alianza Radial se dirigieron a la urbanizaci\u00f3n Villa Los \u00c1ngeles en la parroquia Rafael Pulido M\u00e9ndez, espec\u00edficamente en la calle Nro. 04, lugar donde Dayana G\u00f3mez, present\u00f3 el pesebre elaborado junto con la comunidad cuya tem\u00e1tica &#8220;Velando el Alba&#8221; est\u00e1 inspirado en el Salmo 119:147-148 y las misas de aguinaldo.<\/p>\n\n\n\n<figure class=\"wp-block-gallery has-nested-images columns-default is-cropped wp-block-gallery-5 is-layout-flex wp-block-gallery-is-layout-flex\">\n<figure class=\"wp-block-image size-large\"><img loading=\"lazy\" decoding=\"async\" width=\"1024\" height=\"768\" data-id=\"14078\" src=\"https:\/\/alcaldiaalbertoadriani.com\/wp-content\/uploads\/2025\/12\/photo_5055331989963082549_y-1-1024x768.jpg\" alt=\"\" class=\"wp-image-14078\" srcset=\"https:\/\/alcaldiaalbertoadriani.com\/wp-content\/uploads\/2025\/12\/photo_5055331989963082549_y-1-1024x768.jpg 1024w, https:\/\/alcaldiaalbertoadriani.com\/wp-content\/uploads\/2025\/12\/photo_5055331989963082549_y-1-980x735.jpg 980w, https:\/\/alcaldiaalbertoadriani.com\/wp-content\/uploads\/2025\/12\/photo_5055331989963082549_y-1-480x360.jpg 480w\" sizes=\"auto, (min-width: 0px) and (max-width: 480px) 480px, (min-width: 481px) and (max-width: 980px) 980px, (min-width: 981px) 1024px, 100vw\" \/><\/figure>\n<\/figure>\n\n\n\n<p>Igualmente, se evalu\u00f3 la calle la cual inscribieron en el Concurso de la Calle Mejor Adornada, resaltando el colorido de las luces y la simetr\u00eda de adornos de cada casa. El joven Bryan G\u00f3mez elev\u00f3 un globo por la paz de Venezuela, dando valor agregado al concurso.<\/p>\n\n\n\n<figure class=\"wp-block-gallery has-nested-images columns-default is-cropped wp-block-gallery-6 is-layout-flex wp-block-gallery-is-layout-flex\">\n<figure class=\"wp-block-image size-large\"><img loading=\"lazy\" decoding=\"async\" width=\"1024\" height=\"768\" data-id=\"14079\" src=\"https:\/\/alcaldiaalbertoadriani.com\/wp-content\/uploads\/2025\/12\/photo_5055331989963082546_y-1024x768.jpg\" alt=\"\" class=\"wp-image-14079\" srcset=\"https:\/\/alcaldiaalbertoadriani.com\/wp-content\/uploads\/2025\/12\/photo_5055331989963082546_y-1024x768.jpg 1024w, https:\/\/alcaldiaalbertoadriani.com\/wp-content\/uploads\/2025\/12\/photo_5055331989963082546_y-980x735.jpg 980w, https:\/\/alcaldiaalbertoadriani.com\/wp-content\/uploads\/2025\/12\/photo_5055331989963082546_y-480x360.jpg 480w\" sizes=\"auto, (min-width: 0px) and (max-width: 480px) 480px, (min-width: 481px) and (max-width: 980px) 980px, (min-width: 981px) 1024px, 100vw\" \/><\/figure>\n<\/figure>\n\n\n\n<p>La quinta y \u00faltima visita correspondi\u00f3 a la Av. 3 de la urbanizaci\u00f3n Prado Hermoso donde se presenta la calle adornada con mu\u00f1ecos de nieve y arbolito de navidad y el pesebre de la comunidad al estilo andino.<strong><em> Prensa Alcald\u00eda Alberto Adriani\/ Claribel Zambrano CNP: 11.843\/ Fotos: Karla M\u00e1rquez.<\/em><\/strong><\/p>\n\n\n\n<figure class=\"wp-block-gallery has-nested-images columns-default is-cropped wp-block-gallery-7 is-layout-flex wp-block-gallery-is-layout-flex\">\n<figure class=\"wp-block-image size-large\"><img loading=\"lazy\" decoding=\"async\" width=\"1024\" height=\"768\" data-id=\"14085\" src=\"https:\/\/alcaldiaalbertoadriani.com\/wp-content\/uploads\/2025\/12\/photo_5055331989963082545_y-1024x768.jpg\" alt=\"\" class=\"wp-image-14085\" srcset=\"https:\/\/alcaldiaalbertoadriani.com\/wp-content\/uploads\/2025\/12\/photo_5055331989963082545_y-1024x768.jpg 1024w, https:\/\/alcaldiaalbertoadriani.com\/wp-content\/uploads\/2025\/12\/photo_5055331989963082545_y-980x735.jpg 980w, https:\/\/alcaldiaalbertoadriani.com\/wp-content\/uploads\/2025\/12\/photo_5055331989963082545_y-480x360.jpg 480w\" sizes=\"auto, (min-width: 0px) and (max-width: 480px) 480px, (min-width: 481px) and (max-width: 980px) 980px, (min-width: 981px) 1024px, 100vw\" \/><\/figure>\n\n\n\n<figure class=\"wp-block-image size-large\"><img loading=\"lazy\" decoding=\"async\" width=\"1024\" height=\"768\" data-id=\"14086\" src=\"https:\/\/alcaldiaalbertoadriani.com\/wp-content\/uploads\/2025\/12\/photo_5055331989963082547_y-1024x768.jpg\" alt=\"\" class=\"wp-image-14086\" srcset=\"https:\/\/alcaldiaalbertoadriani.com\/wp-content\/uploads\/2025\/12\/photo_5055331989963082547_y-1024x768.jpg 1024w, https:\/\/alcaldiaalbertoadriani.com\/wp-content\/uploads\/2025\/12\/photo_5055331989963082547_y-980x735.jpg 980w, https:\/\/alcaldiaalbertoadriani.com\/wp-content\/uploads\/2025\/12\/photo_5055331989963082547_y-480x360.jpg 480w\" sizes=\"auto, (min-width: 0px) and (max-width: 480px) 480px, (min-width: 481px) and (max-width: 980px) 980px, (min-width: 981px) 1024px, 100vw\" \/><\/figure>\n\n\n\n<figure class=\"wp-block-image size-large\"><img loading=\"lazy\" decoding=\"async\" width=\"1024\" height=\"768\" data-id=\"14084\" src=\"https:\/\/alcaldiaalbertoadriani.com\/wp-content\/uploads\/2025\/12\/photo_5055331989963082548_y-1024x768.jpg\" alt=\"\" class=\"wp-image-14084\" srcset=\"https:\/\/alcaldiaalbertoadriani.com\/wp-content\/uploads\/2025\/12\/photo_5055331989963082548_y-1024x768.jpg 1024w, https:\/\/alcaldiaalbertoadriani.com\/wp-content\/uploads\/2025\/12\/photo_5055331989963082548_y-980x735.jpg 980w, https:\/\/alcaldiaalbertoadriani.com\/wp-content\/uploads\/2025\/12\/photo_5055331989963082548_y-480x360.jpg 480w\" sizes=\"auto, (min-width: 0px) and (max-width: 480px) 480px, (min-width: 481px) and (max-width: 980px) 980px, (min-width: 981px) 1024px, 100vw\" \/><\/figure>\n\n\n\n<figure class=\"wp-block-image size-large\"><img loading=\"lazy\" decoding=\"async\" width=\"1024\" height=\"768\" data-id=\"14081\" src=\"https:\/\/alcaldiaalbertoadriani.com\/wp-content\/uploads\/2025\/12\/photo_5055331989963082550_y-1024x768.jpg\" alt=\"\" class=\"wp-image-14081\" srcset=\"https:\/\/alcaldiaalbertoadriani.com\/wp-content\/uploads\/2025\/12\/photo_5055331989963082550_y-1024x768.jpg 1024w, https:\/\/alcaldiaalbertoadriani.com\/wp-content\/uploads\/2025\/12\/photo_5055331989963082550_y-980x735.jpg 980w, https:\/\/alcaldiaalbertoadriani.com\/wp-content\/uploads\/2025\/12\/photo_5055331989963082550_y-480x360.jpg 480w\" sizes=\"auto, (min-width: 0px) and (max-width: 480px) 480px, (min-width: 481px) and (max-width: 980px) 980px, (min-width: 981px) 1024px, 100vw\" \/><\/figure>\n\n\n\n<figure class=\"wp-block-image size-large\"><img loading=\"lazy\" decoding=\"async\" width=\"1024\" height=\"768\" data-id=\"14083\" src=\"https:\/\/alcaldiaalbertoadriani.com\/wp-content\/uploads\/2025\/12\/photo_5055331989963082552_y-1024x768.jpg\" alt=\"\" class=\"wp-image-14083\" srcset=\"https:\/\/alcaldiaalbertoadriani.com\/wp-content\/uploads\/2025\/12\/photo_5055331989963082552_y-1024x768.jpg 1024w, https:\/\/alcaldiaalbertoadriani.com\/wp-content\/uploads\/2025\/12\/photo_5055331989963082552_y-980x735.jpg 980w, https:\/\/alcaldiaalbertoadriani.com\/wp-content\/uploads\/2025\/12\/photo_5055331989963082552_y-480x360.jpg 480w\" sizes=\"auto, (min-width: 0px) and (max-width: 480px) 480px, (min-width: 481px) and (max-width: 980px) 980px, (min-width: 981px) 1024px, 100vw\" \/><\/figure>\n\n\n\n<figure class=\"wp-block-image size-large\"><img loading=\"lazy\" decoding=\"async\" width=\"1024\" height=\"768\" data-id=\"14082\" src=\"https:\/\/alcaldiaalbertoadriani.com\/wp-content\/uploads\/2025\/12\/photo_5055331989963082554_y-1024x768.jpg\" alt=\"\" class=\"wp-image-14082\" srcset=\"https:\/\/alcaldiaalbertoadriani.com\/wp-content\/uploads\/2025\/12\/photo_5055331989963082554_y-1024x768.jpg 1024w, https:\/\/alcaldiaalbertoadriani.com\/wp-content\/uploads\/2025\/12\/photo_5055331989963082554_y-980x735.jpg 980w, https:\/\/alcaldiaalbertoadriani.com\/wp-content\/uploads\/2025\/12\/photo_5055331989963082554_y-480x360.jpg 480w\" sizes=\"auto, (min-width: 0px) and (max-width: 480px) 480px, (min-width: 481px) and (max-width: 980px) 980px, (min-width: 981px) 1024px, 100vw\" \/><\/figure>\n\n\n\n<figure class=\"wp-block-image size-large\"><img loading=\"lazy\" decoding=\"async\" width=\"1024\" height=\"768\" data-id=\"14087\" src=\"https:\/\/alcaldiaalbertoadriani.com\/wp-content\/uploads\/2025\/12\/photo_5055331989963082558_y-1024x768.jpg\" alt=\"\" class=\"wp-image-14087\" srcset=\"https:\/\/alcaldiaalbertoadriani.com\/wp-content\/uploads\/2025\/12\/photo_5055331989963082558_y-1024x768.jpg 1024w, https:\/\/alcaldiaalbertoadriani.com\/wp-content\/uploads\/2025\/12\/photo_5055331989963082558_y-980x735.jpg 980w, https:\/\/alcaldiaalbertoadriani.com\/wp-content\/uploads\/2025\/12\/photo_5055331989963082558_y-480x360.jpg 480w\" sizes=\"auto, (min-width: 0px) and (max-width: 480px) 480px, (min-width: 481px) and (max-width: 980px) 980px, (min-width: 981px) 1024px, 100vw\" \/><\/figure>\n<\/figure>\n","protected":false},"excerpt":{"rendered":"<p>Miembros de la Alcald\u00eda Alberto Adriani, junto con la Alianza Radial Adrianista, contin\u00faan con el Concurso de Pesebres 2025, promovido por el alcalde Lisandro Segura, en distintas comunidades de la [&hellip;]<\/p>\n","protected":false},"author":2,"featured_media":14073,"comment_status":"open","ping_status":"closed","sticky":false,"template":"","format":"standard","meta":{"_et_pb_use_builder":"off","_et_pb_old_content":"","_et_gb_content_width":"","footnotes":""},"categories":[341,78,25],"tags":[11,12,761,30,29,28],"class_list":["post-14072","post","type-post","status-publish","format-standard","has-post-thumbnail","hentry","category-alcaldia-alberto-adriani","category-cultura","category-nuestro-municipio","tag-alcaldia","tag-alcaldiaalbertoadriani","tag-encrucijadadeprogreso","tag-lisandrosegura","tag-municipioquenosmerecemos","tag-porelrenacer"],"yoast_head":"<!-- This site is optimized with the Yoast SEO plugin v19.13 - https:\/\/yoast.com\/wordpress\/plugins\/seo\/ -->\n<title>Alianza radial contin\u00faa visita de pesebres y calles adornadas<\/title>\n<meta name=\"description\" content=\"Alianza radial contin\u00faa visita de pesebres y calles adornadas en distintas comunidades de del municipio Alberto Adriani\" \/>\n<meta name=\"robots\" content=\"index, follow, max-snippet:-1, max-image-preview:large, max-video-preview:-1\" \/>\n<link rel=\"canonical\" href=\"https:\/\/alcaldiaalbertoadriani.com\/?p=14072\" \/>\n<meta property=\"og:locale\" content=\"es_ES\" \/>\n<meta property=\"og:type\" content=\"article\" \/>\n<meta property=\"og:title\" content=\"Alianza radial contin\u00faa visita de pesebres y calles adornadas\" \/>\n<meta property=\"og:description\" content=\"Alianza radial contin\u00faa visita de pesebres y calles adornadas en distintas comunidades de del municipio Alberto Adriani\" \/>\n<meta property=\"og:url\" content=\"https:\/\/alcaldiaalbertoadriani.com\/?p=14072\" \/>\n<meta property=\"og:site_name\" content=\"Alcaldia Alberto Adriani\" \/>\n<meta property=\"article:published_time\" content=\"2025-12-19T19:36:36+00:00\" \/>\n<meta property=\"article:modified_time\" content=\"2025-12-19T19:36:41+00:00\" \/>\n<meta property=\"og:image\" content=\"https:\/\/alcaldiaalbertoadriani.com\/wp-content\/uploads\/2025\/12\/photo_5055331989963082559_y.jpg\" \/>\n\t<meta property=\"og:image:width\" content=\"1280\" \/>\n\t<meta property=\"og:image:height\" content=\"960\" \/>\n\t<meta property=\"og:image:type\" content=\"image\/jpeg\" \/>\n<meta name=\"author\" content=\"Prensa\" \/>\n<meta name=\"twitter:card\" content=\"summary_large_image\" \/>\n<meta name=\"twitter:label1\" content=\"Escrito por\" \/>\n\t<meta name=\"twitter:data1\" content=\"Prensa\" \/>\n\t<meta name=\"twitter:label2\" content=\"Tiempo de lectura\" \/>\n\t<meta name=\"twitter:data2\" content=\"5 minutos\" \/>\n<script type=\"application\/ld+json\" class=\"yoast-schema-graph\">{\"@context\":\"https:\/\/schema.org\",\"@graph\":[{\"@type\":\"WebPage\",\"@id\":\"https:\/\/alcaldiaalbertoadriani.com\/?p=14072\",\"url\":\"https:\/\/alcaldiaalbertoadriani.com\/?p=14072\",\"name\":\"Alianza radial contin\u00faa visita de pesebres y calles adornadas\",\"isPartOf\":{\"@id\":\"https:\/\/alcaldiaalbertoadriani.com\/#website\"},\"datePublished\":\"2025-12-19T19:36:36+00:00\",\"dateModified\":\"2025-12-19T19:36:41+00:00\",\"author\":{\"@id\":\"https:\/\/alcaldiaalbertoadriani.com\/#\/schema\/person\/549b4483ff8999ac780deeea78795fc9\"},\"description\":\"Alianza radial contin\u00faa visita de pesebres y calles adornadas en distintas comunidades de del municipio Alberto Adriani\",\"breadcrumb\":{\"@id\":\"https:\/\/alcaldiaalbertoadriani.com\/?p=14072#breadcrumb\"},\"inLanguage\":\"es\",\"potentialAction\":[{\"@type\":\"ReadAction\",\"target\":[\"https:\/\/alcaldiaalbertoadriani.com\/?p=14072\"]}]},{\"@type\":\"BreadcrumbList\",\"@id\":\"https:\/\/alcaldiaalbertoadriani.com\/?p=14072#breadcrumb\",\"itemListElement\":[{\"@type\":\"ListItem\",\"position\":1,\"name\":\"Portada\",\"item\":\"https:\/\/alcaldiaalbertoadriani.com\/\"},{\"@type\":\"ListItem\",\"position\":2,\"name\":\"Alianza radial contin\u00faa visita de pesebres y calles adornadas\"}]},{\"@type\":\"WebSite\",\"@id\":\"https:\/\/alcaldiaalbertoadriani.com\/#website\",\"url\":\"https:\/\/alcaldiaalbertoadriani.com\/\",\"name\":\"Alcaldia Alberto Adriani\",\"description\":\"\",\"potentialAction\":[{\"@type\":\"SearchAction\",\"target\":{\"@type\":\"EntryPoint\",\"urlTemplate\":\"https:\/\/alcaldiaalbertoadriani.com\/?s={search_term_string}\"},\"query-input\":\"required name=search_term_string\"}],\"inLanguage\":\"es\"},{\"@type\":\"Person\",\"@id\":\"https:\/\/alcaldiaalbertoadriani.com\/#\/schema\/person\/549b4483ff8999ac780deeea78795fc9\",\"name\":\"Prensa\",\"image\":{\"@type\":\"ImageObject\",\"inLanguage\":\"es\",\"@id\":\"https:\/\/alcaldiaalbertoadriani.com\/#\/schema\/person\/image\/\",\"url\":\"https:\/\/secure.gravatar.com\/avatar\/ea1cb567ea992a29627f4eee1c2eb185ec16decec6342d508fdf18dedb56c9de?s=96&d=mm&r=g\",\"contentUrl\":\"https:\/\/secure.gravatar.com\/avatar\/ea1cb567ea992a29627f4eee1c2eb185ec16decec6342d508fdf18dedb56c9de?s=96&d=mm&r=g\",\"caption\":\"Prensa\"},\"url\":\"https:\/\/alcaldiaalbertoadriani.com\/?author=2\"}]}<\/script>\n<!-- \/ Yoast SEO plugin. -->","yoast_head_json":{"title":"Alianza radial contin\u00faa visita de pesebres y calles adornadas","description":"Alianza radial contin\u00faa visita de pesebres y calles adornadas en distintas comunidades de del municipio Alberto Adriani","robots":{"index":"index","follow":"follow","max-snippet":"max-snippet:-1","max-image-preview":"max-image-preview:large","max-video-preview":"max-video-preview:-1"},"canonical":"https:\/\/alcaldiaalbertoadriani.com\/?p=14072","og_locale":"es_ES","og_type":"article","og_title":"Alianza radial contin\u00faa visita de pesebres y calles adornadas","og_description":"Alianza radial contin\u00faa visita de pesebres y calles adornadas en distintas comunidades de del municipio Alberto Adriani","og_url":"https:\/\/alcaldiaalbertoadriani.com\/?p=14072","og_site_name":"Alcaldia Alberto Adriani","article_published_time":"2025-12-19T19:36:36+00:00","article_modified_time":"2025-12-19T19:36:41+00:00","og_image":[{"width":1280,"height":960,"url":"https:\/\/alcaldiaalbertoadriani.com\/wp-content\/uploads\/2025\/12\/photo_5055331989963082559_y.jpg","type":"image\/jpeg"}],"author":"Prensa","twitter_card":"summary_large_image","twitter_misc":{"Escrito por":"Prensa","Tiempo de lectura":"5 minutos"},"schema":{"@context":"https:\/\/schema.org","@graph":[{"@type":"WebPage","@id":"https:\/\/alcaldiaalbertoadriani.com\/?p=14072","url":"https:\/\/alcaldiaalbertoadriani.com\/?p=14072","name":"Alianza radial contin\u00faa visita de pesebres y calles adornadas","isPartOf":{"@id":"https:\/\/alcaldiaalbertoadriani.com\/#website"},"datePublished":"2025-12-19T19:36:36+00:00","dateModified":"2025-12-19T19:36:41+00:00","author":{"@id":"https:\/\/alcaldiaalbertoadriani.com\/#\/schema\/person\/549b4483ff8999ac780deeea78795fc9"},"description":"Alianza radial contin\u00faa visita de pesebres y calles adornadas en distintas comunidades de del municipio Alberto Adriani","breadcrumb":{"@id":"https:\/\/alcaldiaalbertoadriani.com\/?p=14072#breadcrumb"},"inLanguage":"es","potentialAction":[{"@type":"ReadAction","target":["https:\/\/alcaldiaalbertoadriani.com\/?p=14072"]}]},{"@type":"BreadcrumbList","@id":"https:\/\/alcaldiaalbertoadriani.com\/?p=14072#breadcrumb","itemListElement":[{"@type":"ListItem","position":1,"name":"Portada","item":"https:\/\/alcaldiaalbertoadriani.com\/"},{"@type":"ListItem","position":2,"name":"Alianza radial contin\u00faa visita de pesebres y calles adornadas"}]},{"@type":"WebSite","@id":"https:\/\/alcaldiaalbertoadriani.com\/#website","url":"https:\/\/alcaldiaalbertoadriani.com\/","name":"Alcaldia Alberto Adriani","description":"","potentialAction":[{"@type":"SearchAction","target":{"@type":"EntryPoint","urlTemplate":"https:\/\/alcaldiaalbertoadriani.com\/?s={search_term_string}"},"query-input":"required name=search_term_string"}],"inLanguage":"es"},{"@type":"Person","@id":"https:\/\/alcaldiaalbertoadriani.com\/#\/schema\/person\/549b4483ff8999ac780deeea78795fc9","name":"Prensa","image":{"@type":"ImageObject","inLanguage":"es","@id":"https:\/\/alcaldiaalbertoadriani.com\/#\/schema\/person\/image\/","url":"https:\/\/secure.gravatar.com\/avatar\/ea1cb567ea992a29627f4eee1c2eb185ec16decec6342d508fdf18dedb56c9de?s=96&d=mm&r=g","contentUrl":"https:\/\/secure.gravatar.com\/avatar\/ea1cb567ea992a29627f4eee1c2eb185ec16decec6342d508fdf18dedb56c9de?s=96&d=mm&r=g","caption":"Prensa"},"url":"https:\/\/alcaldiaalbertoadriani.com\/?author=2"}]}},"_links":{"self":[{"href":"https:\/\/alcaldiaalbertoadriani.com\/index.php?rest_route=\/wp\/v2\/posts\/14072","targetHints":{"allow":["GET"]}}],"collection":[{"href":"https:\/\/alcaldiaalbertoadriani.com\/index.php?rest_route=\/wp\/v2\/posts"}],"about":[{"href":"https:\/\/alcaldiaalbertoadriani.com\/index.php?rest_route=\/wp\/v2\/types\/post"}],"author":[{"embeddable":true,"href":"https:\/\/alcaldiaalbertoadriani.com\/index.php?rest_route=\/wp\/v2\/users\/2"}],"replies":[{"embeddable":true,"href":"https:\/\/alcaldiaalbertoadriani.com\/index.php?rest_route=%2Fwp%2Fv2%2Fcomments&post=14072"}],"version-history":[{"count":1,"href":"https:\/\/alcaldiaalbertoadriani.com\/index.php?rest_route=\/wp\/v2\/posts\/14072\/revisions"}],"predecessor-version":[{"id":14088,"href":"https:\/\/alcaldiaalbertoadriani.com\/index.php?rest_route=\/wp\/v2\/posts\/14072\/revisions\/14088"}],"wp:featuredmedia":[{"embeddable":true,"href":"https:\/\/alcaldiaalbertoadriani.com\/index.php?rest_route=\/wp\/v2\/media\/14073"}],"wp:attachment":[{"href":"https:\/\/alcaldiaalbertoadriani.com\/index.php?rest_route=%2Fwp%2Fv2%2Fmedia&parent=14072"}],"wp:term":[{"taxonomy":"category","embeddable":true,"href":"https:\/\/alcaldiaalbertoadriani.com\/index.php?rest_route=%2Fwp%2Fv2%2Fcategories&post=14072"},{"taxonomy":"post_tag","embeddable":true,"href":"https:\/\/alcaldiaalbertoadriani.com\/index.php?rest_route=%2Fwp%2Fv2%2Ftags&post=14072"}],"curies":[{"name":"wp","href":"https:\/\/api.w.org\/{rel}","templated":true}]}}