{"id":1406,"date":"2022-12-02T16:13:16","date_gmt":"2022-12-02T16:13:16","guid":{"rendered":"https:\/\/alcaldiaalbertoadriani.com\/?p=1406"},"modified":"2022-12-02T16:13:23","modified_gmt":"2022-12-02T16:13:23","slug":"parrandones-navidenos-parroquias","status":"publish","type":"post","link":"https:\/\/alcaldiaalbertoadriani.com\/?p=1406","title":{"rendered":"Actividades socioculturales se desarrollan con los Parrandones Navide\u00f1os en diversas parroquias"},"content":{"rendered":"<div class=\"wp-block-post-excerpt\"><p class=\"wp-block-post-excerpt__excerpt\">Las actividades incluyen jornadas de atenci\u00f3n social y los parrandones navide\u00f1os en diversos sectores de las parroquias del municipio <\/p><\/div>\n\n\n<p>La <a href=\"https:\/\/www.youtube.com\/channel\/UCaVEQh1z4ghvWmze_KUy6Jw\" target=\"_blank\" rel=\"noreferrer noopener\">alcald\u00eda del municipio Alberto Adriani<\/a>, viene organizando actividades sociales y culturales con el prop\u00f3sito de brindar bienestar a la colectividad vig\u00edense y renacer las tradiciones propias de la navidad. Por tal raz\u00f3n, se desarrollan las <a href=\"https:\/\/alcaldiaalbertoadriani.com\/?p=1295\" target=\"_blank\" rel=\"noreferrer noopener\">jornadas de atenci\u00f3n social<\/a>, as\u00ed como los <a href=\"https:\/\/alcaldiaalbertoadriani.com\/?p=1336\" target=\"_blank\" rel=\"noreferrer noopener\">Parrandones Navide\u00f1os<\/a> en diferentes sectores de las siete parroquias del municipio.<\/p>\n\n\n\n<h2 class=\"wp-block-heading\">Parrandones Navide\u00f1os en las parroquias<\/h2>\n\n\n\n<p>El 24 de noviembre en la comunidad de Carlos Andr\u00e9s P\u00e9rez, parroquia R\u00f3mulo Gallegos se atendi\u00f3 a 324 personas en consultas de medicina general, pediatr\u00eda, toma de tensi\u00f3n, desparasitaci\u00f3n, peluquer\u00eda, asesor\u00edas en materia del ni\u00f1o, ni\u00f1a y adolescente; registro civil; pinta caritas, entre otros.<\/p>\n\n\n\n<p>Luego en la noche, la alegr\u00eda de los ni\u00f1os y adultos se apoderaron del parrand\u00f3n que tuvo lugar en \u201cLa Parada\u201d de este sector.<\/p>\n\n\n\n<p>Diversos g\u00e9neros musicales como el venezolano, rom\u00e1ntico, cuerdas, vallenato, urbano y por supuesto la gaita, se interpetr\u00f3 por los talentos locales, demostrando as\u00ed las habilidades art\u00edsticas de los miembros de la comunidad.<\/p>\n\n\n\n<p>Adem\u00e1s, la actuaci\u00f3n especial de los m\u00e1s peque\u00f1os en el musical \u201cRodolfo el Reno\u201d; parranda, el baile La Burra y los abuelitos con m\u00fasica de cuerdas, fueron parte de las intervenciones durante el parrand\u00f3n. Tambi\u00e9n acompa\u00f1\u00f3 la agrupaci\u00f3n gaitera &#8220;Melod\u00eda Navide\u00f1a&#8221;.<\/p>\n\n\n\n<h2 class=\"wp-block-heading\">Sector Ca\u00f1o Caim\u00e1n<\/h2>\n\n\n\n<p>El sector Ca\u00f1o Caim\u00e1n de a parroquia H\u00e9ctor Amable Mora, cont\u00f3 con la <a href=\"https:\/\/alcaldiaalbertoadriani.com\/?p=456\" target=\"_blank\" rel=\"noreferrer noopener\">jornada de atenci\u00f3n social<\/a>. Un total de 236 personas entre ni\u00f1os y adultos fueron atendidos en medicina general, pediatr\u00eda, desparasitaci\u00f3n, toma de tensi\u00f3n arterial, medici\u00f3n de glicemia, cortes de cabello, pinta caritas, asesor\u00edas por parte del Consejo Municipal de Derecho del ni\u00f1o, ni\u00f1a y adolescente (<a href=\"https:\/\/alcaldiaalbertoadriani.com\/?p=580\" target=\"_blank\" rel=\"noreferrer noopener\">Cmdnna<\/a>), y actividades recreativas.<\/p>\n\n\n\n<p>Posteriormente, la noche brill\u00f3 para recibir la navidad durante el parrand\u00f3n. Los talentos locales presentaron una obra teatral sobre el nacimiento del Ni\u00f1o Dios, as\u00ed como bailes, musicales, parrandas, declamaci\u00f3n de poemas sobre los valores familiares y la navidad.<\/p>\n\n\n\n<p>El alcalde <a href=\"https:\/\/www.facebook.com\/LisandroRamirezSegura\" target=\"_blank\" rel=\"noreferrer noopener\">Lisandro Segura<\/a>, los concejales del circuito Kellys Contreras y Rodolfo Molina, como parte del Tren ejecutivo acompa\u00f1aron la festividad organizada por la comunidad con el apoyo del Gobierno municipal.<\/p>\n\n\n\n<p>Cabe destacar que estos parrandones traen la alegr\u00eda de las festividades navide\u00f1as pese a las adversidades. <strong>Prensa Alcald\u00eda Alberto Adriani\/Claribel Zambrano CNP: 11.843\/Fotos: Yorman Parra y Romny Ram\u00edrez.<\/strong><\/p>\n\n\n\n<figure class=\"wp-block-gallery has-nested-images columns-default is-cropped wp-block-gallery-1 is-layout-flex wp-block-gallery-is-layout-flex\">\n<figure class=\"wp-block-image size-large\"><img loading=\"lazy\" decoding=\"async\" width=\"1024\" height=\"1024\" data-id=\"1411\" src=\"https:\/\/alcaldiaalbertoadriani.com\/wp-content\/uploads\/2022\/12\/IMG_20221126_100912-1024x1024.jpg\" alt=\"\" class=\"wp-image-1411\" srcset=\"https:\/\/alcaldiaalbertoadriani.com\/wp-content\/uploads\/2022\/12\/IMG_20221126_100912-980x980.jpg 980w, https:\/\/alcaldiaalbertoadriani.com\/wp-content\/uploads\/2022\/12\/IMG_20221126_100912-480x480.jpg 480w\" sizes=\"auto, (min-width: 0px) and (max-width: 480px) 480px, (min-width: 481px) and (max-width: 980px) 980px, (min-width: 981px) 1024px, 100vw\" \/><\/figure>\n\n\n\n<figure class=\"wp-block-image size-large\"><img loading=\"lazy\" decoding=\"async\" width=\"1024\" height=\"1024\" data-id=\"1412\" src=\"https:\/\/alcaldiaalbertoadriani.com\/wp-content\/uploads\/2022\/12\/20221124_192957-1024x1024.jpg\" alt=\"\" class=\"wp-image-1412\" srcset=\"https:\/\/alcaldiaalbertoadriani.com\/wp-content\/uploads\/2022\/12\/20221124_192957-980x980.jpg 980w, https:\/\/alcaldiaalbertoadriani.com\/wp-content\/uploads\/2022\/12\/20221124_192957-480x480.jpg 480w\" sizes=\"auto, (min-width: 0px) and (max-width: 480px) 480px, (min-width: 481px) and (max-width: 980px) 980px, (min-width: 981px) 1024px, 100vw\" \/><\/figure>\n\n\n\n<figure class=\"wp-block-image size-large\"><img loading=\"lazy\" decoding=\"async\" width=\"1024\" height=\"576\" data-id=\"1410\" src=\"https:\/\/alcaldiaalbertoadriani.com\/wp-content\/uploads\/2022\/12\/IMG_20221126_103031-1024x576.jpg\" alt=\"\" class=\"wp-image-1410\" srcset=\"https:\/\/alcaldiaalbertoadriani.com\/wp-content\/uploads\/2022\/12\/IMG_20221126_103031-980x551.jpg 980w, https:\/\/alcaldiaalbertoadriani.com\/wp-content\/uploads\/2022\/12\/IMG_20221126_103031-480x270.jpg 480w\" sizes=\"auto, (min-width: 0px) and (max-width: 480px) 480px, (min-width: 481px) and (max-width: 980px) 980px, (min-width: 981px) 1024px, 100vw\" \/><\/figure>\n\n\n\n<figure class=\"wp-block-image size-large\"><img loading=\"lazy\" decoding=\"async\" width=\"1024\" height=\"576\" data-id=\"1409\" src=\"https:\/\/alcaldiaalbertoadriani.com\/wp-content\/uploads\/2022\/12\/IMG_20221126_235204-1024x576.jpg\" alt=\"\" class=\"wp-image-1409\" srcset=\"https:\/\/alcaldiaalbertoadriani.com\/wp-content\/uploads\/2022\/12\/IMG_20221126_235204-980x551.jpg 980w, https:\/\/alcaldiaalbertoadriani.com\/wp-content\/uploads\/2022\/12\/IMG_20221126_235204-480x270.jpg 480w\" sizes=\"auto, (min-width: 0px) and (max-width: 480px) 480px, (min-width: 481px) and (max-width: 980px) 980px, (min-width: 981px) 1024px, 100vw\" \/><\/figure>\n\n\n\n<figure class=\"wp-block-image size-large\"><img loading=\"lazy\" decoding=\"async\" width=\"1024\" height=\"771\" data-id=\"1408\" src=\"https:\/\/alcaldiaalbertoadriani.com\/wp-content\/uploads\/2022\/12\/photo_2022-12-01_11-37-00-1024x771.jpg\" alt=\"\" class=\"wp-image-1408\" srcset=\"https:\/\/alcaldiaalbertoadriani.com\/wp-content\/uploads\/2022\/12\/photo_2022-12-01_11-37-00-1024x771.jpg 1024w, https:\/\/alcaldiaalbertoadriani.com\/wp-content\/uploads\/2022\/12\/photo_2022-12-01_11-37-00-980x738.jpg 980w, https:\/\/alcaldiaalbertoadriani.com\/wp-content\/uploads\/2022\/12\/photo_2022-12-01_11-37-00-480x362.jpg 480w\" sizes=\"auto, (min-width: 0px) and (max-width: 480px) 480px, (min-width: 481px) and (max-width: 980px) 980px, (min-width: 981px) 1024px, 100vw\" \/><\/figure>\n\n\n\n<figure class=\"wp-block-image size-large\"><img loading=\"lazy\" decoding=\"async\" width=\"1024\" height=\"771\" data-id=\"1407\" src=\"https:\/\/alcaldiaalbertoadriani.com\/wp-content\/uploads\/2022\/12\/photo_2022-12-01_11-39-21-1024x771.jpg\" alt=\"\" class=\"wp-image-1407\" srcset=\"https:\/\/alcaldiaalbertoadriani.com\/wp-content\/uploads\/2022\/12\/photo_2022-12-01_11-39-21-1024x771.jpg 1024w, https:\/\/alcaldiaalbertoadriani.com\/wp-content\/uploads\/2022\/12\/photo_2022-12-01_11-39-21-980x738.jpg 980w, https:\/\/alcaldiaalbertoadriani.com\/wp-content\/uploads\/2022\/12\/photo_2022-12-01_11-39-21-480x362.jpg 480w\" sizes=\"auto, (min-width: 0px) and (max-width: 480px) 480px, (min-width: 481px) and (max-width: 980px) 980px, (min-width: 981px) 1024px, 100vw\" \/><\/figure>\n<\/figure>\n\n\n\n<figure class=\"wp-block-gallery has-nested-images columns-default is-cropped wp-block-gallery-2 is-layout-flex wp-block-gallery-is-layout-flex\">\n<figure class=\"wp-block-image size-large\"><img loading=\"lazy\" decoding=\"async\" width=\"1024\" height=\"1024\" data-id=\"1413\" src=\"https:\/\/alcaldiaalbertoadriani.com\/wp-content\/uploads\/2022\/12\/20221124_205109-1024x1024.jpg\" alt=\"\" class=\"wp-image-1413\" srcset=\"https:\/\/alcaldiaalbertoadriani.com\/wp-content\/uploads\/2022\/12\/20221124_205109-980x980.jpg 980w, https:\/\/alcaldiaalbertoadriani.com\/wp-content\/uploads\/2022\/12\/20221124_205109-480x480.jpg 480w\" sizes=\"auto, (min-width: 0px) and (max-width: 480px) 480px, (min-width: 481px) and (max-width: 980px) 980px, (min-width: 981px) 1024px, 100vw\" \/><\/figure>\n<\/figure>\n","protected":false},"excerpt":{"rendered":"<p><strong><em>Las actividades incluyen jornadas de atenci\u00f3n social y los parrandones navide\u00f1os en diversos sectores de las parroquias del municipio<\/em><\/strong><\/p>\n","protected":false},"author":2,"featured_media":1416,"comment_status":"closed","ping_status":"closed","sticky":false,"template":"","format":"standard","meta":{"_et_pb_use_builder":"off","_et_pb_old_content":"","_et_gb_content_width":"","footnotes":""},"categories":[39,51,77,25],"tags":[31,11,12,15,30,29,28,292],"class_list":["post-1406","post","type-post","status-publish","format-standard","has-post-thumbnail","hentry","category-actividades-sociales","category-ayuda-social","category-iamcaa","category-nuestro-municipio","tag-alcalde","tag-alcaldia","tag-alcaldiaalbertoadriani","tag-elvigia","tag-lisandrosegura","tag-municipioquenosmerecemos","tag-porelrenacer","tag-parrandones-navidenos-parroquias"],"yoast_head":"<!-- This site is optimized with the Yoast SEO plugin v19.13 - https:\/\/yoast.com\/wordpress\/plugins\/seo\/ -->\n<title>Actividades socioculturales se desarrollan con los Parrandones Navide\u00f1os en diversas parroquias - Alcaldia Alberto Adriani<\/title>\n<meta name=\"description\" content=\"Las actividades incluyen jornadas de atenci\u00f3n social y los parrandones navide\u00f1os en diversos sectores de las parroquias del municipio.\" \/>\n<meta name=\"robots\" content=\"index, follow, max-snippet:-1, max-image-preview:large, max-video-preview:-1\" \/>\n<link rel=\"canonical\" href=\"https:\/\/alcaldiaalbertoadriani.com\/?p=1406\" \/>\n<meta property=\"og:locale\" content=\"es_ES\" \/>\n<meta property=\"og:type\" content=\"article\" \/>\n<meta property=\"og:title\" content=\"Actividades socioculturales se desarrollan con los Parrandones Navide\u00f1os en diversas parroquias - Alcaldia Alberto Adriani\" \/>\n<meta property=\"og:description\" content=\"Las actividades incluyen jornadas de atenci\u00f3n social y los parrandones navide\u00f1os en diversos sectores de las parroquias del municipio.\" \/>\n<meta property=\"og:url\" content=\"https:\/\/alcaldiaalbertoadriani.com\/?p=1406\" \/>\n<meta property=\"og:site_name\" content=\"Alcaldia Alberto Adriani\" \/>\n<meta property=\"article:published_time\" content=\"2022-12-02T16:13:16+00:00\" \/>\n<meta property=\"article:modified_time\" content=\"2022-12-02T16:13:23+00:00\" \/>\n<meta property=\"og:image\" content=\"https:\/\/alcaldiaalbertoadriani.com\/wp-content\/uploads\/2022\/12\/photo_2022-12-02_12-07-06.jpg\" \/>\n\t<meta property=\"og:image:width\" content=\"1280\" \/>\n\t<meta property=\"og:image:height\" content=\"963\" \/>\n\t<meta property=\"og:image:type\" content=\"image\/jpeg\" \/>\n<meta name=\"author\" content=\"Prensa\" \/>\n<meta name=\"twitter:card\" content=\"summary_large_image\" \/>\n<meta name=\"twitter:label1\" content=\"Escrito por\" \/>\n\t<meta name=\"twitter:data1\" content=\"Prensa\" \/>\n\t<meta name=\"twitter:label2\" content=\"Tiempo de lectura\" \/>\n\t<meta name=\"twitter:data2\" content=\"4 minutos\" \/>\n<script type=\"application\/ld+json\" class=\"yoast-schema-graph\">{\"@context\":\"https:\/\/schema.org\",\"@graph\":[{\"@type\":\"WebPage\",\"@id\":\"https:\/\/alcaldiaalbertoadriani.com\/?p=1406\",\"url\":\"https:\/\/alcaldiaalbertoadriani.com\/?p=1406\",\"name\":\"Actividades socioculturales se desarrollan con los Parrandones Navide\u00f1os en diversas parroquias - Alcaldia Alberto Adriani\",\"isPartOf\":{\"@id\":\"https:\/\/alcaldiaalbertoadriani.com\/#website\"},\"datePublished\":\"2022-12-02T16:13:16+00:00\",\"dateModified\":\"2022-12-02T16:13:23+00:00\",\"author\":{\"@id\":\"https:\/\/alcaldiaalbertoadriani.com\/#\/schema\/person\/549b4483ff8999ac780deeea78795fc9\"},\"description\":\"Las actividades incluyen jornadas de atenci\u00f3n social y los parrandones navide\u00f1os en diversos sectores de las parroquias del municipio.\",\"breadcrumb\":{\"@id\":\"https:\/\/alcaldiaalbertoadriani.com\/?p=1406#breadcrumb\"},\"inLanguage\":\"es\",\"potentialAction\":[{\"@type\":\"ReadAction\",\"target\":[\"https:\/\/alcaldiaalbertoadriani.com\/?p=1406\"]}]},{\"@type\":\"BreadcrumbList\",\"@id\":\"https:\/\/alcaldiaalbertoadriani.com\/?p=1406#breadcrumb\",\"itemListElement\":[{\"@type\":\"ListItem\",\"position\":1,\"name\":\"Portada\",\"item\":\"https:\/\/alcaldiaalbertoadriani.com\/\"},{\"@type\":\"ListItem\",\"position\":2,\"name\":\"Actividades socioculturales se desarrollan con los Parrandones Navide\u00f1os en diversas parroquias\"}]},{\"@type\":\"WebSite\",\"@id\":\"https:\/\/alcaldiaalbertoadriani.com\/#website\",\"url\":\"https:\/\/alcaldiaalbertoadriani.com\/\",\"name\":\"Alcaldia Alberto Adriani\",\"description\":\"\",\"potentialAction\":[{\"@type\":\"SearchAction\",\"target\":{\"@type\":\"EntryPoint\",\"urlTemplate\":\"https:\/\/alcaldiaalbertoadriani.com\/?s={search_term_string}\"},\"query-input\":\"required name=search_term_string\"}],\"inLanguage\":\"es\"},{\"@type\":\"Person\",\"@id\":\"https:\/\/alcaldiaalbertoadriani.com\/#\/schema\/person\/549b4483ff8999ac780deeea78795fc9\",\"name\":\"Prensa\",\"image\":{\"@type\":\"ImageObject\",\"inLanguage\":\"es\",\"@id\":\"https:\/\/alcaldiaalbertoadriani.com\/#\/schema\/person\/image\/\",\"url\":\"https:\/\/secure.gravatar.com\/avatar\/ea1cb567ea992a29627f4eee1c2eb185ec16decec6342d508fdf18dedb56c9de?s=96&d=mm&r=g\",\"contentUrl\":\"https:\/\/secure.gravatar.com\/avatar\/ea1cb567ea992a29627f4eee1c2eb185ec16decec6342d508fdf18dedb56c9de?s=96&d=mm&r=g\",\"caption\":\"Prensa\"},\"url\":\"https:\/\/alcaldiaalbertoadriani.com\/?author=2\"}]}<\/script>\n<!-- \/ Yoast SEO plugin. -->","yoast_head_json":{"title":"Actividades socioculturales se desarrollan con los Parrandones Navide\u00f1os en diversas parroquias - Alcaldia Alberto Adriani","description":"Las actividades incluyen jornadas de atenci\u00f3n social y los parrandones navide\u00f1os en diversos sectores de las parroquias del municipio.","robots":{"index":"index","follow":"follow","max-snippet":"max-snippet:-1","max-image-preview":"max-image-preview:large","max-video-preview":"max-video-preview:-1"},"canonical":"https:\/\/alcaldiaalbertoadriani.com\/?p=1406","og_locale":"es_ES","og_type":"article","og_title":"Actividades socioculturales se desarrollan con los Parrandones Navide\u00f1os en diversas parroquias - Alcaldia Alberto Adriani","og_description":"Las actividades incluyen jornadas de atenci\u00f3n social y los parrandones navide\u00f1os en diversos sectores de las parroquias del municipio.","og_url":"https:\/\/alcaldiaalbertoadriani.com\/?p=1406","og_site_name":"Alcaldia Alberto Adriani","article_published_time":"2022-12-02T16:13:16+00:00","article_modified_time":"2022-12-02T16:13:23+00:00","og_image":[{"width":1280,"height":963,"url":"https:\/\/alcaldiaalbertoadriani.com\/wp-content\/uploads\/2022\/12\/photo_2022-12-02_12-07-06.jpg","type":"image\/jpeg"}],"author":"Prensa","twitter_card":"summary_large_image","twitter_misc":{"Escrito por":"Prensa","Tiempo de lectura":"4 minutos"},"schema":{"@context":"https:\/\/schema.org","@graph":[{"@type":"WebPage","@id":"https:\/\/alcaldiaalbertoadriani.com\/?p=1406","url":"https:\/\/alcaldiaalbertoadriani.com\/?p=1406","name":"Actividades socioculturales se desarrollan con los Parrandones Navide\u00f1os en diversas parroquias - Alcaldia Alberto Adriani","isPartOf":{"@id":"https:\/\/alcaldiaalbertoadriani.com\/#website"},"datePublished":"2022-12-02T16:13:16+00:00","dateModified":"2022-12-02T16:13:23+00:00","author":{"@id":"https:\/\/alcaldiaalbertoadriani.com\/#\/schema\/person\/549b4483ff8999ac780deeea78795fc9"},"description":"Las actividades incluyen jornadas de atenci\u00f3n social y los parrandones navide\u00f1os en diversos sectores de las parroquias del municipio.","breadcrumb":{"@id":"https:\/\/alcaldiaalbertoadriani.com\/?p=1406#breadcrumb"},"inLanguage":"es","potentialAction":[{"@type":"ReadAction","target":["https:\/\/alcaldiaalbertoadriani.com\/?p=1406"]}]},{"@type":"BreadcrumbList","@id":"https:\/\/alcaldiaalbertoadriani.com\/?p=1406#breadcrumb","itemListElement":[{"@type":"ListItem","position":1,"name":"Portada","item":"https:\/\/alcaldiaalbertoadriani.com\/"},{"@type":"ListItem","position":2,"name":"Actividades socioculturales se desarrollan con los Parrandones Navide\u00f1os en diversas parroquias"}]},{"@type":"WebSite","@id":"https:\/\/alcaldiaalbertoadriani.com\/#website","url":"https:\/\/alcaldiaalbertoadriani.com\/","name":"Alcaldia Alberto Adriani","description":"","potentialAction":[{"@type":"SearchAction","target":{"@type":"EntryPoint","urlTemplate":"https:\/\/alcaldiaalbertoadriani.com\/?s={search_term_string}"},"query-input":"required name=search_term_string"}],"inLanguage":"es"},{"@type":"Person","@id":"https:\/\/alcaldiaalbertoadriani.com\/#\/schema\/person\/549b4483ff8999ac780deeea78795fc9","name":"Prensa","image":{"@type":"ImageObject","inLanguage":"es","@id":"https:\/\/alcaldiaalbertoadriani.com\/#\/schema\/person\/image\/","url":"https:\/\/secure.gravatar.com\/avatar\/ea1cb567ea992a29627f4eee1c2eb185ec16decec6342d508fdf18dedb56c9de?s=96&d=mm&r=g","contentUrl":"https:\/\/secure.gravatar.com\/avatar\/ea1cb567ea992a29627f4eee1c2eb185ec16decec6342d508fdf18dedb56c9de?s=96&d=mm&r=g","caption":"Prensa"},"url":"https:\/\/alcaldiaalbertoadriani.com\/?author=2"}]}},"_links":{"self":[{"href":"https:\/\/alcaldiaalbertoadriani.com\/index.php?rest_route=\/wp\/v2\/posts\/1406","targetHints":{"allow":["GET"]}}],"collection":[{"href":"https:\/\/alcaldiaalbertoadriani.com\/index.php?rest_route=\/wp\/v2\/posts"}],"about":[{"href":"https:\/\/alcaldiaalbertoadriani.com\/index.php?rest_route=\/wp\/v2\/types\/post"}],"author":[{"embeddable":true,"href":"https:\/\/alcaldiaalbertoadriani.com\/index.php?rest_route=\/wp\/v2\/users\/2"}],"replies":[{"embeddable":true,"href":"https:\/\/alcaldiaalbertoadriani.com\/index.php?rest_route=%2Fwp%2Fv2%2Fcomments&post=1406"}],"version-history":[{"count":2,"href":"https:\/\/alcaldiaalbertoadriani.com\/index.php?rest_route=\/wp\/v2\/posts\/1406\/revisions"}],"predecessor-version":[{"id":1417,"href":"https:\/\/alcaldiaalbertoadriani.com\/index.php?rest_route=\/wp\/v2\/posts\/1406\/revisions\/1417"}],"wp:featuredmedia":[{"embeddable":true,"href":"https:\/\/alcaldiaalbertoadriani.com\/index.php?rest_route=\/wp\/v2\/media\/1416"}],"wp:attachment":[{"href":"https:\/\/alcaldiaalbertoadriani.com\/index.php?rest_route=%2Fwp%2Fv2%2Fmedia&parent=1406"}],"wp:term":[{"taxonomy":"category","embeddable":true,"href":"https:\/\/alcaldiaalbertoadriani.com\/index.php?rest_route=%2Fwp%2Fv2%2Fcategories&post=1406"},{"taxonomy":"post_tag","embeddable":true,"href":"https:\/\/alcaldiaalbertoadriani.com\/index.php?rest_route=%2Fwp%2Fv2%2Ftags&post=1406"}],"curies":[{"name":"wp","href":"https:\/\/api.w.org\/{rel}","templated":true}]}}