{"id":14037,"date":"2025-12-19T16:38:33","date_gmt":"2025-12-19T16:38:33","guid":{"rendered":"https:\/\/alcaldiaalbertoadriani.com\/?p=14037"},"modified":"2025-12-19T16:38:37","modified_gmt":"2025-12-19T16:38:37","slug":"alianza-radial-visito-y-califico-pesebre","status":"publish","type":"post","link":"https:\/\/alcaldiaalbertoadriani.com\/?p=14037","title":{"rendered":"Alianza Radial visit\u00f3 y calific\u00f3 Pesebres en la parroquia Presidente P\u00e1ez"},"content":{"rendered":"\n<p>Como muestra de arraigo a las tradiciones navide\u00f1as, el lunes, miembros de la <a href=\"https:\/\/alcaldiaalbertoadriani.com\/?p=9041\">Alianza Radial Adrianista<\/a> y la Oficina de Promoci\u00f3n Institucional de la alcald\u00eda, continuaron con las visitas y evaluaci\u00f3n de los <a href=\"https:\/\/alcaldiaalbertoadriani.com\/?tag=jurado-califica-pesebres-en-parroquias-romulo-betancourt\">Pesebres<\/a>. El concurso es promovido por el alcalde<a href=\"https:\/\/www.instagram.com\/lisandrosegura02\/\"> Lisandro Segura<\/a> en las distintas parroquias de la localidad.\u00a0\u00a0\u00a0<\/p>\n\n\n\n<p>El jurado calificador, conformado por los miembros de la Alianza Radial Adrianista se dirigieron hacia la parroquia Jos\u00e9 Antonio P\u00e1ez para hacer las evaluaciones respectivas.<\/p>\n\n\n\n<figure class=\"wp-block-gallery has-nested-images columns-default is-cropped wp-block-gallery-1 is-layout-flex wp-block-gallery-is-layout-flex\">\n<figure class=\"wp-block-image size-large\"><img loading=\"lazy\" decoding=\"async\" width=\"1024\" height=\"768\" data-id=\"14039\" src=\"https:\/\/alcaldiaalbertoadriani.com\/wp-content\/uploads\/2025\/12\/photo_5050803565424741179_y-1024x768.jpg\" alt=\"\" class=\"wp-image-14039\" srcset=\"https:\/\/alcaldiaalbertoadriani.com\/wp-content\/uploads\/2025\/12\/photo_5050803565424741179_y-1024x768.jpg 1024w, https:\/\/alcaldiaalbertoadriani.com\/wp-content\/uploads\/2025\/12\/photo_5050803565424741179_y-980x735.jpg 980w, https:\/\/alcaldiaalbertoadriani.com\/wp-content\/uploads\/2025\/12\/photo_5050803565424741179_y-480x360.jpg 480w\" sizes=\"auto, (min-width: 0px) and (max-width: 480px) 480px, (min-width: 481px) and (max-width: 980px) 980px, (min-width: 981px) 1024px, 100vw\" \/><\/figure>\n<\/figure>\n\n\n\n<p>La primera visita correspondi\u00f3 a la calle 12 del sector La Inmaculada, all\u00ed Carmen Rangel Mercado present\u00f3 su pesebre el cual destac\u00f3 por sus elementos naturales, es decir: matas, musgo y troncos de madera. Asimismo, la imagen de Mar\u00eda embarazada, aunque sencillo relat\u00f3 fue hecho con amor y tradici\u00f3n navide\u00f1a.<\/p>\n\n\n\n<figure class=\"wp-block-gallery has-nested-images columns-default is-cropped wp-block-gallery-2 is-layout-flex wp-block-gallery-is-layout-flex\">\n<figure class=\"wp-block-image size-large\"><img loading=\"lazy\" decoding=\"async\" width=\"1024\" height=\"768\" data-id=\"14040\" src=\"https:\/\/alcaldiaalbertoadriani.com\/wp-content\/uploads\/2025\/12\/photo_5050803565424741181_y-1024x768.jpg\" alt=\"\" class=\"wp-image-14040\" srcset=\"https:\/\/alcaldiaalbertoadriani.com\/wp-content\/uploads\/2025\/12\/photo_5050803565424741181_y-1024x768.jpg 1024w, https:\/\/alcaldiaalbertoadriani.com\/wp-content\/uploads\/2025\/12\/photo_5050803565424741181_y-980x735.jpg 980w, https:\/\/alcaldiaalbertoadriani.com\/wp-content\/uploads\/2025\/12\/photo_5050803565424741181_y-480x360.jpg 480w\" sizes=\"auto, (min-width: 0px) and (max-width: 480px) 480px, (min-width: 481px) and (max-width: 980px) 980px, (min-width: 981px) 1024px, 100vw\" \/><\/figure>\n<\/figure>\n\n\n\n<p>La segunda visita, fue en el hogar de Do\u00f1a Lourdes de Bravo de 98 a\u00f1os de edad, igualmente en La Inmaculada, un pesebre al estilo andino con una tradici\u00f3n que ha transcendido cinco generaciones a trav\u00e9s de su hija y que conservan los Ni\u00f1os Jes\u00fas de cada generaci\u00f3n.<\/p>\n\n\n\n<figure class=\"wp-block-gallery has-nested-images columns-default is-cropped wp-block-gallery-3 is-layout-flex wp-block-gallery-is-layout-flex\">\n<figure class=\"wp-block-image size-large\"><img loading=\"lazy\" decoding=\"async\" width=\"1024\" height=\"768\" data-id=\"14041\" src=\"https:\/\/alcaldiaalbertoadriani.com\/wp-content\/uploads\/2025\/12\/photo_5050803565424741193_y-1024x768.jpg\" alt=\"\" class=\"wp-image-14041\" srcset=\"https:\/\/alcaldiaalbertoadriani.com\/wp-content\/uploads\/2025\/12\/photo_5050803565424741193_y-1024x768.jpg 1024w, https:\/\/alcaldiaalbertoadriani.com\/wp-content\/uploads\/2025\/12\/photo_5050803565424741193_y-980x735.jpg 980w, https:\/\/alcaldiaalbertoadriani.com\/wp-content\/uploads\/2025\/12\/photo_5050803565424741193_y-480x360.jpg 480w\" sizes=\"auto, (min-width: 0px) and (max-width: 480px) 480px, (min-width: 481px) and (max-width: 980px) 980px, (min-width: 981px) 1024px, 100vw\" \/><\/figure>\n<\/figure>\n\n\n\n<p>La tercera visita correspondi\u00f3 en el sector La Victoria, en donde Marianela M\u00e1rquez de Ch\u00e1vez, present\u00f3 un pesebre b\u00edblico que evoca los grandes momentos que llevaron al nacimiento del Ni\u00f1o Jes\u00fas. Relat\u00f3 que su esposo tard\u00f3 5 meses para la realizaci\u00f3n de todos los detalles que conforman el pesebre, destaca material como arcilla y cart\u00f3n.<\/p>\n\n\n\n<figure class=\"wp-block-gallery has-nested-images columns-default is-cropped wp-block-gallery-4 is-layout-flex wp-block-gallery-is-layout-flex\">\n<figure class=\"wp-block-image size-large\"><img loading=\"lazy\" decoding=\"async\" width=\"1024\" height=\"768\" data-id=\"14042\" src=\"https:\/\/alcaldiaalbertoadriani.com\/wp-content\/uploads\/2025\/12\/photo_5050803565424741186_y-1024x768.jpg\" alt=\"\" class=\"wp-image-14042\" srcset=\"https:\/\/alcaldiaalbertoadriani.com\/wp-content\/uploads\/2025\/12\/photo_5050803565424741186_y-1024x768.jpg 1024w, https:\/\/alcaldiaalbertoadriani.com\/wp-content\/uploads\/2025\/12\/photo_5050803565424741186_y-980x735.jpg 980w, https:\/\/alcaldiaalbertoadriani.com\/wp-content\/uploads\/2025\/12\/photo_5050803565424741186_y-480x360.jpg 480w\" sizes=\"auto, (min-width: 0px) and (max-width: 480px) 480px, (min-width: 481px) and (max-width: 980px) 980px, (min-width: 981px) 1024px, 100vw\" \/><\/figure>\n<\/figure>\n\n\n\n<p>Finalmente, el jurado evalu\u00f3 el cuarto pesebre, ubicado en la Urbanizaci\u00f3n P\u00e1ez, en el hogar de Gladys Contreras, quien present\u00f3 un nacimiento con im\u00e1genes gigantes como protagonista. Destac\u00f3 la importancia de la fe, la creatividad y sobre todo el Amor al realizar el pesebre y que forma parte de una promesa hecha por su hija para que recuperar\u00e1 su salud. <strong><em>Prensa Alcald\u00eda Alberto Adriani\/Claribel Zambrano CNP: 11.843\/ Fotos: Yerasabrith Manrique.<\/em><\/strong><\/p>\n\n\n\n<figure class=\"wp-block-gallery has-nested-images columns-default is-cropped wp-block-gallery-5 is-layout-flex wp-block-gallery-is-layout-flex\">\n<figure class=\"wp-block-image size-large\"><img loading=\"lazy\" decoding=\"async\" width=\"1024\" height=\"768\" data-id=\"14050\" src=\"https:\/\/alcaldiaalbertoadriani.com\/wp-content\/uploads\/2025\/12\/photo_5050803565424741176_y-1024x768.jpg\" alt=\"\" class=\"wp-image-14050\" srcset=\"https:\/\/alcaldiaalbertoadriani.com\/wp-content\/uploads\/2025\/12\/photo_5050803565424741176_y-1024x768.jpg 1024w, https:\/\/alcaldiaalbertoadriani.com\/wp-content\/uploads\/2025\/12\/photo_5050803565424741176_y-980x735.jpg 980w, https:\/\/alcaldiaalbertoadriani.com\/wp-content\/uploads\/2025\/12\/photo_5050803565424741176_y-480x360.jpg 480w\" sizes=\"auto, (min-width: 0px) and (max-width: 480px) 480px, (min-width: 481px) and (max-width: 980px) 980px, (min-width: 981px) 1024px, 100vw\" \/><\/figure>\n\n\n\n<figure class=\"wp-block-image size-large\"><img loading=\"lazy\" decoding=\"async\" width=\"1024\" height=\"768\" data-id=\"14043\" src=\"https:\/\/alcaldiaalbertoadriani.com\/wp-content\/uploads\/2025\/12\/photo_5050803565424741177_y-1024x768.jpg\" alt=\"\" class=\"wp-image-14043\" srcset=\"https:\/\/alcaldiaalbertoadriani.com\/wp-content\/uploads\/2025\/12\/photo_5050803565424741177_y-1024x768.jpg 1024w, https:\/\/alcaldiaalbertoadriani.com\/wp-content\/uploads\/2025\/12\/photo_5050803565424741177_y-980x735.jpg 980w, https:\/\/alcaldiaalbertoadriani.com\/wp-content\/uploads\/2025\/12\/photo_5050803565424741177_y-480x360.jpg 480w\" sizes=\"auto, (min-width: 0px) and (max-width: 480px) 480px, (min-width: 481px) and (max-width: 980px) 980px, (min-width: 981px) 1024px, 100vw\" \/><\/figure>\n\n\n\n<figure class=\"wp-block-image size-large\"><img loading=\"lazy\" decoding=\"async\" width=\"1024\" height=\"768\" data-id=\"14049\" src=\"https:\/\/alcaldiaalbertoadriani.com\/wp-content\/uploads\/2025\/12\/photo_5050803565424741183_y-1024x768.jpg\" alt=\"\" class=\"wp-image-14049\" srcset=\"https:\/\/alcaldiaalbertoadriani.com\/wp-content\/uploads\/2025\/12\/photo_5050803565424741183_y-1024x768.jpg 1024w, https:\/\/alcaldiaalbertoadriani.com\/wp-content\/uploads\/2025\/12\/photo_5050803565424741183_y-980x735.jpg 980w, https:\/\/alcaldiaalbertoadriani.com\/wp-content\/uploads\/2025\/12\/photo_5050803565424741183_y-480x360.jpg 480w\" sizes=\"auto, (min-width: 0px) and (max-width: 480px) 480px, (min-width: 481px) and (max-width: 980px) 980px, (min-width: 981px) 1024px, 100vw\" \/><\/figure>\n\n\n\n<figure class=\"wp-block-image size-large\"><img loading=\"lazy\" decoding=\"async\" width=\"1024\" height=\"768\" data-id=\"14051\" src=\"https:\/\/alcaldiaalbertoadriani.com\/wp-content\/uploads\/2025\/12\/photo_5050803565424741187_y-1024x768.jpg\" alt=\"\" class=\"wp-image-14051\" srcset=\"https:\/\/alcaldiaalbertoadriani.com\/wp-content\/uploads\/2025\/12\/photo_5050803565424741187_y-1024x768.jpg 1024w, https:\/\/alcaldiaalbertoadriani.com\/wp-content\/uploads\/2025\/12\/photo_5050803565424741187_y-980x735.jpg 980w, https:\/\/alcaldiaalbertoadriani.com\/wp-content\/uploads\/2025\/12\/photo_5050803565424741187_y-480x360.jpg 480w\" sizes=\"auto, (min-width: 0px) and (max-width: 480px) 480px, (min-width: 481px) and (max-width: 980px) 980px, (min-width: 981px) 1024px, 100vw\" \/><\/figure>\n\n\n\n<figure class=\"wp-block-image size-large\"><img loading=\"lazy\" decoding=\"async\" width=\"1024\" height=\"768\" data-id=\"14046\" src=\"https:\/\/alcaldiaalbertoadriani.com\/wp-content\/uploads\/2025\/12\/photo_5050803565424741188_y-1024x768.jpg\" alt=\"\" class=\"wp-image-14046\" srcset=\"https:\/\/alcaldiaalbertoadriani.com\/wp-content\/uploads\/2025\/12\/photo_5050803565424741188_y-1024x768.jpg 1024w, https:\/\/alcaldiaalbertoadriani.com\/wp-content\/uploads\/2025\/12\/photo_5050803565424741188_y-980x735.jpg 980w, https:\/\/alcaldiaalbertoadriani.com\/wp-content\/uploads\/2025\/12\/photo_5050803565424741188_y-480x360.jpg 480w\" sizes=\"auto, (min-width: 0px) and (max-width: 480px) 480px, (min-width: 481px) and (max-width: 980px) 980px, (min-width: 981px) 1024px, 100vw\" \/><\/figure>\n\n\n\n<figure class=\"wp-block-image size-large\"><img loading=\"lazy\" decoding=\"async\" width=\"1024\" height=\"768\" data-id=\"14048\" src=\"https:\/\/alcaldiaalbertoadriani.com\/wp-content\/uploads\/2025\/12\/photo_5050803565424741189_y-1024x768.jpg\" alt=\"\" class=\"wp-image-14048\" srcset=\"https:\/\/alcaldiaalbertoadriani.com\/wp-content\/uploads\/2025\/12\/photo_5050803565424741189_y-1024x768.jpg 1024w, https:\/\/alcaldiaalbertoadriani.com\/wp-content\/uploads\/2025\/12\/photo_5050803565424741189_y-980x735.jpg 980w, https:\/\/alcaldiaalbertoadriani.com\/wp-content\/uploads\/2025\/12\/photo_5050803565424741189_y-480x360.jpg 480w\" sizes=\"auto, (min-width: 0px) and (max-width: 480px) 480px, (min-width: 481px) and (max-width: 980px) 980px, (min-width: 981px) 1024px, 100vw\" \/><\/figure>\n\n\n\n<figure class=\"wp-block-image size-large\"><img loading=\"lazy\" decoding=\"async\" width=\"1024\" height=\"768\" data-id=\"14047\" src=\"https:\/\/alcaldiaalbertoadriani.com\/wp-content\/uploads\/2025\/12\/photo_5050803565424741190_y-1024x768.jpg\" alt=\"\" class=\"wp-image-14047\" srcset=\"https:\/\/alcaldiaalbertoadriani.com\/wp-content\/uploads\/2025\/12\/photo_5050803565424741190_y-1024x768.jpg 1024w, https:\/\/alcaldiaalbertoadriani.com\/wp-content\/uploads\/2025\/12\/photo_5050803565424741190_y-980x735.jpg 980w, https:\/\/alcaldiaalbertoadriani.com\/wp-content\/uploads\/2025\/12\/photo_5050803565424741190_y-480x360.jpg 480w\" sizes=\"auto, (min-width: 0px) and (max-width: 480px) 480px, (min-width: 481px) and (max-width: 980px) 980px, (min-width: 981px) 1024px, 100vw\" \/><\/figure>\n\n\n\n<figure class=\"wp-block-image size-large\"><img loading=\"lazy\" decoding=\"async\" width=\"1024\" height=\"768\" data-id=\"14044\" src=\"https:\/\/alcaldiaalbertoadriani.com\/wp-content\/uploads\/2025\/12\/photo_5050803565424741191_y-1024x768.jpg\" alt=\"\" class=\"wp-image-14044\" srcset=\"https:\/\/alcaldiaalbertoadriani.com\/wp-content\/uploads\/2025\/12\/photo_5050803565424741191_y-1024x768.jpg 1024w, https:\/\/alcaldiaalbertoadriani.com\/wp-content\/uploads\/2025\/12\/photo_5050803565424741191_y-980x735.jpg 980w, https:\/\/alcaldiaalbertoadriani.com\/wp-content\/uploads\/2025\/12\/photo_5050803565424741191_y-480x360.jpg 480w\" sizes=\"auto, (min-width: 0px) and (max-width: 480px) 480px, (min-width: 481px) and (max-width: 980px) 980px, (min-width: 981px) 1024px, 100vw\" \/><\/figure>\n\n\n\n<figure class=\"wp-block-image size-large\"><img loading=\"lazy\" decoding=\"async\" width=\"1024\" height=\"768\" data-id=\"14045\" src=\"https:\/\/alcaldiaalbertoadriani.com\/wp-content\/uploads\/2025\/12\/photo_5050803565424741192_y-1024x768.jpg\" alt=\"\" class=\"wp-image-14045\" srcset=\"https:\/\/alcaldiaalbertoadriani.com\/wp-content\/uploads\/2025\/12\/photo_5050803565424741192_y-1024x768.jpg 1024w, https:\/\/alcaldiaalbertoadriani.com\/wp-content\/uploads\/2025\/12\/photo_5050803565424741192_y-980x735.jpg 980w, https:\/\/alcaldiaalbertoadriani.com\/wp-content\/uploads\/2025\/12\/photo_5050803565424741192_y-480x360.jpg 480w\" sizes=\"auto, (min-width: 0px) and (max-width: 480px) 480px, (min-width: 481px) and (max-width: 980px) 980px, (min-width: 981px) 1024px, 100vw\" \/><\/figure>\n<\/figure>\n","protected":false},"excerpt":{"rendered":"<p>Como muestra de arraigo a las tradiciones navide\u00f1as, el lunes, miembros de la Alianza Radial Adrianista y la Oficina de Promoci\u00f3n Institucional de la alcald\u00eda, continuaron con las visitas y [&hellip;]<\/p>\n","protected":false},"author":2,"featured_media":14038,"comment_status":"open","ping_status":"closed","sticky":false,"template":"","format":"standard","meta":{"_et_pb_use_builder":"off","_et_pb_old_content":"","_et_gb_content_width":"","footnotes":""},"categories":[341,78,25],"tags":[31,11,12,15,761,29,28],"class_list":["post-14037","post","type-post","status-publish","format-standard","has-post-thumbnail","hentry","category-alcaldia-alberto-adriani","category-cultura","category-nuestro-municipio","tag-alcalde","tag-alcaldia","tag-alcaldiaalbertoadriani","tag-elvigia","tag-encrucijadadeprogreso","tag-municipioquenosmerecemos","tag-porelrenacer"],"yoast_head":"<!-- This site is optimized with the Yoast SEO plugin v19.13 - https:\/\/yoast.com\/wordpress\/plugins\/seo\/ -->\n<title>Alianza Radial visit\u00f3 y calific\u00f3 Pesebres<\/title>\n<meta name=\"description\" content=\"Alianza Radial visit\u00f3 y calific\u00f3 Pesebres en la parroquia Presidente P\u00e1ez El concurso es promovido por el alcalde Lisandro Segura\" \/>\n<meta name=\"robots\" content=\"index, follow, max-snippet:-1, max-image-preview:large, max-video-preview:-1\" \/>\n<link rel=\"canonical\" href=\"https:\/\/alcaldiaalbertoadriani.com\/?p=14037\" \/>\n<meta property=\"og:locale\" content=\"es_ES\" \/>\n<meta property=\"og:type\" content=\"article\" \/>\n<meta property=\"og:title\" content=\"Alianza Radial visit\u00f3 y calific\u00f3 Pesebres\" \/>\n<meta property=\"og:description\" content=\"Alianza Radial visit\u00f3 y calific\u00f3 Pesebres en la parroquia Presidente P\u00e1ez El concurso es promovido por el alcalde Lisandro Segura\" \/>\n<meta property=\"og:url\" content=\"https:\/\/alcaldiaalbertoadriani.com\/?p=14037\" \/>\n<meta property=\"og:site_name\" content=\"Alcaldia Alberto Adriani\" \/>\n<meta property=\"article:published_time\" content=\"2025-12-19T16:38:33+00:00\" \/>\n<meta property=\"article:modified_time\" content=\"2025-12-19T16:38:37+00:00\" \/>\n<meta property=\"og:image\" content=\"https:\/\/alcaldiaalbertoadriani.com\/wp-content\/uploads\/2025\/12\/photo_5050803565424741180_y.jpg\" \/>\n\t<meta property=\"og:image:width\" content=\"1280\" \/>\n\t<meta property=\"og:image:height\" content=\"960\" \/>\n\t<meta property=\"og:image:type\" content=\"image\/jpeg\" \/>\n<meta name=\"author\" content=\"Prensa\" \/>\n<meta name=\"twitter:card\" content=\"summary_large_image\" \/>\n<meta name=\"twitter:label1\" content=\"Escrito por\" \/>\n\t<meta name=\"twitter:data1\" content=\"Prensa\" \/>\n\t<meta name=\"twitter:label2\" content=\"Tiempo de lectura\" \/>\n\t<meta name=\"twitter:data2\" content=\"4 minutos\" \/>\n<script type=\"application\/ld+json\" class=\"yoast-schema-graph\">{\"@context\":\"https:\/\/schema.org\",\"@graph\":[{\"@type\":\"WebPage\",\"@id\":\"https:\/\/alcaldiaalbertoadriani.com\/?p=14037\",\"url\":\"https:\/\/alcaldiaalbertoadriani.com\/?p=14037\",\"name\":\"Alianza Radial visit\u00f3 y calific\u00f3 Pesebres\",\"isPartOf\":{\"@id\":\"https:\/\/alcaldiaalbertoadriani.com\/#website\"},\"datePublished\":\"2025-12-19T16:38:33+00:00\",\"dateModified\":\"2025-12-19T16:38:37+00:00\",\"author\":{\"@id\":\"https:\/\/alcaldiaalbertoadriani.com\/#\/schema\/person\/549b4483ff8999ac780deeea78795fc9\"},\"description\":\"Alianza Radial visit\u00f3 y calific\u00f3 Pesebres en la parroquia Presidente P\u00e1ez El concurso es promovido por el alcalde Lisandro Segura\",\"breadcrumb\":{\"@id\":\"https:\/\/alcaldiaalbertoadriani.com\/?p=14037#breadcrumb\"},\"inLanguage\":\"es\",\"potentialAction\":[{\"@type\":\"ReadAction\",\"target\":[\"https:\/\/alcaldiaalbertoadriani.com\/?p=14037\"]}]},{\"@type\":\"BreadcrumbList\",\"@id\":\"https:\/\/alcaldiaalbertoadriani.com\/?p=14037#breadcrumb\",\"itemListElement\":[{\"@type\":\"ListItem\",\"position\":1,\"name\":\"Portada\",\"item\":\"https:\/\/alcaldiaalbertoadriani.com\/\"},{\"@type\":\"ListItem\",\"position\":2,\"name\":\"Alianza Radial visit\u00f3 y calific\u00f3 Pesebres en la parroquia Presidente P\u00e1ez\"}]},{\"@type\":\"WebSite\",\"@id\":\"https:\/\/alcaldiaalbertoadriani.com\/#website\",\"url\":\"https:\/\/alcaldiaalbertoadriani.com\/\",\"name\":\"Alcaldia Alberto Adriani\",\"description\":\"\",\"potentialAction\":[{\"@type\":\"SearchAction\",\"target\":{\"@type\":\"EntryPoint\",\"urlTemplate\":\"https:\/\/alcaldiaalbertoadriani.com\/?s={search_term_string}\"},\"query-input\":\"required name=search_term_string\"}],\"inLanguage\":\"es\"},{\"@type\":\"Person\",\"@id\":\"https:\/\/alcaldiaalbertoadriani.com\/#\/schema\/person\/549b4483ff8999ac780deeea78795fc9\",\"name\":\"Prensa\",\"image\":{\"@type\":\"ImageObject\",\"inLanguage\":\"es\",\"@id\":\"https:\/\/alcaldiaalbertoadriani.com\/#\/schema\/person\/image\/\",\"url\":\"https:\/\/secure.gravatar.com\/avatar\/ea1cb567ea992a29627f4eee1c2eb185ec16decec6342d508fdf18dedb56c9de?s=96&d=mm&r=g\",\"contentUrl\":\"https:\/\/secure.gravatar.com\/avatar\/ea1cb567ea992a29627f4eee1c2eb185ec16decec6342d508fdf18dedb56c9de?s=96&d=mm&r=g\",\"caption\":\"Prensa\"},\"url\":\"https:\/\/alcaldiaalbertoadriani.com\/?author=2\"}]}<\/script>\n<!-- \/ Yoast SEO plugin. -->","yoast_head_json":{"title":"Alianza Radial visit\u00f3 y calific\u00f3 Pesebres","description":"Alianza Radial visit\u00f3 y calific\u00f3 Pesebres en la parroquia Presidente P\u00e1ez El concurso es promovido por el alcalde Lisandro Segura","robots":{"index":"index","follow":"follow","max-snippet":"max-snippet:-1","max-image-preview":"max-image-preview:large","max-video-preview":"max-video-preview:-1"},"canonical":"https:\/\/alcaldiaalbertoadriani.com\/?p=14037","og_locale":"es_ES","og_type":"article","og_title":"Alianza Radial visit\u00f3 y calific\u00f3 Pesebres","og_description":"Alianza Radial visit\u00f3 y calific\u00f3 Pesebres en la parroquia Presidente P\u00e1ez El concurso es promovido por el alcalde Lisandro Segura","og_url":"https:\/\/alcaldiaalbertoadriani.com\/?p=14037","og_site_name":"Alcaldia Alberto Adriani","article_published_time":"2025-12-19T16:38:33+00:00","article_modified_time":"2025-12-19T16:38:37+00:00","og_image":[{"width":1280,"height":960,"url":"https:\/\/alcaldiaalbertoadriani.com\/wp-content\/uploads\/2025\/12\/photo_5050803565424741180_y.jpg","type":"image\/jpeg"}],"author":"Prensa","twitter_card":"summary_large_image","twitter_misc":{"Escrito por":"Prensa","Tiempo de lectura":"4 minutos"},"schema":{"@context":"https:\/\/schema.org","@graph":[{"@type":"WebPage","@id":"https:\/\/alcaldiaalbertoadriani.com\/?p=14037","url":"https:\/\/alcaldiaalbertoadriani.com\/?p=14037","name":"Alianza Radial visit\u00f3 y calific\u00f3 Pesebres","isPartOf":{"@id":"https:\/\/alcaldiaalbertoadriani.com\/#website"},"datePublished":"2025-12-19T16:38:33+00:00","dateModified":"2025-12-19T16:38:37+00:00","author":{"@id":"https:\/\/alcaldiaalbertoadriani.com\/#\/schema\/person\/549b4483ff8999ac780deeea78795fc9"},"description":"Alianza Radial visit\u00f3 y calific\u00f3 Pesebres en la parroquia Presidente P\u00e1ez El concurso es promovido por el alcalde Lisandro Segura","breadcrumb":{"@id":"https:\/\/alcaldiaalbertoadriani.com\/?p=14037#breadcrumb"},"inLanguage":"es","potentialAction":[{"@type":"ReadAction","target":["https:\/\/alcaldiaalbertoadriani.com\/?p=14037"]}]},{"@type":"BreadcrumbList","@id":"https:\/\/alcaldiaalbertoadriani.com\/?p=14037#breadcrumb","itemListElement":[{"@type":"ListItem","position":1,"name":"Portada","item":"https:\/\/alcaldiaalbertoadriani.com\/"},{"@type":"ListItem","position":2,"name":"Alianza Radial visit\u00f3 y calific\u00f3 Pesebres en la parroquia Presidente P\u00e1ez"}]},{"@type":"WebSite","@id":"https:\/\/alcaldiaalbertoadriani.com\/#website","url":"https:\/\/alcaldiaalbertoadriani.com\/","name":"Alcaldia Alberto Adriani","description":"","potentialAction":[{"@type":"SearchAction","target":{"@type":"EntryPoint","urlTemplate":"https:\/\/alcaldiaalbertoadriani.com\/?s={search_term_string}"},"query-input":"required name=search_term_string"}],"inLanguage":"es"},{"@type":"Person","@id":"https:\/\/alcaldiaalbertoadriani.com\/#\/schema\/person\/549b4483ff8999ac780deeea78795fc9","name":"Prensa","image":{"@type":"ImageObject","inLanguage":"es","@id":"https:\/\/alcaldiaalbertoadriani.com\/#\/schema\/person\/image\/","url":"https:\/\/secure.gravatar.com\/avatar\/ea1cb567ea992a29627f4eee1c2eb185ec16decec6342d508fdf18dedb56c9de?s=96&d=mm&r=g","contentUrl":"https:\/\/secure.gravatar.com\/avatar\/ea1cb567ea992a29627f4eee1c2eb185ec16decec6342d508fdf18dedb56c9de?s=96&d=mm&r=g","caption":"Prensa"},"url":"https:\/\/alcaldiaalbertoadriani.com\/?author=2"}]}},"_links":{"self":[{"href":"https:\/\/alcaldiaalbertoadriani.com\/index.php?rest_route=\/wp\/v2\/posts\/14037","targetHints":{"allow":["GET"]}}],"collection":[{"href":"https:\/\/alcaldiaalbertoadriani.com\/index.php?rest_route=\/wp\/v2\/posts"}],"about":[{"href":"https:\/\/alcaldiaalbertoadriani.com\/index.php?rest_route=\/wp\/v2\/types\/post"}],"author":[{"embeddable":true,"href":"https:\/\/alcaldiaalbertoadriani.com\/index.php?rest_route=\/wp\/v2\/users\/2"}],"replies":[{"embeddable":true,"href":"https:\/\/alcaldiaalbertoadriani.com\/index.php?rest_route=%2Fwp%2Fv2%2Fcomments&post=14037"}],"version-history":[{"count":1,"href":"https:\/\/alcaldiaalbertoadriani.com\/index.php?rest_route=\/wp\/v2\/posts\/14037\/revisions"}],"predecessor-version":[{"id":14052,"href":"https:\/\/alcaldiaalbertoadriani.com\/index.php?rest_route=\/wp\/v2\/posts\/14037\/revisions\/14052"}],"wp:featuredmedia":[{"embeddable":true,"href":"https:\/\/alcaldiaalbertoadriani.com\/index.php?rest_route=\/wp\/v2\/media\/14038"}],"wp:attachment":[{"href":"https:\/\/alcaldiaalbertoadriani.com\/index.php?rest_route=%2Fwp%2Fv2%2Fmedia&parent=14037"}],"wp:term":[{"taxonomy":"category","embeddable":true,"href":"https:\/\/alcaldiaalbertoadriani.com\/index.php?rest_route=%2Fwp%2Fv2%2Fcategories&post=14037"},{"taxonomy":"post_tag","embeddable":true,"href":"https:\/\/alcaldiaalbertoadriani.com\/index.php?rest_route=%2Fwp%2Fv2%2Ftags&post=14037"}],"curies":[{"name":"wp","href":"https:\/\/api.w.org\/{rel}","templated":true}]}}