{"id":14027,"date":"2025-12-19T16:29:12","date_gmt":"2025-12-19T16:29:12","guid":{"rendered":"https:\/\/alcaldiaalbertoadriani.com\/?p=14027"},"modified":"2025-12-19T16:29:15","modified_gmt":"2025-12-19T16:29:15","slug":"gobierno-de-lisandro-segura-atiende-contingencia-frente-a-lluvias","status":"publish","type":"post","link":"https:\/\/alcaldiaalbertoadriani.com\/?p=14027","title":{"rendered":"Gobierno de Lisandro Segura atiende contingencia frente a las lluvias en El Vig\u00eda"},"content":{"rendered":"\n<p>El gobierno del alcalde <a href=\"https:\/\/www.instagram.com\/lisandrosegura02\/\">Lisandro Segura<\/a> mantiene un despliegue operativo constante para atender la<a href=\"https:\/\/alcaldiaalbertoadriani.com\/?tag=alcalde-lisandro-segura-atendio-contingencia-generada-por-lluvias\"> contingencia<\/a> derivada de las recientes precipitaciones en el municipio Alberto Adriani. Mediante el uso de maquinaria pesada y personal del Plan renacer de mi Vig\u00eda Querido, la gesti\u00f3n local trabaja en solventar las afectaciones presentadas en las parroquias R\u00f3mulo Gallegos y Presidente P\u00e1ez.<\/p>\n\n\n\n<figure class=\"wp-block-gallery has-nested-images columns-default is-cropped wp-block-gallery-1 is-layout-flex wp-block-gallery-is-layout-flex\">\n<figure class=\"wp-block-image size-large\"><img loading=\"lazy\" decoding=\"async\" width=\"768\" height=\"1024\" data-id=\"14029\" src=\"https:\/\/alcaldiaalbertoadriani.com\/wp-content\/uploads\/2025\/12\/photo_5050803565424741173_y-768x1024.jpg\" alt=\"\" class=\"wp-image-14029\" srcset=\"https:\/\/alcaldiaalbertoadriani.com\/wp-content\/uploads\/2025\/12\/photo_5050803565424741173_y-768x1024.jpg 768w, https:\/\/alcaldiaalbertoadriani.com\/wp-content\/uploads\/2025\/12\/photo_5050803565424741173_y-480x640.jpg 480w\" sizes=\"auto, (min-width: 0px) and (max-width: 480px) 480px, (min-width: 481px) 768px, 100vw\" \/><\/figure>\n<\/figure>\n\n\n\n<p>El alcalde inform\u00f3 sobre los sectores atendidos entre los que destacan la comunidad de Brisas del Para\u00edso en la parroquia R\u00f3mulo Gallegos, donde la crecida del ca\u00f1o La Macana y la acumulaci\u00f3n de desechos s\u00f3lidos obstruyeron la alcantarilla, fracturando un puente artesanal. En este sentido, se ejecuta trabajos de despeje y reforzamiento de la estructura.<\/p>\n\n\n\n<p>\u201cHemos dispuesto de maquinaria tipo retroexcavador para trabajar en el despeje de la obstrucci\u00f3n de la alcantarilla y solventar la situaci\u00f3n presentada por las lluvias en Brisas del Para\u00edso, adem\u00e1s vamos a fortalecer el puente artesanal que da acceso a la comunidad con muros cicl\u00f3peos para que pueda aguantar las embestidas de la crecida del ca\u00f1o y vamos nuevamente a dragar y canalizar estos afluentes h\u00eddricos para que estos trabajos preventivos, que es lo que nos ha protegido hasta ahora, puedan evitar contingencias mayores\u201d.<\/p>\n\n\n\n<p>El alcalde hizo nuevamente un llamado a la conciencia ciudadana para evitar arrojar basura a los cauces, lo cual se convierte en una amenaza de desbordamientos para los mismos habitantes de estas zonas.<\/p>\n\n\n\n<h2 class=\"wp-block-heading\"><strong>Recuperaci\u00f3n de ejes viales<\/strong><\/h2>\n\n\n\n<p>Asimismo, se dispuso de maquinaria tipo retro para la comunidad de 5 de Julio y La Cascarita, donde derrumbes de algunos cerros y muros obstruyeron el paso vehicular y peatonal. \u201cYa la maquinaria y las cuadrillas del plan Renacer de Mi Vig\u00eda Querido est\u00e1n trabajando en la contingencia.\u201d<\/p>\n\n\n\n<figure class=\"wp-block-gallery has-nested-images columns-default is-cropped wp-block-gallery-2 is-layout-flex wp-block-gallery-is-layout-flex\">\n<figure class=\"wp-block-image size-large\"><img loading=\"lazy\" decoding=\"async\" width=\"1024\" height=\"768\" data-id=\"14031\" src=\"https:\/\/alcaldiaalbertoadriani.com\/wp-content\/uploads\/2025\/12\/photo_5050803565424741171_y-1024x768.jpg\" alt=\"\" class=\"wp-image-14031\" srcset=\"https:\/\/alcaldiaalbertoadriani.com\/wp-content\/uploads\/2025\/12\/photo_5050803565424741171_y-1024x768.jpg 1024w, https:\/\/alcaldiaalbertoadriani.com\/wp-content\/uploads\/2025\/12\/photo_5050803565424741171_y-980x735.jpg 980w, https:\/\/alcaldiaalbertoadriani.com\/wp-content\/uploads\/2025\/12\/photo_5050803565424741171_y-480x360.jpg 480w\" sizes=\"auto, (min-width: 0px) and (max-width: 480px) 480px, (min-width: 481px) and (max-width: 980px) 980px, (min-width: 981px) 1024px, 100vw\" \/><\/figure>\n<\/figure>\n\n\n\n<p>De igual modo, se trabaja en la intersecci\u00f3n entre las avenidas Don Pepe Rojas y Jos\u00e9 Antonio P\u00e1ez, donde la v\u00eda cedi\u00f3 por socavaci\u00f3n. \u201cEn lo inmediato, comenzamos a trabajar para atender esta situaci\u00f3n y recuperar totalmente ese eje vial&#8221;.<\/p>\n\n\n\n<p>El alcalde tambi\u00e9n instruy\u00f3 inspecciones t\u00e9cnicas en Las Lomas, tras el desborde del <a href=\"https:\/\/alcaldiaalbertoadriani.com\/?p=11786\">ca\u00f1o San Rom\u00e1n<\/a> en la parroquia P\u00e1ez. Segura signific\u00f3 que gracias a las labores preventivas de dragado realizadas por el gobierno local durante el verano en sectores como Chacaito, La Pedregosa y Jos\u00e9 Mart\u00ed, se han evitado da\u00f1os mayores y protegido a las familias. Entretanto, la gesti\u00f3n municipal mantiene constante monitoreo. <strong><em>Prensa Alcald\u00eda Alberto Adriani\/ Claribel Zambrano CNP: 11.843\/ Fotos: Karla M\u00e1rquez y Gipul.<\/em><\/strong><\/p>\n\n\n\n<figure class=\"wp-block-gallery has-nested-images columns-default is-cropped wp-block-gallery-3 is-layout-flex wp-block-gallery-is-layout-flex\">\n<figure class=\"wp-block-image size-large\"><img loading=\"lazy\" decoding=\"async\" width=\"1024\" height=\"576\" data-id=\"14033\" src=\"https:\/\/alcaldiaalbertoadriani.com\/wp-content\/uploads\/2025\/12\/photo_5050803565424741172_y-1024x576.jpg\" alt=\"\" class=\"wp-image-14033\" srcset=\"https:\/\/alcaldiaalbertoadriani.com\/wp-content\/uploads\/2025\/12\/photo_5050803565424741172_y-1024x576.jpg 1024w, https:\/\/alcaldiaalbertoadriani.com\/wp-content\/uploads\/2025\/12\/photo_5050803565424741172_y-980x551.jpg 980w, https:\/\/alcaldiaalbertoadriani.com\/wp-content\/uploads\/2025\/12\/photo_5050803565424741172_y-480x270.jpg 480w\" sizes=\"auto, (min-width: 0px) and (max-width: 480px) 480px, (min-width: 481px) and (max-width: 980px) 980px, (min-width: 981px) 1024px, 100vw\" \/><\/figure>\n\n\n\n<figure class=\"wp-block-image size-large\"><img loading=\"lazy\" decoding=\"async\" width=\"1024\" height=\"768\" data-id=\"14032\" src=\"https:\/\/alcaldiaalbertoadriani.com\/wp-content\/uploads\/2025\/12\/photo_5050803565424741174_y-1-1024x768.jpg\" alt=\"\" class=\"wp-image-14032\" srcset=\"https:\/\/alcaldiaalbertoadriani.com\/wp-content\/uploads\/2025\/12\/photo_5050803565424741174_y-1-1024x768.jpg 1024w, https:\/\/alcaldiaalbertoadriani.com\/wp-content\/uploads\/2025\/12\/photo_5050803565424741174_y-1-980x735.jpg 980w, https:\/\/alcaldiaalbertoadriani.com\/wp-content\/uploads\/2025\/12\/photo_5050803565424741174_y-1-480x360.jpg 480w\" sizes=\"auto, (min-width: 0px) and (max-width: 480px) 480px, (min-width: 481px) and (max-width: 980px) 980px, (min-width: 981px) 1024px, 100vw\" \/><\/figure>\n\n\n\n<figure class=\"wp-block-image size-large\"><img loading=\"lazy\" decoding=\"async\" width=\"1024\" height=\"768\" data-id=\"14034\" src=\"https:\/\/alcaldiaalbertoadriani.com\/wp-content\/uploads\/2025\/12\/photo_5050803565424741170_y-1024x768.jpg\" alt=\"\" class=\"wp-image-14034\" srcset=\"https:\/\/alcaldiaalbertoadriani.com\/wp-content\/uploads\/2025\/12\/photo_5050803565424741170_y-1024x768.jpg 1024w, https:\/\/alcaldiaalbertoadriani.com\/wp-content\/uploads\/2025\/12\/photo_5050803565424741170_y-980x735.jpg 980w, https:\/\/alcaldiaalbertoadriani.com\/wp-content\/uploads\/2025\/12\/photo_5050803565424741170_y-480x360.jpg 480w\" sizes=\"auto, (min-width: 0px) and (max-width: 480px) 480px, (min-width: 481px) and (max-width: 980px) 980px, (min-width: 981px) 1024px, 100vw\" \/><\/figure>\n<\/figure>\n","protected":false},"excerpt":{"rendered":"<p>El gobierno del alcalde Lisandro Segura mantiene un despliegue operativo constante para atender la contingencia derivada de las recientes precipitaciones en el municipio Alberto Adriani. Mediante el uso de maquinaria [&hellip;]<\/p>\n","protected":false},"author":2,"featured_media":14028,"comment_status":"open","ping_status":"closed","sticky":false,"template":"","format":"standard","meta":{"_et_pb_use_builder":"off","_et_pb_old_content":"","_et_gb_content_width":"","footnotes":""},"categories":[341,25],"tags":[31,11,12,15,761,30,29],"class_list":["post-14027","post","type-post","status-publish","format-standard","has-post-thumbnail","hentry","category-alcaldia-alberto-adriani","category-nuestro-municipio","tag-alcalde","tag-alcaldia","tag-alcaldiaalbertoadriani","tag-elvigia","tag-encrucijadadeprogreso","tag-lisandrosegura","tag-municipioquenosmerecemos"],"yoast_head":"<!-- This site is optimized with the Yoast SEO plugin v19.13 - https:\/\/yoast.com\/wordpress\/plugins\/seo\/ -->\n<title>Gobierno de Lisandro Segura atiende contingencia frente a lluvias<\/title>\n<meta name=\"description\" content=\"Gobierno de Lisandro Segura atiende contingencia frente a las lluvias en El Vig\u00eda Mediante el uso de maquinaria pesada\" \/>\n<meta name=\"robots\" content=\"index, follow, max-snippet:-1, max-image-preview:large, max-video-preview:-1\" \/>\n<link rel=\"canonical\" href=\"https:\/\/alcaldiaalbertoadriani.com\/?p=14027\" \/>\n<meta property=\"og:locale\" content=\"es_ES\" \/>\n<meta property=\"og:type\" content=\"article\" \/>\n<meta property=\"og:title\" content=\"Gobierno de Lisandro Segura atiende contingencia frente a lluvias\" \/>\n<meta property=\"og:description\" content=\"Gobierno de Lisandro Segura atiende contingencia frente a las lluvias en El Vig\u00eda Mediante el uso de maquinaria pesada\" \/>\n<meta property=\"og:url\" content=\"https:\/\/alcaldiaalbertoadriani.com\/?p=14027\" \/>\n<meta property=\"og:site_name\" content=\"Alcaldia Alberto Adriani\" \/>\n<meta property=\"article:published_time\" content=\"2025-12-19T16:29:12+00:00\" \/>\n<meta property=\"article:modified_time\" content=\"2025-12-19T16:29:15+00:00\" \/>\n<meta property=\"og:image\" content=\"https:\/\/alcaldiaalbertoadriani.com\/wp-content\/uploads\/2025\/12\/photo_5050803565424741169_y.jpg\" \/>\n\t<meta property=\"og:image:width\" content=\"1280\" \/>\n\t<meta property=\"og:image:height\" content=\"720\" \/>\n\t<meta property=\"og:image:type\" content=\"image\/jpeg\" \/>\n<meta name=\"author\" content=\"Prensa\" \/>\n<meta name=\"twitter:card\" content=\"summary_large_image\" \/>\n<meta name=\"twitter:label1\" content=\"Escrito por\" \/>\n\t<meta name=\"twitter:data1\" content=\"Prensa\" \/>\n\t<meta name=\"twitter:label2\" content=\"Tiempo de lectura\" \/>\n\t<meta name=\"twitter:data2\" content=\"3 minutos\" \/>\n<script type=\"application\/ld+json\" class=\"yoast-schema-graph\">{\"@context\":\"https:\/\/schema.org\",\"@graph\":[{\"@type\":\"WebPage\",\"@id\":\"https:\/\/alcaldiaalbertoadriani.com\/?p=14027\",\"url\":\"https:\/\/alcaldiaalbertoadriani.com\/?p=14027\",\"name\":\"Gobierno de Lisandro Segura atiende contingencia frente a lluvias\",\"isPartOf\":{\"@id\":\"https:\/\/alcaldiaalbertoadriani.com\/#website\"},\"datePublished\":\"2025-12-19T16:29:12+00:00\",\"dateModified\":\"2025-12-19T16:29:15+00:00\",\"author\":{\"@id\":\"https:\/\/alcaldiaalbertoadriani.com\/#\/schema\/person\/549b4483ff8999ac780deeea78795fc9\"},\"description\":\"Gobierno de Lisandro Segura atiende contingencia frente a las lluvias en El Vig\u00eda Mediante el uso de maquinaria pesada\",\"breadcrumb\":{\"@id\":\"https:\/\/alcaldiaalbertoadriani.com\/?p=14027#breadcrumb\"},\"inLanguage\":\"es\",\"potentialAction\":[{\"@type\":\"ReadAction\",\"target\":[\"https:\/\/alcaldiaalbertoadriani.com\/?p=14027\"]}]},{\"@type\":\"BreadcrumbList\",\"@id\":\"https:\/\/alcaldiaalbertoadriani.com\/?p=14027#breadcrumb\",\"itemListElement\":[{\"@type\":\"ListItem\",\"position\":1,\"name\":\"Portada\",\"item\":\"https:\/\/alcaldiaalbertoadriani.com\/\"},{\"@type\":\"ListItem\",\"position\":2,\"name\":\"Gobierno de Lisandro Segura atiende contingencia frente a las lluvias en El Vig\u00eda\"}]},{\"@type\":\"WebSite\",\"@id\":\"https:\/\/alcaldiaalbertoadriani.com\/#website\",\"url\":\"https:\/\/alcaldiaalbertoadriani.com\/\",\"name\":\"Alcaldia Alberto Adriani\",\"description\":\"\",\"potentialAction\":[{\"@type\":\"SearchAction\",\"target\":{\"@type\":\"EntryPoint\",\"urlTemplate\":\"https:\/\/alcaldiaalbertoadriani.com\/?s={search_term_string}\"},\"query-input\":\"required name=search_term_string\"}],\"inLanguage\":\"es\"},{\"@type\":\"Person\",\"@id\":\"https:\/\/alcaldiaalbertoadriani.com\/#\/schema\/person\/549b4483ff8999ac780deeea78795fc9\",\"name\":\"Prensa\",\"image\":{\"@type\":\"ImageObject\",\"inLanguage\":\"es\",\"@id\":\"https:\/\/alcaldiaalbertoadriani.com\/#\/schema\/person\/image\/\",\"url\":\"https:\/\/secure.gravatar.com\/avatar\/ea1cb567ea992a29627f4eee1c2eb185ec16decec6342d508fdf18dedb56c9de?s=96&d=mm&r=g\",\"contentUrl\":\"https:\/\/secure.gravatar.com\/avatar\/ea1cb567ea992a29627f4eee1c2eb185ec16decec6342d508fdf18dedb56c9de?s=96&d=mm&r=g\",\"caption\":\"Prensa\"},\"url\":\"https:\/\/alcaldiaalbertoadriani.com\/?author=2\"}]}<\/script>\n<!-- \/ Yoast SEO plugin. -->","yoast_head_json":{"title":"Gobierno de Lisandro Segura atiende contingencia frente a lluvias","description":"Gobierno de Lisandro Segura atiende contingencia frente a las lluvias en El Vig\u00eda Mediante el uso de maquinaria pesada","robots":{"index":"index","follow":"follow","max-snippet":"max-snippet:-1","max-image-preview":"max-image-preview:large","max-video-preview":"max-video-preview:-1"},"canonical":"https:\/\/alcaldiaalbertoadriani.com\/?p=14027","og_locale":"es_ES","og_type":"article","og_title":"Gobierno de Lisandro Segura atiende contingencia frente a lluvias","og_description":"Gobierno de Lisandro Segura atiende contingencia frente a las lluvias en El Vig\u00eda Mediante el uso de maquinaria pesada","og_url":"https:\/\/alcaldiaalbertoadriani.com\/?p=14027","og_site_name":"Alcaldia Alberto Adriani","article_published_time":"2025-12-19T16:29:12+00:00","article_modified_time":"2025-12-19T16:29:15+00:00","og_image":[{"width":1280,"height":720,"url":"https:\/\/alcaldiaalbertoadriani.com\/wp-content\/uploads\/2025\/12\/photo_5050803565424741169_y.jpg","type":"image\/jpeg"}],"author":"Prensa","twitter_card":"summary_large_image","twitter_misc":{"Escrito por":"Prensa","Tiempo de lectura":"3 minutos"},"schema":{"@context":"https:\/\/schema.org","@graph":[{"@type":"WebPage","@id":"https:\/\/alcaldiaalbertoadriani.com\/?p=14027","url":"https:\/\/alcaldiaalbertoadriani.com\/?p=14027","name":"Gobierno de Lisandro Segura atiende contingencia frente a lluvias","isPartOf":{"@id":"https:\/\/alcaldiaalbertoadriani.com\/#website"},"datePublished":"2025-12-19T16:29:12+00:00","dateModified":"2025-12-19T16:29:15+00:00","author":{"@id":"https:\/\/alcaldiaalbertoadriani.com\/#\/schema\/person\/549b4483ff8999ac780deeea78795fc9"},"description":"Gobierno de Lisandro Segura atiende contingencia frente a las lluvias en El Vig\u00eda Mediante el uso de maquinaria pesada","breadcrumb":{"@id":"https:\/\/alcaldiaalbertoadriani.com\/?p=14027#breadcrumb"},"inLanguage":"es","potentialAction":[{"@type":"ReadAction","target":["https:\/\/alcaldiaalbertoadriani.com\/?p=14027"]}]},{"@type":"BreadcrumbList","@id":"https:\/\/alcaldiaalbertoadriani.com\/?p=14027#breadcrumb","itemListElement":[{"@type":"ListItem","position":1,"name":"Portada","item":"https:\/\/alcaldiaalbertoadriani.com\/"},{"@type":"ListItem","position":2,"name":"Gobierno de Lisandro Segura atiende contingencia frente a las lluvias en El Vig\u00eda"}]},{"@type":"WebSite","@id":"https:\/\/alcaldiaalbertoadriani.com\/#website","url":"https:\/\/alcaldiaalbertoadriani.com\/","name":"Alcaldia Alberto Adriani","description":"","potentialAction":[{"@type":"SearchAction","target":{"@type":"EntryPoint","urlTemplate":"https:\/\/alcaldiaalbertoadriani.com\/?s={search_term_string}"},"query-input":"required name=search_term_string"}],"inLanguage":"es"},{"@type":"Person","@id":"https:\/\/alcaldiaalbertoadriani.com\/#\/schema\/person\/549b4483ff8999ac780deeea78795fc9","name":"Prensa","image":{"@type":"ImageObject","inLanguage":"es","@id":"https:\/\/alcaldiaalbertoadriani.com\/#\/schema\/person\/image\/","url":"https:\/\/secure.gravatar.com\/avatar\/ea1cb567ea992a29627f4eee1c2eb185ec16decec6342d508fdf18dedb56c9de?s=96&d=mm&r=g","contentUrl":"https:\/\/secure.gravatar.com\/avatar\/ea1cb567ea992a29627f4eee1c2eb185ec16decec6342d508fdf18dedb56c9de?s=96&d=mm&r=g","caption":"Prensa"},"url":"https:\/\/alcaldiaalbertoadriani.com\/?author=2"}]}},"_links":{"self":[{"href":"https:\/\/alcaldiaalbertoadriani.com\/index.php?rest_route=\/wp\/v2\/posts\/14027","targetHints":{"allow":["GET"]}}],"collection":[{"href":"https:\/\/alcaldiaalbertoadriani.com\/index.php?rest_route=\/wp\/v2\/posts"}],"about":[{"href":"https:\/\/alcaldiaalbertoadriani.com\/index.php?rest_route=\/wp\/v2\/types\/post"}],"author":[{"embeddable":true,"href":"https:\/\/alcaldiaalbertoadriani.com\/index.php?rest_route=\/wp\/v2\/users\/2"}],"replies":[{"embeddable":true,"href":"https:\/\/alcaldiaalbertoadriani.com\/index.php?rest_route=%2Fwp%2Fv2%2Fcomments&post=14027"}],"version-history":[{"count":1,"href":"https:\/\/alcaldiaalbertoadriani.com\/index.php?rest_route=\/wp\/v2\/posts\/14027\/revisions"}],"predecessor-version":[{"id":14035,"href":"https:\/\/alcaldiaalbertoadriani.com\/index.php?rest_route=\/wp\/v2\/posts\/14027\/revisions\/14035"}],"wp:featuredmedia":[{"embeddable":true,"href":"https:\/\/alcaldiaalbertoadriani.com\/index.php?rest_route=\/wp\/v2\/media\/14028"}],"wp:attachment":[{"href":"https:\/\/alcaldiaalbertoadriani.com\/index.php?rest_route=%2Fwp%2Fv2%2Fmedia&parent=14027"}],"wp:term":[{"taxonomy":"category","embeddable":true,"href":"https:\/\/alcaldiaalbertoadriani.com\/index.php?rest_route=%2Fwp%2Fv2%2Fcategories&post=14027"},{"taxonomy":"post_tag","embeddable":true,"href":"https:\/\/alcaldiaalbertoadriani.com\/index.php?rest_route=%2Fwp%2Fv2%2Ftags&post=14027"}],"curies":[{"name":"wp","href":"https:\/\/api.w.org\/{rel}","templated":true}]}}