{"id":13955,"date":"2025-12-15T17:49:12","date_gmt":"2025-12-15T17:49:12","guid":{"rendered":"https:\/\/alcaldiaalbertoadriani.com\/?p=13955"},"modified":"2025-12-15T17:49:16","modified_gmt":"2025-12-15T17:49:16","slug":"mucujepe-se-engalano-de-navidad-en-su-parrandon","status":"publish","type":"post","link":"https:\/\/alcaldiaalbertoadriani.com\/?p=13955","title":{"rendered":"Mucujepe se engalan\u00f3 de Navidad en su parrand\u00f3n"},"content":{"rendered":"\n<p>En el quinto <a href=\"https:\/\/alcaldiaalbertoadriani.com\/?tag=parrandon-navideno-alta-vista\">parrand\u00f3n<\/a>, Mucujepe se engalan\u00f3 de la magia de la Navidad. La actividad realizada en la calle principal, reuni\u00f3 una multitud de habitantes de los diferentes sectores de la parroquia H\u00e9ctor Amable Mora. La<\/p>\n\n\n\n<p>festividad inici\u00f3 con un deslumbrante espect\u00e1culo de fuegos artificiales que llen\u00f3 de color y alegr\u00eda la noche.<\/p>\n\n\n\n<figure class=\"wp-block-image size-large\"><img loading=\"lazy\" decoding=\"async\" width=\"1024\" height=\"768\" src=\"https:\/\/alcaldiaalbertoadriani.com\/wp-content\/uploads\/2025\/12\/5044462943860362118-1024x768.jpg\" alt=\"\" class=\"wp-image-13957\" srcset=\"https:\/\/alcaldiaalbertoadriani.com\/wp-content\/uploads\/2025\/12\/5044462943860362118-1024x768.jpg 1024w, https:\/\/alcaldiaalbertoadriani.com\/wp-content\/uploads\/2025\/12\/5044462943860362118-980x735.jpg 980w, https:\/\/alcaldiaalbertoadriani.com\/wp-content\/uploads\/2025\/12\/5044462943860362118-480x360.jpg 480w\" sizes=\"auto, (min-width: 0px) and (max-width: 480px) 480px, (min-width: 481px) and (max-width: 980px) 980px, (min-width: 981px) 1024px, 100vw\" \/><\/figure>\n\n\n\n<p>Seguidamente, el presb\u00edtero de la parroquia Nuestra Se\u00f1ora del Rosario, Julio C\u00e9sar Uparela, dio la bendici\u00f3n de Dios, recordando el significado profundo de estas fechas como es la celebraci\u00f3n del nacimiento de nuestro Se\u00f1or Jesucristo en estas fechas.<\/p>\n\n\n\n<figure class=\"wp-block-image size-large\"><img loading=\"lazy\" decoding=\"async\" width=\"1024\" height=\"768\" src=\"https:\/\/alcaldiaalbertoadriani.com\/wp-content\/uploads\/2025\/12\/5044462943860362121-1024x768.jpg\" alt=\"\" class=\"wp-image-13958\" srcset=\"https:\/\/alcaldiaalbertoadriani.com\/wp-content\/uploads\/2025\/12\/5044462943860362121-1024x768.jpg 1024w, https:\/\/alcaldiaalbertoadriani.com\/wp-content\/uploads\/2025\/12\/5044462943860362121-980x735.jpg 980w, https:\/\/alcaldiaalbertoadriani.com\/wp-content\/uploads\/2025\/12\/5044462943860362121-480x360.jpg 480w\" sizes=\"auto, (min-width: 0px) and (max-width: 480px) 480px, (min-width: 481px) and (max-width: 980px) 980px, (min-width: 981px) 1024px, 100vw\" \/><\/figure>\n\n\n\n<p>La concejal del circuito, Kellys Contreras, expres\u00f3 las palabras de bienvenida a la Navidad en nombre del alcalde <a href=\"https:\/\/www.instagram.com\/lisandrosegura02\/\">Lisandro Segura<\/a>. La edil felicit\u00f3 al equipo organizador por su esfuerzo para realizar la actividad, destacando que estos eventos fortalecen la uni\u00f3n y la identidad local.<\/p>\n\n\n\n<figure class=\"wp-block-image size-large\"><img loading=\"lazy\" decoding=\"async\" width=\"1024\" height=\"768\" src=\"https:\/\/alcaldiaalbertoadriani.com\/wp-content\/uploads\/2025\/12\/5044462943860362122-1024x768.jpg\" alt=\"\" class=\"wp-image-13959\" srcset=\"https:\/\/alcaldiaalbertoadriani.com\/wp-content\/uploads\/2025\/12\/5044462943860362122-1024x768.jpg 1024w, https:\/\/alcaldiaalbertoadriani.com\/wp-content\/uploads\/2025\/12\/5044462943860362122-980x735.jpg 980w, https:\/\/alcaldiaalbertoadriani.com\/wp-content\/uploads\/2025\/12\/5044462943860362122-480x360.jpg 480w\" sizes=\"auto, (min-width: 0px) and (max-width: 480px) 480px, (min-width: 481px) and (max-width: 980px) 980px, (min-width: 981px) 1024px, 100vw\" \/><\/figure>\n\n\n\n<p>Durante la velada, los presentes disfrutaron de bailes t\u00edpicos de la \u00e9poca como gaitas, parrandas, aguinaldos; adem\u00e1s de la participaci\u00f3n de la banda show de la parroquia y m\u00fasica campesina., quedando demostrado el talento de la localidad.<\/p>\n\n\n\n<figure class=\"wp-block-image size-large\"><img loading=\"lazy\" decoding=\"async\" width=\"1024\" height=\"768\" src=\"https:\/\/alcaldiaalbertoadriani.com\/wp-content\/uploads\/2025\/12\/5044462943860362119-1024x768.jpg\" alt=\"\" class=\"wp-image-13960\" srcset=\"https:\/\/alcaldiaalbertoadriani.com\/wp-content\/uploads\/2025\/12\/5044462943860362119-1024x768.jpg 1024w, https:\/\/alcaldiaalbertoadriani.com\/wp-content\/uploads\/2025\/12\/5044462943860362119-980x735.jpg 980w, https:\/\/alcaldiaalbertoadriani.com\/wp-content\/uploads\/2025\/12\/5044462943860362119-480x360.jpg 480w\" sizes=\"auto, (min-width: 0px) and (max-width: 480px) 480px, (min-width: 481px) and (max-width: 980px) 980px, (min-width: 981px) 1024px, 100vw\" \/><\/figure>\n\n\n\n<p>Al finalizar, cada uno delos participantes que apoy\u00f3 en el desarrollo del parrand\u00f3n recibi\u00f3 un certificado de reconocimiento. Es de destacar la asistencia de miembros de la <a href=\"https:\/\/alcaldiaalbertoadriani.com\/?p=13642\">Alianza Radial Adrianista<\/a>, quienes brindaron una amplia cobertura al parrand\u00f3n.<strong><em> Prensa Alcald\u00eda Alberto Adriani\/ Claribel Zambrano CNP: 11.843\/ Fotos: Diego Subero.<\/em><\/strong><\/p>\n\n\n\n<figure class=\"wp-block-gallery has-nested-images columns-default is-cropped wp-block-gallery-1 is-layout-flex wp-block-gallery-is-layout-flex\">\n<figure class=\"wp-block-image size-large\"><img loading=\"lazy\" decoding=\"async\" width=\"1024\" height=\"768\" data-id=\"13962\" src=\"https:\/\/alcaldiaalbertoadriani.com\/wp-content\/uploads\/2025\/12\/5044462943860362113-1024x768.jpg\" alt=\"\" class=\"wp-image-13962\" srcset=\"https:\/\/alcaldiaalbertoadriani.com\/wp-content\/uploads\/2025\/12\/5044462943860362113-1024x768.jpg 1024w, https:\/\/alcaldiaalbertoadriani.com\/wp-content\/uploads\/2025\/12\/5044462943860362113-980x735.jpg 980w, https:\/\/alcaldiaalbertoadriani.com\/wp-content\/uploads\/2025\/12\/5044462943860362113-480x360.jpg 480w\" sizes=\"auto, (min-width: 0px) and (max-width: 480px) 480px, (min-width: 481px) and (max-width: 980px) 980px, (min-width: 981px) 1024px, 100vw\" \/><\/figure>\n\n\n\n<figure class=\"wp-block-image size-large\"><img loading=\"lazy\" decoding=\"async\" width=\"1024\" height=\"768\" data-id=\"13965\" src=\"https:\/\/alcaldiaalbertoadriani.com\/wp-content\/uploads\/2025\/12\/5044462943860362114-1024x768.jpg\" alt=\"\" class=\"wp-image-13965\" srcset=\"https:\/\/alcaldiaalbertoadriani.com\/wp-content\/uploads\/2025\/12\/5044462943860362114-1024x768.jpg 1024w, https:\/\/alcaldiaalbertoadriani.com\/wp-content\/uploads\/2025\/12\/5044462943860362114-980x735.jpg 980w, https:\/\/alcaldiaalbertoadriani.com\/wp-content\/uploads\/2025\/12\/5044462943860362114-480x360.jpg 480w\" sizes=\"auto, (min-width: 0px) and (max-width: 480px) 480px, (min-width: 481px) and (max-width: 980px) 980px, (min-width: 981px) 1024px, 100vw\" \/><\/figure>\n\n\n\n<figure class=\"wp-block-image size-large\"><img loading=\"lazy\" decoding=\"async\" width=\"1024\" height=\"768\" data-id=\"13966\" src=\"https:\/\/alcaldiaalbertoadriani.com\/wp-content\/uploads\/2025\/12\/5044462943860362115-1024x768.jpg\" alt=\"\" class=\"wp-image-13966\" srcset=\"https:\/\/alcaldiaalbertoadriani.com\/wp-content\/uploads\/2025\/12\/5044462943860362115-1024x768.jpg 1024w, https:\/\/alcaldiaalbertoadriani.com\/wp-content\/uploads\/2025\/12\/5044462943860362115-980x735.jpg 980w, https:\/\/alcaldiaalbertoadriani.com\/wp-content\/uploads\/2025\/12\/5044462943860362115-480x360.jpg 480w\" sizes=\"auto, (min-width: 0px) and (max-width: 480px) 480px, (min-width: 481px) and (max-width: 980px) 980px, (min-width: 981px) 1024px, 100vw\" \/><\/figure>\n\n\n\n<figure class=\"wp-block-image size-large\"><img loading=\"lazy\" decoding=\"async\" width=\"1024\" height=\"768\" data-id=\"13968\" src=\"https:\/\/alcaldiaalbertoadriani.com\/wp-content\/uploads\/2025\/12\/5044462943860362116-1024x768.jpg\" alt=\"\" class=\"wp-image-13968\" srcset=\"https:\/\/alcaldiaalbertoadriani.com\/wp-content\/uploads\/2025\/12\/5044462943860362116-1024x768.jpg 1024w, https:\/\/alcaldiaalbertoadriani.com\/wp-content\/uploads\/2025\/12\/5044462943860362116-980x735.jpg 980w, https:\/\/alcaldiaalbertoadriani.com\/wp-content\/uploads\/2025\/12\/5044462943860362116-480x360.jpg 480w\" sizes=\"auto, (min-width: 0px) and (max-width: 480px) 480px, (min-width: 481px) and (max-width: 980px) 980px, (min-width: 981px) 1024px, 100vw\" \/><\/figure>\n\n\n\n<figure class=\"wp-block-image size-large\"><img loading=\"lazy\" decoding=\"async\" width=\"1024\" height=\"768\" data-id=\"13964\" src=\"https:\/\/alcaldiaalbertoadriani.com\/wp-content\/uploads\/2025\/12\/5044462943860362117-1024x768.jpg\" alt=\"\" class=\"wp-image-13964\" srcset=\"https:\/\/alcaldiaalbertoadriani.com\/wp-content\/uploads\/2025\/12\/5044462943860362117-1024x768.jpg 1024w, https:\/\/alcaldiaalbertoadriani.com\/wp-content\/uploads\/2025\/12\/5044462943860362117-980x735.jpg 980w, https:\/\/alcaldiaalbertoadriani.com\/wp-content\/uploads\/2025\/12\/5044462943860362117-480x360.jpg 480w\" sizes=\"auto, (min-width: 0px) and (max-width: 480px) 480px, (min-width: 481px) and (max-width: 980px) 980px, (min-width: 981px) 1024px, 100vw\" \/><\/figure>\n\n\n\n<figure class=\"wp-block-image size-large\"><img loading=\"lazy\" decoding=\"async\" width=\"1024\" height=\"768\" data-id=\"13967\" src=\"https:\/\/alcaldiaalbertoadriani.com\/wp-content\/uploads\/2025\/12\/5044462943860362120-1024x768.jpg\" alt=\"\" class=\"wp-image-13967\" srcset=\"https:\/\/alcaldiaalbertoadriani.com\/wp-content\/uploads\/2025\/12\/5044462943860362120-1024x768.jpg 1024w, https:\/\/alcaldiaalbertoadriani.com\/wp-content\/uploads\/2025\/12\/5044462943860362120-980x735.jpg 980w, https:\/\/alcaldiaalbertoadriani.com\/wp-content\/uploads\/2025\/12\/5044462943860362120-480x360.jpg 480w\" sizes=\"auto, (min-width: 0px) and (max-width: 480px) 480px, (min-width: 481px) and (max-width: 980px) 980px, (min-width: 981px) 1024px, 100vw\" \/><\/figure>\n\n\n\n<figure class=\"wp-block-image size-large\"><img loading=\"lazy\" decoding=\"async\" width=\"1024\" height=\"576\" data-id=\"13961\" src=\"https:\/\/alcaldiaalbertoadriani.com\/wp-content\/uploads\/2025\/12\/5044462943860362124-1024x576.jpg\" alt=\"\" class=\"wp-image-13961\" srcset=\"https:\/\/alcaldiaalbertoadriani.com\/wp-content\/uploads\/2025\/12\/5044462943860362124-1024x576.jpg 1024w, https:\/\/alcaldiaalbertoadriani.com\/wp-content\/uploads\/2025\/12\/5044462943860362124-980x551.jpg 980w, https:\/\/alcaldiaalbertoadriani.com\/wp-content\/uploads\/2025\/12\/5044462943860362124-480x270.jpg 480w\" sizes=\"auto, (min-width: 0px) and (max-width: 480px) 480px, (min-width: 481px) and (max-width: 980px) 980px, (min-width: 981px) 1024px, 100vw\" \/><\/figure>\n\n\n\n<figure class=\"wp-block-image size-large\"><img loading=\"lazy\" decoding=\"async\" width=\"1024\" height=\"768\" data-id=\"13963\" src=\"https:\/\/alcaldiaalbertoadriani.com\/wp-content\/uploads\/2025\/12\/5044462943860362112-1024x768.jpg\" alt=\"\" class=\"wp-image-13963\" srcset=\"https:\/\/alcaldiaalbertoadriani.com\/wp-content\/uploads\/2025\/12\/5044462943860362112-1024x768.jpg 1024w, https:\/\/alcaldiaalbertoadriani.com\/wp-content\/uploads\/2025\/12\/5044462943860362112-980x735.jpg 980w, https:\/\/alcaldiaalbertoadriani.com\/wp-content\/uploads\/2025\/12\/5044462943860362112-480x360.jpg 480w\" sizes=\"auto, (min-width: 0px) and (max-width: 480px) 480px, (min-width: 481px) and (max-width: 980px) 980px, (min-width: 981px) 1024px, 100vw\" \/><\/figure>\n<\/figure>\n","protected":false},"excerpt":{"rendered":"<p>En el quinto parrand\u00f3n, Mucujepe se engalan\u00f3 de la magia de la Navidad. La actividad realizada en la calle principal, reuni\u00f3 una multitud de habitantes de los diferentes sectores de [&hellip;]<\/p>\n","protected":false},"author":2,"featured_media":13956,"comment_status":"open","ping_status":"closed","sticky":false,"template":"","format":"standard","meta":{"_et_pb_use_builder":"off","_et_pb_old_content":"","_et_gb_content_width":"","footnotes":""},"categories":[341,78,25],"tags":[31,11,12,15,761,30,29,28],"class_list":["post-13955","post","type-post","status-publish","format-standard","has-post-thumbnail","hentry","category-alcaldia-alberto-adriani","category-cultura","category-nuestro-municipio","tag-alcalde","tag-alcaldia","tag-alcaldiaalbertoadriani","tag-elvigia","tag-encrucijadadeprogreso","tag-lisandrosegura","tag-municipioquenosmerecemos","tag-porelrenacer"],"yoast_head":"<!-- This site is optimized with the Yoast SEO plugin v19.13 - https:\/\/yoast.com\/wordpress\/plugins\/seo\/ -->\n<title>Mucujepe se engalan\u00f3 de Navidad en su parrand\u00f3n<\/title>\n<meta name=\"description\" content=\"Mucujepe se engalan\u00f3 de Navidad en su parrand\u00f3n La actividad realizada en la calle principal, reuni\u00f3 una multitud de habitantes\" \/>\n<meta name=\"robots\" content=\"index, follow, max-snippet:-1, max-image-preview:large, max-video-preview:-1\" \/>\n<link rel=\"canonical\" href=\"https:\/\/alcaldiaalbertoadriani.com\/?p=13955\" \/>\n<meta property=\"og:locale\" content=\"es_ES\" \/>\n<meta property=\"og:type\" content=\"article\" \/>\n<meta property=\"og:title\" content=\"Mucujepe se engalan\u00f3 de Navidad en su parrand\u00f3n\" \/>\n<meta property=\"og:description\" content=\"Mucujepe se engalan\u00f3 de Navidad en su parrand\u00f3n La actividad realizada en la calle principal, reuni\u00f3 una multitud de habitantes\" \/>\n<meta property=\"og:url\" content=\"https:\/\/alcaldiaalbertoadriani.com\/?p=13955\" \/>\n<meta property=\"og:site_name\" content=\"Alcaldia Alberto Adriani\" \/>\n<meta property=\"article:published_time\" content=\"2025-12-15T17:49:12+00:00\" \/>\n<meta property=\"article:modified_time\" content=\"2025-12-15T17:49:16+00:00\" \/>\n<meta property=\"og:image\" content=\"https:\/\/alcaldiaalbertoadriani.com\/wp-content\/uploads\/2025\/12\/5044462943860362111.jpg\" \/>\n\t<meta property=\"og:image:width\" content=\"960\" \/>\n\t<meta property=\"og:image:height\" content=\"540\" \/>\n\t<meta property=\"og:image:type\" content=\"image\/jpeg\" \/>\n<meta name=\"author\" content=\"Prensa\" \/>\n<meta name=\"twitter:card\" content=\"summary_large_image\" \/>\n<meta name=\"twitter:label1\" content=\"Escrito por\" \/>\n\t<meta name=\"twitter:data1\" content=\"Prensa\" \/>\n\t<meta name=\"twitter:label2\" content=\"Tiempo de lectura\" \/>\n\t<meta name=\"twitter:data2\" content=\"4 minutos\" \/>\n<script type=\"application\/ld+json\" class=\"yoast-schema-graph\">{\"@context\":\"https:\/\/schema.org\",\"@graph\":[{\"@type\":\"WebPage\",\"@id\":\"https:\/\/alcaldiaalbertoadriani.com\/?p=13955\",\"url\":\"https:\/\/alcaldiaalbertoadriani.com\/?p=13955\",\"name\":\"Mucujepe se engalan\u00f3 de Navidad en su parrand\u00f3n\",\"isPartOf\":{\"@id\":\"https:\/\/alcaldiaalbertoadriani.com\/#website\"},\"datePublished\":\"2025-12-15T17:49:12+00:00\",\"dateModified\":\"2025-12-15T17:49:16+00:00\",\"author\":{\"@id\":\"https:\/\/alcaldiaalbertoadriani.com\/#\/schema\/person\/549b4483ff8999ac780deeea78795fc9\"},\"description\":\"Mucujepe se engalan\u00f3 de Navidad en su parrand\u00f3n La actividad realizada en la calle principal, reuni\u00f3 una multitud de habitantes\",\"breadcrumb\":{\"@id\":\"https:\/\/alcaldiaalbertoadriani.com\/?p=13955#breadcrumb\"},\"inLanguage\":\"es\",\"potentialAction\":[{\"@type\":\"ReadAction\",\"target\":[\"https:\/\/alcaldiaalbertoadriani.com\/?p=13955\"]}]},{\"@type\":\"BreadcrumbList\",\"@id\":\"https:\/\/alcaldiaalbertoadriani.com\/?p=13955#breadcrumb\",\"itemListElement\":[{\"@type\":\"ListItem\",\"position\":1,\"name\":\"Portada\",\"item\":\"https:\/\/alcaldiaalbertoadriani.com\/\"},{\"@type\":\"ListItem\",\"position\":2,\"name\":\"Mucujepe se engalan\u00f3 de Navidad en su parrand\u00f3n\"}]},{\"@type\":\"WebSite\",\"@id\":\"https:\/\/alcaldiaalbertoadriani.com\/#website\",\"url\":\"https:\/\/alcaldiaalbertoadriani.com\/\",\"name\":\"Alcaldia Alberto Adriani\",\"description\":\"\",\"potentialAction\":[{\"@type\":\"SearchAction\",\"target\":{\"@type\":\"EntryPoint\",\"urlTemplate\":\"https:\/\/alcaldiaalbertoadriani.com\/?s={search_term_string}\"},\"query-input\":\"required name=search_term_string\"}],\"inLanguage\":\"es\"},{\"@type\":\"Person\",\"@id\":\"https:\/\/alcaldiaalbertoadriani.com\/#\/schema\/person\/549b4483ff8999ac780deeea78795fc9\",\"name\":\"Prensa\",\"image\":{\"@type\":\"ImageObject\",\"inLanguage\":\"es\",\"@id\":\"https:\/\/alcaldiaalbertoadriani.com\/#\/schema\/person\/image\/\",\"url\":\"https:\/\/secure.gravatar.com\/avatar\/ea1cb567ea992a29627f4eee1c2eb185ec16decec6342d508fdf18dedb56c9de?s=96&d=mm&r=g\",\"contentUrl\":\"https:\/\/secure.gravatar.com\/avatar\/ea1cb567ea992a29627f4eee1c2eb185ec16decec6342d508fdf18dedb56c9de?s=96&d=mm&r=g\",\"caption\":\"Prensa\"},\"url\":\"https:\/\/alcaldiaalbertoadriani.com\/?author=2\"}]}<\/script>\n<!-- \/ Yoast SEO plugin. -->","yoast_head_json":{"title":"Mucujepe se engalan\u00f3 de Navidad en su parrand\u00f3n","description":"Mucujepe se engalan\u00f3 de Navidad en su parrand\u00f3n La actividad realizada en la calle principal, reuni\u00f3 una multitud de habitantes","robots":{"index":"index","follow":"follow","max-snippet":"max-snippet:-1","max-image-preview":"max-image-preview:large","max-video-preview":"max-video-preview:-1"},"canonical":"https:\/\/alcaldiaalbertoadriani.com\/?p=13955","og_locale":"es_ES","og_type":"article","og_title":"Mucujepe se engalan\u00f3 de Navidad en su parrand\u00f3n","og_description":"Mucujepe se engalan\u00f3 de Navidad en su parrand\u00f3n La actividad realizada en la calle principal, reuni\u00f3 una multitud de habitantes","og_url":"https:\/\/alcaldiaalbertoadriani.com\/?p=13955","og_site_name":"Alcaldia Alberto Adriani","article_published_time":"2025-12-15T17:49:12+00:00","article_modified_time":"2025-12-15T17:49:16+00:00","og_image":[{"width":960,"height":540,"url":"https:\/\/alcaldiaalbertoadriani.com\/wp-content\/uploads\/2025\/12\/5044462943860362111.jpg","type":"image\/jpeg"}],"author":"Prensa","twitter_card":"summary_large_image","twitter_misc":{"Escrito por":"Prensa","Tiempo de lectura":"4 minutos"},"schema":{"@context":"https:\/\/schema.org","@graph":[{"@type":"WebPage","@id":"https:\/\/alcaldiaalbertoadriani.com\/?p=13955","url":"https:\/\/alcaldiaalbertoadriani.com\/?p=13955","name":"Mucujepe se engalan\u00f3 de Navidad en su parrand\u00f3n","isPartOf":{"@id":"https:\/\/alcaldiaalbertoadriani.com\/#website"},"datePublished":"2025-12-15T17:49:12+00:00","dateModified":"2025-12-15T17:49:16+00:00","author":{"@id":"https:\/\/alcaldiaalbertoadriani.com\/#\/schema\/person\/549b4483ff8999ac780deeea78795fc9"},"description":"Mucujepe se engalan\u00f3 de Navidad en su parrand\u00f3n La actividad realizada en la calle principal, reuni\u00f3 una multitud de habitantes","breadcrumb":{"@id":"https:\/\/alcaldiaalbertoadriani.com\/?p=13955#breadcrumb"},"inLanguage":"es","potentialAction":[{"@type":"ReadAction","target":["https:\/\/alcaldiaalbertoadriani.com\/?p=13955"]}]},{"@type":"BreadcrumbList","@id":"https:\/\/alcaldiaalbertoadriani.com\/?p=13955#breadcrumb","itemListElement":[{"@type":"ListItem","position":1,"name":"Portada","item":"https:\/\/alcaldiaalbertoadriani.com\/"},{"@type":"ListItem","position":2,"name":"Mucujepe se engalan\u00f3 de Navidad en su parrand\u00f3n"}]},{"@type":"WebSite","@id":"https:\/\/alcaldiaalbertoadriani.com\/#website","url":"https:\/\/alcaldiaalbertoadriani.com\/","name":"Alcaldia Alberto Adriani","description":"","potentialAction":[{"@type":"SearchAction","target":{"@type":"EntryPoint","urlTemplate":"https:\/\/alcaldiaalbertoadriani.com\/?s={search_term_string}"},"query-input":"required name=search_term_string"}],"inLanguage":"es"},{"@type":"Person","@id":"https:\/\/alcaldiaalbertoadriani.com\/#\/schema\/person\/549b4483ff8999ac780deeea78795fc9","name":"Prensa","image":{"@type":"ImageObject","inLanguage":"es","@id":"https:\/\/alcaldiaalbertoadriani.com\/#\/schema\/person\/image\/","url":"https:\/\/secure.gravatar.com\/avatar\/ea1cb567ea992a29627f4eee1c2eb185ec16decec6342d508fdf18dedb56c9de?s=96&d=mm&r=g","contentUrl":"https:\/\/secure.gravatar.com\/avatar\/ea1cb567ea992a29627f4eee1c2eb185ec16decec6342d508fdf18dedb56c9de?s=96&d=mm&r=g","caption":"Prensa"},"url":"https:\/\/alcaldiaalbertoadriani.com\/?author=2"}]}},"_links":{"self":[{"href":"https:\/\/alcaldiaalbertoadriani.com\/index.php?rest_route=\/wp\/v2\/posts\/13955","targetHints":{"allow":["GET"]}}],"collection":[{"href":"https:\/\/alcaldiaalbertoadriani.com\/index.php?rest_route=\/wp\/v2\/posts"}],"about":[{"href":"https:\/\/alcaldiaalbertoadriani.com\/index.php?rest_route=\/wp\/v2\/types\/post"}],"author":[{"embeddable":true,"href":"https:\/\/alcaldiaalbertoadriani.com\/index.php?rest_route=\/wp\/v2\/users\/2"}],"replies":[{"embeddable":true,"href":"https:\/\/alcaldiaalbertoadriani.com\/index.php?rest_route=%2Fwp%2Fv2%2Fcomments&post=13955"}],"version-history":[{"count":1,"href":"https:\/\/alcaldiaalbertoadriani.com\/index.php?rest_route=\/wp\/v2\/posts\/13955\/revisions"}],"predecessor-version":[{"id":13969,"href":"https:\/\/alcaldiaalbertoadriani.com\/index.php?rest_route=\/wp\/v2\/posts\/13955\/revisions\/13969"}],"wp:featuredmedia":[{"embeddable":true,"href":"https:\/\/alcaldiaalbertoadriani.com\/index.php?rest_route=\/wp\/v2\/media\/13956"}],"wp:attachment":[{"href":"https:\/\/alcaldiaalbertoadriani.com\/index.php?rest_route=%2Fwp%2Fv2%2Fmedia&parent=13955"}],"wp:term":[{"taxonomy":"category","embeddable":true,"href":"https:\/\/alcaldiaalbertoadriani.com\/index.php?rest_route=%2Fwp%2Fv2%2Fcategories&post=13955"},{"taxonomy":"post_tag","embeddable":true,"href":"https:\/\/alcaldiaalbertoadriani.com\/index.php?rest_route=%2Fwp%2Fv2%2Ftags&post=13955"}],"curies":[{"name":"wp","href":"https:\/\/api.w.org\/{rel}","templated":true}]}}