{"id":1381,"date":"2022-11-29T22:12:07","date_gmt":"2022-11-29T22:12:07","guid":{"rendered":"https:\/\/alcaldiaalbertoadriani.com\/?p=1381"},"modified":"2022-11-29T22:12:16","modified_gmt":"2022-11-29T22:12:16","slug":"reavivaron-navidad-el-vigia","status":"publish","type":"post","link":"https:\/\/alcaldiaalbertoadriani.com\/?p=1381","title":{"rendered":"Las Acacias y Altamira reavivaron la navidad en El Vig\u00eda"},"content":{"rendered":"<div class=\"wp-block-post-excerpt\"><p class=\"wp-block-post-excerpt__excerpt\">Los dos Parrandones Navide\u00f1os tuvieron lugar en el sector Las Acacias, de la parroquia R\u00f3mulo Betancourt y Altamira, de la parroquia Rafael Pulido M\u00e9ndez <\/p><\/div>\n\n\n<p>Entre c\u00e1nticos, bailes culturales, obras de teatro y diversidad de m\u00fasica como la gaitera, mexicana, campesina, llanera y tropical, la alcald\u00eda de <a href=\"https:\/\/www.instagram.com\/alcaldia_aa\/\" target=\"_blank\" rel=\"noreferrer noopener\">Alberto Adriani<\/a>, contin\u00faa los <a href=\"https:\/\/alcaldiaalbertoadriani.com\/?p=1295\" target=\"_blank\" rel=\"noreferrer noopener\">Parrandones Navide\u00f1os<\/a>. En esta oportunidad, reavivaron la navidad con dos recientes actividades que se realizaron en las parroquias R\u00f3mulo Betancourt y Rafael Pulido M\u00e9ndez en El Vig\u00eda.<\/p>\n\n\n\n<p>As\u00ed lo inform\u00f3 Yurima Ram\u00edrez, gerente de Promoci\u00f3n Institucional, al se\u00f1alar que los vig\u00edenses se est\u00e1n destacando en cada jornada, gracias a las acciones p\u00fablicas del alcalde <a href=\"https:\/\/www.instagram.com\/lisandrosegura02\/\" target=\"_blank\" rel=\"noreferrer noopener\">Lisandro Segura<\/a>.<\/p>\n\n\n\n<h2 class=\"wp-block-heading\">Reavivaron la navidad en Las Acacias<\/h2>\n\n\n\n<!--more-->\n\n\n\n<p>Explic\u00f3 Yurima Ram\u00edrez que previo al d\u00e9cimo Parrand\u00f3n Navide\u00f1o, se realiz\u00f3 una jornada de atenci\u00f3n social en la cual fueron atendidas 199 personas en la plaza Francisco de Miranda, del sector Las Acacias, parroquia R\u00f3mulo Betancourt.<\/p>\n\n\n\n<p>Acot\u00f3 Ram\u00edrez que se ejecutaron trabajos de limpieza en las \u00e1reas verdes de la plaza que all\u00ed se encuentra. El operativo lo realizaron las cuadrillas del Plan Renacer de mi Vig\u00eda Querido y la coordinaci\u00f3n de \u00c1reas Verdes de los Servicios P\u00fablicos Municipales.<\/p>\n\n\n\n<p>Asimismo, y de manera exitosa se desarroll\u00f3 el d\u00e9cimo Parrand\u00f3n Navide\u00f1o en Las Acacias, en donde la comunidad organiz\u00f3 los bailes culturales y c\u00e1nticos navide\u00f1os. Aunado a ello, la m\u00fasica tropical, campesina y gaitera, para posteriormente el Jurado Calificador y concejales del circuito entregar merecidos certificados de reconocimientos.<\/p>\n\n\n\n<h2 class=\"wp-block-heading\">Sector Altamira<\/h2>\n\n\n\n<p>Igualmente, cumpliendo con el cronograma de actividades, 261 personas se beneficiaron con la jornada social, previa al d\u00e9cimo segundo Parrand\u00f3n Navide\u00f1o en la casa comunal del sector Altamira, de la parroquia Rafael Pulido M\u00e9ndez.<\/p>\n\n\n\n<p>Este parrand\u00f3n se efectu\u00f3 en la calle final del sector Altamira II, \u201cen donde la navidad se sinti\u00f3 con las dramatizaciones, popurr\u00eds y presentaci\u00f3n de los grupos gaiteros, tropical, llanero, campesino y mexicano\u201d, acentu\u00f3 Yurima Ram\u00edrez. <strong>Prensa Alcald\u00eda Alberto Adriani\/Edgar Mendoza CNP: 25.736\/Fotos: Mar\u00eda Jos\u00e9 Molina y Yorman Parra.<\/strong><\/p>\n\n\n\n<figure class=\"wp-block-gallery has-nested-images columns-default is-cropped wp-block-gallery-1 is-layout-flex wp-block-gallery-is-layout-flex\">\n<figure class=\"wp-block-image size-large\"><img loading=\"lazy\" decoding=\"async\" width=\"1024\" height=\"576\" data-id=\"1385\" src=\"https:\/\/alcaldiaalbertoadriani.com\/wp-content\/uploads\/2022\/11\/photo_2022-11-29_17-33-08-1024x576.jpg\" alt=\"\" class=\"wp-image-1385\" srcset=\"https:\/\/alcaldiaalbertoadriani.com\/wp-content\/uploads\/2022\/11\/photo_2022-11-29_17-33-08-980x551.jpg 980w, https:\/\/alcaldiaalbertoadriani.com\/wp-content\/uploads\/2022\/11\/photo_2022-11-29_17-33-08-480x270.jpg 480w\" sizes=\"auto, (min-width: 0px) and (max-width: 480px) 480px, (min-width: 481px) and (max-width: 980px) 980px, (min-width: 981px) 1024px, 100vw\" \/><\/figure>\n\n\n\n<figure class=\"wp-block-image size-large\"><img loading=\"lazy\" decoding=\"async\" width=\"1024\" height=\"768\" data-id=\"1389\" src=\"https:\/\/alcaldiaalbertoadriani.com\/wp-content\/uploads\/2022\/11\/photo_2022-11-29_17-33-17-1024x768.jpg\" alt=\"\" class=\"wp-image-1389\" srcset=\"https:\/\/alcaldiaalbertoadriani.com\/wp-content\/uploads\/2022\/11\/photo_2022-11-29_17-33-17-980x735.jpg 980w, https:\/\/alcaldiaalbertoadriani.com\/wp-content\/uploads\/2022\/11\/photo_2022-11-29_17-33-17-480x360.jpg 480w\" sizes=\"auto, (min-width: 0px) and (max-width: 480px) 480px, (min-width: 481px) and (max-width: 980px) 980px, (min-width: 981px) 1024px, 100vw\" \/><\/figure>\n\n\n\n<figure class=\"wp-block-image size-large\"><img loading=\"lazy\" decoding=\"async\" width=\"1024\" height=\"768\" data-id=\"1386\" src=\"https:\/\/alcaldiaalbertoadriani.com\/wp-content\/uploads\/2022\/11\/photo_2022-11-29_17-33-22-1024x768.jpg\" alt=\"\" class=\"wp-image-1386\" srcset=\"https:\/\/alcaldiaalbertoadriani.com\/wp-content\/uploads\/2022\/11\/photo_2022-11-29_17-33-22-980x735.jpg 980w, https:\/\/alcaldiaalbertoadriani.com\/wp-content\/uploads\/2022\/11\/photo_2022-11-29_17-33-22-480x360.jpg 480w\" sizes=\"auto, (min-width: 0px) and (max-width: 480px) 480px, (min-width: 481px) and (max-width: 980px) 980px, (min-width: 981px) 1024px, 100vw\" \/><\/figure>\n\n\n\n<figure class=\"wp-block-image size-large\"><img loading=\"lazy\" decoding=\"async\" width=\"1024\" height=\"768\" data-id=\"1390\" src=\"https:\/\/alcaldiaalbertoadriani.com\/wp-content\/uploads\/2022\/11\/photo_2022-11-29_17-33-27-1024x768.jpg\" alt=\"\" class=\"wp-image-1390\" srcset=\"https:\/\/alcaldiaalbertoadriani.com\/wp-content\/uploads\/2022\/11\/photo_2022-11-29_17-33-27-980x735.jpg 980w, https:\/\/alcaldiaalbertoadriani.com\/wp-content\/uploads\/2022\/11\/photo_2022-11-29_17-33-27-480x360.jpg 480w\" sizes=\"auto, (min-width: 0px) and (max-width: 480px) 480px, (min-width: 481px) and (max-width: 980px) 980px, (min-width: 981px) 1024px, 100vw\" \/><\/figure>\n\n\n\n<figure class=\"wp-block-image size-large\"><img loading=\"lazy\" decoding=\"async\" width=\"1024\" height=\"1024\" data-id=\"1391\" src=\"https:\/\/alcaldiaalbertoadriani.com\/wp-content\/uploads\/2022\/11\/photo_2022-11-29_17-33-39-1024x1024.jpg\" alt=\"\" class=\"wp-image-1391\" srcset=\"https:\/\/alcaldiaalbertoadriani.com\/wp-content\/uploads\/2022\/11\/photo_2022-11-29_17-33-39-980x980.jpg 980w, https:\/\/alcaldiaalbertoadriani.com\/wp-content\/uploads\/2022\/11\/photo_2022-11-29_17-33-39-480x480.jpg 480w\" sizes=\"auto, (min-width: 0px) and (max-width: 480px) 480px, (min-width: 481px) and (max-width: 980px) 980px, (min-width: 981px) 1024px, 100vw\" \/><\/figure>\n\n\n\n<figure class=\"wp-block-image size-large\"><img loading=\"lazy\" decoding=\"async\" width=\"1024\" height=\"768\" data-id=\"1384\" src=\"https:\/\/alcaldiaalbertoadriani.com\/wp-content\/uploads\/2022\/11\/photo_2022-11-29_17-33-52-1024x768.jpg\" alt=\"\" class=\"wp-image-1384\" srcset=\"https:\/\/alcaldiaalbertoadriani.com\/wp-content\/uploads\/2022\/11\/photo_2022-11-29_17-33-52-980x735.jpg 980w, https:\/\/alcaldiaalbertoadriani.com\/wp-content\/uploads\/2022\/11\/photo_2022-11-29_17-33-52-480x360.jpg 480w\" sizes=\"auto, (min-width: 0px) and (max-width: 480px) 480px, (min-width: 481px) and (max-width: 980px) 980px, (min-width: 981px) 1024px, 100vw\" \/><\/figure>\n\n\n\n<figure class=\"wp-block-image size-large\"><img loading=\"lazy\" decoding=\"async\" width=\"1024\" height=\"768\" data-id=\"1383\" src=\"https:\/\/alcaldiaalbertoadriani.com\/wp-content\/uploads\/2022\/11\/photo_2022-11-29_17-34-16-1024x768.jpg\" alt=\"\" class=\"wp-image-1383\" srcset=\"https:\/\/alcaldiaalbertoadriani.com\/wp-content\/uploads\/2022\/11\/photo_2022-11-29_17-34-16-1024x768.jpg 1024w, https:\/\/alcaldiaalbertoadriani.com\/wp-content\/uploads\/2022\/11\/photo_2022-11-29_17-34-16-980x735.jpg 980w, https:\/\/alcaldiaalbertoadriani.com\/wp-content\/uploads\/2022\/11\/photo_2022-11-29_17-34-16-480x360.jpg 480w\" sizes=\"auto, (min-width: 0px) and (max-width: 480px) 480px, (min-width: 481px) and (max-width: 980px) 980px, (min-width: 981px) 1024px, 100vw\" \/><\/figure>\n\n\n\n<figure class=\"wp-block-image size-large\"><img loading=\"lazy\" decoding=\"async\" width=\"1024\" height=\"1024\" data-id=\"1388\" src=\"https:\/\/alcaldiaalbertoadriani.com\/wp-content\/uploads\/2022\/11\/photo_2022-11-29_17-34-24-1024x1024.jpg\" alt=\"\" class=\"wp-image-1388\" srcset=\"https:\/\/alcaldiaalbertoadriani.com\/wp-content\/uploads\/2022\/11\/photo_2022-11-29_17-34-24-980x980.jpg 980w, https:\/\/alcaldiaalbertoadriani.com\/wp-content\/uploads\/2022\/11\/photo_2022-11-29_17-34-24-480x480.jpg 480w\" sizes=\"auto, (min-width: 0px) and (max-width: 480px) 480px, (min-width: 481px) and (max-width: 980px) 980px, (min-width: 981px) 1024px, 100vw\" \/><\/figure>\n<\/figure>\n","protected":false},"excerpt":{"rendered":"<p><em><strong>Los dos Parrandones Navide\u00f1os tuvieron lugar en el sector Las Acacias, de la parroquia R\u00f3mulo Betancourt y Altamira, de la parroquia Rafael Pulido M\u00e9ndez<\/strong><\/em><\/p>\n","protected":false},"author":2,"featured_media":1382,"comment_status":"closed","ping_status":"closed","sticky":false,"template":"","format":"standard","meta":{"_et_pb_use_builder":"off","_et_pb_old_content":"","_et_gb_content_width":"","footnotes":""},"categories":[39,77],"tags":[31,11,12,15,30,29,28,52,72,288,70],"class_list":["post-1381","post","type-post","status-publish","format-standard","has-post-thumbnail","hentry","category-actividades-sociales","category-iamcaa","tag-alcalde","tag-alcaldia","tag-alcaldiaalbertoadriani","tag-elvigia","tag-lisandrosegura","tag-municipioquenosmerecemos","tag-porelrenacer","tag-imdraa","tag-kellys-contreras","tag-reavivaron-navidad-el-vigia","tag-samat"],"yoast_head":"<!-- This site is optimized with the Yoast SEO plugin v19.13 - https:\/\/yoast.com\/wordpress\/plugins\/seo\/ -->\n<title>Las Acacias y Altamira reavivaron la navidad en El Vig\u00eda - Alcaldia Alberto Adriani<\/title>\n<meta name=\"description\" content=\"Durante el fin de semana, los dos eventos reavivaron la navidad en los sectores Las Acacias y Altamira de la ciudad de El Vig\u00eda.\" \/>\n<meta name=\"robots\" content=\"index, follow, max-snippet:-1, max-image-preview:large, max-video-preview:-1\" \/>\n<link rel=\"canonical\" href=\"https:\/\/alcaldiaalbertoadriani.com\/?p=1381\" \/>\n<meta property=\"og:locale\" content=\"es_ES\" \/>\n<meta property=\"og:type\" content=\"article\" \/>\n<meta property=\"og:title\" content=\"Las Acacias y Altamira reavivaron la navidad en El Vig\u00eda - Alcaldia Alberto Adriani\" \/>\n<meta property=\"og:description\" content=\"Durante el fin de semana, los dos eventos reavivaron la navidad en los sectores Las Acacias y Altamira de la ciudad de El Vig\u00eda.\" \/>\n<meta property=\"og:url\" content=\"https:\/\/alcaldiaalbertoadriani.com\/?p=1381\" \/>\n<meta property=\"og:site_name\" content=\"Alcaldia Alberto Adriani\" \/>\n<meta property=\"article:published_time\" content=\"2022-11-29T22:12:07+00:00\" \/>\n<meta property=\"article:modified_time\" content=\"2022-11-29T22:12:16+00:00\" \/>\n<meta property=\"og:image\" content=\"https:\/\/alcaldiaalbertoadriani.com\/wp-content\/uploads\/2022\/11\/photo_2022-11-29_17-33-32.jpg\" \/>\n\t<meta property=\"og:image:width\" content=\"2560\" \/>\n\t<meta property=\"og:image:height\" content=\"1920\" \/>\n\t<meta property=\"og:image:type\" content=\"image\/jpeg\" \/>\n<meta name=\"author\" content=\"Prensa\" \/>\n<meta name=\"twitter:card\" content=\"summary_large_image\" \/>\n<meta name=\"twitter:label1\" content=\"Escrito por\" \/>\n\t<meta name=\"twitter:data1\" content=\"Prensa\" \/>\n\t<meta name=\"twitter:label2\" content=\"Tiempo de lectura\" \/>\n\t<meta name=\"twitter:data2\" content=\"3 minutos\" \/>\n<script type=\"application\/ld+json\" class=\"yoast-schema-graph\">{\"@context\":\"https:\/\/schema.org\",\"@graph\":[{\"@type\":\"WebPage\",\"@id\":\"https:\/\/alcaldiaalbertoadriani.com\/?p=1381\",\"url\":\"https:\/\/alcaldiaalbertoadriani.com\/?p=1381\",\"name\":\"Las Acacias y Altamira reavivaron la navidad en El Vig\u00eda - Alcaldia Alberto Adriani\",\"isPartOf\":{\"@id\":\"https:\/\/alcaldiaalbertoadriani.com\/#website\"},\"datePublished\":\"2022-11-29T22:12:07+00:00\",\"dateModified\":\"2022-11-29T22:12:16+00:00\",\"author\":{\"@id\":\"https:\/\/alcaldiaalbertoadriani.com\/#\/schema\/person\/549b4483ff8999ac780deeea78795fc9\"},\"description\":\"Durante el fin de semana, los dos eventos reavivaron la navidad en los sectores Las Acacias y Altamira de la ciudad de El Vig\u00eda.\",\"breadcrumb\":{\"@id\":\"https:\/\/alcaldiaalbertoadriani.com\/?p=1381#breadcrumb\"},\"inLanguage\":\"es\",\"potentialAction\":[{\"@type\":\"ReadAction\",\"target\":[\"https:\/\/alcaldiaalbertoadriani.com\/?p=1381\"]}]},{\"@type\":\"BreadcrumbList\",\"@id\":\"https:\/\/alcaldiaalbertoadriani.com\/?p=1381#breadcrumb\",\"itemListElement\":[{\"@type\":\"ListItem\",\"position\":1,\"name\":\"Portada\",\"item\":\"https:\/\/alcaldiaalbertoadriani.com\/\"},{\"@type\":\"ListItem\",\"position\":2,\"name\":\"Las Acacias y Altamira reavivaron la navidad en El Vig\u00eda\"}]},{\"@type\":\"WebSite\",\"@id\":\"https:\/\/alcaldiaalbertoadriani.com\/#website\",\"url\":\"https:\/\/alcaldiaalbertoadriani.com\/\",\"name\":\"Alcaldia Alberto Adriani\",\"description\":\"\",\"potentialAction\":[{\"@type\":\"SearchAction\",\"target\":{\"@type\":\"EntryPoint\",\"urlTemplate\":\"https:\/\/alcaldiaalbertoadriani.com\/?s={search_term_string}\"},\"query-input\":\"required name=search_term_string\"}],\"inLanguage\":\"es\"},{\"@type\":\"Person\",\"@id\":\"https:\/\/alcaldiaalbertoadriani.com\/#\/schema\/person\/549b4483ff8999ac780deeea78795fc9\",\"name\":\"Prensa\",\"image\":{\"@type\":\"ImageObject\",\"inLanguage\":\"es\",\"@id\":\"https:\/\/alcaldiaalbertoadriani.com\/#\/schema\/person\/image\/\",\"url\":\"https:\/\/secure.gravatar.com\/avatar\/ea1cb567ea992a29627f4eee1c2eb185ec16decec6342d508fdf18dedb56c9de?s=96&d=mm&r=g\",\"contentUrl\":\"https:\/\/secure.gravatar.com\/avatar\/ea1cb567ea992a29627f4eee1c2eb185ec16decec6342d508fdf18dedb56c9de?s=96&d=mm&r=g\",\"caption\":\"Prensa\"},\"url\":\"https:\/\/alcaldiaalbertoadriani.com\/?author=2\"}]}<\/script>\n<!-- \/ Yoast SEO plugin. -->","yoast_head_json":{"title":"Las Acacias y Altamira reavivaron la navidad en El Vig\u00eda - Alcaldia Alberto Adriani","description":"Durante el fin de semana, los dos eventos reavivaron la navidad en los sectores Las Acacias y Altamira de la ciudad de El Vig\u00eda.","robots":{"index":"index","follow":"follow","max-snippet":"max-snippet:-1","max-image-preview":"max-image-preview:large","max-video-preview":"max-video-preview:-1"},"canonical":"https:\/\/alcaldiaalbertoadriani.com\/?p=1381","og_locale":"es_ES","og_type":"article","og_title":"Las Acacias y Altamira reavivaron la navidad en El Vig\u00eda - Alcaldia Alberto Adriani","og_description":"Durante el fin de semana, los dos eventos reavivaron la navidad en los sectores Las Acacias y Altamira de la ciudad de El Vig\u00eda.","og_url":"https:\/\/alcaldiaalbertoadriani.com\/?p=1381","og_site_name":"Alcaldia Alberto Adriani","article_published_time":"2022-11-29T22:12:07+00:00","article_modified_time":"2022-11-29T22:12:16+00:00","og_image":[{"width":2560,"height":1920,"url":"https:\/\/alcaldiaalbertoadriani.com\/wp-content\/uploads\/2022\/11\/photo_2022-11-29_17-33-32.jpg","type":"image\/jpeg"}],"author":"Prensa","twitter_card":"summary_large_image","twitter_misc":{"Escrito por":"Prensa","Tiempo de lectura":"3 minutos"},"schema":{"@context":"https:\/\/schema.org","@graph":[{"@type":"WebPage","@id":"https:\/\/alcaldiaalbertoadriani.com\/?p=1381","url":"https:\/\/alcaldiaalbertoadriani.com\/?p=1381","name":"Las Acacias y Altamira reavivaron la navidad en El Vig\u00eda - Alcaldia Alberto Adriani","isPartOf":{"@id":"https:\/\/alcaldiaalbertoadriani.com\/#website"},"datePublished":"2022-11-29T22:12:07+00:00","dateModified":"2022-11-29T22:12:16+00:00","author":{"@id":"https:\/\/alcaldiaalbertoadriani.com\/#\/schema\/person\/549b4483ff8999ac780deeea78795fc9"},"description":"Durante el fin de semana, los dos eventos reavivaron la navidad en los sectores Las Acacias y Altamira de la ciudad de El Vig\u00eda.","breadcrumb":{"@id":"https:\/\/alcaldiaalbertoadriani.com\/?p=1381#breadcrumb"},"inLanguage":"es","potentialAction":[{"@type":"ReadAction","target":["https:\/\/alcaldiaalbertoadriani.com\/?p=1381"]}]},{"@type":"BreadcrumbList","@id":"https:\/\/alcaldiaalbertoadriani.com\/?p=1381#breadcrumb","itemListElement":[{"@type":"ListItem","position":1,"name":"Portada","item":"https:\/\/alcaldiaalbertoadriani.com\/"},{"@type":"ListItem","position":2,"name":"Las Acacias y Altamira reavivaron la navidad en El Vig\u00eda"}]},{"@type":"WebSite","@id":"https:\/\/alcaldiaalbertoadriani.com\/#website","url":"https:\/\/alcaldiaalbertoadriani.com\/","name":"Alcaldia Alberto Adriani","description":"","potentialAction":[{"@type":"SearchAction","target":{"@type":"EntryPoint","urlTemplate":"https:\/\/alcaldiaalbertoadriani.com\/?s={search_term_string}"},"query-input":"required name=search_term_string"}],"inLanguage":"es"},{"@type":"Person","@id":"https:\/\/alcaldiaalbertoadriani.com\/#\/schema\/person\/549b4483ff8999ac780deeea78795fc9","name":"Prensa","image":{"@type":"ImageObject","inLanguage":"es","@id":"https:\/\/alcaldiaalbertoadriani.com\/#\/schema\/person\/image\/","url":"https:\/\/secure.gravatar.com\/avatar\/ea1cb567ea992a29627f4eee1c2eb185ec16decec6342d508fdf18dedb56c9de?s=96&d=mm&r=g","contentUrl":"https:\/\/secure.gravatar.com\/avatar\/ea1cb567ea992a29627f4eee1c2eb185ec16decec6342d508fdf18dedb56c9de?s=96&d=mm&r=g","caption":"Prensa"},"url":"https:\/\/alcaldiaalbertoadriani.com\/?author=2"}]}},"_links":{"self":[{"href":"https:\/\/alcaldiaalbertoadriani.com\/index.php?rest_route=\/wp\/v2\/posts\/1381","targetHints":{"allow":["GET"]}}],"collection":[{"href":"https:\/\/alcaldiaalbertoadriani.com\/index.php?rest_route=\/wp\/v2\/posts"}],"about":[{"href":"https:\/\/alcaldiaalbertoadriani.com\/index.php?rest_route=\/wp\/v2\/types\/post"}],"author":[{"embeddable":true,"href":"https:\/\/alcaldiaalbertoadriani.com\/index.php?rest_route=\/wp\/v2\/users\/2"}],"replies":[{"embeddable":true,"href":"https:\/\/alcaldiaalbertoadriani.com\/index.php?rest_route=%2Fwp%2Fv2%2Fcomments&post=1381"}],"version-history":[{"count":1,"href":"https:\/\/alcaldiaalbertoadriani.com\/index.php?rest_route=\/wp\/v2\/posts\/1381\/revisions"}],"predecessor-version":[{"id":1392,"href":"https:\/\/alcaldiaalbertoadriani.com\/index.php?rest_route=\/wp\/v2\/posts\/1381\/revisions\/1392"}],"wp:featuredmedia":[{"embeddable":true,"href":"https:\/\/alcaldiaalbertoadriani.com\/index.php?rest_route=\/wp\/v2\/media\/1382"}],"wp:attachment":[{"href":"https:\/\/alcaldiaalbertoadriani.com\/index.php?rest_route=%2Fwp%2Fv2%2Fmedia&parent=1381"}],"wp:term":[{"taxonomy":"category","embeddable":true,"href":"https:\/\/alcaldiaalbertoadriani.com\/index.php?rest_route=%2Fwp%2Fv2%2Fcategories&post=1381"},{"taxonomy":"post_tag","embeddable":true,"href":"https:\/\/alcaldiaalbertoadriani.com\/index.php?rest_route=%2Fwp%2Fv2%2Ftags&post=1381"}],"curies":[{"name":"wp","href":"https:\/\/api.w.org\/{rel}","templated":true}]}}