{"id":13703,"date":"2025-12-08T14:41:24","date_gmt":"2025-12-08T14:41:24","guid":{"rendered":"https:\/\/alcaldiaalbertoadriani.com\/?p=13703"},"modified":"2025-12-08T14:41:28","modified_gmt":"2025-12-08T14:41:28","slug":"alberto-adriani-se-proyecta-como-nueva-potencia-turistica","status":"publish","type":"post","link":"https:\/\/alcaldiaalbertoadriani.com\/?p=13703","title":{"rendered":"Municipio Alberto Adriani se proyecta como nueva potencia tur\u00edstica de la regi\u00f3n"},"content":{"rendered":"\n<p>El municipio Alberto Adriani ha marcado un hito decisivo en su hoja de ruta hacia el desarrollo econ\u00f3mico, tras una participaci\u00f3n estrat\u00e9gica y contundente en la Feria Internacional de Turismo de Venezuela (<a href=\"https:\/\/alcaldiaalbertoadriani.com\/?p=9112\">Fitven<\/a>) 2025, celebrada recientemente en la ciudad de Puerto Cabello estado Carabobo.<\/p>\n\n\n\n<p>La representaci\u00f3n municipal del alcalde <a href=\"https:\/\/www.instagram.com\/lisandrosegura02\/\">Lisandro Segura<\/a> estuvo a cargo de \u00c1ngel Contreras, gerente General de la Alcald\u00eda, quien fue testigo y protagonista en el evento que reuni\u00f3 a m\u00e1s de 250 expositores nacionales e internacionales, convirti\u00e9ndose en el epicentro del intercambio comercial y de la proyecci\u00f3n de destinos de primer nivel.<\/p>\n\n\n\n<p>&#8220;Nuestra presencia en la Fitven no fue solo protocolar, fue una declaraci\u00f3n de intenciones. Alberto Adriani tiene la capacidad, la gente y los recursos para dejar de ser un lugar de paso y convertirse en un destino&#8221;, afirm\u00f3 \u00c1ngel Contreras. Adem\u00e1s, que la feria permiti\u00f3 aprender de los mejores para aplicar esas estrategias en la jurisdicci\u00f3n.<\/p>\n\n\n\n<h2 class=\"wp-block-heading\"><strong><em>Transformaci\u00f3n Econ\u00f3mica del Municipio<\/em><\/strong><\/h2>\n\n\n\n<p>El punto focal de la agenda fue la participaci\u00f3n activa en el III Congreso Internacional de Turismo, un espacio acad\u00e9mico y profesional de alto nivel que defini\u00f3 las nuevas tendencias del sector. Contreras, calific\u00f3 la experiencia como un &#8220;catalizador fundamental&#8221; para la transformaci\u00f3n econ\u00f3mica del municipio.<\/p>\n\n\n\n<figure class=\"wp-block-gallery has-nested-images columns-default is-cropped wp-block-gallery-1 is-layout-flex wp-block-gallery-is-layout-flex\">\n<figure class=\"wp-block-image size-large\"><img loading=\"lazy\" decoding=\"async\" width=\"1024\" height=\"461\" data-id=\"13705\" src=\"https:\/\/alcaldiaalbertoadriani.com\/wp-content\/uploads\/2025\/12\/photo_5005915393335429982_y-1024x461.jpg\" alt=\"\" class=\"wp-image-13705\" srcset=\"https:\/\/alcaldiaalbertoadriani.com\/wp-content\/uploads\/2025\/12\/photo_5005915393335429982_y-1024x461.jpg 1024w, https:\/\/alcaldiaalbertoadriani.com\/wp-content\/uploads\/2025\/12\/photo_5005915393335429982_y-980x441.jpg 980w, https:\/\/alcaldiaalbertoadriani.com\/wp-content\/uploads\/2025\/12\/photo_5005915393335429982_y-480x216.jpg 480w\" sizes=\"auto, (min-width: 0px) and (max-width: 480px) 480px, (min-width: 481px) and (max-width: 980px) 980px, (min-width: 981px) 1024px, 100vw\" \/><\/figure>\n<\/figure>\n\n\n\n<p>&#8220;El congreso nos abri\u00f3 los ojos hacia d\u00f3nde se mueve el mundo. No basta con tener paisajes bonitos; la clave est\u00e1 en el turismo sostenible, en crecer econ\u00f3micamente sin destruir nuestro patrimonio natural. La innovaci\u00f3n tur\u00edstica es urgente por lo que necesitamos digitalizar nuestra oferta y hacerla atractiva al viajero moderno&#8221;, explic\u00f3.<\/p>\n\n\n\n<p>Sin embargo, el punto m\u00e1s inspirador fue el \u00e9nfasis en el aviturismo (observaci\u00f3n de aves) como motor de desarrollo econ\u00f3mico local.&nbsp; En este sentido, Alberto Adriani posee una biodiversidad \u201cenvidiable\u201d. El aviturismo no es un nicho peque\u00f1o; es una industria global que valora lo que nosotros tenemos.<\/p>\n\n\n\n<p>Manifest\u00f3 que la Fitven brind\u00f3 las herramientas para entender c\u00f3mo convertir la riqueza natural en prosperidad para el municipio, atrayendo a un turista consciente y de alto valor; adem\u00e1s, sirvi\u00f3 de tribuna para desarrollar alianzas estrat\u00e9gicas y una visi\u00f3n renovada. \u201cEl mensaje para los empresarios, emprendedores y ciudadanos de El Vig\u00eda es claro, es el momento del turismo como la palanca del desarrollo sostenible\u201d, finaliz\u00f3 Contreras. <strong><em>Prensa Alcald\u00eda Alberto Adriani\/ Claribel Zambrano CNP: 11.843\/ Fotos: \u00c1ngel Contreras.<\/em><\/strong><\/p>\n\n\n\n<figure class=\"wp-block-gallery has-nested-images columns-default is-cropped wp-block-gallery-2 is-layout-flex wp-block-gallery-is-layout-flex\">\n<figure class=\"wp-block-image size-large\"><img loading=\"lazy\" decoding=\"async\" width=\"1024\" height=\"461\" data-id=\"13706\" src=\"https:\/\/alcaldiaalbertoadriani.com\/wp-content\/uploads\/2025\/12\/photo_5005915393335429984_y-1024x461.jpg\" alt=\"\" class=\"wp-image-13706\" srcset=\"https:\/\/alcaldiaalbertoadriani.com\/wp-content\/uploads\/2025\/12\/photo_5005915393335429984_y-1024x461.jpg 1024w, https:\/\/alcaldiaalbertoadriani.com\/wp-content\/uploads\/2025\/12\/photo_5005915393335429984_y-980x441.jpg 980w, https:\/\/alcaldiaalbertoadriani.com\/wp-content\/uploads\/2025\/12\/photo_5005915393335429984_y-480x216.jpg 480w\" sizes=\"auto, (min-width: 0px) and (max-width: 480px) 480px, (min-width: 481px) and (max-width: 980px) 980px, (min-width: 981px) 1024px, 100vw\" \/><\/figure>\n\n\n\n<figure class=\"wp-block-image size-large\"><img loading=\"lazy\" decoding=\"async\" width=\"1024\" height=\"461\" data-id=\"13707\" src=\"https:\/\/alcaldiaalbertoadriani.com\/wp-content\/uploads\/2025\/12\/photo_5005915393335429983_y-1024x461.jpg\" alt=\"\" class=\"wp-image-13707\" srcset=\"https:\/\/alcaldiaalbertoadriani.com\/wp-content\/uploads\/2025\/12\/photo_5005915393335429983_y-1024x461.jpg 1024w, https:\/\/alcaldiaalbertoadriani.com\/wp-content\/uploads\/2025\/12\/photo_5005915393335429983_y-980x441.jpg 980w, https:\/\/alcaldiaalbertoadriani.com\/wp-content\/uploads\/2025\/12\/photo_5005915393335429983_y-480x216.jpg 480w\" sizes=\"auto, (min-width: 0px) and (max-width: 480px) 480px, (min-width: 481px) and (max-width: 980px) 980px, (min-width: 981px) 1024px, 100vw\" \/><\/figure>\n<\/figure>\n","protected":false},"excerpt":{"rendered":"<p>El municipio Alberto Adriani ha marcado un hito decisivo en su hoja de ruta hacia el desarrollo econ\u00f3mico, tras una participaci\u00f3n estrat\u00e9gica y contundente en la Feria Internacional de Turismo [&hellip;]<\/p>\n","protected":false},"author":2,"featured_media":13704,"comment_status":"open","ping_status":"closed","sticky":false,"template":"","format":"standard","meta":{"_et_pb_use_builder":"off","_et_pb_old_content":"","_et_gb_content_width":"","footnotes":""},"categories":[341,25,201],"tags":[31,11,12,15,761,30,29,28],"class_list":["post-13703","post","type-post","status-publish","format-standard","has-post-thumbnail","hentry","category-alcaldia-alberto-adriani","category-nuestro-municipio","category-turismo","tag-alcalde","tag-alcaldia","tag-alcaldiaalbertoadriani","tag-elvigia","tag-encrucijadadeprogreso","tag-lisandrosegura","tag-municipioquenosmerecemos","tag-porelrenacer"],"yoast_head":"<!-- This site is optimized with the Yoast SEO plugin v19.13 - https:\/\/yoast.com\/wordpress\/plugins\/seo\/ -->\n<title>Alberto Adriani se proyecta como nueva potencia tur\u00edstica<\/title>\n<meta name=\"description\" content=\"Municipio Alberto Adriani se proyecta como nueva potencia tur\u00edstica de la regi\u00f3n tras una participaci\u00f3n estrat\u00e9gica y contundente\" \/>\n<meta name=\"robots\" content=\"index, follow, max-snippet:-1, max-image-preview:large, max-video-preview:-1\" \/>\n<link rel=\"canonical\" href=\"https:\/\/alcaldiaalbertoadriani.com\/?p=13703\" \/>\n<meta property=\"og:locale\" content=\"es_ES\" \/>\n<meta property=\"og:type\" content=\"article\" \/>\n<meta property=\"og:title\" content=\"Alberto Adriani se proyecta como nueva potencia tur\u00edstica\" \/>\n<meta property=\"og:description\" content=\"Municipio Alberto Adriani se proyecta como nueva potencia tur\u00edstica de la regi\u00f3n tras una participaci\u00f3n estrat\u00e9gica y contundente\" \/>\n<meta property=\"og:url\" content=\"https:\/\/alcaldiaalbertoadriani.com\/?p=13703\" \/>\n<meta property=\"og:site_name\" content=\"Alcaldia Alberto Adriani\" \/>\n<meta property=\"article:published_time\" content=\"2025-12-08T14:41:24+00:00\" \/>\n<meta property=\"article:modified_time\" content=\"2025-12-08T14:41:28+00:00\" \/>\n<meta property=\"og:image\" content=\"https:\/\/alcaldiaalbertoadriani.com\/wp-content\/uploads\/2025\/12\/photo_5005915393335429980_y.jpg\" \/>\n\t<meta property=\"og:image:width\" content=\"450\" \/>\n\t<meta property=\"og:image:height\" content=\"1000\" \/>\n\t<meta property=\"og:image:type\" content=\"image\/jpeg\" \/>\n<meta name=\"author\" content=\"Prensa\" \/>\n<meta name=\"twitter:card\" content=\"summary_large_image\" \/>\n<meta name=\"twitter:label1\" content=\"Escrito por\" \/>\n\t<meta name=\"twitter:data1\" content=\"Prensa\" \/>\n\t<meta name=\"twitter:label2\" content=\"Tiempo de lectura\" \/>\n\t<meta name=\"twitter:data2\" content=\"3 minutos\" \/>\n<script type=\"application\/ld+json\" class=\"yoast-schema-graph\">{\"@context\":\"https:\/\/schema.org\",\"@graph\":[{\"@type\":\"WebPage\",\"@id\":\"https:\/\/alcaldiaalbertoadriani.com\/?p=13703\",\"url\":\"https:\/\/alcaldiaalbertoadriani.com\/?p=13703\",\"name\":\"Alberto Adriani se proyecta como nueva potencia tur\u00edstica\",\"isPartOf\":{\"@id\":\"https:\/\/alcaldiaalbertoadriani.com\/#website\"},\"datePublished\":\"2025-12-08T14:41:24+00:00\",\"dateModified\":\"2025-12-08T14:41:28+00:00\",\"author\":{\"@id\":\"https:\/\/alcaldiaalbertoadriani.com\/#\/schema\/person\/549b4483ff8999ac780deeea78795fc9\"},\"description\":\"Municipio Alberto Adriani se proyecta como nueva potencia tur\u00edstica de la regi\u00f3n tras una participaci\u00f3n estrat\u00e9gica y contundente\",\"breadcrumb\":{\"@id\":\"https:\/\/alcaldiaalbertoadriani.com\/?p=13703#breadcrumb\"},\"inLanguage\":\"es\",\"potentialAction\":[{\"@type\":\"ReadAction\",\"target\":[\"https:\/\/alcaldiaalbertoadriani.com\/?p=13703\"]}]},{\"@type\":\"BreadcrumbList\",\"@id\":\"https:\/\/alcaldiaalbertoadriani.com\/?p=13703#breadcrumb\",\"itemListElement\":[{\"@type\":\"ListItem\",\"position\":1,\"name\":\"Portada\",\"item\":\"https:\/\/alcaldiaalbertoadriani.com\/\"},{\"@type\":\"ListItem\",\"position\":2,\"name\":\"Municipio Alberto Adriani se proyecta como nueva potencia tur\u00edstica de la regi\u00f3n\"}]},{\"@type\":\"WebSite\",\"@id\":\"https:\/\/alcaldiaalbertoadriani.com\/#website\",\"url\":\"https:\/\/alcaldiaalbertoadriani.com\/\",\"name\":\"Alcaldia Alberto Adriani\",\"description\":\"\",\"potentialAction\":[{\"@type\":\"SearchAction\",\"target\":{\"@type\":\"EntryPoint\",\"urlTemplate\":\"https:\/\/alcaldiaalbertoadriani.com\/?s={search_term_string}\"},\"query-input\":\"required name=search_term_string\"}],\"inLanguage\":\"es\"},{\"@type\":\"Person\",\"@id\":\"https:\/\/alcaldiaalbertoadriani.com\/#\/schema\/person\/549b4483ff8999ac780deeea78795fc9\",\"name\":\"Prensa\",\"image\":{\"@type\":\"ImageObject\",\"inLanguage\":\"es\",\"@id\":\"https:\/\/alcaldiaalbertoadriani.com\/#\/schema\/person\/image\/\",\"url\":\"https:\/\/secure.gravatar.com\/avatar\/ea1cb567ea992a29627f4eee1c2eb185ec16decec6342d508fdf18dedb56c9de?s=96&d=mm&r=g\",\"contentUrl\":\"https:\/\/secure.gravatar.com\/avatar\/ea1cb567ea992a29627f4eee1c2eb185ec16decec6342d508fdf18dedb56c9de?s=96&d=mm&r=g\",\"caption\":\"Prensa\"},\"url\":\"https:\/\/alcaldiaalbertoadriani.com\/?author=2\"}]}<\/script>\n<!-- \/ Yoast SEO plugin. -->","yoast_head_json":{"title":"Alberto Adriani se proyecta como nueva potencia tur\u00edstica","description":"Municipio Alberto Adriani se proyecta como nueva potencia tur\u00edstica de la regi\u00f3n tras una participaci\u00f3n estrat\u00e9gica y contundente","robots":{"index":"index","follow":"follow","max-snippet":"max-snippet:-1","max-image-preview":"max-image-preview:large","max-video-preview":"max-video-preview:-1"},"canonical":"https:\/\/alcaldiaalbertoadriani.com\/?p=13703","og_locale":"es_ES","og_type":"article","og_title":"Alberto Adriani se proyecta como nueva potencia tur\u00edstica","og_description":"Municipio Alberto Adriani se proyecta como nueva potencia tur\u00edstica de la regi\u00f3n tras una participaci\u00f3n estrat\u00e9gica y contundente","og_url":"https:\/\/alcaldiaalbertoadriani.com\/?p=13703","og_site_name":"Alcaldia Alberto Adriani","article_published_time":"2025-12-08T14:41:24+00:00","article_modified_time":"2025-12-08T14:41:28+00:00","og_image":[{"width":450,"height":1000,"url":"https:\/\/alcaldiaalbertoadriani.com\/wp-content\/uploads\/2025\/12\/photo_5005915393335429980_y.jpg","type":"image\/jpeg"}],"author":"Prensa","twitter_card":"summary_large_image","twitter_misc":{"Escrito por":"Prensa","Tiempo de lectura":"3 minutos"},"schema":{"@context":"https:\/\/schema.org","@graph":[{"@type":"WebPage","@id":"https:\/\/alcaldiaalbertoadriani.com\/?p=13703","url":"https:\/\/alcaldiaalbertoadriani.com\/?p=13703","name":"Alberto Adriani se proyecta como nueva potencia tur\u00edstica","isPartOf":{"@id":"https:\/\/alcaldiaalbertoadriani.com\/#website"},"datePublished":"2025-12-08T14:41:24+00:00","dateModified":"2025-12-08T14:41:28+00:00","author":{"@id":"https:\/\/alcaldiaalbertoadriani.com\/#\/schema\/person\/549b4483ff8999ac780deeea78795fc9"},"description":"Municipio Alberto Adriani se proyecta como nueva potencia tur\u00edstica de la regi\u00f3n tras una participaci\u00f3n estrat\u00e9gica y contundente","breadcrumb":{"@id":"https:\/\/alcaldiaalbertoadriani.com\/?p=13703#breadcrumb"},"inLanguage":"es","potentialAction":[{"@type":"ReadAction","target":["https:\/\/alcaldiaalbertoadriani.com\/?p=13703"]}]},{"@type":"BreadcrumbList","@id":"https:\/\/alcaldiaalbertoadriani.com\/?p=13703#breadcrumb","itemListElement":[{"@type":"ListItem","position":1,"name":"Portada","item":"https:\/\/alcaldiaalbertoadriani.com\/"},{"@type":"ListItem","position":2,"name":"Municipio Alberto Adriani se proyecta como nueva potencia tur\u00edstica de la regi\u00f3n"}]},{"@type":"WebSite","@id":"https:\/\/alcaldiaalbertoadriani.com\/#website","url":"https:\/\/alcaldiaalbertoadriani.com\/","name":"Alcaldia Alberto Adriani","description":"","potentialAction":[{"@type":"SearchAction","target":{"@type":"EntryPoint","urlTemplate":"https:\/\/alcaldiaalbertoadriani.com\/?s={search_term_string}"},"query-input":"required name=search_term_string"}],"inLanguage":"es"},{"@type":"Person","@id":"https:\/\/alcaldiaalbertoadriani.com\/#\/schema\/person\/549b4483ff8999ac780deeea78795fc9","name":"Prensa","image":{"@type":"ImageObject","inLanguage":"es","@id":"https:\/\/alcaldiaalbertoadriani.com\/#\/schema\/person\/image\/","url":"https:\/\/secure.gravatar.com\/avatar\/ea1cb567ea992a29627f4eee1c2eb185ec16decec6342d508fdf18dedb56c9de?s=96&d=mm&r=g","contentUrl":"https:\/\/secure.gravatar.com\/avatar\/ea1cb567ea992a29627f4eee1c2eb185ec16decec6342d508fdf18dedb56c9de?s=96&d=mm&r=g","caption":"Prensa"},"url":"https:\/\/alcaldiaalbertoadriani.com\/?author=2"}]}},"_links":{"self":[{"href":"https:\/\/alcaldiaalbertoadriani.com\/index.php?rest_route=\/wp\/v2\/posts\/13703","targetHints":{"allow":["GET"]}}],"collection":[{"href":"https:\/\/alcaldiaalbertoadriani.com\/index.php?rest_route=\/wp\/v2\/posts"}],"about":[{"href":"https:\/\/alcaldiaalbertoadriani.com\/index.php?rest_route=\/wp\/v2\/types\/post"}],"author":[{"embeddable":true,"href":"https:\/\/alcaldiaalbertoadriani.com\/index.php?rest_route=\/wp\/v2\/users\/2"}],"replies":[{"embeddable":true,"href":"https:\/\/alcaldiaalbertoadriani.com\/index.php?rest_route=%2Fwp%2Fv2%2Fcomments&post=13703"}],"version-history":[{"count":1,"href":"https:\/\/alcaldiaalbertoadriani.com\/index.php?rest_route=\/wp\/v2\/posts\/13703\/revisions"}],"predecessor-version":[{"id":13708,"href":"https:\/\/alcaldiaalbertoadriani.com\/index.php?rest_route=\/wp\/v2\/posts\/13703\/revisions\/13708"}],"wp:featuredmedia":[{"embeddable":true,"href":"https:\/\/alcaldiaalbertoadriani.com\/index.php?rest_route=\/wp\/v2\/media\/13704"}],"wp:attachment":[{"href":"https:\/\/alcaldiaalbertoadriani.com\/index.php?rest_route=%2Fwp%2Fv2%2Fmedia&parent=13703"}],"wp:term":[{"taxonomy":"category","embeddable":true,"href":"https:\/\/alcaldiaalbertoadriani.com\/index.php?rest_route=%2Fwp%2Fv2%2Fcategories&post=13703"},{"taxonomy":"post_tag","embeddable":true,"href":"https:\/\/alcaldiaalbertoadriani.com\/index.php?rest_route=%2Fwp%2Fv2%2Ftags&post=13703"}],"curies":[{"name":"wp","href":"https:\/\/api.w.org\/{rel}","templated":true}]}}