{"id":13642,"date":"2025-12-08T13:52:00","date_gmt":"2025-12-08T13:52:00","guid":{"rendered":"https:\/\/alcaldiaalbertoadriani.com\/?p=13642"},"modified":"2025-12-08T13:52:35","modified_gmt":"2025-12-08T13:52:35","slug":"iniciaron-programas-radiales-decembrinos-2025","status":"publish","type":"post","link":"https:\/\/alcaldiaalbertoadriani.com\/?p=13642","title":{"rendered":"Iniciaron programas radiales decembrinos 2025 con la Alianza Radial Adrianista"},"content":{"rendered":"\n<p>En un ambiente de alegr\u00eda, el alcalde <a href=\"https:\/\/www.instagram.com\/lisandrosegura02\/\">Lisandro Segura<\/a>, dio inicio a los <a href=\"https:\/\/alcaldiaalbertoadriani.com\/?tag=iniciaron-programas-radiales-decembrinos-2024\">programas radiales decembrinos<\/a> en su edici\u00f3n 2025. El punto de arranque tuvo lugar este viernes en la plaza Bol\u00edvar de El Vig\u00eda con la presencia de representantes de las diferentes emisoras Alianza Radial Adrianista.<\/p>\n\n\n\n<figure class=\"wp-block-gallery has-nested-images columns-default is-cropped wp-block-gallery-1 is-layout-flex wp-block-gallery-is-layout-flex\">\n<figure class=\"wp-block-image size-large\"><img loading=\"lazy\" decoding=\"async\" width=\"1024\" height=\"768\" data-id=\"13645\" src=\"https:\/\/alcaldiaalbertoadriani.com\/wp-content\/uploads\/2025\/12\/photo_4996812326115674956_y-1024x768.jpg\" alt=\"\" class=\"wp-image-13645\" srcset=\"https:\/\/alcaldiaalbertoadriani.com\/wp-content\/uploads\/2025\/12\/photo_4996812326115674956_y-1024x768.jpg 1024w, https:\/\/alcaldiaalbertoadriani.com\/wp-content\/uploads\/2025\/12\/photo_4996812326115674956_y-980x735.jpg 980w, https:\/\/alcaldiaalbertoadriani.com\/wp-content\/uploads\/2025\/12\/photo_4996812326115674956_y-480x360.jpg 480w\" sizes=\"auto, (min-width: 0px) and (max-width: 480px) 480px, (min-width: 481px) and (max-width: 980px) 980px, (min-width: 981px) 1024px, 100vw\" \/><\/figure>\n<\/figure>\n\n\n\n<p>En sus palabras, <a href=\"https:\/\/www.instagram.com\/lisandrosegura02\/\">Lisandro Segura<\/a>, se mostr\u00f3 contento por una nueva edici\u00f3n de programas radiales  de la Alianza, destacando que este a\u00f1o es dedicado especialmente a Carlos Alberto Escalante Albornoz, reconocido docente y locutor, fallecido en enero de 2025.<\/p>\n\n\n\n<p>\u201cCarlos fue un extraordinario promotor cultural y nos acompa\u00f1\u00f3 en todas las ediciones anteriores, pero lamentablemente, se fue a temprana edad. Sin embargo, nos dej\u00f3 un gran legado y por esto reconocemos una vez m\u00e1s su labor\u201d, afirm\u00f3.&nbsp;<\/p>\n\n\n\n<h2 class=\"wp-block-heading\"><strong>Programaci\u00f3n<\/strong><\/h2>\n\n\n\n<p>El alcalde indic\u00f3 que para este s\u00e1bado 29 de noviembre, ser\u00e1 el Tradicional Encendido de Luces de la plaza Bol\u00edvar de la ciudad, a partir de las 6:00 de la tarde.<\/p>\n\n\n\n<p>En cuanto a los concursos de Pesebres; &#8220;La Mejor Hallaca\u201d; &#8220;Calle Mejor&nbsp; Adornada\u201d; \u201cMejor Carta al Ni\u00f1o Jes\u00fas\u201d y \u201cA\u00f1os Viejos\u201d, las inscripciones ser\u00e1n desde el lunes 1 al viernes 5 de diciembre.<\/p>\n\n\n\n<p>Importante destacar que la alianza radial est\u00e1 compuesta por Acci\u00f3n 104.5 FM (emisora matriz); Calor 93.5 FM; Giga 91.3 FM; \u00c9xitos 96.5 FM; Aut\u00e9ntica 102.9 FM; Enlace 94.5; Gal\u00e1ctica 92.7 FM; Interactiva 105.9 FM; Comuni\u00f3n 97.5 FM; El Vig\u00eda 104.1 FM; Sport Vig 97.7 FM; y Zona Mixta. <strong>Prensa Alcald\u00eda Alberto Adriani\/Edgar Mendoza CNP 25.736\/Fotos: Presa Alcald\u00eda A.A.<\/strong><\/p>\n\n\n\n<figure class=\"wp-block-gallery has-nested-images columns-default is-cropped wp-block-gallery-2 is-layout-flex wp-block-gallery-is-layout-flex\">\n<figure class=\"wp-block-image size-large\"><img loading=\"lazy\" decoding=\"async\" width=\"1024\" height=\"768\" data-id=\"13644\" src=\"https:\/\/alcaldiaalbertoadriani.com\/wp-content\/uploads\/2025\/12\/photo_4996812326115674957_y-1024x768.jpg\" alt=\"\" class=\"wp-image-13644\" srcset=\"https:\/\/alcaldiaalbertoadriani.com\/wp-content\/uploads\/2025\/12\/photo_4996812326115674957_y-1024x768.jpg 1024w, https:\/\/alcaldiaalbertoadriani.com\/wp-content\/uploads\/2025\/12\/photo_4996812326115674957_y-980x735.jpg 980w, https:\/\/alcaldiaalbertoadriani.com\/wp-content\/uploads\/2025\/12\/photo_4996812326115674957_y-480x360.jpg 480w\" sizes=\"auto, (min-width: 0px) and (max-width: 480px) 480px, (min-width: 481px) and (max-width: 980px) 980px, (min-width: 981px) 1024px, 100vw\" \/><\/figure>\n<\/figure>\n","protected":false},"excerpt":{"rendered":"<p>En un ambiente de alegr\u00eda, el alcalde Lisandro Segura, dio inicio a los programas radiales decembrinos en su edici\u00f3n 2025. El punto de arranque tuvo lugar este viernes en la [&hellip;]<\/p>\n","protected":false},"author":2,"featured_media":13643,"comment_status":"open","ping_status":"closed","sticky":false,"template":"","format":"standard","meta":{"_et_pb_use_builder":"off","_et_pb_old_content":"","_et_gb_content_width":"","footnotes":""},"categories":[341,25],"tags":[31,11,12,15,761,30,29,28],"class_list":["post-13642","post","type-post","status-publish","format-standard","has-post-thumbnail","hentry","category-alcaldia-alberto-adriani","category-nuestro-municipio","tag-alcalde","tag-alcaldia","tag-alcaldiaalbertoadriani","tag-elvigia","tag-encrucijadadeprogreso","tag-lisandrosegura","tag-municipioquenosmerecemos","tag-porelrenacer"],"yoast_head":"<!-- This site is optimized with the Yoast SEO plugin v19.13 - https:\/\/yoast.com\/wordpress\/plugins\/seo\/ -->\n<title>Iniciaron programas radiales decembrinos 2025<\/title>\n<meta name=\"description\" content=\"Iniciaron programas radiales decembrinos 2025 con la Alianza Radial Adrianista El punto de arranque este viernes en la plaza Bol\u00edvar\" \/>\n<meta name=\"robots\" content=\"index, follow, max-snippet:-1, max-image-preview:large, max-video-preview:-1\" \/>\n<link rel=\"canonical\" href=\"https:\/\/alcaldiaalbertoadriani.com\/?p=13642\" \/>\n<meta property=\"og:locale\" content=\"es_ES\" \/>\n<meta property=\"og:type\" content=\"article\" \/>\n<meta property=\"og:title\" content=\"Iniciaron programas radiales decembrinos 2025\" \/>\n<meta property=\"og:description\" content=\"Iniciaron programas radiales decembrinos 2025 con la Alianza Radial Adrianista El punto de arranque este viernes en la plaza Bol\u00edvar\" \/>\n<meta property=\"og:url\" content=\"https:\/\/alcaldiaalbertoadriani.com\/?p=13642\" \/>\n<meta property=\"og:site_name\" content=\"Alcaldia Alberto Adriani\" \/>\n<meta property=\"article:published_time\" content=\"2025-12-08T13:52:00+00:00\" \/>\n<meta property=\"article:modified_time\" content=\"2025-12-08T13:52:35+00:00\" \/>\n<meta property=\"og:image\" content=\"https:\/\/alcaldiaalbertoadriani.com\/wp-content\/uploads\/2025\/12\/photo_4996812326115674955_y-1.jpg\" \/>\n\t<meta property=\"og:image:width\" content=\"1280\" \/>\n\t<meta property=\"og:image:height\" content=\"853\" \/>\n\t<meta property=\"og:image:type\" content=\"image\/jpeg\" \/>\n<meta name=\"author\" content=\"Prensa\" \/>\n<meta name=\"twitter:card\" content=\"summary_large_image\" \/>\n<meta name=\"twitter:label1\" content=\"Escrito por\" \/>\n\t<meta name=\"twitter:data1\" content=\"Prensa\" \/>\n\t<meta name=\"twitter:label2\" content=\"Tiempo de lectura\" \/>\n\t<meta name=\"twitter:data2\" content=\"2 minutos\" \/>\n<script type=\"application\/ld+json\" class=\"yoast-schema-graph\">{\"@context\":\"https:\/\/schema.org\",\"@graph\":[{\"@type\":\"WebPage\",\"@id\":\"https:\/\/alcaldiaalbertoadriani.com\/?p=13642\",\"url\":\"https:\/\/alcaldiaalbertoadriani.com\/?p=13642\",\"name\":\"Iniciaron programas radiales decembrinos 2025\",\"isPartOf\":{\"@id\":\"https:\/\/alcaldiaalbertoadriani.com\/#website\"},\"datePublished\":\"2025-12-08T13:52:00+00:00\",\"dateModified\":\"2025-12-08T13:52:35+00:00\",\"author\":{\"@id\":\"https:\/\/alcaldiaalbertoadriani.com\/#\/schema\/person\/549b4483ff8999ac780deeea78795fc9\"},\"description\":\"Iniciaron programas radiales decembrinos 2025 con la Alianza Radial Adrianista El punto de arranque este viernes en la plaza Bol\u00edvar\",\"breadcrumb\":{\"@id\":\"https:\/\/alcaldiaalbertoadriani.com\/?p=13642#breadcrumb\"},\"inLanguage\":\"es\",\"potentialAction\":[{\"@type\":\"ReadAction\",\"target\":[\"https:\/\/alcaldiaalbertoadriani.com\/?p=13642\"]}]},{\"@type\":\"BreadcrumbList\",\"@id\":\"https:\/\/alcaldiaalbertoadriani.com\/?p=13642#breadcrumb\",\"itemListElement\":[{\"@type\":\"ListItem\",\"position\":1,\"name\":\"Portada\",\"item\":\"https:\/\/alcaldiaalbertoadriani.com\/\"},{\"@type\":\"ListItem\",\"position\":2,\"name\":\"Iniciaron programas radiales decembrinos 2025 con la Alianza Radial Adrianista\"}]},{\"@type\":\"WebSite\",\"@id\":\"https:\/\/alcaldiaalbertoadriani.com\/#website\",\"url\":\"https:\/\/alcaldiaalbertoadriani.com\/\",\"name\":\"Alcaldia Alberto Adriani\",\"description\":\"\",\"potentialAction\":[{\"@type\":\"SearchAction\",\"target\":{\"@type\":\"EntryPoint\",\"urlTemplate\":\"https:\/\/alcaldiaalbertoadriani.com\/?s={search_term_string}\"},\"query-input\":\"required name=search_term_string\"}],\"inLanguage\":\"es\"},{\"@type\":\"Person\",\"@id\":\"https:\/\/alcaldiaalbertoadriani.com\/#\/schema\/person\/549b4483ff8999ac780deeea78795fc9\",\"name\":\"Prensa\",\"image\":{\"@type\":\"ImageObject\",\"inLanguage\":\"es\",\"@id\":\"https:\/\/alcaldiaalbertoadriani.com\/#\/schema\/person\/image\/\",\"url\":\"https:\/\/secure.gravatar.com\/avatar\/ea1cb567ea992a29627f4eee1c2eb185ec16decec6342d508fdf18dedb56c9de?s=96&d=mm&r=g\",\"contentUrl\":\"https:\/\/secure.gravatar.com\/avatar\/ea1cb567ea992a29627f4eee1c2eb185ec16decec6342d508fdf18dedb56c9de?s=96&d=mm&r=g\",\"caption\":\"Prensa\"},\"url\":\"https:\/\/alcaldiaalbertoadriani.com\/?author=2\"}]}<\/script>\n<!-- \/ Yoast SEO plugin. -->","yoast_head_json":{"title":"Iniciaron programas radiales decembrinos 2025","description":"Iniciaron programas radiales decembrinos 2025 con la Alianza Radial Adrianista El punto de arranque este viernes en la plaza Bol\u00edvar","robots":{"index":"index","follow":"follow","max-snippet":"max-snippet:-1","max-image-preview":"max-image-preview:large","max-video-preview":"max-video-preview:-1"},"canonical":"https:\/\/alcaldiaalbertoadriani.com\/?p=13642","og_locale":"es_ES","og_type":"article","og_title":"Iniciaron programas radiales decembrinos 2025","og_description":"Iniciaron programas radiales decembrinos 2025 con la Alianza Radial Adrianista El punto de arranque este viernes en la plaza Bol\u00edvar","og_url":"https:\/\/alcaldiaalbertoadriani.com\/?p=13642","og_site_name":"Alcaldia Alberto Adriani","article_published_time":"2025-12-08T13:52:00+00:00","article_modified_time":"2025-12-08T13:52:35+00:00","og_image":[{"width":1280,"height":853,"url":"https:\/\/alcaldiaalbertoadriani.com\/wp-content\/uploads\/2025\/12\/photo_4996812326115674955_y-1.jpg","type":"image\/jpeg"}],"author":"Prensa","twitter_card":"summary_large_image","twitter_misc":{"Escrito por":"Prensa","Tiempo de lectura":"2 minutos"},"schema":{"@context":"https:\/\/schema.org","@graph":[{"@type":"WebPage","@id":"https:\/\/alcaldiaalbertoadriani.com\/?p=13642","url":"https:\/\/alcaldiaalbertoadriani.com\/?p=13642","name":"Iniciaron programas radiales decembrinos 2025","isPartOf":{"@id":"https:\/\/alcaldiaalbertoadriani.com\/#website"},"datePublished":"2025-12-08T13:52:00+00:00","dateModified":"2025-12-08T13:52:35+00:00","author":{"@id":"https:\/\/alcaldiaalbertoadriani.com\/#\/schema\/person\/549b4483ff8999ac780deeea78795fc9"},"description":"Iniciaron programas radiales decembrinos 2025 con la Alianza Radial Adrianista El punto de arranque este viernes en la plaza Bol\u00edvar","breadcrumb":{"@id":"https:\/\/alcaldiaalbertoadriani.com\/?p=13642#breadcrumb"},"inLanguage":"es","potentialAction":[{"@type":"ReadAction","target":["https:\/\/alcaldiaalbertoadriani.com\/?p=13642"]}]},{"@type":"BreadcrumbList","@id":"https:\/\/alcaldiaalbertoadriani.com\/?p=13642#breadcrumb","itemListElement":[{"@type":"ListItem","position":1,"name":"Portada","item":"https:\/\/alcaldiaalbertoadriani.com\/"},{"@type":"ListItem","position":2,"name":"Iniciaron programas radiales decembrinos 2025 con la Alianza Radial Adrianista"}]},{"@type":"WebSite","@id":"https:\/\/alcaldiaalbertoadriani.com\/#website","url":"https:\/\/alcaldiaalbertoadriani.com\/","name":"Alcaldia Alberto Adriani","description":"","potentialAction":[{"@type":"SearchAction","target":{"@type":"EntryPoint","urlTemplate":"https:\/\/alcaldiaalbertoadriani.com\/?s={search_term_string}"},"query-input":"required name=search_term_string"}],"inLanguage":"es"},{"@type":"Person","@id":"https:\/\/alcaldiaalbertoadriani.com\/#\/schema\/person\/549b4483ff8999ac780deeea78795fc9","name":"Prensa","image":{"@type":"ImageObject","inLanguage":"es","@id":"https:\/\/alcaldiaalbertoadriani.com\/#\/schema\/person\/image\/","url":"https:\/\/secure.gravatar.com\/avatar\/ea1cb567ea992a29627f4eee1c2eb185ec16decec6342d508fdf18dedb56c9de?s=96&d=mm&r=g","contentUrl":"https:\/\/secure.gravatar.com\/avatar\/ea1cb567ea992a29627f4eee1c2eb185ec16decec6342d508fdf18dedb56c9de?s=96&d=mm&r=g","caption":"Prensa"},"url":"https:\/\/alcaldiaalbertoadriani.com\/?author=2"}]}},"_links":{"self":[{"href":"https:\/\/alcaldiaalbertoadriani.com\/index.php?rest_route=\/wp\/v2\/posts\/13642","targetHints":{"allow":["GET"]}}],"collection":[{"href":"https:\/\/alcaldiaalbertoadriani.com\/index.php?rest_route=\/wp\/v2\/posts"}],"about":[{"href":"https:\/\/alcaldiaalbertoadriani.com\/index.php?rest_route=\/wp\/v2\/types\/post"}],"author":[{"embeddable":true,"href":"https:\/\/alcaldiaalbertoadriani.com\/index.php?rest_route=\/wp\/v2\/users\/2"}],"replies":[{"embeddable":true,"href":"https:\/\/alcaldiaalbertoadriani.com\/index.php?rest_route=%2Fwp%2Fv2%2Fcomments&post=13642"}],"version-history":[{"count":1,"href":"https:\/\/alcaldiaalbertoadriani.com\/index.php?rest_route=\/wp\/v2\/posts\/13642\/revisions"}],"predecessor-version":[{"id":13646,"href":"https:\/\/alcaldiaalbertoadriani.com\/index.php?rest_route=\/wp\/v2\/posts\/13642\/revisions\/13646"}],"wp:featuredmedia":[{"embeddable":true,"href":"https:\/\/alcaldiaalbertoadriani.com\/index.php?rest_route=\/wp\/v2\/media\/13643"}],"wp:attachment":[{"href":"https:\/\/alcaldiaalbertoadriani.com\/index.php?rest_route=%2Fwp%2Fv2%2Fmedia&parent=13642"}],"wp:term":[{"taxonomy":"category","embeddable":true,"href":"https:\/\/alcaldiaalbertoadriani.com\/index.php?rest_route=%2Fwp%2Fv2%2Fcategories&post=13642"},{"taxonomy":"post_tag","embeddable":true,"href":"https:\/\/alcaldiaalbertoadriani.com\/index.php?rest_route=%2Fwp%2Fv2%2Ftags&post=13642"}],"curies":[{"name":"wp","href":"https:\/\/api.w.org\/{rel}","templated":true}]}}