{"id":13575,"date":"2025-12-05T14:18:20","date_gmt":"2025-12-05T14:18:20","guid":{"rendered":"https:\/\/alcaldiaalbertoadriani.com\/?p=13575"},"modified":"2025-12-05T14:19:08","modified_gmt":"2025-12-05T14:19:08","slug":"municipalidad-de-alberto-adriani-conmemoro-el-dia-del-musico","status":"publish","type":"post","link":"https:\/\/alcaldiaalbertoadriani.com\/?p=13575","title":{"rendered":"Municipalidad de Alberto Adriani conmemor\u00f3 el D\u00eda Internacional del M\u00fasico"},"content":{"rendered":"\n<p>Este martes, la municipalidad de Alberto Adriani encabezada por el alcalde <a href=\"https:\/\/www.instagram.com\/lisandrosegura02\/\">Lisandro Segura<\/a>, conmemor\u00f3 el D\u00eda Internacional del M\u00fasico mediante una sesi\u00f3n especial. La actividad se efectu\u00f3 en la plaza Bol\u00edvar de El Vig\u00eda.<\/p>\n\n\n\n<p>El evento tambi\u00e9n cont\u00f3 con la presencia de Eligia J\u00e1ctiva, directora General; Alfredo Mendoza, presidente del Concejo Municipal y Keibert Rojas, presidente del Instituto Aut\u00f3nomo Municipal de la Cultura \u2013<a href=\"https:\/\/alcaldiaalbertoadriani.com\/?tag=iamcaa-dia-artista\">Iamcaa<\/a>-, y dem\u00e1s invitados especiales.<\/p>\n\n\n\n<figure class=\"wp-block-gallery has-nested-images columns-default is-cropped wp-block-gallery-1 is-layout-flex wp-block-gallery-is-layout-flex\"><\/figure>\n\n\n\n<p><a href=\"https:\/\/www.instagram.com\/lisandrosegura02\/\">Lisandro Segura<\/a>, se mostr\u00f3 contento con la jornada y destac\u00f3 que los reconocimientos y menciones honor\u00edficas, estuvieron dirigidas a instituciones y personalidades relacionadas a la m\u00fasica.<\/p>\n\n\n\n<p>\u201cAgradecemos a quienes este a\u00f1o se sumaron a apoyar la conformaci\u00f3n de la Asociaci\u00f3n de M\u00fasicos de El Vig\u00eda, la cual inici\u00f3 con la gran bailanta popular, celebrada en el enlace vial Omaira Candela\u201d, puntualiz\u00f3.<\/p>\n\n\n\n<figure class=\"wp-block-gallery has-nested-images columns-default is-cropped wp-block-gallery-2 is-layout-flex wp-block-gallery-is-layout-flex\">\n<figure class=\"wp-block-image size-large\"><img loading=\"lazy\" decoding=\"async\" width=\"1024\" height=\"768\" data-id=\"13577\" src=\"https:\/\/alcaldiaalbertoadriani.com\/wp-content\/uploads\/2025\/12\/photo_4985804977771056917_y-1024x768.jpg\" alt=\"\" class=\"wp-image-13577\" srcset=\"https:\/\/alcaldiaalbertoadriani.com\/wp-content\/uploads\/2025\/12\/photo_4985804977771056917_y-1024x768.jpg 1024w, https:\/\/alcaldiaalbertoadriani.com\/wp-content\/uploads\/2025\/12\/photo_4985804977771056917_y-980x735.jpg 980w, https:\/\/alcaldiaalbertoadriani.com\/wp-content\/uploads\/2025\/12\/photo_4985804977771056917_y-480x360.jpg 480w\" sizes=\"auto, (min-width: 0px) and (max-width: 480px) 480px, (min-width: 481px) and (max-width: 980px) 980px, (min-width: 981px) 1024px, 100vw\" \/><\/figure>\n<\/figure>\n\n\n\n<p>Por su parte, Alfredo Mendoza, asegur\u00f3 que se desarroll\u00f3 una extraordinaria jornada a trav\u00e9s de la nueva organizaci\u00f3n de los m\u00fasicos, en conmemoraci\u00f3n a su d\u00eda.<\/p>\n\n\n\n<figure class=\"wp-block-gallery has-nested-images columns-default is-cropped wp-block-gallery-3 is-layout-flex wp-block-gallery-is-layout-flex\">\n<figure class=\"wp-block-image size-large\"><img loading=\"lazy\" decoding=\"async\" width=\"1024\" height=\"768\" data-id=\"13578\" src=\"https:\/\/alcaldiaalbertoadriani.com\/wp-content\/uploads\/2025\/12\/photo_4985804977771056921_y-1024x768.jpg\" alt=\"\" class=\"wp-image-13578\" srcset=\"https:\/\/alcaldiaalbertoadriani.com\/wp-content\/uploads\/2025\/12\/photo_4985804977771056921_y-1024x768.jpg 1024w, https:\/\/alcaldiaalbertoadriani.com\/wp-content\/uploads\/2025\/12\/photo_4985804977771056921_y-980x735.jpg 980w, https:\/\/alcaldiaalbertoadriani.com\/wp-content\/uploads\/2025\/12\/photo_4985804977771056921_y-480x360.jpg 480w\" sizes=\"auto, (min-width: 0px) and (max-width: 480px) 480px, (min-width: 481px) and (max-width: 980px) 980px, (min-width: 981px) 1024px, 100vw\" \/><\/figure>\n<\/figure>\n\n\n\n<p>Entretanto, Keibert Rojas, felicit\u00f3 a los artistas y solicit\u00f3 ante el burgomaestre, as\u00ed como al ente edilicio que se decrete el 25 de noviembre como el D\u00eda del M\u00fasico en la capital vig\u00edense.<\/p>\n\n\n\n<figure class=\"wp-block-gallery has-nested-images columns-default is-cropped wp-block-gallery-4 is-layout-flex wp-block-gallery-is-layout-flex\">\n<figure class=\"wp-block-image size-large\"><img loading=\"lazy\" decoding=\"async\" width=\"1024\" height=\"768\" data-id=\"13579\" src=\"https:\/\/alcaldiaalbertoadriani.com\/wp-content\/uploads\/2025\/12\/photo_4985804977771056922_y-1024x768.jpg\" alt=\"\" class=\"wp-image-13579\" srcset=\"https:\/\/alcaldiaalbertoadriani.com\/wp-content\/uploads\/2025\/12\/photo_4985804977771056922_y-1024x768.jpg 1024w, https:\/\/alcaldiaalbertoadriani.com\/wp-content\/uploads\/2025\/12\/photo_4985804977771056922_y-980x735.jpg 980w, https:\/\/alcaldiaalbertoadriani.com\/wp-content\/uploads\/2025\/12\/photo_4985804977771056922_y-480x360.jpg 480w\" sizes=\"auto, (min-width: 0px) and (max-width: 480px) 480px, (min-width: 481px) and (max-width: 980px) 980px, (min-width: 981px) 1024px, 100vw\" \/><\/figure>\n<\/figure>\n\n\n\n<p>Mar\u00eda Bucci agradeci\u00f3 a las autoridades municipales por su designaci\u00f3n como Oradora de Orden del evento y rese\u00f1\u00f3 varios acontecimientos hist\u00f3ricos que marcaron la pauta musical en el \u00e1mbito local.<\/p>\n\n\n\n<figure class=\"wp-block-gallery has-nested-images columns-default is-cropped wp-block-gallery-5 is-layout-flex wp-block-gallery-is-layout-flex\">\n<figure class=\"wp-block-image size-large\"><img loading=\"lazy\" decoding=\"async\" width=\"1024\" height=\"768\" data-id=\"13580\" src=\"https:\/\/alcaldiaalbertoadriani.com\/wp-content\/uploads\/2025\/12\/photo_4985804977771056923_y-1024x768.jpg\" alt=\"\" class=\"wp-image-13580\" srcset=\"https:\/\/alcaldiaalbertoadriani.com\/wp-content\/uploads\/2025\/12\/photo_4985804977771056923_y-1024x768.jpg 1024w, https:\/\/alcaldiaalbertoadriani.com\/wp-content\/uploads\/2025\/12\/photo_4985804977771056923_y-980x735.jpg 980w, https:\/\/alcaldiaalbertoadriani.com\/wp-content\/uploads\/2025\/12\/photo_4985804977771056923_y-480x360.jpg 480w\" sizes=\"auto, (min-width: 0px) and (max-width: 480px) 480px, (min-width: 481px) and (max-width: 980px) 980px, (min-width: 981px) 1024px, 100vw\" \/><\/figure>\n<\/figure>\n\n\n\n<h2 class=\"wp-block-heading\"><strong><em>Entrega de Reconocimientos<\/em><\/strong><\/h2>\n\n\n\n<p>Acto seguido, se hizo entrega de menci\u00f3n honor\u00edfica a Mar\u00eda Bucchi, as\u00ed como para la orquesta Los Palmers; Banda Municipal Inocente Carre\u00f1o; Centro de Formaci\u00f3n Tito Lino Molina y la Orquesta Sinf\u00f3nica Juvenil e Infantil \u201cSim\u00f3n Bol\u00edvar\u201d, n\u00facleo El Vig\u00eda.<\/p>\n\n\n\n<figure class=\"wp-block-gallery has-nested-images columns-default is-cropped wp-block-gallery-6 is-layout-flex wp-block-gallery-is-layout-flex\">\n<figure class=\"wp-block-image size-large\"><img loading=\"lazy\" decoding=\"async\" width=\"1024\" height=\"770\" data-id=\"13581\" src=\"https:\/\/alcaldiaalbertoadriani.com\/wp-content\/uploads\/2025\/12\/photo_4985804977771056928_y-1024x770.jpg\" alt=\"\" class=\"wp-image-13581\" srcset=\"https:\/\/alcaldiaalbertoadriani.com\/wp-content\/uploads\/2025\/12\/photo_4985804977771056928_y-1024x770.jpg 1024w, https:\/\/alcaldiaalbertoadriani.com\/wp-content\/uploads\/2025\/12\/photo_4985804977771056928_y-980x737.jpg 980w, https:\/\/alcaldiaalbertoadriani.com\/wp-content\/uploads\/2025\/12\/photo_4985804977771056928_y-480x361.jpg 480w\" sizes=\"auto, (min-width: 0px) and (max-width: 480px) 480px, (min-width: 481px) and (max-width: 980px) 980px, (min-width: 981px) 1024px, 100vw\" \/><\/figure>\n<\/figure>\n\n\n\n<p>Adem\u00e1s, entregaron certificados de reconocimientos a diversos cantantes de la jurisdicci\u00f3n y tres post mortem.<\/p>\n\n\n\n<p>Vale mencionar que los presentes pudieron disfrutar de una pieza musical a cargo de la agrupaci\u00f3n Los Alegres del Merengue y la participaci\u00f3n especial de la Orquesta Sinf\u00f3nica Juvenil e Infantil \u201cSim\u00f3n Bol\u00edvar\u201d. <strong><em>Prensa Alcald\u00eda Alberto Adriani\/Edgar Mendoza CNP 25.736\/Fotos: Karla M\u00e1rquez.<\/em><\/strong><\/p>\n\n\n\n<figure class=\"wp-block-gallery has-nested-images columns-default is-cropped wp-block-gallery-7 is-layout-flex wp-block-gallery-is-layout-flex\">\n<figure class=\"wp-block-image size-large\"><img loading=\"lazy\" decoding=\"async\" width=\"1024\" height=\"770\" data-id=\"13584\" src=\"https:\/\/alcaldiaalbertoadriani.com\/wp-content\/uploads\/2025\/12\/photo_4985804977771056934_y-1024x770.jpg\" alt=\"\" class=\"wp-image-13584\" srcset=\"https:\/\/alcaldiaalbertoadriani.com\/wp-content\/uploads\/2025\/12\/photo_4985804977771056934_y-1024x770.jpg 1024w, https:\/\/alcaldiaalbertoadriani.com\/wp-content\/uploads\/2025\/12\/photo_4985804977771056934_y-980x737.jpg 980w, https:\/\/alcaldiaalbertoadriani.com\/wp-content\/uploads\/2025\/12\/photo_4985804977771056934_y-480x361.jpg 480w\" sizes=\"auto, (min-width: 0px) and (max-width: 480px) 480px, (min-width: 481px) and (max-width: 980px) 980px, (min-width: 981px) 1024px, 100vw\" \/><\/figure>\n\n\n\n<figure class=\"wp-block-image size-large\"><img loading=\"lazy\" decoding=\"async\" width=\"1024\" height=\"770\" data-id=\"13586\" src=\"https:\/\/alcaldiaalbertoadriani.com\/wp-content\/uploads\/2025\/12\/photo_4985804977771056915_y-1024x770.jpg\" alt=\"\" class=\"wp-image-13586\" srcset=\"https:\/\/alcaldiaalbertoadriani.com\/wp-content\/uploads\/2025\/12\/photo_4985804977771056915_y-1024x770.jpg 1024w, https:\/\/alcaldiaalbertoadriani.com\/wp-content\/uploads\/2025\/12\/photo_4985804977771056915_y-980x737.jpg 980w, https:\/\/alcaldiaalbertoadriani.com\/wp-content\/uploads\/2025\/12\/photo_4985804977771056915_y-480x361.jpg 480w\" sizes=\"auto, (min-width: 0px) and (max-width: 480px) 480px, (min-width: 481px) and (max-width: 980px) 980px, (min-width: 981px) 1024px, 100vw\" \/><\/figure>\n\n\n\n<figure class=\"wp-block-image size-large\"><img loading=\"lazy\" decoding=\"async\" width=\"1024\" height=\"768\" data-id=\"13590\" src=\"https:\/\/alcaldiaalbertoadriani.com\/wp-content\/uploads\/2025\/12\/photo_4985804977771056916_y-1024x768.jpg\" alt=\"\" class=\"wp-image-13590\" srcset=\"https:\/\/alcaldiaalbertoadriani.com\/wp-content\/uploads\/2025\/12\/photo_4985804977771056916_y-1024x768.jpg 1024w, https:\/\/alcaldiaalbertoadriani.com\/wp-content\/uploads\/2025\/12\/photo_4985804977771056916_y-980x735.jpg 980w, https:\/\/alcaldiaalbertoadriani.com\/wp-content\/uploads\/2025\/12\/photo_4985804977771056916_y-480x360.jpg 480w\" sizes=\"auto, (min-width: 0px) and (max-width: 480px) 480px, (min-width: 481px) and (max-width: 980px) 980px, (min-width: 981px) 1024px, 100vw\" \/><\/figure>\n\n\n\n<figure class=\"wp-block-image size-large\"><img loading=\"lazy\" decoding=\"async\" width=\"1024\" height=\"768\" data-id=\"13583\" src=\"https:\/\/alcaldiaalbertoadriani.com\/wp-content\/uploads\/2025\/12\/photo_4985804977771056924_y-1024x768.jpg\" alt=\"\" class=\"wp-image-13583\" srcset=\"https:\/\/alcaldiaalbertoadriani.com\/wp-content\/uploads\/2025\/12\/photo_4985804977771056924_y-1024x768.jpg 1024w, https:\/\/alcaldiaalbertoadriani.com\/wp-content\/uploads\/2025\/12\/photo_4985804977771056924_y-980x735.jpg 980w, https:\/\/alcaldiaalbertoadriani.com\/wp-content\/uploads\/2025\/12\/photo_4985804977771056924_y-480x360.jpg 480w\" sizes=\"auto, (min-width: 0px) and (max-width: 480px) 480px, (min-width: 481px) and (max-width: 980px) 980px, (min-width: 981px) 1024px, 100vw\" \/><\/figure>\n\n\n\n<figure class=\"wp-block-image size-large\"><img loading=\"lazy\" decoding=\"async\" width=\"1024\" height=\"768\" data-id=\"13592\" src=\"https:\/\/alcaldiaalbertoadriani.com\/wp-content\/uploads\/2025\/12\/photo_4985804977771056926_y-1024x768.jpg\" alt=\"\" class=\"wp-image-13592\" srcset=\"https:\/\/alcaldiaalbertoadriani.com\/wp-content\/uploads\/2025\/12\/photo_4985804977771056926_y-1024x768.jpg 1024w, https:\/\/alcaldiaalbertoadriani.com\/wp-content\/uploads\/2025\/12\/photo_4985804977771056926_y-980x735.jpg 980w, https:\/\/alcaldiaalbertoadriani.com\/wp-content\/uploads\/2025\/12\/photo_4985804977771056926_y-480x360.jpg 480w\" sizes=\"auto, (min-width: 0px) and (max-width: 480px) 480px, (min-width: 481px) and (max-width: 980px) 980px, (min-width: 981px) 1024px, 100vw\" \/><\/figure>\n\n\n\n<figure class=\"wp-block-image size-large\"><img loading=\"lazy\" decoding=\"async\" width=\"1024\" height=\"770\" data-id=\"13587\" src=\"https:\/\/alcaldiaalbertoadriani.com\/wp-content\/uploads\/2025\/12\/photo_4985804977771056927_y-1024x770.jpg\" alt=\"\" class=\"wp-image-13587\" srcset=\"https:\/\/alcaldiaalbertoadriani.com\/wp-content\/uploads\/2025\/12\/photo_4985804977771056927_y-1024x770.jpg 1024w, https:\/\/alcaldiaalbertoadriani.com\/wp-content\/uploads\/2025\/12\/photo_4985804977771056927_y-980x737.jpg 980w, https:\/\/alcaldiaalbertoadriani.com\/wp-content\/uploads\/2025\/12\/photo_4985804977771056927_y-480x361.jpg 480w\" sizes=\"auto, (min-width: 0px) and (max-width: 480px) 480px, (min-width: 481px) and (max-width: 980px) 980px, (min-width: 981px) 1024px, 100vw\" \/><\/figure>\n\n\n\n<figure class=\"wp-block-image size-large\"><img loading=\"lazy\" decoding=\"async\" width=\"1024\" height=\"576\" data-id=\"13582\" src=\"https:\/\/alcaldiaalbertoadriani.com\/wp-content\/uploads\/2025\/12\/photo_4985804977771056929_y-1024x576.jpg\" alt=\"\" class=\"wp-image-13582\" srcset=\"https:\/\/alcaldiaalbertoadriani.com\/wp-content\/uploads\/2025\/12\/photo_4985804977771056929_y-1024x576.jpg 1024w, https:\/\/alcaldiaalbertoadriani.com\/wp-content\/uploads\/2025\/12\/photo_4985804977771056929_y-980x551.jpg 980w, https:\/\/alcaldiaalbertoadriani.com\/wp-content\/uploads\/2025\/12\/photo_4985804977771056929_y-480x270.jpg 480w\" sizes=\"auto, (min-width: 0px) and (max-width: 480px) 480px, (min-width: 481px) and (max-width: 980px) 980px, (min-width: 981px) 1024px, 100vw\" \/><\/figure>\n\n\n\n<figure class=\"wp-block-image size-large\"><img loading=\"lazy\" decoding=\"async\" width=\"1024\" height=\"768\" data-id=\"13585\" src=\"https:\/\/alcaldiaalbertoadriani.com\/wp-content\/uploads\/2025\/12\/photo_4985804977771056930_y-1024x768.jpg\" alt=\"\" class=\"wp-image-13585\" srcset=\"https:\/\/alcaldiaalbertoadriani.com\/wp-content\/uploads\/2025\/12\/photo_4985804977771056930_y-1024x768.jpg 1024w, https:\/\/alcaldiaalbertoadriani.com\/wp-content\/uploads\/2025\/12\/photo_4985804977771056930_y-980x735.jpg 980w, https:\/\/alcaldiaalbertoadriani.com\/wp-content\/uploads\/2025\/12\/photo_4985804977771056930_y-480x360.jpg 480w\" sizes=\"auto, (min-width: 0px) and (max-width: 480px) 480px, (min-width: 481px) and (max-width: 980px) 980px, (min-width: 981px) 1024px, 100vw\" \/><\/figure>\n\n\n\n<figure class=\"wp-block-image size-large\"><img loading=\"lazy\" decoding=\"async\" width=\"1024\" height=\"768\" data-id=\"13589\" src=\"https:\/\/alcaldiaalbertoadriani.com\/wp-content\/uploads\/2025\/12\/photo_4985804977771056931_y-1024x768.jpg\" alt=\"\" class=\"wp-image-13589\" srcset=\"https:\/\/alcaldiaalbertoadriani.com\/wp-content\/uploads\/2025\/12\/photo_4985804977771056931_y-1024x768.jpg 1024w, https:\/\/alcaldiaalbertoadriani.com\/wp-content\/uploads\/2025\/12\/photo_4985804977771056931_y-980x735.jpg 980w, https:\/\/alcaldiaalbertoadriani.com\/wp-content\/uploads\/2025\/12\/photo_4985804977771056931_y-480x360.jpg 480w\" sizes=\"auto, (min-width: 0px) and (max-width: 480px) 480px, (min-width: 481px) and (max-width: 980px) 980px, (min-width: 981px) 1024px, 100vw\" \/><\/figure>\n\n\n\n<figure class=\"wp-block-image size-large\"><img loading=\"lazy\" decoding=\"async\" width=\"1024\" height=\"768\" data-id=\"13591\" src=\"https:\/\/alcaldiaalbertoadriani.com\/wp-content\/uploads\/2025\/12\/photo_4985804977771056932_y-1024x768.jpg\" alt=\"\" class=\"wp-image-13591\" srcset=\"https:\/\/alcaldiaalbertoadriani.com\/wp-content\/uploads\/2025\/12\/photo_4985804977771056932_y-1024x768.jpg 1024w, https:\/\/alcaldiaalbertoadriani.com\/wp-content\/uploads\/2025\/12\/photo_4985804977771056932_y-980x735.jpg 980w, https:\/\/alcaldiaalbertoadriani.com\/wp-content\/uploads\/2025\/12\/photo_4985804977771056932_y-480x360.jpg 480w\" sizes=\"auto, (min-width: 0px) and (max-width: 480px) 480px, (min-width: 481px) and (max-width: 980px) 980px, (min-width: 981px) 1024px, 100vw\" \/><\/figure>\n\n\n\n<figure class=\"wp-block-image size-large\"><img loading=\"lazy\" decoding=\"async\" width=\"1024\" height=\"768\" data-id=\"13588\" src=\"https:\/\/alcaldiaalbertoadriani.com\/wp-content\/uploads\/2025\/12\/photo_4985804977771056933_y-1024x768.jpg\" alt=\"\" class=\"wp-image-13588\" srcset=\"https:\/\/alcaldiaalbertoadriani.com\/wp-content\/uploads\/2025\/12\/photo_4985804977771056933_y-1024x768.jpg 1024w, https:\/\/alcaldiaalbertoadriani.com\/wp-content\/uploads\/2025\/12\/photo_4985804977771056933_y-980x735.jpg 980w, https:\/\/alcaldiaalbertoadriani.com\/wp-content\/uploads\/2025\/12\/photo_4985804977771056933_y-480x360.jpg 480w\" sizes=\"auto, (min-width: 0px) and (max-width: 480px) 480px, (min-width: 481px) and (max-width: 980px) 980px, (min-width: 981px) 1024px, 100vw\" \/><\/figure>\n<\/figure>\n","protected":false},"excerpt":{"rendered":"<p>Este martes, la municipalidad de Alberto Adriani encabezada por el alcalde Lisandro Segura, conmemor\u00f3 el D\u00eda Internacional del M\u00fasico mediante una sesi\u00f3n especial. La actividad se efectu\u00f3 en la plaza [&hellip;]<\/p>\n","protected":false},"author":2,"featured_media":13576,"comment_status":"open","ping_status":"closed","sticky":false,"template":"","format":"standard","meta":{"_et_pb_use_builder":"off","_et_pb_old_content":"","_et_gb_content_width":"","footnotes":""},"categories":[341,78,77,25,1073],"tags":[31,11,12,15,761,30,29,28],"class_list":["post-13575","post","type-post","status-publish","format-standard","has-post-thumbnail","hentry","category-alcaldia-alberto-adriani","category-cultura","category-iamcaa","category-nuestro-municipio","category-sesion-especial","tag-alcalde","tag-alcaldia","tag-alcaldiaalbertoadriani","tag-elvigia","tag-encrucijadadeprogreso","tag-lisandrosegura","tag-municipioquenosmerecemos","tag-porelrenacer"],"yoast_head":"<!-- This site is optimized with the Yoast SEO plugin v19.13 - https:\/\/yoast.com\/wordpress\/plugins\/seo\/ -->\n<title>Municipalidad de Alberto Adriani conmemor\u00f3 el D\u00eda del m\u00fasico<\/title>\n<meta name=\"description\" content=\"Municipalidad de Alberto Adriani conmemor\u00f3 el D\u00eda Internacional del M\u00fasico mediante una sesi\u00f3n especial en la plaza Bol\u00edvar de El Vig\u00eda\" \/>\n<meta name=\"robots\" content=\"index, follow, max-snippet:-1, max-image-preview:large, max-video-preview:-1\" \/>\n<link rel=\"canonical\" href=\"https:\/\/alcaldiaalbertoadriani.com\/?p=13575\" \/>\n<meta property=\"og:locale\" content=\"es_ES\" \/>\n<meta property=\"og:type\" content=\"article\" \/>\n<meta property=\"og:title\" content=\"Municipalidad de Alberto Adriani conmemor\u00f3 el D\u00eda del m\u00fasico\" \/>\n<meta property=\"og:description\" content=\"Municipalidad de Alberto Adriani conmemor\u00f3 el D\u00eda Internacional del M\u00fasico mediante una sesi\u00f3n especial en la plaza Bol\u00edvar de El Vig\u00eda\" \/>\n<meta property=\"og:url\" content=\"https:\/\/alcaldiaalbertoadriani.com\/?p=13575\" \/>\n<meta property=\"og:site_name\" content=\"Alcaldia Alberto Adriani\" \/>\n<meta property=\"article:published_time\" content=\"2025-12-05T14:18:20+00:00\" \/>\n<meta property=\"article:modified_time\" content=\"2025-12-05T14:19:08+00:00\" \/>\n<meta property=\"og:image\" content=\"https:\/\/alcaldiaalbertoadriani.com\/wp-content\/uploads\/2025\/12\/photo_4985804977771056914_y.jpg\" \/>\n\t<meta property=\"og:image:width\" content=\"1280\" \/>\n\t<meta property=\"og:image:height\" content=\"962\" \/>\n\t<meta property=\"og:image:type\" content=\"image\/jpeg\" \/>\n<meta name=\"author\" content=\"Prensa\" \/>\n<meta name=\"twitter:card\" content=\"summary_large_image\" \/>\n<meta name=\"twitter:label1\" content=\"Escrito por\" \/>\n\t<meta name=\"twitter:data1\" content=\"Prensa\" \/>\n\t<meta name=\"twitter:label2\" content=\"Tiempo de lectura\" \/>\n\t<meta name=\"twitter:data2\" content=\"5 minutos\" \/>\n<script type=\"application\/ld+json\" class=\"yoast-schema-graph\">{\"@context\":\"https:\/\/schema.org\",\"@graph\":[{\"@type\":\"WebPage\",\"@id\":\"https:\/\/alcaldiaalbertoadriani.com\/?p=13575\",\"url\":\"https:\/\/alcaldiaalbertoadriani.com\/?p=13575\",\"name\":\"Municipalidad de Alberto Adriani conmemor\u00f3 el D\u00eda del m\u00fasico\",\"isPartOf\":{\"@id\":\"https:\/\/alcaldiaalbertoadriani.com\/#website\"},\"datePublished\":\"2025-12-05T14:18:20+00:00\",\"dateModified\":\"2025-12-05T14:19:08+00:00\",\"author\":{\"@id\":\"https:\/\/alcaldiaalbertoadriani.com\/#\/schema\/person\/549b4483ff8999ac780deeea78795fc9\"},\"description\":\"Municipalidad de Alberto Adriani conmemor\u00f3 el D\u00eda Internacional del M\u00fasico mediante una sesi\u00f3n especial en la plaza Bol\u00edvar de El Vig\u00eda\",\"breadcrumb\":{\"@id\":\"https:\/\/alcaldiaalbertoadriani.com\/?p=13575#breadcrumb\"},\"inLanguage\":\"es\",\"potentialAction\":[{\"@type\":\"ReadAction\",\"target\":[\"https:\/\/alcaldiaalbertoadriani.com\/?p=13575\"]}]},{\"@type\":\"BreadcrumbList\",\"@id\":\"https:\/\/alcaldiaalbertoadriani.com\/?p=13575#breadcrumb\",\"itemListElement\":[{\"@type\":\"ListItem\",\"position\":1,\"name\":\"Portada\",\"item\":\"https:\/\/alcaldiaalbertoadriani.com\/\"},{\"@type\":\"ListItem\",\"position\":2,\"name\":\"Municipalidad de Alberto Adriani conmemor\u00f3 el D\u00eda Internacional del M\u00fasico\"}]},{\"@type\":\"WebSite\",\"@id\":\"https:\/\/alcaldiaalbertoadriani.com\/#website\",\"url\":\"https:\/\/alcaldiaalbertoadriani.com\/\",\"name\":\"Alcaldia Alberto Adriani\",\"description\":\"\",\"potentialAction\":[{\"@type\":\"SearchAction\",\"target\":{\"@type\":\"EntryPoint\",\"urlTemplate\":\"https:\/\/alcaldiaalbertoadriani.com\/?s={search_term_string}\"},\"query-input\":\"required name=search_term_string\"}],\"inLanguage\":\"es\"},{\"@type\":\"Person\",\"@id\":\"https:\/\/alcaldiaalbertoadriani.com\/#\/schema\/person\/549b4483ff8999ac780deeea78795fc9\",\"name\":\"Prensa\",\"image\":{\"@type\":\"ImageObject\",\"inLanguage\":\"es\",\"@id\":\"https:\/\/alcaldiaalbertoadriani.com\/#\/schema\/person\/image\/\",\"url\":\"https:\/\/secure.gravatar.com\/avatar\/ea1cb567ea992a29627f4eee1c2eb185ec16decec6342d508fdf18dedb56c9de?s=96&d=mm&r=g\",\"contentUrl\":\"https:\/\/secure.gravatar.com\/avatar\/ea1cb567ea992a29627f4eee1c2eb185ec16decec6342d508fdf18dedb56c9de?s=96&d=mm&r=g\",\"caption\":\"Prensa\"},\"url\":\"https:\/\/alcaldiaalbertoadriani.com\/?author=2\"}]}<\/script>\n<!-- \/ Yoast SEO plugin. -->","yoast_head_json":{"title":"Municipalidad de Alberto Adriani conmemor\u00f3 el D\u00eda del m\u00fasico","description":"Municipalidad de Alberto Adriani conmemor\u00f3 el D\u00eda Internacional del M\u00fasico mediante una sesi\u00f3n especial en la plaza Bol\u00edvar de El Vig\u00eda","robots":{"index":"index","follow":"follow","max-snippet":"max-snippet:-1","max-image-preview":"max-image-preview:large","max-video-preview":"max-video-preview:-1"},"canonical":"https:\/\/alcaldiaalbertoadriani.com\/?p=13575","og_locale":"es_ES","og_type":"article","og_title":"Municipalidad de Alberto Adriani conmemor\u00f3 el D\u00eda del m\u00fasico","og_description":"Municipalidad de Alberto Adriani conmemor\u00f3 el D\u00eda Internacional del M\u00fasico mediante una sesi\u00f3n especial en la plaza Bol\u00edvar de El Vig\u00eda","og_url":"https:\/\/alcaldiaalbertoadriani.com\/?p=13575","og_site_name":"Alcaldia Alberto Adriani","article_published_time":"2025-12-05T14:18:20+00:00","article_modified_time":"2025-12-05T14:19:08+00:00","og_image":[{"width":1280,"height":962,"url":"https:\/\/alcaldiaalbertoadriani.com\/wp-content\/uploads\/2025\/12\/photo_4985804977771056914_y.jpg","type":"image\/jpeg"}],"author":"Prensa","twitter_card":"summary_large_image","twitter_misc":{"Escrito por":"Prensa","Tiempo de lectura":"5 minutos"},"schema":{"@context":"https:\/\/schema.org","@graph":[{"@type":"WebPage","@id":"https:\/\/alcaldiaalbertoadriani.com\/?p=13575","url":"https:\/\/alcaldiaalbertoadriani.com\/?p=13575","name":"Municipalidad de Alberto Adriani conmemor\u00f3 el D\u00eda del m\u00fasico","isPartOf":{"@id":"https:\/\/alcaldiaalbertoadriani.com\/#website"},"datePublished":"2025-12-05T14:18:20+00:00","dateModified":"2025-12-05T14:19:08+00:00","author":{"@id":"https:\/\/alcaldiaalbertoadriani.com\/#\/schema\/person\/549b4483ff8999ac780deeea78795fc9"},"description":"Municipalidad de Alberto Adriani conmemor\u00f3 el D\u00eda Internacional del M\u00fasico mediante una sesi\u00f3n especial en la plaza Bol\u00edvar de El Vig\u00eda","breadcrumb":{"@id":"https:\/\/alcaldiaalbertoadriani.com\/?p=13575#breadcrumb"},"inLanguage":"es","potentialAction":[{"@type":"ReadAction","target":["https:\/\/alcaldiaalbertoadriani.com\/?p=13575"]}]},{"@type":"BreadcrumbList","@id":"https:\/\/alcaldiaalbertoadriani.com\/?p=13575#breadcrumb","itemListElement":[{"@type":"ListItem","position":1,"name":"Portada","item":"https:\/\/alcaldiaalbertoadriani.com\/"},{"@type":"ListItem","position":2,"name":"Municipalidad de Alberto Adriani conmemor\u00f3 el D\u00eda Internacional del M\u00fasico"}]},{"@type":"WebSite","@id":"https:\/\/alcaldiaalbertoadriani.com\/#website","url":"https:\/\/alcaldiaalbertoadriani.com\/","name":"Alcaldia Alberto Adriani","description":"","potentialAction":[{"@type":"SearchAction","target":{"@type":"EntryPoint","urlTemplate":"https:\/\/alcaldiaalbertoadriani.com\/?s={search_term_string}"},"query-input":"required name=search_term_string"}],"inLanguage":"es"},{"@type":"Person","@id":"https:\/\/alcaldiaalbertoadriani.com\/#\/schema\/person\/549b4483ff8999ac780deeea78795fc9","name":"Prensa","image":{"@type":"ImageObject","inLanguage":"es","@id":"https:\/\/alcaldiaalbertoadriani.com\/#\/schema\/person\/image\/","url":"https:\/\/secure.gravatar.com\/avatar\/ea1cb567ea992a29627f4eee1c2eb185ec16decec6342d508fdf18dedb56c9de?s=96&d=mm&r=g","contentUrl":"https:\/\/secure.gravatar.com\/avatar\/ea1cb567ea992a29627f4eee1c2eb185ec16decec6342d508fdf18dedb56c9de?s=96&d=mm&r=g","caption":"Prensa"},"url":"https:\/\/alcaldiaalbertoadriani.com\/?author=2"}]}},"_links":{"self":[{"href":"https:\/\/alcaldiaalbertoadriani.com\/index.php?rest_route=\/wp\/v2\/posts\/13575","targetHints":{"allow":["GET"]}}],"collection":[{"href":"https:\/\/alcaldiaalbertoadriani.com\/index.php?rest_route=\/wp\/v2\/posts"}],"about":[{"href":"https:\/\/alcaldiaalbertoadriani.com\/index.php?rest_route=\/wp\/v2\/types\/post"}],"author":[{"embeddable":true,"href":"https:\/\/alcaldiaalbertoadriani.com\/index.php?rest_route=\/wp\/v2\/users\/2"}],"replies":[{"embeddable":true,"href":"https:\/\/alcaldiaalbertoadriani.com\/index.php?rest_route=%2Fwp%2Fv2%2Fcomments&post=13575"}],"version-history":[{"count":1,"href":"https:\/\/alcaldiaalbertoadriani.com\/index.php?rest_route=\/wp\/v2\/posts\/13575\/revisions"}],"predecessor-version":[{"id":13593,"href":"https:\/\/alcaldiaalbertoadriani.com\/index.php?rest_route=\/wp\/v2\/posts\/13575\/revisions\/13593"}],"wp:featuredmedia":[{"embeddable":true,"href":"https:\/\/alcaldiaalbertoadriani.com\/index.php?rest_route=\/wp\/v2\/media\/13576"}],"wp:attachment":[{"href":"https:\/\/alcaldiaalbertoadriani.com\/index.php?rest_route=%2Fwp%2Fv2%2Fmedia&parent=13575"}],"wp:term":[{"taxonomy":"category","embeddable":true,"href":"https:\/\/alcaldiaalbertoadriani.com\/index.php?rest_route=%2Fwp%2Fv2%2Fcategories&post=13575"},{"taxonomy":"post_tag","embeddable":true,"href":"https:\/\/alcaldiaalbertoadriani.com\/index.php?rest_route=%2Fwp%2Fv2%2Ftags&post=13575"}],"curies":[{"name":"wp","href":"https:\/\/api.w.org\/{rel}","templated":true}]}}