{"id":13504,"date":"2025-11-20T15:40:36","date_gmt":"2025-11-20T15:40:36","guid":{"rendered":"https:\/\/alcaldiaalbertoadriani.com\/?p=13504"},"modified":"2025-11-20T15:40:39","modified_gmt":"2025-11-20T15:40:39","slug":"lisandro-segura-presento-la-agenda-navidena","status":"publish","type":"post","link":"https:\/\/alcaldiaalbertoadriani.com\/?p=13504","title":{"rendered":"Lisandro Segura present\u00f3 la agenda navide\u00f1a en su programa radial"},"content":{"rendered":"\n<p>Este mi\u00e9rcoles, el alcalde <a href=\"https:\/\/www.instagram.com\/lisandrosegura02\/\">Lisandro Segura<\/a> present\u00f3 en su <a href=\"https:\/\/alcaldiaalbertoadriani.com\/?tag=programa-radial\">programa radial<\/a>, la agenda navide\u00f1a planificada por la gesti\u00f3n municipal, y detall\u00f3 diversas acciones de gobierno en beneficio de los vigienses.<\/p>\n\n\n\n<p>El burgomaestre aprovech\u00f3 para extender una invitaci\u00f3n a los actos con motivo del 60 aniversario de la Elevaci\u00f3n a Distrito del municipio Alberto Adriani, una fecha que &#8220;marca el inicio de la independencia pol\u00edtica administrativa de la jurisdicci\u00f3n&#8221;. La celebraci\u00f3n ser\u00e1 el s\u00e1bado 22 de noviembre e incluir\u00e1 una Sesi\u00f3n Solemne y la presentaci\u00f3n del Discurso Anual del alcalde. En el discurso, Segura presentar\u00e1 los objetivos para el a\u00f1o 2026 relacionados con los planes de desarrollo del municipio.<\/p>\n\n\n\n<p>La Sesi\u00f3n se realizar\u00e1 en el auditorio de la Asociaci\u00f3n de Ganaderos y Agricultores de Alberto Adriani (Asodegaa) y, posteriormente, habr\u00e1 un concierto musical en el enlace vial Omaira Candela a partir de las 2 de la tarde.<\/p>\n\n\n\n<h2 class=\"wp-block-heading\"><strong><em>Agenda navide\u00f1a<\/em><\/strong><\/h2>\n\n\n\n<p>Respecto a la programaci\u00f3n navide\u00f1a, el alcalde inform\u00f3 que la agenda inicia el 21 de noviembre con la Expo Artesanal en el Boulevard de la Plaza Bol\u00edvar, que contar\u00e1 con la participaci\u00f3n de m\u00e1s de 70 expositores.<\/p>\n\n\n\n<p>Seguidamente, el 28 de noviembre iniciar\u00e1 los programas decembrinos de la Alianza Radial Adrianista. El 29 de noviembre ser\u00e1 el Encendido de las luces de navidad de la Plaza Bol\u00edvar.<\/p>\n\n\n\n<p>En tanto, el 1 de diciembre ser\u00e1 la inauguraci\u00f3n de los juegos deportivos paramunicipales; el 04 de diciembre iniciar\u00e1n los parrandones; el 06 de diciembre el Desfile Navide\u00f1o. El 12 la Expo Navidad; 13 de diciembre, Festival de Bandas Show; 18 y 19 de diciembre el concurso a la mejor hallaca y el 21 de diciembre ser\u00e1 el cierre de la programaci\u00f3n con la entrega de premiaci\u00f3n de los diversos concursos (pesebres, carta al Ni\u00f1o Jes\u00fas, mejor hallaca).<\/p>\n\n\n\n<h2 class=\"wp-block-heading\"><strong><em>Obras de desarrollo<\/em><\/strong><\/h2>\n\n\n\n<p>En materia de gesti\u00f3n, el alcalde resalt\u00f3 el inicio de la construcci\u00f3n del pozo de aguas profundas en el sector Kl\u00e9ber Ram\u00edrez, parroquia R\u00f3mulo Gallegos. Igualmente, mencion\u00f3 Entrega de dos transformadores de 50 KVA a las comunidades de El Renacer y 4 de Febrero, en la parroquia Rafael Pulido M\u00e9ndez; la sustituci\u00f3n l\u00e1mparas led en las principales avenidas de la ciudad por tipo cobra, as\u00ed como la reparaci\u00f3n de otras l\u00e1mparas que ser\u00e1n utilizadas para el alumbrado p\u00fablico en otros sectores y el mantenimiento de la red semaforizada de la ciudad. <strong><em>Prensa Alcald\u00eda Alberto Adriani\/ Claribel Zambrano CNP: 11.843\/ Foto: Karla M\u00e1rquez y Luis Dufflart.<\/em><\/strong><\/p>\n\n\n\n<figure class=\"wp-block-gallery has-nested-images columns-default is-cropped wp-block-gallery-1 is-layout-flex wp-block-gallery-is-layout-flex\">\n<figure class=\"wp-block-image size-large\"><img loading=\"lazy\" decoding=\"async\" width=\"1024\" height=\"682\" data-id=\"13506\" src=\"https:\/\/alcaldiaalbertoadriani.com\/wp-content\/uploads\/2025\/11\/photo_4969816249047124865_y-1024x682.jpg\" alt=\"\" class=\"wp-image-13506\" srcset=\"https:\/\/alcaldiaalbertoadriani.com\/wp-content\/uploads\/2025\/11\/photo_4969816249047124865_y-1024x682.jpg 1024w, https:\/\/alcaldiaalbertoadriani.com\/wp-content\/uploads\/2025\/11\/photo_4969816249047124865_y-980x653.jpg 980w, https:\/\/alcaldiaalbertoadriani.com\/wp-content\/uploads\/2025\/11\/photo_4969816249047124865_y-480x320.jpg 480w\" sizes=\"auto, (min-width: 0px) and (max-width: 480px) 480px, (min-width: 481px) and (max-width: 980px) 980px, (min-width: 981px) 1024px, 100vw\" \/><\/figure>\n<\/figure>\n","protected":false},"excerpt":{"rendered":"<p>Este mi\u00e9rcoles, el alcalde Lisandro Segura present\u00f3 en su programa radial, la agenda navide\u00f1a planificada por la gesti\u00f3n municipal, y detall\u00f3 diversas acciones de gobierno en beneficio de los vigienses. [&hellip;]<\/p>\n","protected":false},"author":2,"featured_media":13505,"comment_status":"open","ping_status":"closed","sticky":false,"template":"","format":"standard","meta":{"_et_pb_use_builder":"off","_et_pb_old_content":"","_et_gb_content_width":"","footnotes":""},"categories":[341,222,25],"tags":[11,12,15,761,30,29,28],"class_list":["post-13504","post","type-post","status-publish","format-standard","has-post-thumbnail","hentry","category-alcaldia-alberto-adriani","category-conversando-con-lisandro","category-nuestro-municipio","tag-alcaldia","tag-alcaldiaalbertoadriani","tag-elvigia","tag-encrucijadadeprogreso","tag-lisandrosegura","tag-municipioquenosmerecemos","tag-porelrenacer"],"yoast_head":"<!-- This site is optimized with the Yoast SEO plugin v19.13 - https:\/\/yoast.com\/wordpress\/plugins\/seo\/ -->\n<title>Lisandro Segura present\u00f3 la agenda navide\u00f1a<\/title>\n<meta name=\"description\" content=\"Lisandro Segura present\u00f3 la agenda navide\u00f1a en su programa radial y detall\u00f3 diversas acciones de gobierno en beneficio\" \/>\n<meta name=\"robots\" content=\"index, follow, max-snippet:-1, max-image-preview:large, max-video-preview:-1\" \/>\n<link rel=\"canonical\" href=\"https:\/\/alcaldiaalbertoadriani.com\/?p=13504\" \/>\n<meta property=\"og:locale\" content=\"es_ES\" \/>\n<meta property=\"og:type\" content=\"article\" \/>\n<meta property=\"og:title\" content=\"Lisandro Segura present\u00f3 la agenda navide\u00f1a\" \/>\n<meta property=\"og:description\" content=\"Lisandro Segura present\u00f3 la agenda navide\u00f1a en su programa radial y detall\u00f3 diversas acciones de gobierno en beneficio\" \/>\n<meta property=\"og:url\" content=\"https:\/\/alcaldiaalbertoadriani.com\/?p=13504\" \/>\n<meta property=\"og:site_name\" content=\"Alcaldia Alberto Adriani\" \/>\n<meta property=\"article:published_time\" content=\"2025-11-20T15:40:36+00:00\" \/>\n<meta property=\"article:modified_time\" content=\"2025-11-20T15:40:39+00:00\" \/>\n<meta property=\"og:image\" content=\"https:\/\/alcaldiaalbertoadriani.com\/wp-content\/uploads\/2025\/11\/photo_4969816249047124864_y.jpg\" \/>\n\t<meta property=\"og:image:width\" content=\"1280\" \/>\n\t<meta property=\"og:image:height\" content=\"962\" \/>\n\t<meta property=\"og:image:type\" content=\"image\/jpeg\" \/>\n<meta name=\"author\" content=\"Prensa\" \/>\n<meta name=\"twitter:card\" content=\"summary_large_image\" \/>\n<meta name=\"twitter:label1\" content=\"Escrito por\" \/>\n\t<meta name=\"twitter:data1\" content=\"Prensa\" \/>\n\t<meta name=\"twitter:label2\" content=\"Tiempo de lectura\" \/>\n\t<meta name=\"twitter:data2\" content=\"3 minutos\" \/>\n<script type=\"application\/ld+json\" class=\"yoast-schema-graph\">{\"@context\":\"https:\/\/schema.org\",\"@graph\":[{\"@type\":\"WebPage\",\"@id\":\"https:\/\/alcaldiaalbertoadriani.com\/?p=13504\",\"url\":\"https:\/\/alcaldiaalbertoadriani.com\/?p=13504\",\"name\":\"Lisandro Segura present\u00f3 la agenda navide\u00f1a\",\"isPartOf\":{\"@id\":\"https:\/\/alcaldiaalbertoadriani.com\/#website\"},\"datePublished\":\"2025-11-20T15:40:36+00:00\",\"dateModified\":\"2025-11-20T15:40:39+00:00\",\"author\":{\"@id\":\"https:\/\/alcaldiaalbertoadriani.com\/#\/schema\/person\/549b4483ff8999ac780deeea78795fc9\"},\"description\":\"Lisandro Segura present\u00f3 la agenda navide\u00f1a en su programa radial y detall\u00f3 diversas acciones de gobierno en beneficio\",\"breadcrumb\":{\"@id\":\"https:\/\/alcaldiaalbertoadriani.com\/?p=13504#breadcrumb\"},\"inLanguage\":\"es\",\"potentialAction\":[{\"@type\":\"ReadAction\",\"target\":[\"https:\/\/alcaldiaalbertoadriani.com\/?p=13504\"]}]},{\"@type\":\"BreadcrumbList\",\"@id\":\"https:\/\/alcaldiaalbertoadriani.com\/?p=13504#breadcrumb\",\"itemListElement\":[{\"@type\":\"ListItem\",\"position\":1,\"name\":\"Portada\",\"item\":\"https:\/\/alcaldiaalbertoadriani.com\/\"},{\"@type\":\"ListItem\",\"position\":2,\"name\":\"Lisandro Segura present\u00f3 la agenda navide\u00f1a en su programa radial\"}]},{\"@type\":\"WebSite\",\"@id\":\"https:\/\/alcaldiaalbertoadriani.com\/#website\",\"url\":\"https:\/\/alcaldiaalbertoadriani.com\/\",\"name\":\"Alcaldia Alberto Adriani\",\"description\":\"\",\"potentialAction\":[{\"@type\":\"SearchAction\",\"target\":{\"@type\":\"EntryPoint\",\"urlTemplate\":\"https:\/\/alcaldiaalbertoadriani.com\/?s={search_term_string}\"},\"query-input\":\"required name=search_term_string\"}],\"inLanguage\":\"es\"},{\"@type\":\"Person\",\"@id\":\"https:\/\/alcaldiaalbertoadriani.com\/#\/schema\/person\/549b4483ff8999ac780deeea78795fc9\",\"name\":\"Prensa\",\"image\":{\"@type\":\"ImageObject\",\"inLanguage\":\"es\",\"@id\":\"https:\/\/alcaldiaalbertoadriani.com\/#\/schema\/person\/image\/\",\"url\":\"https:\/\/secure.gravatar.com\/avatar\/ea1cb567ea992a29627f4eee1c2eb185ec16decec6342d508fdf18dedb56c9de?s=96&d=mm&r=g\",\"contentUrl\":\"https:\/\/secure.gravatar.com\/avatar\/ea1cb567ea992a29627f4eee1c2eb185ec16decec6342d508fdf18dedb56c9de?s=96&d=mm&r=g\",\"caption\":\"Prensa\"},\"url\":\"https:\/\/alcaldiaalbertoadriani.com\/?author=2\"}]}<\/script>\n<!-- \/ Yoast SEO plugin. -->","yoast_head_json":{"title":"Lisandro Segura present\u00f3 la agenda navide\u00f1a","description":"Lisandro Segura present\u00f3 la agenda navide\u00f1a en su programa radial y detall\u00f3 diversas acciones de gobierno en beneficio","robots":{"index":"index","follow":"follow","max-snippet":"max-snippet:-1","max-image-preview":"max-image-preview:large","max-video-preview":"max-video-preview:-1"},"canonical":"https:\/\/alcaldiaalbertoadriani.com\/?p=13504","og_locale":"es_ES","og_type":"article","og_title":"Lisandro Segura present\u00f3 la agenda navide\u00f1a","og_description":"Lisandro Segura present\u00f3 la agenda navide\u00f1a en su programa radial y detall\u00f3 diversas acciones de gobierno en beneficio","og_url":"https:\/\/alcaldiaalbertoadriani.com\/?p=13504","og_site_name":"Alcaldia Alberto Adriani","article_published_time":"2025-11-20T15:40:36+00:00","article_modified_time":"2025-11-20T15:40:39+00:00","og_image":[{"width":1280,"height":962,"url":"https:\/\/alcaldiaalbertoadriani.com\/wp-content\/uploads\/2025\/11\/photo_4969816249047124864_y.jpg","type":"image\/jpeg"}],"author":"Prensa","twitter_card":"summary_large_image","twitter_misc":{"Escrito por":"Prensa","Tiempo de lectura":"3 minutos"},"schema":{"@context":"https:\/\/schema.org","@graph":[{"@type":"WebPage","@id":"https:\/\/alcaldiaalbertoadriani.com\/?p=13504","url":"https:\/\/alcaldiaalbertoadriani.com\/?p=13504","name":"Lisandro Segura present\u00f3 la agenda navide\u00f1a","isPartOf":{"@id":"https:\/\/alcaldiaalbertoadriani.com\/#website"},"datePublished":"2025-11-20T15:40:36+00:00","dateModified":"2025-11-20T15:40:39+00:00","author":{"@id":"https:\/\/alcaldiaalbertoadriani.com\/#\/schema\/person\/549b4483ff8999ac780deeea78795fc9"},"description":"Lisandro Segura present\u00f3 la agenda navide\u00f1a en su programa radial y detall\u00f3 diversas acciones de gobierno en beneficio","breadcrumb":{"@id":"https:\/\/alcaldiaalbertoadriani.com\/?p=13504#breadcrumb"},"inLanguage":"es","potentialAction":[{"@type":"ReadAction","target":["https:\/\/alcaldiaalbertoadriani.com\/?p=13504"]}]},{"@type":"BreadcrumbList","@id":"https:\/\/alcaldiaalbertoadriani.com\/?p=13504#breadcrumb","itemListElement":[{"@type":"ListItem","position":1,"name":"Portada","item":"https:\/\/alcaldiaalbertoadriani.com\/"},{"@type":"ListItem","position":2,"name":"Lisandro Segura present\u00f3 la agenda navide\u00f1a en su programa radial"}]},{"@type":"WebSite","@id":"https:\/\/alcaldiaalbertoadriani.com\/#website","url":"https:\/\/alcaldiaalbertoadriani.com\/","name":"Alcaldia Alberto Adriani","description":"","potentialAction":[{"@type":"SearchAction","target":{"@type":"EntryPoint","urlTemplate":"https:\/\/alcaldiaalbertoadriani.com\/?s={search_term_string}"},"query-input":"required name=search_term_string"}],"inLanguage":"es"},{"@type":"Person","@id":"https:\/\/alcaldiaalbertoadriani.com\/#\/schema\/person\/549b4483ff8999ac780deeea78795fc9","name":"Prensa","image":{"@type":"ImageObject","inLanguage":"es","@id":"https:\/\/alcaldiaalbertoadriani.com\/#\/schema\/person\/image\/","url":"https:\/\/secure.gravatar.com\/avatar\/ea1cb567ea992a29627f4eee1c2eb185ec16decec6342d508fdf18dedb56c9de?s=96&d=mm&r=g","contentUrl":"https:\/\/secure.gravatar.com\/avatar\/ea1cb567ea992a29627f4eee1c2eb185ec16decec6342d508fdf18dedb56c9de?s=96&d=mm&r=g","caption":"Prensa"},"url":"https:\/\/alcaldiaalbertoadriani.com\/?author=2"}]}},"_links":{"self":[{"href":"https:\/\/alcaldiaalbertoadriani.com\/index.php?rest_route=\/wp\/v2\/posts\/13504","targetHints":{"allow":["GET"]}}],"collection":[{"href":"https:\/\/alcaldiaalbertoadriani.com\/index.php?rest_route=\/wp\/v2\/posts"}],"about":[{"href":"https:\/\/alcaldiaalbertoadriani.com\/index.php?rest_route=\/wp\/v2\/types\/post"}],"author":[{"embeddable":true,"href":"https:\/\/alcaldiaalbertoadriani.com\/index.php?rest_route=\/wp\/v2\/users\/2"}],"replies":[{"embeddable":true,"href":"https:\/\/alcaldiaalbertoadriani.com\/index.php?rest_route=%2Fwp%2Fv2%2Fcomments&post=13504"}],"version-history":[{"count":1,"href":"https:\/\/alcaldiaalbertoadriani.com\/index.php?rest_route=\/wp\/v2\/posts\/13504\/revisions"}],"predecessor-version":[{"id":13507,"href":"https:\/\/alcaldiaalbertoadriani.com\/index.php?rest_route=\/wp\/v2\/posts\/13504\/revisions\/13507"}],"wp:featuredmedia":[{"embeddable":true,"href":"https:\/\/alcaldiaalbertoadriani.com\/index.php?rest_route=\/wp\/v2\/media\/13505"}],"wp:attachment":[{"href":"https:\/\/alcaldiaalbertoadriani.com\/index.php?rest_route=%2Fwp%2Fv2%2Fmedia&parent=13504"}],"wp:term":[{"taxonomy":"category","embeddable":true,"href":"https:\/\/alcaldiaalbertoadriani.com\/index.php?rest_route=%2Fwp%2Fv2%2Fcategories&post=13504"},{"taxonomy":"post_tag","embeddable":true,"href":"https:\/\/alcaldiaalbertoadriani.com\/index.php?rest_route=%2Fwp%2Fv2%2Ftags&post=13504"}],"curies":[{"name":"wp","href":"https:\/\/api.w.org\/{rel}","templated":true}]}}