{"id":13492,"date":"2025-11-20T15:31:59","date_gmt":"2025-11-20T15:31:59","guid":{"rendered":"https:\/\/alcaldiaalbertoadriani.com\/?p=13492"},"modified":"2025-11-20T15:32:02","modified_gmt":"2025-11-20T15:32:02","slug":"alcalde-lisandro-segura-acompano-celebracion-dia-de-la-chinita","status":"publish","type":"post","link":"https:\/\/alcaldiaalbertoadriani.com\/?p=13492","title":{"rendered":"Alcalde Lisandro Segura acompa\u00f1\u00f3 celebraci\u00f3n del D\u00eda de la Virgen de Chiquinquir\u00e1"},"content":{"rendered":"\n<p>Con eucarist\u00eda solemne y una multitudinaria feligres\u00eda se celebr\u00f3 el D\u00eda de la Virgen de Chiquinquir\u00e1 por octavo a\u00f1o consecutivo en el estacionamiento del Centro Comercial Junior Mall de El Vig\u00eda.<\/p>\n\n\n\n<p>La homil\u00eda fue presidida por el presb\u00edtero, Cecilio Vergara, quien destac\u00f3 la advocaci\u00f3n de la Virgen Mar\u00eda, venerada en Venezuela, especialmente en el estado Zulia y conocida popularmente como &#8220;La Chinita&#8221;. La devoci\u00f3n se centra en la aparici\u00f3n milagrosa de la imagen en Maracaibo un 18 de noviembre en el a\u00f1o 1749.<\/p>\n\n\n\n<figure class=\"wp-block-gallery has-nested-images columns-default is-cropped wp-block-gallery-1 is-layout-flex wp-block-gallery-is-layout-flex\">\n<figure class=\"wp-block-image size-large\"><img loading=\"lazy\" decoding=\"async\" width=\"1024\" height=\"682\" data-id=\"13494\" src=\"https:\/\/alcaldiaalbertoadriani.com\/wp-content\/uploads\/2025\/11\/photo_4967498740528778025_y-1024x682.jpg\" alt=\"\" class=\"wp-image-13494\" srcset=\"https:\/\/alcaldiaalbertoadriani.com\/wp-content\/uploads\/2025\/11\/photo_4967498740528778025_y-1024x682.jpg 1024w, https:\/\/alcaldiaalbertoadriani.com\/wp-content\/uploads\/2025\/11\/photo_4967498740528778025_y-980x653.jpg 980w, https:\/\/alcaldiaalbertoadriani.com\/wp-content\/uploads\/2025\/11\/photo_4967498740528778025_y-480x320.jpg 480w\" sizes=\"auto, (min-width: 0px) and (max-width: 480px) 480px, (min-width: 481px) and (max-width: 980px) 980px, (min-width: 981px) 1024px, 100vw\" \/><\/figure>\n<\/figure>\n\n\n\n<p>El padre Vergara aprovech\u00f3 la ocasi\u00f3n para agradecer la presencia del alcalde <a href=\"https:\/\/www.instagram.com\/lisandrosegura02\/\">Lisandro Segura<\/a> y su apoyo incondicional para coadyuvar en la realizaci\u00f3n del evento a trav\u00e9s de la Gerencia de Promoci\u00f3n Institucional, Relaciones P\u00fablicas y protocolo.<\/p>\n\n\n\n<p><a href=\"https:\/\/www.instagram.com\/lisandrosegura02\/\">Lisandro Segura<\/a>, se mostr\u00f3 contento con la actividad y destac\u00f3 que la fecha genera sentimientos encontrados. \u201cEsta celebraci\u00f3n genera sentimientos encontrados, primero porque hemos cultivado la veneraci\u00f3n a La Chinita por la influencia de mi se\u00f1or Padre, quien era ca\u00f1adero de nacimiento y devoto de la Virgen y desde peque\u00f1o aprend\u00ed a valorarla y mantener viva la tradici\u00f3n&#8221;.<\/p>\n\n\n\n<figure class=\"wp-block-gallery has-nested-images columns-default is-cropped wp-block-gallery-2 is-layout-flex wp-block-gallery-is-layout-flex\">\n<figure class=\"wp-block-image size-large\"><img loading=\"lazy\" decoding=\"async\" width=\"1024\" height=\"682\" data-id=\"13495\" src=\"https:\/\/alcaldiaalbertoadriani.com\/wp-content\/uploads\/2025\/11\/photo_4967498740528778024_y-1024x682.jpg\" alt=\"\" class=\"wp-image-13495\" srcset=\"https:\/\/alcaldiaalbertoadriani.com\/wp-content\/uploads\/2025\/11\/photo_4967498740528778024_y-1024x682.jpg 1024w, https:\/\/alcaldiaalbertoadriani.com\/wp-content\/uploads\/2025\/11\/photo_4967498740528778024_y-980x653.jpg 980w, https:\/\/alcaldiaalbertoadriani.com\/wp-content\/uploads\/2025\/11\/photo_4967498740528778024_y-480x320.jpg 480w\" sizes=\"auto, (min-width: 0px) and (max-width: 480px) 480px, (min-width: 481px) and (max-width: 980px) 980px, (min-width: 981px) 1024px, 100vw\" \/><\/figure>\n<\/figure>\n\n\n\n<p>Asimismo, record\u00f3 que \u201cen una fecha como esta, hace dos a\u00f1os, falleci\u00f3 mi se\u00f1ora madre, y c\u00f3mo no recordarlo, no con tristeza, sino con la alegr\u00eda del hijo que tuvo la mejor madre del mundo\u201d, expres\u00f3.<\/p>\n\n\n\n<p>Es de acotar que el burgomaestre asisti\u00f3 en compa\u00f1\u00eda de Alfredo Mendoza, presidente del Concejo Municipal y Orlando M\u00e1rquez, asesor institucional.<\/p>\n\n\n\n<p>El evento concluy\u00f3 con c\u00e1nticos a \u201cLa Chinita\u201d por diversas agrupaciones musicales y quema de fuegos artificiales. Vale mencionar que la jornada tambi\u00e9n cont\u00f3 con el apoyo del personal de la Unidad de Gesti\u00f3n de Riesgo y Administraci\u00f3n de Desastres &#8211;<a href=\"https:\/\/alcaldiaalbertoadriani.com\/?tag=ugradmaa-congreso-riesgos-desastres\">Ugradmaa<\/a>&#8211; y organismos de seguridad de la localidad, quienes garantizaron la seguridad e integridad f\u00edsica de los asistentes. <strong><em>Prensa Alcald\u00eda Alberto Adriani\/Edgar Mendoza CNP 25.736\/Fotos. Luis Dufflart.<\/em><\/strong><\/p>\n\n\n\n<figure class=\"wp-block-gallery has-nested-images columns-default is-cropped wp-block-gallery-3 is-layout-flex wp-block-gallery-is-layout-flex\">\n<figure class=\"wp-block-image size-large\"><img loading=\"lazy\" decoding=\"async\" width=\"1024\" height=\"682\" data-id=\"13496\" src=\"https:\/\/alcaldiaalbertoadriani.com\/wp-content\/uploads\/2025\/11\/photo_4967498740528778033_y-1024x682.jpg\" alt=\"\" class=\"wp-image-13496\" srcset=\"https:\/\/alcaldiaalbertoadriani.com\/wp-content\/uploads\/2025\/11\/photo_4967498740528778033_y-1024x682.jpg 1024w, https:\/\/alcaldiaalbertoadriani.com\/wp-content\/uploads\/2025\/11\/photo_4967498740528778033_y-980x653.jpg 980w, https:\/\/alcaldiaalbertoadriani.com\/wp-content\/uploads\/2025\/11\/photo_4967498740528778033_y-480x320.jpg 480w\" sizes=\"auto, (min-width: 0px) and (max-width: 480px) 480px, (min-width: 481px) and (max-width: 980px) 980px, (min-width: 981px) 1024px, 100vw\" \/><\/figure>\n\n\n\n<figure class=\"wp-block-image size-large\"><img loading=\"lazy\" decoding=\"async\" width=\"1024\" height=\"682\" data-id=\"13497\" src=\"https:\/\/alcaldiaalbertoadriani.com\/wp-content\/uploads\/2025\/11\/photo_4967498740528778027_y-1024x682.jpg\" alt=\"\" class=\"wp-image-13497\" srcset=\"https:\/\/alcaldiaalbertoadriani.com\/wp-content\/uploads\/2025\/11\/photo_4967498740528778027_y-1024x682.jpg 1024w, https:\/\/alcaldiaalbertoadriani.com\/wp-content\/uploads\/2025\/11\/photo_4967498740528778027_y-980x653.jpg 980w, https:\/\/alcaldiaalbertoadriani.com\/wp-content\/uploads\/2025\/11\/photo_4967498740528778027_y-480x320.jpg 480w\" sizes=\"auto, (min-width: 0px) and (max-width: 480px) 480px, (min-width: 481px) and (max-width: 980px) 980px, (min-width: 981px) 1024px, 100vw\" \/><\/figure>\n\n\n\n<figure class=\"wp-block-image size-large\"><img loading=\"lazy\" decoding=\"async\" width=\"1024\" height=\"682\" data-id=\"13499\" src=\"https:\/\/alcaldiaalbertoadriani.com\/wp-content\/uploads\/2025\/11\/photo_4967498740528778028_y-1024x682.jpg\" alt=\"\" class=\"wp-image-13499\" srcset=\"https:\/\/alcaldiaalbertoadriani.com\/wp-content\/uploads\/2025\/11\/photo_4967498740528778028_y-1024x682.jpg 1024w, https:\/\/alcaldiaalbertoadriani.com\/wp-content\/uploads\/2025\/11\/photo_4967498740528778028_y-980x653.jpg 980w, https:\/\/alcaldiaalbertoadriani.com\/wp-content\/uploads\/2025\/11\/photo_4967498740528778028_y-480x320.jpg 480w\" sizes=\"auto, (min-width: 0px) and (max-width: 480px) 480px, (min-width: 481px) and (max-width: 980px) 980px, (min-width: 981px) 1024px, 100vw\" \/><\/figure>\n\n\n\n<figure class=\"wp-block-image size-large\"><img loading=\"lazy\" decoding=\"async\" width=\"1024\" height=\"682\" data-id=\"13498\" src=\"https:\/\/alcaldiaalbertoadriani.com\/wp-content\/uploads\/2025\/11\/photo_4967498740528778029_y-1024x682.jpg\" alt=\"\" class=\"wp-image-13498\" srcset=\"https:\/\/alcaldiaalbertoadriani.com\/wp-content\/uploads\/2025\/11\/photo_4967498740528778029_y-1024x682.jpg 1024w, https:\/\/alcaldiaalbertoadriani.com\/wp-content\/uploads\/2025\/11\/photo_4967498740528778029_y-980x653.jpg 980w, https:\/\/alcaldiaalbertoadriani.com\/wp-content\/uploads\/2025\/11\/photo_4967498740528778029_y-480x320.jpg 480w\" sizes=\"auto, (min-width: 0px) and (max-width: 480px) 480px, (min-width: 481px) and (max-width: 980px) 980px, (min-width: 981px) 1024px, 100vw\" \/><\/figure>\n\n\n\n<figure class=\"wp-block-image size-large\"><img loading=\"lazy\" decoding=\"async\" width=\"1024\" height=\"682\" data-id=\"13500\" src=\"https:\/\/alcaldiaalbertoadriani.com\/wp-content\/uploads\/2025\/11\/photo_4967498740528778030_y-1024x682.jpg\" alt=\"\" class=\"wp-image-13500\" srcset=\"https:\/\/alcaldiaalbertoadriani.com\/wp-content\/uploads\/2025\/11\/photo_4967498740528778030_y-1024x682.jpg 1024w, https:\/\/alcaldiaalbertoadriani.com\/wp-content\/uploads\/2025\/11\/photo_4967498740528778030_y-980x653.jpg 980w, https:\/\/alcaldiaalbertoadriani.com\/wp-content\/uploads\/2025\/11\/photo_4967498740528778030_y-480x320.jpg 480w\" sizes=\"auto, (min-width: 0px) and (max-width: 480px) 480px, (min-width: 481px) and (max-width: 980px) 980px, (min-width: 981px) 1024px, 100vw\" \/><\/figure>\n\n\n\n<figure class=\"wp-block-image size-large\"><img loading=\"lazy\" decoding=\"async\" width=\"1024\" height=\"682\" data-id=\"13502\" src=\"https:\/\/alcaldiaalbertoadriani.com\/wp-content\/uploads\/2025\/11\/photo_4967498740528778031_y-1024x682.jpg\" alt=\"\" class=\"wp-image-13502\" srcset=\"https:\/\/alcaldiaalbertoadriani.com\/wp-content\/uploads\/2025\/11\/photo_4967498740528778031_y-1024x682.jpg 1024w, https:\/\/alcaldiaalbertoadriani.com\/wp-content\/uploads\/2025\/11\/photo_4967498740528778031_y-980x653.jpg 980w, https:\/\/alcaldiaalbertoadriani.com\/wp-content\/uploads\/2025\/11\/photo_4967498740528778031_y-480x320.jpg 480w\" sizes=\"auto, (min-width: 0px) and (max-width: 480px) 480px, (min-width: 481px) and (max-width: 980px) 980px, (min-width: 981px) 1024px, 100vw\" \/><\/figure>\n\n\n\n<figure class=\"wp-block-image size-large\"><img loading=\"lazy\" decoding=\"async\" width=\"1024\" height=\"682\" data-id=\"13501\" src=\"https:\/\/alcaldiaalbertoadriani.com\/wp-content\/uploads\/2025\/11\/photo_4967498740528778032_y-1024x682.jpg\" alt=\"\" class=\"wp-image-13501\" srcset=\"https:\/\/alcaldiaalbertoadriani.com\/wp-content\/uploads\/2025\/11\/photo_4967498740528778032_y-1024x682.jpg 1024w, https:\/\/alcaldiaalbertoadriani.com\/wp-content\/uploads\/2025\/11\/photo_4967498740528778032_y-980x653.jpg 980w, https:\/\/alcaldiaalbertoadriani.com\/wp-content\/uploads\/2025\/11\/photo_4967498740528778032_y-480x320.jpg 480w\" sizes=\"auto, (min-width: 0px) and (max-width: 480px) 480px, (min-width: 481px) and (max-width: 980px) 980px, (min-width: 981px) 1024px, 100vw\" \/><\/figure>\n<\/figure>\n","protected":false},"excerpt":{"rendered":"<p>Con eucarist\u00eda solemne y una multitudinaria feligres\u00eda se celebr\u00f3 el D\u00eda de la Virgen de Chiquinquir\u00e1 por octavo a\u00f1o consecutivo en el estacionamiento del Centro Comercial Junior Mall de El [&hellip;]<\/p>\n","protected":false},"author":2,"featured_media":13493,"comment_status":"open","ping_status":"closed","sticky":false,"template":"","format":"standard","meta":{"_et_pb_use_builder":"off","_et_pb_old_content":"","_et_gb_content_width":"","footnotes":""},"categories":[341,25],"tags":[31,11,12,15,761,30,29,28],"class_list":["post-13492","post","type-post","status-publish","format-standard","has-post-thumbnail","hentry","category-alcaldia-alberto-adriani","category-nuestro-municipio","tag-alcalde","tag-alcaldia","tag-alcaldiaalbertoadriani","tag-elvigia","tag-encrucijadadeprogreso","tag-lisandrosegura","tag-municipioquenosmerecemos","tag-porelrenacer"],"yoast_head":"<!-- This site is optimized with the Yoast SEO plugin v19.13 - https:\/\/yoast.com\/wordpress\/plugins\/seo\/ -->\n<title>Alcalde Lisandro Segura acompa\u00f1\u00f3 celebraci\u00f3n dia de la chinita<\/title>\n<meta name=\"description\" content=\"Alcalde Lisandro Segura acompa\u00f1\u00f3 celebraci\u00f3n del D\u00eda de la Virgen de Chiquinquir\u00e1 por octavo a\u00f1o consecutivo\" \/>\n<meta name=\"robots\" content=\"index, follow, max-snippet:-1, max-image-preview:large, max-video-preview:-1\" \/>\n<link rel=\"canonical\" href=\"https:\/\/alcaldiaalbertoadriani.com\/?p=13492\" \/>\n<meta property=\"og:locale\" content=\"es_ES\" \/>\n<meta property=\"og:type\" content=\"article\" \/>\n<meta property=\"og:title\" content=\"Alcalde Lisandro Segura acompa\u00f1\u00f3 celebraci\u00f3n dia de la chinita\" \/>\n<meta property=\"og:description\" content=\"Alcalde Lisandro Segura acompa\u00f1\u00f3 celebraci\u00f3n del D\u00eda de la Virgen de Chiquinquir\u00e1 por octavo a\u00f1o consecutivo\" \/>\n<meta property=\"og:url\" content=\"https:\/\/alcaldiaalbertoadriani.com\/?p=13492\" \/>\n<meta property=\"og:site_name\" content=\"Alcaldia Alberto Adriani\" \/>\n<meta property=\"article:published_time\" content=\"2025-11-20T15:31:59+00:00\" \/>\n<meta property=\"article:modified_time\" content=\"2025-11-20T15:32:02+00:00\" \/>\n<meta property=\"og:image\" content=\"https:\/\/alcaldiaalbertoadriani.com\/wp-content\/uploads\/2025\/11\/photo_4967498740528778023_y.jpg\" \/>\n\t<meta property=\"og:image:width\" content=\"1280\" \/>\n\t<meta property=\"og:image:height\" content=\"853\" \/>\n\t<meta property=\"og:image:type\" content=\"image\/jpeg\" \/>\n<meta name=\"author\" content=\"Prensa\" \/>\n<meta name=\"twitter:card\" content=\"summary_large_image\" \/>\n<meta name=\"twitter:label1\" content=\"Escrito por\" \/>\n\t<meta name=\"twitter:data1\" content=\"Prensa\" \/>\n\t<meta name=\"twitter:label2\" content=\"Tiempo de lectura\" \/>\n\t<meta name=\"twitter:data2\" content=\"4 minutos\" \/>\n<script type=\"application\/ld+json\" class=\"yoast-schema-graph\">{\"@context\":\"https:\/\/schema.org\",\"@graph\":[{\"@type\":\"WebPage\",\"@id\":\"https:\/\/alcaldiaalbertoadriani.com\/?p=13492\",\"url\":\"https:\/\/alcaldiaalbertoadriani.com\/?p=13492\",\"name\":\"Alcalde Lisandro Segura acompa\u00f1\u00f3 celebraci\u00f3n dia de la chinita\",\"isPartOf\":{\"@id\":\"https:\/\/alcaldiaalbertoadriani.com\/#website\"},\"datePublished\":\"2025-11-20T15:31:59+00:00\",\"dateModified\":\"2025-11-20T15:32:02+00:00\",\"author\":{\"@id\":\"https:\/\/alcaldiaalbertoadriani.com\/#\/schema\/person\/549b4483ff8999ac780deeea78795fc9\"},\"description\":\"Alcalde Lisandro Segura acompa\u00f1\u00f3 celebraci\u00f3n del D\u00eda de la Virgen de Chiquinquir\u00e1 por octavo a\u00f1o consecutivo\",\"breadcrumb\":{\"@id\":\"https:\/\/alcaldiaalbertoadriani.com\/?p=13492#breadcrumb\"},\"inLanguage\":\"es\",\"potentialAction\":[{\"@type\":\"ReadAction\",\"target\":[\"https:\/\/alcaldiaalbertoadriani.com\/?p=13492\"]}]},{\"@type\":\"BreadcrumbList\",\"@id\":\"https:\/\/alcaldiaalbertoadriani.com\/?p=13492#breadcrumb\",\"itemListElement\":[{\"@type\":\"ListItem\",\"position\":1,\"name\":\"Portada\",\"item\":\"https:\/\/alcaldiaalbertoadriani.com\/\"},{\"@type\":\"ListItem\",\"position\":2,\"name\":\"Alcalde Lisandro Segura acompa\u00f1\u00f3 celebraci\u00f3n del D\u00eda de la Virgen de Chiquinquir\u00e1\"}]},{\"@type\":\"WebSite\",\"@id\":\"https:\/\/alcaldiaalbertoadriani.com\/#website\",\"url\":\"https:\/\/alcaldiaalbertoadriani.com\/\",\"name\":\"Alcaldia Alberto Adriani\",\"description\":\"\",\"potentialAction\":[{\"@type\":\"SearchAction\",\"target\":{\"@type\":\"EntryPoint\",\"urlTemplate\":\"https:\/\/alcaldiaalbertoadriani.com\/?s={search_term_string}\"},\"query-input\":\"required name=search_term_string\"}],\"inLanguage\":\"es\"},{\"@type\":\"Person\",\"@id\":\"https:\/\/alcaldiaalbertoadriani.com\/#\/schema\/person\/549b4483ff8999ac780deeea78795fc9\",\"name\":\"Prensa\",\"image\":{\"@type\":\"ImageObject\",\"inLanguage\":\"es\",\"@id\":\"https:\/\/alcaldiaalbertoadriani.com\/#\/schema\/person\/image\/\",\"url\":\"https:\/\/secure.gravatar.com\/avatar\/ea1cb567ea992a29627f4eee1c2eb185ec16decec6342d508fdf18dedb56c9de?s=96&d=mm&r=g\",\"contentUrl\":\"https:\/\/secure.gravatar.com\/avatar\/ea1cb567ea992a29627f4eee1c2eb185ec16decec6342d508fdf18dedb56c9de?s=96&d=mm&r=g\",\"caption\":\"Prensa\"},\"url\":\"https:\/\/alcaldiaalbertoadriani.com\/?author=2\"}]}<\/script>\n<!-- \/ Yoast SEO plugin. -->","yoast_head_json":{"title":"Alcalde Lisandro Segura acompa\u00f1\u00f3 celebraci\u00f3n dia de la chinita","description":"Alcalde Lisandro Segura acompa\u00f1\u00f3 celebraci\u00f3n del D\u00eda de la Virgen de Chiquinquir\u00e1 por octavo a\u00f1o consecutivo","robots":{"index":"index","follow":"follow","max-snippet":"max-snippet:-1","max-image-preview":"max-image-preview:large","max-video-preview":"max-video-preview:-1"},"canonical":"https:\/\/alcaldiaalbertoadriani.com\/?p=13492","og_locale":"es_ES","og_type":"article","og_title":"Alcalde Lisandro Segura acompa\u00f1\u00f3 celebraci\u00f3n dia de la chinita","og_description":"Alcalde Lisandro Segura acompa\u00f1\u00f3 celebraci\u00f3n del D\u00eda de la Virgen de Chiquinquir\u00e1 por octavo a\u00f1o consecutivo","og_url":"https:\/\/alcaldiaalbertoadriani.com\/?p=13492","og_site_name":"Alcaldia Alberto Adriani","article_published_time":"2025-11-20T15:31:59+00:00","article_modified_time":"2025-11-20T15:32:02+00:00","og_image":[{"width":1280,"height":853,"url":"https:\/\/alcaldiaalbertoadriani.com\/wp-content\/uploads\/2025\/11\/photo_4967498740528778023_y.jpg","type":"image\/jpeg"}],"author":"Prensa","twitter_card":"summary_large_image","twitter_misc":{"Escrito por":"Prensa","Tiempo de lectura":"4 minutos"},"schema":{"@context":"https:\/\/schema.org","@graph":[{"@type":"WebPage","@id":"https:\/\/alcaldiaalbertoadriani.com\/?p=13492","url":"https:\/\/alcaldiaalbertoadriani.com\/?p=13492","name":"Alcalde Lisandro Segura acompa\u00f1\u00f3 celebraci\u00f3n dia de la chinita","isPartOf":{"@id":"https:\/\/alcaldiaalbertoadriani.com\/#website"},"datePublished":"2025-11-20T15:31:59+00:00","dateModified":"2025-11-20T15:32:02+00:00","author":{"@id":"https:\/\/alcaldiaalbertoadriani.com\/#\/schema\/person\/549b4483ff8999ac780deeea78795fc9"},"description":"Alcalde Lisandro Segura acompa\u00f1\u00f3 celebraci\u00f3n del D\u00eda de la Virgen de Chiquinquir\u00e1 por octavo a\u00f1o consecutivo","breadcrumb":{"@id":"https:\/\/alcaldiaalbertoadriani.com\/?p=13492#breadcrumb"},"inLanguage":"es","potentialAction":[{"@type":"ReadAction","target":["https:\/\/alcaldiaalbertoadriani.com\/?p=13492"]}]},{"@type":"BreadcrumbList","@id":"https:\/\/alcaldiaalbertoadriani.com\/?p=13492#breadcrumb","itemListElement":[{"@type":"ListItem","position":1,"name":"Portada","item":"https:\/\/alcaldiaalbertoadriani.com\/"},{"@type":"ListItem","position":2,"name":"Alcalde Lisandro Segura acompa\u00f1\u00f3 celebraci\u00f3n del D\u00eda de la Virgen de Chiquinquir\u00e1"}]},{"@type":"WebSite","@id":"https:\/\/alcaldiaalbertoadriani.com\/#website","url":"https:\/\/alcaldiaalbertoadriani.com\/","name":"Alcaldia Alberto Adriani","description":"","potentialAction":[{"@type":"SearchAction","target":{"@type":"EntryPoint","urlTemplate":"https:\/\/alcaldiaalbertoadriani.com\/?s={search_term_string}"},"query-input":"required name=search_term_string"}],"inLanguage":"es"},{"@type":"Person","@id":"https:\/\/alcaldiaalbertoadriani.com\/#\/schema\/person\/549b4483ff8999ac780deeea78795fc9","name":"Prensa","image":{"@type":"ImageObject","inLanguage":"es","@id":"https:\/\/alcaldiaalbertoadriani.com\/#\/schema\/person\/image\/","url":"https:\/\/secure.gravatar.com\/avatar\/ea1cb567ea992a29627f4eee1c2eb185ec16decec6342d508fdf18dedb56c9de?s=96&d=mm&r=g","contentUrl":"https:\/\/secure.gravatar.com\/avatar\/ea1cb567ea992a29627f4eee1c2eb185ec16decec6342d508fdf18dedb56c9de?s=96&d=mm&r=g","caption":"Prensa"},"url":"https:\/\/alcaldiaalbertoadriani.com\/?author=2"}]}},"_links":{"self":[{"href":"https:\/\/alcaldiaalbertoadriani.com\/index.php?rest_route=\/wp\/v2\/posts\/13492","targetHints":{"allow":["GET"]}}],"collection":[{"href":"https:\/\/alcaldiaalbertoadriani.com\/index.php?rest_route=\/wp\/v2\/posts"}],"about":[{"href":"https:\/\/alcaldiaalbertoadriani.com\/index.php?rest_route=\/wp\/v2\/types\/post"}],"author":[{"embeddable":true,"href":"https:\/\/alcaldiaalbertoadriani.com\/index.php?rest_route=\/wp\/v2\/users\/2"}],"replies":[{"embeddable":true,"href":"https:\/\/alcaldiaalbertoadriani.com\/index.php?rest_route=%2Fwp%2Fv2%2Fcomments&post=13492"}],"version-history":[{"count":1,"href":"https:\/\/alcaldiaalbertoadriani.com\/index.php?rest_route=\/wp\/v2\/posts\/13492\/revisions"}],"predecessor-version":[{"id":13503,"href":"https:\/\/alcaldiaalbertoadriani.com\/index.php?rest_route=\/wp\/v2\/posts\/13492\/revisions\/13503"}],"wp:featuredmedia":[{"embeddable":true,"href":"https:\/\/alcaldiaalbertoadriani.com\/index.php?rest_route=\/wp\/v2\/media\/13493"}],"wp:attachment":[{"href":"https:\/\/alcaldiaalbertoadriani.com\/index.php?rest_route=%2Fwp%2Fv2%2Fmedia&parent=13492"}],"wp:term":[{"taxonomy":"category","embeddable":true,"href":"https:\/\/alcaldiaalbertoadriani.com\/index.php?rest_route=%2Fwp%2Fv2%2Fcategories&post=13492"},{"taxonomy":"post_tag","embeddable":true,"href":"https:\/\/alcaldiaalbertoadriani.com\/index.php?rest_route=%2Fwp%2Fv2%2Ftags&post=13492"}],"curies":[{"name":"wp","href":"https:\/\/api.w.org\/{rel}","templated":true}]}}