{"id":13487,"date":"2025-11-20T15:16:43","date_gmt":"2025-11-20T15:16:43","guid":{"rendered":"https:\/\/alcaldiaalbertoadriani.com\/?p=13487"},"modified":"2025-11-20T15:16:47","modified_gmt":"2025-11-20T15:16:47","slug":"gobierno-de-lisandro-segura-inicia-construccion-de-pozo-profundo","status":"publish","type":"post","link":"https:\/\/alcaldiaalbertoadriani.com\/?p=13487","title":{"rendered":"Gobierno de Lisandro Segura inicia construcci\u00f3n de pozo profundo en Kl\u00e9ber Ram\u00edrez"},"content":{"rendered":"\n<p>El gobierno municipal del alcalde <a href=\"https:\/\/www.instagram.com\/lisandrosegura02\/\">Lisandro Segura<\/a> inici\u00f3 la <a href=\"https:\/\/alcaldiaalbertoadriani.com\/?p=13370\">construcci\u00f3n del pozo <\/a>de aguas profundas en el sector de Kl\u00e9ber Ram\u00edrez por las inmediaciones de Colinas Pony, parroquia Presidente R\u00f3mulo Gallegos. Esta obra, planificada dentro del Plan de Inversi\u00f3n 2025, tiene como objetivo fundamental ofrecer el servicio de agua potable a varias comunidades de la zona.<\/p>\n\n\n\n<p>Lisandro Segura detall\u00f3 la relevancia de esta obra, la cual beneficiar\u00e1 a un n\u00famero significativo de familias de las comunidades Kl\u00e9ber Ram\u00edrez, San Benito, Colinas Pony, Jos\u00e9 Mart\u00ed, y otras \u00e1reas vecinas.<\/p>\n\n\n\n<p>&#8220;Luego del traslado de la maquinaria, es decir, el cami\u00f3n perforador y de los materiales a utilizar, se dio inicio hoy (martes) a la primera etapa de la construcci\u00f3n del pozo de aguas profundas con la perforaci\u00f3n del pozo&#8221;, explic\u00f3 el alcalde.<\/p>\n\n\n\n<figure class=\"wp-block-gallery has-nested-images columns-default is-cropped wp-block-gallery-1 is-layout-flex wp-block-gallery-is-layout-flex\">\n<figure class=\"wp-block-image size-large\"><img loading=\"lazy\" decoding=\"async\" width=\"768\" height=\"1024\" data-id=\"13490\" src=\"https:\/\/alcaldiaalbertoadriani.com\/wp-content\/uploads\/2025\/11\/photo_4969816249047124861_y-768x1024.jpg\" alt=\"\" class=\"wp-image-13490\" srcset=\"https:\/\/alcaldiaalbertoadriani.com\/wp-content\/uploads\/2025\/11\/photo_4969816249047124861_y-768x1024.jpg 768w, https:\/\/alcaldiaalbertoadriani.com\/wp-content\/uploads\/2025\/11\/photo_4969816249047124861_y-480x640.jpg 480w\" sizes=\"auto, (min-width: 0px) and (max-width: 480px) 480px, (min-width: 481px) 768px, 100vw\" \/><\/figure>\n<\/figure>\n\n\n\n<p>Segura precis\u00f3 que el proyecto se desarrollar\u00e1 en tres etapas. &#8220;Posteriormente, la segunda etapa, ser\u00eda la construcci\u00f3n del estanque en la parte alta de Kl\u00e9ber Ram\u00edrez, y, por \u00faltimo, la construcci\u00f3n de la red de distribuci\u00f3n para poder, de esta forma, cumplir las tres etapas del proceso: la extracci\u00f3n del agua; la alimentaci\u00f3n del tanque; y tercero, la distribuci\u00f3n por gravedad&#8221;.<\/p>\n\n\n\n<p>Vale resaltar que, la obra es una respuesta directa a una necesidad de larga data de los habitantes. Iris M\u00e1rquez, habitante de la comunidad, expres\u00f3 su satisfacci\u00f3n y agradecimiento por el inicio de los trabajos. \u201cEl agradecimiento profundo primero a Dios y al alcalde <a href=\"https:\/\/www.instagram.com\/lisandrosegura02\/\">Lisandro Segura<\/a> en nombre de mi comunidad por la obra que comenz\u00f3 a hacer, esperada con mucho anhelo por todos los vecinos, puesto que, tenemos m\u00e1s de 23 a\u00f1os sin el servicio de agua potable y ha sido bastante el sacrificio\u201d.<\/p>\n\n\n\n<p>Finalmente, M\u00e1rquez resalt\u00f3 el impacto positivo de la construcci\u00f3n del pozo. \u201cCon la puesta en marcha de esta obra se estima que unas 300 familias aproximadamente ser\u00edamos beneficiados\u201d. <strong><em>Prensa Alcald\u00eda Alberto Adriani\/ Claribel Zambrano CNP: 11.843\/ Fotos: cortes\u00eda.<\/em><\/strong><\/p>\n\n\n\n<figure class=\"wp-block-gallery has-nested-images columns-default is-cropped wp-block-gallery-2 is-layout-flex wp-block-gallery-is-layout-flex\">\n<figure class=\"wp-block-image size-large\"><img loading=\"lazy\" decoding=\"async\" width=\"768\" height=\"1024\" data-id=\"13489\" src=\"https:\/\/alcaldiaalbertoadriani.com\/wp-content\/uploads\/2025\/11\/photo_4969816249047124860_y-1-768x1024.jpg\" alt=\"\" class=\"wp-image-13489\" srcset=\"https:\/\/alcaldiaalbertoadriani.com\/wp-content\/uploads\/2025\/11\/photo_4969816249047124860_y-1-768x1024.jpg 768w, https:\/\/alcaldiaalbertoadriani.com\/wp-content\/uploads\/2025\/11\/photo_4969816249047124860_y-1-480x640.jpg 480w\" sizes=\"auto, (min-width: 0px) and (max-width: 480px) 480px, (min-width: 481px) 768px, 100vw\" \/><\/figure>\n<\/figure>\n","protected":false},"excerpt":{"rendered":"<p>El gobierno municipal del alcalde Lisandro Segura inici\u00f3 la construcci\u00f3n del pozo de aguas profundas en el sector de Kl\u00e9ber Ram\u00edrez por las inmediaciones de Colinas Pony, parroquia Presidente R\u00f3mulo [&hellip;]<\/p>\n","protected":false},"author":2,"featured_media":13488,"comment_status":"open","ping_status":"closed","sticky":false,"template":"","format":"standard","meta":{"_et_pb_use_builder":"off","_et_pb_old_content":"","_et_gb_content_width":"","footnotes":""},"categories":[341,25],"tags":[31,11,12,15,761,30,29,28],"class_list":["post-13487","post","type-post","status-publish","format-standard","has-post-thumbnail","hentry","category-alcaldia-alberto-adriani","category-nuestro-municipio","tag-alcalde","tag-alcaldia","tag-alcaldiaalbertoadriani","tag-elvigia","tag-encrucijadadeprogreso","tag-lisandrosegura","tag-municipioquenosmerecemos","tag-porelrenacer"],"yoast_head":"<!-- This site is optimized with the Yoast SEO plugin v19.13 - https:\/\/yoast.com\/wordpress\/plugins\/seo\/ -->\n<title>Gobierno de Lisandro Segura inicia construcci\u00f3n de pozo profundo<\/title>\n<meta name=\"description\" content=\"Gobierno de Lisandro Segura inicia construcci\u00f3n de pozo profundo en Kl\u00e9ber Ram\u00edrez prroquia R\u00f3mulo Gallegos\" \/>\n<meta name=\"robots\" content=\"index, follow, max-snippet:-1, max-image-preview:large, max-video-preview:-1\" \/>\n<link rel=\"canonical\" href=\"https:\/\/alcaldiaalbertoadriani.com\/?p=13487\" \/>\n<meta property=\"og:locale\" content=\"es_ES\" \/>\n<meta property=\"og:type\" content=\"article\" \/>\n<meta property=\"og:title\" content=\"Gobierno de Lisandro Segura inicia construcci\u00f3n de pozo profundo\" \/>\n<meta property=\"og:description\" content=\"Gobierno de Lisandro Segura inicia construcci\u00f3n de pozo profundo en Kl\u00e9ber Ram\u00edrez prroquia R\u00f3mulo Gallegos\" \/>\n<meta property=\"og:url\" content=\"https:\/\/alcaldiaalbertoadriani.com\/?p=13487\" \/>\n<meta property=\"og:site_name\" content=\"Alcaldia Alberto Adriani\" \/>\n<meta property=\"article:published_time\" content=\"2025-11-20T15:16:43+00:00\" \/>\n<meta property=\"article:modified_time\" content=\"2025-11-20T15:16:47+00:00\" \/>\n<meta property=\"og:image\" content=\"https:\/\/alcaldiaalbertoadriani.com\/wp-content\/uploads\/2025\/11\/photo_4969816249047124862_y.jpg\" \/>\n\t<meta property=\"og:image:width\" content=\"960\" \/>\n\t<meta property=\"og:image:height\" content=\"1280\" \/>\n\t<meta property=\"og:image:type\" content=\"image\/jpeg\" \/>\n<meta name=\"author\" content=\"Prensa\" \/>\n<meta name=\"twitter:card\" content=\"summary_large_image\" \/>\n<meta name=\"twitter:label1\" content=\"Escrito por\" \/>\n\t<meta name=\"twitter:data1\" content=\"Prensa\" \/>\n\t<meta name=\"twitter:label2\" content=\"Tiempo de lectura\" \/>\n\t<meta name=\"twitter:data2\" content=\"2 minutos\" \/>\n<script type=\"application\/ld+json\" class=\"yoast-schema-graph\">{\"@context\":\"https:\/\/schema.org\",\"@graph\":[{\"@type\":\"WebPage\",\"@id\":\"https:\/\/alcaldiaalbertoadriani.com\/?p=13487\",\"url\":\"https:\/\/alcaldiaalbertoadriani.com\/?p=13487\",\"name\":\"Gobierno de Lisandro Segura inicia construcci\u00f3n de pozo profundo\",\"isPartOf\":{\"@id\":\"https:\/\/alcaldiaalbertoadriani.com\/#website\"},\"datePublished\":\"2025-11-20T15:16:43+00:00\",\"dateModified\":\"2025-11-20T15:16:47+00:00\",\"author\":{\"@id\":\"https:\/\/alcaldiaalbertoadriani.com\/#\/schema\/person\/549b4483ff8999ac780deeea78795fc9\"},\"description\":\"Gobierno de Lisandro Segura inicia construcci\u00f3n de pozo profundo en Kl\u00e9ber Ram\u00edrez prroquia R\u00f3mulo Gallegos\",\"breadcrumb\":{\"@id\":\"https:\/\/alcaldiaalbertoadriani.com\/?p=13487#breadcrumb\"},\"inLanguage\":\"es\",\"potentialAction\":[{\"@type\":\"ReadAction\",\"target\":[\"https:\/\/alcaldiaalbertoadriani.com\/?p=13487\"]}]},{\"@type\":\"BreadcrumbList\",\"@id\":\"https:\/\/alcaldiaalbertoadriani.com\/?p=13487#breadcrumb\",\"itemListElement\":[{\"@type\":\"ListItem\",\"position\":1,\"name\":\"Portada\",\"item\":\"https:\/\/alcaldiaalbertoadriani.com\/\"},{\"@type\":\"ListItem\",\"position\":2,\"name\":\"Gobierno de Lisandro Segura inicia construcci\u00f3n de pozo profundo en Kl\u00e9ber Ram\u00edrez\"}]},{\"@type\":\"WebSite\",\"@id\":\"https:\/\/alcaldiaalbertoadriani.com\/#website\",\"url\":\"https:\/\/alcaldiaalbertoadriani.com\/\",\"name\":\"Alcaldia Alberto Adriani\",\"description\":\"\",\"potentialAction\":[{\"@type\":\"SearchAction\",\"target\":{\"@type\":\"EntryPoint\",\"urlTemplate\":\"https:\/\/alcaldiaalbertoadriani.com\/?s={search_term_string}\"},\"query-input\":\"required name=search_term_string\"}],\"inLanguage\":\"es\"},{\"@type\":\"Person\",\"@id\":\"https:\/\/alcaldiaalbertoadriani.com\/#\/schema\/person\/549b4483ff8999ac780deeea78795fc9\",\"name\":\"Prensa\",\"image\":{\"@type\":\"ImageObject\",\"inLanguage\":\"es\",\"@id\":\"https:\/\/alcaldiaalbertoadriani.com\/#\/schema\/person\/image\/\",\"url\":\"https:\/\/secure.gravatar.com\/avatar\/ea1cb567ea992a29627f4eee1c2eb185ec16decec6342d508fdf18dedb56c9de?s=96&d=mm&r=g\",\"contentUrl\":\"https:\/\/secure.gravatar.com\/avatar\/ea1cb567ea992a29627f4eee1c2eb185ec16decec6342d508fdf18dedb56c9de?s=96&d=mm&r=g\",\"caption\":\"Prensa\"},\"url\":\"https:\/\/alcaldiaalbertoadriani.com\/?author=2\"}]}<\/script>\n<!-- \/ Yoast SEO plugin. -->","yoast_head_json":{"title":"Gobierno de Lisandro Segura inicia construcci\u00f3n de pozo profundo","description":"Gobierno de Lisandro Segura inicia construcci\u00f3n de pozo profundo en Kl\u00e9ber Ram\u00edrez prroquia R\u00f3mulo Gallegos","robots":{"index":"index","follow":"follow","max-snippet":"max-snippet:-1","max-image-preview":"max-image-preview:large","max-video-preview":"max-video-preview:-1"},"canonical":"https:\/\/alcaldiaalbertoadriani.com\/?p=13487","og_locale":"es_ES","og_type":"article","og_title":"Gobierno de Lisandro Segura inicia construcci\u00f3n de pozo profundo","og_description":"Gobierno de Lisandro Segura inicia construcci\u00f3n de pozo profundo en Kl\u00e9ber Ram\u00edrez prroquia R\u00f3mulo Gallegos","og_url":"https:\/\/alcaldiaalbertoadriani.com\/?p=13487","og_site_name":"Alcaldia Alberto Adriani","article_published_time":"2025-11-20T15:16:43+00:00","article_modified_time":"2025-11-20T15:16:47+00:00","og_image":[{"width":960,"height":1280,"url":"https:\/\/alcaldiaalbertoadriani.com\/wp-content\/uploads\/2025\/11\/photo_4969816249047124862_y.jpg","type":"image\/jpeg"}],"author":"Prensa","twitter_card":"summary_large_image","twitter_misc":{"Escrito por":"Prensa","Tiempo de lectura":"2 minutos"},"schema":{"@context":"https:\/\/schema.org","@graph":[{"@type":"WebPage","@id":"https:\/\/alcaldiaalbertoadriani.com\/?p=13487","url":"https:\/\/alcaldiaalbertoadriani.com\/?p=13487","name":"Gobierno de Lisandro Segura inicia construcci\u00f3n de pozo profundo","isPartOf":{"@id":"https:\/\/alcaldiaalbertoadriani.com\/#website"},"datePublished":"2025-11-20T15:16:43+00:00","dateModified":"2025-11-20T15:16:47+00:00","author":{"@id":"https:\/\/alcaldiaalbertoadriani.com\/#\/schema\/person\/549b4483ff8999ac780deeea78795fc9"},"description":"Gobierno de Lisandro Segura inicia construcci\u00f3n de pozo profundo en Kl\u00e9ber Ram\u00edrez prroquia R\u00f3mulo Gallegos","breadcrumb":{"@id":"https:\/\/alcaldiaalbertoadriani.com\/?p=13487#breadcrumb"},"inLanguage":"es","potentialAction":[{"@type":"ReadAction","target":["https:\/\/alcaldiaalbertoadriani.com\/?p=13487"]}]},{"@type":"BreadcrumbList","@id":"https:\/\/alcaldiaalbertoadriani.com\/?p=13487#breadcrumb","itemListElement":[{"@type":"ListItem","position":1,"name":"Portada","item":"https:\/\/alcaldiaalbertoadriani.com\/"},{"@type":"ListItem","position":2,"name":"Gobierno de Lisandro Segura inicia construcci\u00f3n de pozo profundo en Kl\u00e9ber Ram\u00edrez"}]},{"@type":"WebSite","@id":"https:\/\/alcaldiaalbertoadriani.com\/#website","url":"https:\/\/alcaldiaalbertoadriani.com\/","name":"Alcaldia Alberto Adriani","description":"","potentialAction":[{"@type":"SearchAction","target":{"@type":"EntryPoint","urlTemplate":"https:\/\/alcaldiaalbertoadriani.com\/?s={search_term_string}"},"query-input":"required name=search_term_string"}],"inLanguage":"es"},{"@type":"Person","@id":"https:\/\/alcaldiaalbertoadriani.com\/#\/schema\/person\/549b4483ff8999ac780deeea78795fc9","name":"Prensa","image":{"@type":"ImageObject","inLanguage":"es","@id":"https:\/\/alcaldiaalbertoadriani.com\/#\/schema\/person\/image\/","url":"https:\/\/secure.gravatar.com\/avatar\/ea1cb567ea992a29627f4eee1c2eb185ec16decec6342d508fdf18dedb56c9de?s=96&d=mm&r=g","contentUrl":"https:\/\/secure.gravatar.com\/avatar\/ea1cb567ea992a29627f4eee1c2eb185ec16decec6342d508fdf18dedb56c9de?s=96&d=mm&r=g","caption":"Prensa"},"url":"https:\/\/alcaldiaalbertoadriani.com\/?author=2"}]}},"_links":{"self":[{"href":"https:\/\/alcaldiaalbertoadriani.com\/index.php?rest_route=\/wp\/v2\/posts\/13487","targetHints":{"allow":["GET"]}}],"collection":[{"href":"https:\/\/alcaldiaalbertoadriani.com\/index.php?rest_route=\/wp\/v2\/posts"}],"about":[{"href":"https:\/\/alcaldiaalbertoadriani.com\/index.php?rest_route=\/wp\/v2\/types\/post"}],"author":[{"embeddable":true,"href":"https:\/\/alcaldiaalbertoadriani.com\/index.php?rest_route=\/wp\/v2\/users\/2"}],"replies":[{"embeddable":true,"href":"https:\/\/alcaldiaalbertoadriani.com\/index.php?rest_route=%2Fwp%2Fv2%2Fcomments&post=13487"}],"version-history":[{"count":1,"href":"https:\/\/alcaldiaalbertoadriani.com\/index.php?rest_route=\/wp\/v2\/posts\/13487\/revisions"}],"predecessor-version":[{"id":13491,"href":"https:\/\/alcaldiaalbertoadriani.com\/index.php?rest_route=\/wp\/v2\/posts\/13487\/revisions\/13491"}],"wp:featuredmedia":[{"embeddable":true,"href":"https:\/\/alcaldiaalbertoadriani.com\/index.php?rest_route=\/wp\/v2\/media\/13488"}],"wp:attachment":[{"href":"https:\/\/alcaldiaalbertoadriani.com\/index.php?rest_route=%2Fwp%2Fv2%2Fmedia&parent=13487"}],"wp:term":[{"taxonomy":"category","embeddable":true,"href":"https:\/\/alcaldiaalbertoadriani.com\/index.php?rest_route=%2Fwp%2Fv2%2Fcategories&post=13487"},{"taxonomy":"post_tag","embeddable":true,"href":"https:\/\/alcaldiaalbertoadriani.com\/index.php?rest_route=%2Fwp%2Fv2%2Ftags&post=13487"}],"curies":[{"name":"wp","href":"https:\/\/api.w.org\/{rel}","templated":true}]}}