{"id":13375,"date":"2025-11-06T19:44:29","date_gmt":"2025-11-06T19:44:29","guid":{"rendered":"https:\/\/alcaldiaalbertoadriani.com\/?p=13375"},"modified":"2025-11-06T19:44:38","modified_gmt":"2025-11-06T19:44:38","slug":"gestion-de-lisandro-segura-inicia-reparacion-de-alcantarilla","status":"publish","type":"post","link":"https:\/\/alcaldiaalbertoadriani.com\/?p=13375","title":{"rendered":"Gesti\u00f3n de Lisandro Segura inicia reparaci\u00f3n y sustituci\u00f3n de alcantarilla en la v\u00eda hacia Km. 48 y 49"},"content":{"rendered":"\n<p>La gesti\u00f3n del alcalde de Alberto Adriani, <a href=\"https:\/\/www.instagram.com\/lisandrosegura02\/\">Lisandro Segura<\/a> a trav\u00e9s de la Gerencia de Ingenier\u00eda y Planeamiento Urbano Local (<a href=\"https:\/\/alcaldiaalbertoadriani.com\/?p=6135\">Gipul<\/a>), inici\u00f3 los trabajos de reparaci\u00f3n y sustituci\u00f3n total de la alcantarilla en la entrada que conecta con los kil\u00f3metros 48, 49 y El Taparo de la <a href=\"https:\/\/alcaldiaalbertoadriani.com\/?p=381\">parroquia R\u00f3mulo Betancourt<\/a>. Esta acci\u00f3n busca restaurar el libre tr\u00e1nsito y la seguridad en esta importante v\u00eda hacia sectores agr\u00edcolas de la jurisdicci\u00f3n.<\/p>\n\n\n\n<p>El burgomaestre inform\u00f3 que el colapso de la alcantarilla existente, motivado al deterioro acumulado por muchos a\u00f1os, hab\u00eda dificultado significativamente el acceso de veh\u00edculos hacia esta zona agr\u00edcola, raz\u00f3n por la cual, inici\u00f3 el trabajo con el equipo de la Gipul y maquinaria tipo retroexcavadora. \u201cEstamos dando una respuesta integral para mejorar la vialidad agr\u00edcola de las comunidades del lugar,\u201d afirm\u00f3.<\/p>\n\n\n\n<figure class=\"wp-block-gallery has-nested-images columns-default is-cropped wp-block-gallery-1 is-layout-flex wp-block-gallery-is-layout-flex\">\n<figure class=\"wp-block-image size-large\"><img loading=\"lazy\" decoding=\"async\" width=\"1024\" height=\"768\" data-id=\"13377\" src=\"https:\/\/alcaldiaalbertoadriani.com\/wp-content\/uploads\/2025\/11\/photo_4929225857457392390_y-1024x768.jpg\" alt=\"\" class=\"wp-image-13377\" srcset=\"https:\/\/alcaldiaalbertoadriani.com\/wp-content\/uploads\/2025\/11\/photo_4929225857457392390_y-1024x768.jpg 1024w, https:\/\/alcaldiaalbertoadriani.com\/wp-content\/uploads\/2025\/11\/photo_4929225857457392390_y-980x735.jpg 980w, https:\/\/alcaldiaalbertoadriani.com\/wp-content\/uploads\/2025\/11\/photo_4929225857457392390_y-480x360.jpg 480w\" sizes=\"auto, (min-width: 0px) and (max-width: 480px) 480px, (min-width: 481px) and (max-width: 980px) 980px, (min-width: 981px) 1024px, 100vw\" \/><\/figure>\n<\/figure>\n\n\n\n<p>El alcalde hizo un llamado a los habitantes y quienes transitan hacia los sectores como Km. 48, 49 y El Taparo, tomar las previsiones necesarias y utilizar v\u00edas alternas para acceder mientras duren las labores de reemplazo de la estructura.<\/p>\n\n\n\n<p>Por su parte, Julio Uzc\u00e1tegui, jefe de Obras P\u00fablicas a cargo de la ejecuci\u00f3n, explic\u00f3 los detalles t\u00e9cnicos de la obra. \u201cEl trabajo comprende la conformaci\u00f3n y nivelaci\u00f3n de la calzada mediante el uso de la m\u00e1quina retroexcavador para hacer la base donde ser\u00e1n colocadas las tuber\u00edas de concreto de 20 pulgadas, puesto que, las existentes eran de lata y estaban corro\u00eddas, totalmente colapsadas.\u201d<\/p>\n\n\n\n<p>Detall\u00f3 que se har\u00e1 el reemplazo de esas tuber\u00edas para la canalizaci\u00f3n de las aguas pluviales. \u201cLa obra culminar\u00e1 con la conformaci\u00f3n, compactaci\u00f3n de la calzada, y luego la colocaci\u00f3n de un pavimento r\u00edgido para dar garant\u00eda de durabilidad de los tubos y un tr\u00e1nsito libre\u201d, finaliz\u00f3. <strong><em>Prensa Alcald\u00eda Alberto Adriani\/ Claribel Zambrano CNP: 11.843\/ Fotos: Karla M\u00e1rquez.<\/em><\/strong><\/p>\n\n\n\n<figure class=\"wp-block-gallery has-nested-images columns-default is-cropped wp-block-gallery-2 is-layout-flex wp-block-gallery-is-layout-flex\">\n<figure class=\"wp-block-image size-large\"><img loading=\"lazy\" decoding=\"async\" width=\"1024\" height=\"768\" data-id=\"13378\" src=\"https:\/\/alcaldiaalbertoadriani.com\/wp-content\/uploads\/2025\/11\/photo_4929225857457392389_y-1024x768.jpg\" alt=\"\" class=\"wp-image-13378\" srcset=\"https:\/\/alcaldiaalbertoadriani.com\/wp-content\/uploads\/2025\/11\/photo_4929225857457392389_y-1024x768.jpg 1024w, https:\/\/alcaldiaalbertoadriani.com\/wp-content\/uploads\/2025\/11\/photo_4929225857457392389_y-980x735.jpg 980w, https:\/\/alcaldiaalbertoadriani.com\/wp-content\/uploads\/2025\/11\/photo_4929225857457392389_y-480x360.jpg 480w\" sizes=\"auto, (min-width: 0px) and (max-width: 480px) 480px, (min-width: 481px) and (max-width: 980px) 980px, (min-width: 981px) 1024px, 100vw\" \/><\/figure>\n<\/figure>\n","protected":false},"excerpt":{"rendered":"<p>La gesti\u00f3n del alcalde de Alberto Adriani, Lisandro Segura a trav\u00e9s de la Gerencia de Ingenier\u00eda y Planeamiento Urbano Local (Gipul), inici\u00f3 los trabajos de reparaci\u00f3n y sustituci\u00f3n total de [&hellip;]<\/p>\n","protected":false},"author":2,"featured_media":13376,"comment_status":"open","ping_status":"closed","sticky":false,"template":"","format":"standard","meta":{"_et_pb_use_builder":"off","_et_pb_old_content":"","_et_gb_content_width":"","footnotes":""},"categories":[341,197,25],"tags":[31,11,12,15,761,30,29,28],"class_list":["post-13375","post","type-post","status-publish","format-standard","has-post-thumbnail","hentry","category-alcaldia-alberto-adriani","category-gipul","category-nuestro-municipio","tag-alcalde","tag-alcaldia","tag-alcaldiaalbertoadriani","tag-elvigia","tag-encrucijadadeprogreso","tag-lisandrosegura","tag-municipioquenosmerecemos","tag-porelrenacer"],"yoast_head":"<!-- This site is optimized with the Yoast SEO plugin v19.13 - https:\/\/yoast.com\/wordpress\/plugins\/seo\/ -->\n<title>Gesti\u00f3n de Lisandro Segura inicia reparaci\u00f3n de alcantarilla<\/title>\n<meta name=\"description\" content=\"Gesti\u00f3n de Lisandro Segura inicia reparaci\u00f3n y sustituci\u00f3n de alcantarilla en la v\u00eda hacia Km. 48 y 49 parroquia Romulo Betancourt\" \/>\n<meta name=\"robots\" content=\"index, follow, max-snippet:-1, max-image-preview:large, max-video-preview:-1\" \/>\n<link rel=\"canonical\" href=\"https:\/\/alcaldiaalbertoadriani.com\/?p=13375\" \/>\n<meta property=\"og:locale\" content=\"es_ES\" \/>\n<meta property=\"og:type\" content=\"article\" \/>\n<meta property=\"og:title\" content=\"Gesti\u00f3n de Lisandro Segura inicia reparaci\u00f3n de alcantarilla\" \/>\n<meta property=\"og:description\" content=\"Gesti\u00f3n de Lisandro Segura inicia reparaci\u00f3n y sustituci\u00f3n de alcantarilla en la v\u00eda hacia Km. 48 y 49 parroquia Romulo Betancourt\" \/>\n<meta property=\"og:url\" content=\"https:\/\/alcaldiaalbertoadriani.com\/?p=13375\" \/>\n<meta property=\"og:site_name\" content=\"Alcaldia Alberto Adriani\" \/>\n<meta property=\"article:published_time\" content=\"2025-11-06T19:44:29+00:00\" \/>\n<meta property=\"article:modified_time\" content=\"2025-11-06T19:44:38+00:00\" \/>\n<meta property=\"og:image\" content=\"https:\/\/alcaldiaalbertoadriani.com\/wp-content\/uploads\/2025\/11\/photo_4929225857457392392_y.jpg\" \/>\n\t<meta property=\"og:image:width\" content=\"1280\" \/>\n\t<meta property=\"og:image:height\" content=\"960\" \/>\n\t<meta property=\"og:image:type\" content=\"image\/jpeg\" \/>\n<meta name=\"author\" content=\"Prensa\" \/>\n<meta name=\"twitter:card\" content=\"summary_large_image\" \/>\n<meta name=\"twitter:label1\" content=\"Escrito por\" \/>\n\t<meta name=\"twitter:data1\" content=\"Prensa\" \/>\n\t<meta name=\"twitter:label2\" content=\"Tiempo de lectura\" \/>\n\t<meta name=\"twitter:data2\" content=\"2 minutos\" \/>\n<script type=\"application\/ld+json\" class=\"yoast-schema-graph\">{\"@context\":\"https:\/\/schema.org\",\"@graph\":[{\"@type\":\"WebPage\",\"@id\":\"https:\/\/alcaldiaalbertoadriani.com\/?p=13375\",\"url\":\"https:\/\/alcaldiaalbertoadriani.com\/?p=13375\",\"name\":\"Gesti\u00f3n de Lisandro Segura inicia reparaci\u00f3n de alcantarilla\",\"isPartOf\":{\"@id\":\"https:\/\/alcaldiaalbertoadriani.com\/#website\"},\"datePublished\":\"2025-11-06T19:44:29+00:00\",\"dateModified\":\"2025-11-06T19:44:38+00:00\",\"author\":{\"@id\":\"https:\/\/alcaldiaalbertoadriani.com\/#\/schema\/person\/549b4483ff8999ac780deeea78795fc9\"},\"description\":\"Gesti\u00f3n de Lisandro Segura inicia reparaci\u00f3n y sustituci\u00f3n de alcantarilla en la v\u00eda hacia Km. 48 y 49 parroquia Romulo Betancourt\",\"breadcrumb\":{\"@id\":\"https:\/\/alcaldiaalbertoadriani.com\/?p=13375#breadcrumb\"},\"inLanguage\":\"es\",\"potentialAction\":[{\"@type\":\"ReadAction\",\"target\":[\"https:\/\/alcaldiaalbertoadriani.com\/?p=13375\"]}]},{\"@type\":\"BreadcrumbList\",\"@id\":\"https:\/\/alcaldiaalbertoadriani.com\/?p=13375#breadcrumb\",\"itemListElement\":[{\"@type\":\"ListItem\",\"position\":1,\"name\":\"Portada\",\"item\":\"https:\/\/alcaldiaalbertoadriani.com\/\"},{\"@type\":\"ListItem\",\"position\":2,\"name\":\"Gesti\u00f3n de Lisandro Segura inicia reparaci\u00f3n y sustituci\u00f3n de alcantarilla en la v\u00eda hacia Km. 48 y 49\"}]},{\"@type\":\"WebSite\",\"@id\":\"https:\/\/alcaldiaalbertoadriani.com\/#website\",\"url\":\"https:\/\/alcaldiaalbertoadriani.com\/\",\"name\":\"Alcaldia Alberto Adriani\",\"description\":\"\",\"potentialAction\":[{\"@type\":\"SearchAction\",\"target\":{\"@type\":\"EntryPoint\",\"urlTemplate\":\"https:\/\/alcaldiaalbertoadriani.com\/?s={search_term_string}\"},\"query-input\":\"required name=search_term_string\"}],\"inLanguage\":\"es\"},{\"@type\":\"Person\",\"@id\":\"https:\/\/alcaldiaalbertoadriani.com\/#\/schema\/person\/549b4483ff8999ac780deeea78795fc9\",\"name\":\"Prensa\",\"image\":{\"@type\":\"ImageObject\",\"inLanguage\":\"es\",\"@id\":\"https:\/\/alcaldiaalbertoadriani.com\/#\/schema\/person\/image\/\",\"url\":\"https:\/\/secure.gravatar.com\/avatar\/ea1cb567ea992a29627f4eee1c2eb185ec16decec6342d508fdf18dedb56c9de?s=96&d=mm&r=g\",\"contentUrl\":\"https:\/\/secure.gravatar.com\/avatar\/ea1cb567ea992a29627f4eee1c2eb185ec16decec6342d508fdf18dedb56c9de?s=96&d=mm&r=g\",\"caption\":\"Prensa\"},\"url\":\"https:\/\/alcaldiaalbertoadriani.com\/?author=2\"}]}<\/script>\n<!-- \/ Yoast SEO plugin. -->","yoast_head_json":{"title":"Gesti\u00f3n de Lisandro Segura inicia reparaci\u00f3n de alcantarilla","description":"Gesti\u00f3n de Lisandro Segura inicia reparaci\u00f3n y sustituci\u00f3n de alcantarilla en la v\u00eda hacia Km. 48 y 49 parroquia Romulo Betancourt","robots":{"index":"index","follow":"follow","max-snippet":"max-snippet:-1","max-image-preview":"max-image-preview:large","max-video-preview":"max-video-preview:-1"},"canonical":"https:\/\/alcaldiaalbertoadriani.com\/?p=13375","og_locale":"es_ES","og_type":"article","og_title":"Gesti\u00f3n de Lisandro Segura inicia reparaci\u00f3n de alcantarilla","og_description":"Gesti\u00f3n de Lisandro Segura inicia reparaci\u00f3n y sustituci\u00f3n de alcantarilla en la v\u00eda hacia Km. 48 y 49 parroquia Romulo Betancourt","og_url":"https:\/\/alcaldiaalbertoadriani.com\/?p=13375","og_site_name":"Alcaldia Alberto Adriani","article_published_time":"2025-11-06T19:44:29+00:00","article_modified_time":"2025-11-06T19:44:38+00:00","og_image":[{"width":1280,"height":960,"url":"https:\/\/alcaldiaalbertoadriani.com\/wp-content\/uploads\/2025\/11\/photo_4929225857457392392_y.jpg","type":"image\/jpeg"}],"author":"Prensa","twitter_card":"summary_large_image","twitter_misc":{"Escrito por":"Prensa","Tiempo de lectura":"2 minutos"},"schema":{"@context":"https:\/\/schema.org","@graph":[{"@type":"WebPage","@id":"https:\/\/alcaldiaalbertoadriani.com\/?p=13375","url":"https:\/\/alcaldiaalbertoadriani.com\/?p=13375","name":"Gesti\u00f3n de Lisandro Segura inicia reparaci\u00f3n de alcantarilla","isPartOf":{"@id":"https:\/\/alcaldiaalbertoadriani.com\/#website"},"datePublished":"2025-11-06T19:44:29+00:00","dateModified":"2025-11-06T19:44:38+00:00","author":{"@id":"https:\/\/alcaldiaalbertoadriani.com\/#\/schema\/person\/549b4483ff8999ac780deeea78795fc9"},"description":"Gesti\u00f3n de Lisandro Segura inicia reparaci\u00f3n y sustituci\u00f3n de alcantarilla en la v\u00eda hacia Km. 48 y 49 parroquia Romulo Betancourt","breadcrumb":{"@id":"https:\/\/alcaldiaalbertoadriani.com\/?p=13375#breadcrumb"},"inLanguage":"es","potentialAction":[{"@type":"ReadAction","target":["https:\/\/alcaldiaalbertoadriani.com\/?p=13375"]}]},{"@type":"BreadcrumbList","@id":"https:\/\/alcaldiaalbertoadriani.com\/?p=13375#breadcrumb","itemListElement":[{"@type":"ListItem","position":1,"name":"Portada","item":"https:\/\/alcaldiaalbertoadriani.com\/"},{"@type":"ListItem","position":2,"name":"Gesti\u00f3n de Lisandro Segura inicia reparaci\u00f3n y sustituci\u00f3n de alcantarilla en la v\u00eda hacia Km. 48 y 49"}]},{"@type":"WebSite","@id":"https:\/\/alcaldiaalbertoadriani.com\/#website","url":"https:\/\/alcaldiaalbertoadriani.com\/","name":"Alcaldia Alberto Adriani","description":"","potentialAction":[{"@type":"SearchAction","target":{"@type":"EntryPoint","urlTemplate":"https:\/\/alcaldiaalbertoadriani.com\/?s={search_term_string}"},"query-input":"required name=search_term_string"}],"inLanguage":"es"},{"@type":"Person","@id":"https:\/\/alcaldiaalbertoadriani.com\/#\/schema\/person\/549b4483ff8999ac780deeea78795fc9","name":"Prensa","image":{"@type":"ImageObject","inLanguage":"es","@id":"https:\/\/alcaldiaalbertoadriani.com\/#\/schema\/person\/image\/","url":"https:\/\/secure.gravatar.com\/avatar\/ea1cb567ea992a29627f4eee1c2eb185ec16decec6342d508fdf18dedb56c9de?s=96&d=mm&r=g","contentUrl":"https:\/\/secure.gravatar.com\/avatar\/ea1cb567ea992a29627f4eee1c2eb185ec16decec6342d508fdf18dedb56c9de?s=96&d=mm&r=g","caption":"Prensa"},"url":"https:\/\/alcaldiaalbertoadriani.com\/?author=2"}]}},"_links":{"self":[{"href":"https:\/\/alcaldiaalbertoadriani.com\/index.php?rest_route=\/wp\/v2\/posts\/13375","targetHints":{"allow":["GET"]}}],"collection":[{"href":"https:\/\/alcaldiaalbertoadriani.com\/index.php?rest_route=\/wp\/v2\/posts"}],"about":[{"href":"https:\/\/alcaldiaalbertoadriani.com\/index.php?rest_route=\/wp\/v2\/types\/post"}],"author":[{"embeddable":true,"href":"https:\/\/alcaldiaalbertoadriani.com\/index.php?rest_route=\/wp\/v2\/users\/2"}],"replies":[{"embeddable":true,"href":"https:\/\/alcaldiaalbertoadriani.com\/index.php?rest_route=%2Fwp%2Fv2%2Fcomments&post=13375"}],"version-history":[{"count":1,"href":"https:\/\/alcaldiaalbertoadriani.com\/index.php?rest_route=\/wp\/v2\/posts\/13375\/revisions"}],"predecessor-version":[{"id":13379,"href":"https:\/\/alcaldiaalbertoadriani.com\/index.php?rest_route=\/wp\/v2\/posts\/13375\/revisions\/13379"}],"wp:featuredmedia":[{"embeddable":true,"href":"https:\/\/alcaldiaalbertoadriani.com\/index.php?rest_route=\/wp\/v2\/media\/13376"}],"wp:attachment":[{"href":"https:\/\/alcaldiaalbertoadriani.com\/index.php?rest_route=%2Fwp%2Fv2%2Fmedia&parent=13375"}],"wp:term":[{"taxonomy":"category","embeddable":true,"href":"https:\/\/alcaldiaalbertoadriani.com\/index.php?rest_route=%2Fwp%2Fv2%2Fcategories&post=13375"},{"taxonomy":"post_tag","embeddable":true,"href":"https:\/\/alcaldiaalbertoadriani.com\/index.php?rest_route=%2Fwp%2Fv2%2Ftags&post=13375"}],"curies":[{"name":"wp","href":"https:\/\/api.w.org\/{rel}","templated":true}]}}