{"id":13370,"date":"2025-11-06T19:30:54","date_gmt":"2025-11-06T19:30:54","guid":{"rendered":"https:\/\/alcaldiaalbertoadriani.com\/?p=13370"},"modified":"2025-11-06T19:31:00","modified_gmt":"2025-11-06T19:31:00","slug":"lisandro-segura-anuncia-construccion-de-pozo-profundo","status":"publish","type":"post","link":"https:\/\/alcaldiaalbertoadriani.com\/?p=13370","title":{"rendered":"Lisandro Segura anuncia construcci\u00f3n de pozo profundo y otras obras en su programa radial"},"content":{"rendered":"\n<p>El alcalde <a href=\"https:\/\/www.instagram.com\/lisandrosegura02\/\">Lisandro Segura<\/a>, durante su acostumbrado programa radial transmitido desde la entrada a los sectores El Taparo, Km. 48 y 49, anunci\u00f3 el inicio pr\u00f3ximamente de la construcci\u00f3n del pozo profundo en el sector Kl\u00e9ber Ram\u00edrez de la <a href=\"https:\/\/alcaldiaalbertoadriani.com\/?p=3328\">parroquia R\u00f3mulo Gallegos<\/a>; el asfaltado para calles cr\u00edticas en el barrio Bol\u00edvar, entre otras obras. Le acompa\u00f1aron Eligia Jactiva, directora General y Evaristo Contreras, concejal de la parroquia.<\/p>\n\n\n\n<p>El burgomaestre inform\u00f3 que este mi\u00e9rcoles dio inicio a la reparaci\u00f3n de las alcantarillas en la entrada de la v\u00eda de acceso hacia los sectores El Taparo, Km 48 y 49 de la <a href=\"https:\/\/alcaldiaalbertoadriani.com\/?p=2519\">parroquia R\u00f3mulo Betancourt<\/a>. \u201cDebido a que las alcantarillas estaban colapsadas y dificultaban el tr\u00e1nsito hacia estos sectores agr\u00edcolas, iniciamos con la canalizaci\u00f3n de las aguas pluviales mediante el uso de maquinaria tipo retroexcavadora y la colocaci\u00f3n de tuber\u00edas de concreto de 20 pulgadas de di\u00e1metro\u201d.<\/p>\n\n\n\n<p>Anunci\u00f3 el inicio de la construcci\u00f3n en los pr\u00f3ximos d\u00edas del pozo profundo para las comunidades Kl\u00e9ber Ram\u00edrez y Colinas Pony de la parroquia R\u00f3mulo Gallegos. \u201cUna vez cumplidas con las metas de recaudaci\u00f3n, iniciaremos la primera etapa del pozo profundo y para el pr\u00f3ximo a\u00f1o ser\u00eda el equipamiento del mismo y la construcci\u00f3n del tanque de almacenamiento de agua\u201d, detall\u00f3.<\/p>\n\n\n\n<p>En otro punto de la agenda, el alcalde inform\u00f3 que ya consign\u00f3 ante el <a href=\"https:\/\/alcaldiaalbertoadriani.com\/?cat=136\">Concejo Municipal<\/a> el proyecto de Ordenanza de Presupuesto 2026 para su revisi\u00f3n y aprobaci\u00f3n. Explic\u00f3 que este documento contempla recursos para la promoci\u00f3n del turismo en el municipio y de la marca ciudad \u201cEl Vig\u00eda, Encrucijada de Progreso\u201d.<\/p>\n\n\n\n<p>Tambi\u00e9n, el asfaltado, actividades deportivas \u2013incluyendo el complejo de La Conquista y La Blanca\u2013, cultura, infraestructura y programas de emprendimiento que estar\u00e1 vinculado al Plan Siembra del programa de Becas Carlos Andr\u00e9s P\u00e9rez.<\/p>\n\n\n\n<p>El presupuesto tambi\u00e9n prev\u00e9 la adquisici\u00f3n de maquinaria pesada (tipo jumbo, payloader, entre otros), cemento y premezclados para fortalecer las v\u00edas rurales y proyectos de alumbrado p\u00fablico. \u201cEs un presupuesto que prioriza la inversi\u00f3n social\u201d, dijo.<\/p>\n\n\n\n<p>Asimismo, Segura reiter\u00f3 que sigue el plan de asfaltado en la Zona Industrial y anunci\u00f3 que para la pr\u00f3xima semana asfaltar\u00e1 las calles cr\u00edticas del barrio Bol\u00edvar. Posteriormente, el plan se dirigir\u00e1 hacia las avenidas Don Pepe Rojas, Bol\u00edvar, la 15 y cerrar\u00e1 el a\u00f1o en el sector Parque Chama II. Manifest\u00f3 que avanza la recuperaci\u00f3n del Parque La Guacamaya.<\/p>\n\n\n\n<p>Otras obras anunciadas para la pr\u00f3xima semana incluyen el inicio de las aceras y brocales en el sector Monte Verde, as\u00ed como la terminaci\u00f3n y colocaci\u00f3n de los estribos del puente en Quebrada Blanca, en la v\u00eda que conduce hacia Las Adjuntas en la parroquia H\u00e9ctor Amable Mora. Adem\u00e1s, ejecutar\u00e1 los drenajes de aguas pluviales en el Km. 48. <strong><em>Prensa Alcald\u00eda Alberto Adriani\/ Claribel Zambrano CNP: 11.843\/ Fotos: Karla M\u00e1rquez.<\/em><\/strong><\/p>\n","protected":false},"excerpt":{"rendered":"<p>El alcalde Lisandro Segura, durante su acostumbrado programa radial transmitido desde la entrada a los sectores El Taparo, Km. 48 y 49, anunci\u00f3 el inicio pr\u00f3ximamente de la construcci\u00f3n del [&hellip;]<\/p>\n","protected":false},"author":2,"featured_media":13371,"comment_status":"open","ping_status":"closed","sticky":false,"template":"","format":"standard","meta":{"_et_pb_use_builder":"off","_et_pb_old_content":"","_et_gb_content_width":"","footnotes":""},"categories":[341,1064,222,25],"tags":[31,11,12,15,761,30,29,28],"class_list":["post-13370","post","type-post","status-publish","format-standard","has-post-thumbnail","hentry","category-alcaldia-alberto-adriani","category-asfaltado","category-conversando-con-lisandro","category-nuestro-municipio","tag-alcalde","tag-alcaldia","tag-alcaldiaalbertoadriani","tag-elvigia","tag-encrucijadadeprogreso","tag-lisandrosegura","tag-municipioquenosmerecemos","tag-porelrenacer"],"yoast_head":"<!-- This site is optimized with the Yoast SEO plugin v19.13 - https:\/\/yoast.com\/wordpress\/plugins\/seo\/ -->\n<title>Lisandro Segura anuncia construcci\u00f3n de pozo profundo<\/title>\n<meta name=\"description\" content=\"Lisandro Segura anuncia construcci\u00f3n de pozo profundo y otras obras en su programa radial conversando con Lisandro\" \/>\n<meta name=\"robots\" content=\"index, follow, max-snippet:-1, max-image-preview:large, max-video-preview:-1\" \/>\n<link rel=\"canonical\" href=\"https:\/\/alcaldiaalbertoadriani.com\/?p=13370\" \/>\n<meta property=\"og:locale\" content=\"es_ES\" \/>\n<meta property=\"og:type\" content=\"article\" \/>\n<meta property=\"og:title\" content=\"Lisandro Segura anuncia construcci\u00f3n de pozo profundo\" \/>\n<meta property=\"og:description\" content=\"Lisandro Segura anuncia construcci\u00f3n de pozo profundo y otras obras en su programa radial conversando con Lisandro\" \/>\n<meta property=\"og:url\" content=\"https:\/\/alcaldiaalbertoadriani.com\/?p=13370\" \/>\n<meta property=\"og:site_name\" content=\"Alcaldia Alberto Adriani\" \/>\n<meta property=\"article:published_time\" content=\"2025-11-06T19:30:54+00:00\" \/>\n<meta property=\"article:modified_time\" content=\"2025-11-06T19:31:00+00:00\" \/>\n<meta property=\"og:image\" content=\"https:\/\/alcaldiaalbertoadriani.com\/wp-content\/uploads\/2025\/11\/photo_4929225857457392388_y.jpg\" \/>\n\t<meta property=\"og:image:width\" content=\"1280\" \/>\n\t<meta property=\"og:image:height\" content=\"960\" \/>\n\t<meta property=\"og:image:type\" content=\"image\/jpeg\" \/>\n<meta name=\"author\" content=\"Prensa\" \/>\n<meta name=\"twitter:card\" content=\"summary_large_image\" \/>\n<meta name=\"twitter:label1\" content=\"Escrito por\" \/>\n\t<meta name=\"twitter:data1\" content=\"Prensa\" \/>\n\t<meta name=\"twitter:label2\" content=\"Tiempo de lectura\" \/>\n\t<meta name=\"twitter:data2\" content=\"3 minutos\" \/>\n<script type=\"application\/ld+json\" class=\"yoast-schema-graph\">{\"@context\":\"https:\/\/schema.org\",\"@graph\":[{\"@type\":\"WebPage\",\"@id\":\"https:\/\/alcaldiaalbertoadriani.com\/?p=13370\",\"url\":\"https:\/\/alcaldiaalbertoadriani.com\/?p=13370\",\"name\":\"Lisandro Segura anuncia construcci\u00f3n de pozo profundo\",\"isPartOf\":{\"@id\":\"https:\/\/alcaldiaalbertoadriani.com\/#website\"},\"datePublished\":\"2025-11-06T19:30:54+00:00\",\"dateModified\":\"2025-11-06T19:31:00+00:00\",\"author\":{\"@id\":\"https:\/\/alcaldiaalbertoadriani.com\/#\/schema\/person\/549b4483ff8999ac780deeea78795fc9\"},\"description\":\"Lisandro Segura anuncia construcci\u00f3n de pozo profundo y otras obras en su programa radial conversando con Lisandro\",\"breadcrumb\":{\"@id\":\"https:\/\/alcaldiaalbertoadriani.com\/?p=13370#breadcrumb\"},\"inLanguage\":\"es\",\"potentialAction\":[{\"@type\":\"ReadAction\",\"target\":[\"https:\/\/alcaldiaalbertoadriani.com\/?p=13370\"]}]},{\"@type\":\"BreadcrumbList\",\"@id\":\"https:\/\/alcaldiaalbertoadriani.com\/?p=13370#breadcrumb\",\"itemListElement\":[{\"@type\":\"ListItem\",\"position\":1,\"name\":\"Portada\",\"item\":\"https:\/\/alcaldiaalbertoadriani.com\/\"},{\"@type\":\"ListItem\",\"position\":2,\"name\":\"Lisandro Segura anuncia construcci\u00f3n de pozo profundo y otras obras en su programa radial\"}]},{\"@type\":\"WebSite\",\"@id\":\"https:\/\/alcaldiaalbertoadriani.com\/#website\",\"url\":\"https:\/\/alcaldiaalbertoadriani.com\/\",\"name\":\"Alcaldia Alberto Adriani\",\"description\":\"\",\"potentialAction\":[{\"@type\":\"SearchAction\",\"target\":{\"@type\":\"EntryPoint\",\"urlTemplate\":\"https:\/\/alcaldiaalbertoadriani.com\/?s={search_term_string}\"},\"query-input\":\"required name=search_term_string\"}],\"inLanguage\":\"es\"},{\"@type\":\"Person\",\"@id\":\"https:\/\/alcaldiaalbertoadriani.com\/#\/schema\/person\/549b4483ff8999ac780deeea78795fc9\",\"name\":\"Prensa\",\"image\":{\"@type\":\"ImageObject\",\"inLanguage\":\"es\",\"@id\":\"https:\/\/alcaldiaalbertoadriani.com\/#\/schema\/person\/image\/\",\"url\":\"https:\/\/secure.gravatar.com\/avatar\/ea1cb567ea992a29627f4eee1c2eb185ec16decec6342d508fdf18dedb56c9de?s=96&d=mm&r=g\",\"contentUrl\":\"https:\/\/secure.gravatar.com\/avatar\/ea1cb567ea992a29627f4eee1c2eb185ec16decec6342d508fdf18dedb56c9de?s=96&d=mm&r=g\",\"caption\":\"Prensa\"},\"url\":\"https:\/\/alcaldiaalbertoadriani.com\/?author=2\"}]}<\/script>\n<!-- \/ Yoast SEO plugin. -->","yoast_head_json":{"title":"Lisandro Segura anuncia construcci\u00f3n de pozo profundo","description":"Lisandro Segura anuncia construcci\u00f3n de pozo profundo y otras obras en su programa radial conversando con Lisandro","robots":{"index":"index","follow":"follow","max-snippet":"max-snippet:-1","max-image-preview":"max-image-preview:large","max-video-preview":"max-video-preview:-1"},"canonical":"https:\/\/alcaldiaalbertoadriani.com\/?p=13370","og_locale":"es_ES","og_type":"article","og_title":"Lisandro Segura anuncia construcci\u00f3n de pozo profundo","og_description":"Lisandro Segura anuncia construcci\u00f3n de pozo profundo y otras obras en su programa radial conversando con Lisandro","og_url":"https:\/\/alcaldiaalbertoadriani.com\/?p=13370","og_site_name":"Alcaldia Alberto Adriani","article_published_time":"2025-11-06T19:30:54+00:00","article_modified_time":"2025-11-06T19:31:00+00:00","og_image":[{"width":1280,"height":960,"url":"https:\/\/alcaldiaalbertoadriani.com\/wp-content\/uploads\/2025\/11\/photo_4929225857457392388_y.jpg","type":"image\/jpeg"}],"author":"Prensa","twitter_card":"summary_large_image","twitter_misc":{"Escrito por":"Prensa","Tiempo de lectura":"3 minutos"},"schema":{"@context":"https:\/\/schema.org","@graph":[{"@type":"WebPage","@id":"https:\/\/alcaldiaalbertoadriani.com\/?p=13370","url":"https:\/\/alcaldiaalbertoadriani.com\/?p=13370","name":"Lisandro Segura anuncia construcci\u00f3n de pozo profundo","isPartOf":{"@id":"https:\/\/alcaldiaalbertoadriani.com\/#website"},"datePublished":"2025-11-06T19:30:54+00:00","dateModified":"2025-11-06T19:31:00+00:00","author":{"@id":"https:\/\/alcaldiaalbertoadriani.com\/#\/schema\/person\/549b4483ff8999ac780deeea78795fc9"},"description":"Lisandro Segura anuncia construcci\u00f3n de pozo profundo y otras obras en su programa radial conversando con Lisandro","breadcrumb":{"@id":"https:\/\/alcaldiaalbertoadriani.com\/?p=13370#breadcrumb"},"inLanguage":"es","potentialAction":[{"@type":"ReadAction","target":["https:\/\/alcaldiaalbertoadriani.com\/?p=13370"]}]},{"@type":"BreadcrumbList","@id":"https:\/\/alcaldiaalbertoadriani.com\/?p=13370#breadcrumb","itemListElement":[{"@type":"ListItem","position":1,"name":"Portada","item":"https:\/\/alcaldiaalbertoadriani.com\/"},{"@type":"ListItem","position":2,"name":"Lisandro Segura anuncia construcci\u00f3n de pozo profundo y otras obras en su programa radial"}]},{"@type":"WebSite","@id":"https:\/\/alcaldiaalbertoadriani.com\/#website","url":"https:\/\/alcaldiaalbertoadriani.com\/","name":"Alcaldia Alberto Adriani","description":"","potentialAction":[{"@type":"SearchAction","target":{"@type":"EntryPoint","urlTemplate":"https:\/\/alcaldiaalbertoadriani.com\/?s={search_term_string}"},"query-input":"required name=search_term_string"}],"inLanguage":"es"},{"@type":"Person","@id":"https:\/\/alcaldiaalbertoadriani.com\/#\/schema\/person\/549b4483ff8999ac780deeea78795fc9","name":"Prensa","image":{"@type":"ImageObject","inLanguage":"es","@id":"https:\/\/alcaldiaalbertoadriani.com\/#\/schema\/person\/image\/","url":"https:\/\/secure.gravatar.com\/avatar\/ea1cb567ea992a29627f4eee1c2eb185ec16decec6342d508fdf18dedb56c9de?s=96&d=mm&r=g","contentUrl":"https:\/\/secure.gravatar.com\/avatar\/ea1cb567ea992a29627f4eee1c2eb185ec16decec6342d508fdf18dedb56c9de?s=96&d=mm&r=g","caption":"Prensa"},"url":"https:\/\/alcaldiaalbertoadriani.com\/?author=2"}]}},"_links":{"self":[{"href":"https:\/\/alcaldiaalbertoadriani.com\/index.php?rest_route=\/wp\/v2\/posts\/13370","targetHints":{"allow":["GET"]}}],"collection":[{"href":"https:\/\/alcaldiaalbertoadriani.com\/index.php?rest_route=\/wp\/v2\/posts"}],"about":[{"href":"https:\/\/alcaldiaalbertoadriani.com\/index.php?rest_route=\/wp\/v2\/types\/post"}],"author":[{"embeddable":true,"href":"https:\/\/alcaldiaalbertoadriani.com\/index.php?rest_route=\/wp\/v2\/users\/2"}],"replies":[{"embeddable":true,"href":"https:\/\/alcaldiaalbertoadriani.com\/index.php?rest_route=%2Fwp%2Fv2%2Fcomments&post=13370"}],"version-history":[{"count":1,"href":"https:\/\/alcaldiaalbertoadriani.com\/index.php?rest_route=\/wp\/v2\/posts\/13370\/revisions"}],"predecessor-version":[{"id":13372,"href":"https:\/\/alcaldiaalbertoadriani.com\/index.php?rest_route=\/wp\/v2\/posts\/13370\/revisions\/13372"}],"wp:featuredmedia":[{"embeddable":true,"href":"https:\/\/alcaldiaalbertoadriani.com\/index.php?rest_route=\/wp\/v2\/media\/13371"}],"wp:attachment":[{"href":"https:\/\/alcaldiaalbertoadriani.com\/index.php?rest_route=%2Fwp%2Fv2%2Fmedia&parent=13370"}],"wp:term":[{"taxonomy":"category","embeddable":true,"href":"https:\/\/alcaldiaalbertoadriani.com\/index.php?rest_route=%2Fwp%2Fv2%2Fcategories&post=13370"},{"taxonomy":"post_tag","embeddable":true,"href":"https:\/\/alcaldiaalbertoadriani.com\/index.php?rest_route=%2Fwp%2Fv2%2Ftags&post=13370"}],"curies":[{"name":"wp","href":"https:\/\/api.w.org\/{rel}","templated":true}]}}