{"id":1336,"date":"2022-11-21T21:08:14","date_gmt":"2022-11-21T21:08:14","guid":{"rendered":"https:\/\/alcaldiaalbertoadriani.com\/?p=1336"},"modified":"2022-11-22T19:12:37","modified_gmt":"2022-11-22T19:12:37","slug":"parrandon-navideno-los-naranjos","status":"publish","type":"post","link":"https:\/\/alcaldiaalbertoadriani.com\/?p=1336","title":{"rendered":"Poblaci\u00f3n de Los Naranjos deslumbr\u00f3 en el sexto Parrand\u00f3n Navide\u00f1o"},"content":{"rendered":"\n<p><em><strong>Fusi\u00f3n de las culturas de los estados M\u00e9rida y Zulia fue parte de lo que se apreci\u00f3 durante el sexto Parrand\u00f3n Navide\u00f1o en Los Naranjos<\/strong><\/em><\/p>\n\n\n<div class=\"wp-block-post-excerpt\"><p class=\"wp-block-post-excerpt__excerpt\">El viernes 18 de noviembre, la poblaci\u00f3n de Los Naranjos de la parroquia Jos\u00e9 Nucete Sardi deslumbr\u00f3 y derroch\u00f3 talento durante la celebraci\u00f3n del sexto Parrand\u00f3n Navide\u00f1o que vienen organizando la alcald\u00eda de Alberto Adriani, dirigido por el alcalde Lisandro Segura y las comunidades de las diferentes parroquias. <\/p><\/div>\n\n\n<p>Un popurr\u00ed que incluy\u00f3 gaitas, villancicos, parranda y aguinaldos, sirvi\u00f3 para la puesta en escena e iniciar con un musical en homenaje a la Virgen de La Chinita y evocar las tradiciones m\u00e1s bonitas de la navidad venezolana.<\/p>\n\n\n\n<p>La participaci\u00f3n especial de ni\u00f1os, mujeres y hombres de la comunidad de los Naranjos, demostraron la calidez que los caracteriza. Entre las actuaciones presentadas al p\u00fablico espectador destacaron el pesebre viviente, personificado por los ni\u00f1os y la tradicional cena navide\u00f1a venezolana en donde la hallaca y la uni\u00f3n familiar fueron protagonistas.<\/p>\n\n\n\n<!--more-->\n\n\n\n<p>Mucho talento se pudo apreciar durante la noche del sexto Parrand\u00f3n Navide\u00f1o, adem\u00e1s de la fusi\u00f3n de las culturas tanto meride\u00f1a como zuliana.<\/p>\n\n\n\n<p>El evento cont\u00f3 con la participaci\u00f3n estelar de la agrupaci\u00f3n &#8220;Melod\u00eda Navide\u00f1a\u201d y el grupo infantil de la parroquia \u201cLos Serafines\u201d.<\/p>\n\n\n\n<h2 class=\"wp-block-heading\">Participaci\u00f3n activa de la comunidad en el Parrand\u00f3n Navide\u00f1o<\/h2>\n\n\n\n<p>El alcalde Lisandro Segura, en esa fecha especial del d\u00eda de la Chinita, mostr\u00f3 una vez m\u00e1s su satisfacci\u00f3n \u201cpor la participaci\u00f3n activa y sentido de pertenencia de los ciudadanos de cada una de las parroquias, que ha hecho suya esta celebraci\u00f3n, que es una expresi\u00f3n cultural que nos permite renacer nuestras tradiciones\u201d, dijo.<\/p>\n\n\n\n<p>Vale recordar que estos parrandones sirven de integraci\u00f3n social entre el gobierno municipal y su pueblo. Finalmente, acot\u00f3 el alcalde que es el tiempo de \u201cla pol\u00edtica de los resultados, del bien com\u00fan, de los luchadores sociales\u201d. Prensa Alcald\u00eda Alberto Adriani\/Claribel Zambrano CNP: 11.843\/Fotos: Romny Ram\u00edrez.<\/p>\n\n\n\n<figure class=\"wp-block-gallery has-nested-images columns-default is-cropped wp-block-gallery-1 is-layout-flex wp-block-gallery-is-layout-flex\">\n<figure class=\"wp-block-image size-large\"><img loading=\"lazy\" decoding=\"async\" width=\"1024\" height=\"576\" data-id=\"1337\" src=\"https:\/\/alcaldiaalbertoadriani.com\/wp-content\/uploads\/2022\/11\/photo_2022-11-21_16-47-46-1024x576.jpg\" alt=\"\" class=\"wp-image-1337\" srcset=\"https:\/\/alcaldiaalbertoadriani.com\/wp-content\/uploads\/2022\/11\/photo_2022-11-21_16-47-46-1024x576.jpg 1024w, https:\/\/alcaldiaalbertoadriani.com\/wp-content\/uploads\/2022\/11\/photo_2022-11-21_16-47-46-980x551.jpg 980w, https:\/\/alcaldiaalbertoadriani.com\/wp-content\/uploads\/2022\/11\/photo_2022-11-21_16-47-46-480x270.jpg 480w\" sizes=\"auto, (min-width: 0px) and (max-width: 480px) 480px, (min-width: 481px) and (max-width: 980px) 980px, (min-width: 981px) 1024px, 100vw\" \/><\/figure>\n\n\n\n<figure class=\"wp-block-image size-large\"><img loading=\"lazy\" decoding=\"async\" width=\"1024\" height=\"576\" data-id=\"1340\" src=\"https:\/\/alcaldiaalbertoadriani.com\/wp-content\/uploads\/2022\/11\/photo_2022-11-21_16-49-07-1024x576.jpg\" alt=\"\" class=\"wp-image-1340\" srcset=\"https:\/\/alcaldiaalbertoadriani.com\/wp-content\/uploads\/2022\/11\/photo_2022-11-21_16-49-07-1024x576.jpg 1024w, https:\/\/alcaldiaalbertoadriani.com\/wp-content\/uploads\/2022\/11\/photo_2022-11-21_16-49-07-980x551.jpg 980w, https:\/\/alcaldiaalbertoadriani.com\/wp-content\/uploads\/2022\/11\/photo_2022-11-21_16-49-07-480x270.jpg 480w\" sizes=\"auto, (min-width: 0px) and (max-width: 480px) 480px, (min-width: 481px) and (max-width: 980px) 980px, (min-width: 981px) 1024px, 100vw\" \/><\/figure>\n\n\n\n<figure class=\"wp-block-image size-large\"><img loading=\"lazy\" decoding=\"async\" width=\"1024\" height=\"576\" data-id=\"1342\" src=\"https:\/\/alcaldiaalbertoadriani.com\/wp-content\/uploads\/2022\/11\/photo_2022-11-21_16-49-54-1024x576.jpg\" alt=\"\" class=\"wp-image-1342\" srcset=\"https:\/\/alcaldiaalbertoadriani.com\/wp-content\/uploads\/2022\/11\/photo_2022-11-21_16-49-54-1024x576.jpg 1024w, https:\/\/alcaldiaalbertoadriani.com\/wp-content\/uploads\/2022\/11\/photo_2022-11-21_16-49-54-980x551.jpg 980w, https:\/\/alcaldiaalbertoadriani.com\/wp-content\/uploads\/2022\/11\/photo_2022-11-21_16-49-54-480x270.jpg 480w\" sizes=\"auto, (min-width: 0px) and (max-width: 480px) 480px, (min-width: 481px) and (max-width: 980px) 980px, (min-width: 981px) 1024px, 100vw\" \/><\/figure>\n\n\n\n<figure class=\"wp-block-image size-large\"><img loading=\"lazy\" decoding=\"async\" width=\"1024\" height=\"576\" data-id=\"1344\" src=\"https:\/\/alcaldiaalbertoadriani.com\/wp-content\/uploads\/2022\/11\/photo_2022-11-21_16-50-01-1024x576.jpg\" alt=\"\" class=\"wp-image-1344\" srcset=\"https:\/\/alcaldiaalbertoadriani.com\/wp-content\/uploads\/2022\/11\/photo_2022-11-21_16-50-01-1024x576.jpg 1024w, https:\/\/alcaldiaalbertoadriani.com\/wp-content\/uploads\/2022\/11\/photo_2022-11-21_16-50-01-980x551.jpg 980w, https:\/\/alcaldiaalbertoadriani.com\/wp-content\/uploads\/2022\/11\/photo_2022-11-21_16-50-01-480x270.jpg 480w\" sizes=\"auto, (min-width: 0px) and (max-width: 480px) 480px, (min-width: 481px) and (max-width: 980px) 980px, (min-width: 981px) 1024px, 100vw\" \/><\/figure>\n\n\n\n<figure class=\"wp-block-image size-large\"><img loading=\"lazy\" decoding=\"async\" width=\"1024\" height=\"576\" data-id=\"1349\" src=\"https:\/\/alcaldiaalbertoadriani.com\/wp-content\/uploads\/2022\/11\/photo_2022-11-21_16-50-15-1024x576.jpg\" alt=\"\" class=\"wp-image-1349\" srcset=\"https:\/\/alcaldiaalbertoadriani.com\/wp-content\/uploads\/2022\/11\/photo_2022-11-21_16-50-15-1024x576.jpg 1024w, https:\/\/alcaldiaalbertoadriani.com\/wp-content\/uploads\/2022\/11\/photo_2022-11-21_16-50-15-980x551.jpg 980w, https:\/\/alcaldiaalbertoadriani.com\/wp-content\/uploads\/2022\/11\/photo_2022-11-21_16-50-15-480x270.jpg 480w\" sizes=\"auto, (min-width: 0px) and (max-width: 480px) 480px, (min-width: 481px) and (max-width: 980px) 980px, (min-width: 981px) 1024px, 100vw\" \/><\/figure>\n\n\n\n<figure class=\"wp-block-image size-large\"><img loading=\"lazy\" decoding=\"async\" width=\"1024\" height=\"576\" data-id=\"1350\" src=\"https:\/\/alcaldiaalbertoadriani.com\/wp-content\/uploads\/2022\/11\/photo_2022-11-21_16-50-20-1024x576.jpg\" alt=\"\" class=\"wp-image-1350\" srcset=\"https:\/\/alcaldiaalbertoadriani.com\/wp-content\/uploads\/2022\/11\/photo_2022-11-21_16-50-20-1024x576.jpg 1024w, https:\/\/alcaldiaalbertoadriani.com\/wp-content\/uploads\/2022\/11\/photo_2022-11-21_16-50-20-980x551.jpg 980w, https:\/\/alcaldiaalbertoadriani.com\/wp-content\/uploads\/2022\/11\/photo_2022-11-21_16-50-20-480x270.jpg 480w\" sizes=\"auto, (min-width: 0px) and (max-width: 480px) 480px, (min-width: 481px) and (max-width: 980px) 980px, (min-width: 981px) 1024px, 100vw\" \/><\/figure>\n\n\n\n<figure class=\"wp-block-image size-large\"><img loading=\"lazy\" decoding=\"async\" width=\"1024\" height=\"576\" data-id=\"1351\" src=\"https:\/\/alcaldiaalbertoadriani.com\/wp-content\/uploads\/2022\/11\/photo_2022-11-21_16-50-25-1024x576.jpg\" alt=\"\" class=\"wp-image-1351\" srcset=\"https:\/\/alcaldiaalbertoadriani.com\/wp-content\/uploads\/2022\/11\/photo_2022-11-21_16-50-25-1024x576.jpg 1024w, https:\/\/alcaldiaalbertoadriani.com\/wp-content\/uploads\/2022\/11\/photo_2022-11-21_16-50-25-980x551.jpg 980w, https:\/\/alcaldiaalbertoadriani.com\/wp-content\/uploads\/2022\/11\/photo_2022-11-21_16-50-25-480x270.jpg 480w\" sizes=\"auto, (min-width: 0px) and (max-width: 480px) 480px, (min-width: 481px) and (max-width: 980px) 980px, (min-width: 981px) 1024px, 100vw\" \/><\/figure>\n\n\n\n<figure class=\"wp-block-image size-large\"><img loading=\"lazy\" decoding=\"async\" width=\"1024\" height=\"576\" data-id=\"1353\" src=\"https:\/\/alcaldiaalbertoadriani.com\/wp-content\/uploads\/2022\/11\/photo_2022-11-21_16-50-30-1024x576.jpg\" alt=\"\" class=\"wp-image-1353\" srcset=\"https:\/\/alcaldiaalbertoadriani.com\/wp-content\/uploads\/2022\/11\/photo_2022-11-21_16-50-30-1024x576.jpg 1024w, https:\/\/alcaldiaalbertoadriani.com\/wp-content\/uploads\/2022\/11\/photo_2022-11-21_16-50-30-980x551.jpg 980w, https:\/\/alcaldiaalbertoadriani.com\/wp-content\/uploads\/2022\/11\/photo_2022-11-21_16-50-30-480x270.jpg 480w\" sizes=\"auto, (min-width: 0px) and (max-width: 480px) 480px, (min-width: 481px) and (max-width: 980px) 980px, (min-width: 981px) 1024px, 100vw\" \/><\/figure>\n\n\n\n<figure class=\"wp-block-image size-large\"><img loading=\"lazy\" decoding=\"async\" width=\"1024\" height=\"576\" data-id=\"1352\" src=\"https:\/\/alcaldiaalbertoadriani.com\/wp-content\/uploads\/2022\/11\/photo_2022-11-21_16-50-36-1024x576.jpg\" alt=\"\" class=\"wp-image-1352\" srcset=\"https:\/\/alcaldiaalbertoadriani.com\/wp-content\/uploads\/2022\/11\/photo_2022-11-21_16-50-36-1024x576.jpg 1024w, https:\/\/alcaldiaalbertoadriani.com\/wp-content\/uploads\/2022\/11\/photo_2022-11-21_16-50-36-980x551.jpg 980w, https:\/\/alcaldiaalbertoadriani.com\/wp-content\/uploads\/2022\/11\/photo_2022-11-21_16-50-36-480x270.jpg 480w\" sizes=\"auto, (min-width: 0px) and (max-width: 480px) 480px, (min-width: 481px) and (max-width: 980px) 980px, (min-width: 981px) 1024px, 100vw\" \/><\/figure>\n\n\n\n<figure class=\"wp-block-image size-large\"><img loading=\"lazy\" decoding=\"async\" width=\"1024\" height=\"576\" data-id=\"1354\" src=\"https:\/\/alcaldiaalbertoadriani.com\/wp-content\/uploads\/2022\/11\/photo_2022-11-21_16-50-41-1024x576.jpg\" alt=\"\" class=\"wp-image-1354\" srcset=\"https:\/\/alcaldiaalbertoadriani.com\/wp-content\/uploads\/2022\/11\/photo_2022-11-21_16-50-41-1024x576.jpg 1024w, https:\/\/alcaldiaalbertoadriani.com\/wp-content\/uploads\/2022\/11\/photo_2022-11-21_16-50-41-980x551.jpg 980w, https:\/\/alcaldiaalbertoadriani.com\/wp-content\/uploads\/2022\/11\/photo_2022-11-21_16-50-41-480x270.jpg 480w\" sizes=\"auto, (min-width: 0px) and (max-width: 480px) 480px, (min-width: 481px) and (max-width: 980px) 980px, (min-width: 981px) 1024px, 100vw\" \/><\/figure>\n\n\n\n<figure class=\"wp-block-image size-large\"><img loading=\"lazy\" decoding=\"async\" width=\"1024\" height=\"576\" data-id=\"1356\" src=\"https:\/\/alcaldiaalbertoadriani.com\/wp-content\/uploads\/2022\/11\/photo_2022-11-21_16-50-51-1024x576.jpg\" alt=\"\" class=\"wp-image-1356\" srcset=\"https:\/\/alcaldiaalbertoadriani.com\/wp-content\/uploads\/2022\/11\/photo_2022-11-21_16-50-51-1024x576.jpg 1024w, https:\/\/alcaldiaalbertoadriani.com\/wp-content\/uploads\/2022\/11\/photo_2022-11-21_16-50-51-980x551.jpg 980w, https:\/\/alcaldiaalbertoadriani.com\/wp-content\/uploads\/2022\/11\/photo_2022-11-21_16-50-51-480x270.jpg 480w\" sizes=\"auto, (min-width: 0px) and (max-width: 480px) 480px, (min-width: 481px) and (max-width: 980px) 980px, (min-width: 981px) 1024px, 100vw\" \/><\/figure>\n\n\n\n<figure class=\"wp-block-image size-large\"><img loading=\"lazy\" decoding=\"async\" width=\"1024\" height=\"576\" data-id=\"1357\" src=\"https:\/\/alcaldiaalbertoadriani.com\/wp-content\/uploads\/2022\/11\/photo_2022-11-21_16-50-57-1024x576.jpg\" alt=\"\" class=\"wp-image-1357\" srcset=\"https:\/\/alcaldiaalbertoadriani.com\/wp-content\/uploads\/2022\/11\/photo_2022-11-21_16-50-57-1024x576.jpg 1024w, https:\/\/alcaldiaalbertoadriani.com\/wp-content\/uploads\/2022\/11\/photo_2022-11-21_16-50-57-980x551.jpg 980w, https:\/\/alcaldiaalbertoadriani.com\/wp-content\/uploads\/2022\/11\/photo_2022-11-21_16-50-57-480x270.jpg 480w\" sizes=\"auto, (min-width: 0px) and (max-width: 480px) 480px, (min-width: 481px) and (max-width: 980px) 980px, (min-width: 981px) 1024px, 100vw\" \/><\/figure>\n<\/figure>\n","protected":false},"excerpt":{"rendered":"<p>El viernes 18 de noviembre, la poblaci\u00f3n de Los Naranjos de la parroquia Jos\u00e9 Nucete Sardi deslumbr\u00f3 y derroch\u00f3 talento durante la celebraci\u00f3n del sexto <a href=\"https:\/\/alcaldiaalbertoadriani.com\/?p=1295\" target=\"_blank\" rel=\"noreferrer noopener\">Parrand\u00f3n Navide\u00f1o<\/a> que vienen organizando la <a href=\"https:\/\/www.instagram.com\/alcaldia_aa\/\" target=\"_blank\" rel=\"noreferrer noopener\">alcald\u00eda de Alberto Adriani<\/a>, dirigido por el alcalde <a href=\"https:\/\/www.instagram.com\/lisandrosegura02\/\" target=\"_blank\" rel=\"noreferrer noopener\">Lisandro Segura<\/a> y las comunidades de las diferentes parroquias. <\/p>\n","protected":false},"author":2,"featured_media":1358,"comment_status":"closed","ping_status":"closed","sticky":false,"template":"","format":"standard","meta":{"_et_pb_use_builder":"off","_et_pb_old_content":"","_et_gb_content_width":"","footnotes":""},"categories":[39,78,77,25],"tags":[31,11,12,15,30,29,28],"class_list":["post-1336","post","type-post","status-publish","format-standard","has-post-thumbnail","hentry","category-actividades-sociales","category-cultura","category-iamcaa","category-nuestro-municipio","tag-alcalde","tag-alcaldia","tag-alcaldiaalbertoadriani","tag-elvigia","tag-lisandrosegura","tag-municipioquenosmerecemos","tag-porelrenacer"],"yoast_head":"<!-- This site is optimized with the Yoast SEO plugin v19.13 - https:\/\/yoast.com\/wordpress\/plugins\/seo\/ -->\n<title>Poblaci\u00f3n de Los Naranjos deslumbr\u00f3 en el sexto Parrand\u00f3n Navide\u00f1o - Alcaldia Alberto Adriani<\/title>\n<meta name=\"description\" content=\"Los naranjos deslumbr\u00f3 y derroch\u00f3 talento en el sexto parrand\u00f3n navide\u00f1o, realizado el viernes 18 de noviembre de 2022.\" \/>\n<meta name=\"robots\" content=\"index, follow, max-snippet:-1, max-image-preview:large, max-video-preview:-1\" \/>\n<link rel=\"canonical\" href=\"https:\/\/alcaldiaalbertoadriani.com\/?p=1336\" \/>\n<meta property=\"og:locale\" content=\"es_ES\" \/>\n<meta property=\"og:type\" content=\"article\" \/>\n<meta property=\"og:title\" content=\"Poblaci\u00f3n de Los Naranjos deslumbr\u00f3 en el sexto Parrand\u00f3n Navide\u00f1o - Alcaldia Alberto Adriani\" \/>\n<meta property=\"og:description\" content=\"Los naranjos deslumbr\u00f3 y derroch\u00f3 talento en el sexto parrand\u00f3n navide\u00f1o, realizado el viernes 18 de noviembre de 2022.\" \/>\n<meta property=\"og:url\" content=\"https:\/\/alcaldiaalbertoadriani.com\/?p=1336\" \/>\n<meta property=\"og:site_name\" content=\"Alcaldia Alberto Adriani\" \/>\n<meta property=\"article:published_time\" content=\"2022-11-21T21:08:14+00:00\" \/>\n<meta property=\"article:modified_time\" content=\"2022-11-22T19:12:37+00:00\" \/>\n<meta property=\"og:image\" content=\"https:\/\/alcaldiaalbertoadriani.com\/wp-content\/uploads\/2022\/11\/photo_2022-11-21_16-50-10.jpg\" \/>\n\t<meta property=\"og:image:width\" content=\"1280\" \/>\n\t<meta property=\"og:image:height\" content=\"720\" \/>\n\t<meta property=\"og:image:type\" content=\"image\/jpeg\" \/>\n<meta name=\"author\" content=\"Prensa\" \/>\n<meta name=\"twitter:card\" content=\"summary_large_image\" \/>\n<meta name=\"twitter:label1\" content=\"Escrito por\" \/>\n\t<meta name=\"twitter:data1\" content=\"Prensa\" \/>\n\t<meta name=\"twitter:label2\" content=\"Tiempo de lectura\" \/>\n\t<meta name=\"twitter:data2\" content=\"4 minutos\" \/>\n<script type=\"application\/ld+json\" class=\"yoast-schema-graph\">{\"@context\":\"https:\/\/schema.org\",\"@graph\":[{\"@type\":\"WebPage\",\"@id\":\"https:\/\/alcaldiaalbertoadriani.com\/?p=1336\",\"url\":\"https:\/\/alcaldiaalbertoadriani.com\/?p=1336\",\"name\":\"Poblaci\u00f3n de Los Naranjos deslumbr\u00f3 en el sexto Parrand\u00f3n Navide\u00f1o - Alcaldia Alberto Adriani\",\"isPartOf\":{\"@id\":\"https:\/\/alcaldiaalbertoadriani.com\/#website\"},\"datePublished\":\"2022-11-21T21:08:14+00:00\",\"dateModified\":\"2022-11-22T19:12:37+00:00\",\"author\":{\"@id\":\"https:\/\/alcaldiaalbertoadriani.com\/#\/schema\/person\/549b4483ff8999ac780deeea78795fc9\"},\"description\":\"Los naranjos deslumbr\u00f3 y derroch\u00f3 talento en el sexto parrand\u00f3n navide\u00f1o, realizado el viernes 18 de noviembre de 2022.\",\"breadcrumb\":{\"@id\":\"https:\/\/alcaldiaalbertoadriani.com\/?p=1336#breadcrumb\"},\"inLanguage\":\"es\",\"potentialAction\":[{\"@type\":\"ReadAction\",\"target\":[\"https:\/\/alcaldiaalbertoadriani.com\/?p=1336\"]}]},{\"@type\":\"BreadcrumbList\",\"@id\":\"https:\/\/alcaldiaalbertoadriani.com\/?p=1336#breadcrumb\",\"itemListElement\":[{\"@type\":\"ListItem\",\"position\":1,\"name\":\"Portada\",\"item\":\"https:\/\/alcaldiaalbertoadriani.com\/\"},{\"@type\":\"ListItem\",\"position\":2,\"name\":\"Poblaci\u00f3n de Los Naranjos deslumbr\u00f3 en el sexto Parrand\u00f3n Navide\u00f1o\"}]},{\"@type\":\"WebSite\",\"@id\":\"https:\/\/alcaldiaalbertoadriani.com\/#website\",\"url\":\"https:\/\/alcaldiaalbertoadriani.com\/\",\"name\":\"Alcaldia Alberto Adriani\",\"description\":\"\",\"potentialAction\":[{\"@type\":\"SearchAction\",\"target\":{\"@type\":\"EntryPoint\",\"urlTemplate\":\"https:\/\/alcaldiaalbertoadriani.com\/?s={search_term_string}\"},\"query-input\":\"required name=search_term_string\"}],\"inLanguage\":\"es\"},{\"@type\":\"Person\",\"@id\":\"https:\/\/alcaldiaalbertoadriani.com\/#\/schema\/person\/549b4483ff8999ac780deeea78795fc9\",\"name\":\"Prensa\",\"image\":{\"@type\":\"ImageObject\",\"inLanguage\":\"es\",\"@id\":\"https:\/\/alcaldiaalbertoadriani.com\/#\/schema\/person\/image\/\",\"url\":\"https:\/\/secure.gravatar.com\/avatar\/ea1cb567ea992a29627f4eee1c2eb185ec16decec6342d508fdf18dedb56c9de?s=96&d=mm&r=g\",\"contentUrl\":\"https:\/\/secure.gravatar.com\/avatar\/ea1cb567ea992a29627f4eee1c2eb185ec16decec6342d508fdf18dedb56c9de?s=96&d=mm&r=g\",\"caption\":\"Prensa\"},\"url\":\"https:\/\/alcaldiaalbertoadriani.com\/?author=2\"}]}<\/script>\n<!-- \/ Yoast SEO plugin. -->","yoast_head_json":{"title":"Poblaci\u00f3n de Los Naranjos deslumbr\u00f3 en el sexto Parrand\u00f3n Navide\u00f1o - Alcaldia Alberto Adriani","description":"Los naranjos deslumbr\u00f3 y derroch\u00f3 talento en el sexto parrand\u00f3n navide\u00f1o, realizado el viernes 18 de noviembre de 2022.","robots":{"index":"index","follow":"follow","max-snippet":"max-snippet:-1","max-image-preview":"max-image-preview:large","max-video-preview":"max-video-preview:-1"},"canonical":"https:\/\/alcaldiaalbertoadriani.com\/?p=1336","og_locale":"es_ES","og_type":"article","og_title":"Poblaci\u00f3n de Los Naranjos deslumbr\u00f3 en el sexto Parrand\u00f3n Navide\u00f1o - Alcaldia Alberto Adriani","og_description":"Los naranjos deslumbr\u00f3 y derroch\u00f3 talento en el sexto parrand\u00f3n navide\u00f1o, realizado el viernes 18 de noviembre de 2022.","og_url":"https:\/\/alcaldiaalbertoadriani.com\/?p=1336","og_site_name":"Alcaldia Alberto Adriani","article_published_time":"2022-11-21T21:08:14+00:00","article_modified_time":"2022-11-22T19:12:37+00:00","og_image":[{"width":1280,"height":720,"url":"https:\/\/alcaldiaalbertoadriani.com\/wp-content\/uploads\/2022\/11\/photo_2022-11-21_16-50-10.jpg","type":"image\/jpeg"}],"author":"Prensa","twitter_card":"summary_large_image","twitter_misc":{"Escrito por":"Prensa","Tiempo de lectura":"4 minutos"},"schema":{"@context":"https:\/\/schema.org","@graph":[{"@type":"WebPage","@id":"https:\/\/alcaldiaalbertoadriani.com\/?p=1336","url":"https:\/\/alcaldiaalbertoadriani.com\/?p=1336","name":"Poblaci\u00f3n de Los Naranjos deslumbr\u00f3 en el sexto Parrand\u00f3n Navide\u00f1o - Alcaldia Alberto Adriani","isPartOf":{"@id":"https:\/\/alcaldiaalbertoadriani.com\/#website"},"datePublished":"2022-11-21T21:08:14+00:00","dateModified":"2022-11-22T19:12:37+00:00","author":{"@id":"https:\/\/alcaldiaalbertoadriani.com\/#\/schema\/person\/549b4483ff8999ac780deeea78795fc9"},"description":"Los naranjos deslumbr\u00f3 y derroch\u00f3 talento en el sexto parrand\u00f3n navide\u00f1o, realizado el viernes 18 de noviembre de 2022.","breadcrumb":{"@id":"https:\/\/alcaldiaalbertoadriani.com\/?p=1336#breadcrumb"},"inLanguage":"es","potentialAction":[{"@type":"ReadAction","target":["https:\/\/alcaldiaalbertoadriani.com\/?p=1336"]}]},{"@type":"BreadcrumbList","@id":"https:\/\/alcaldiaalbertoadriani.com\/?p=1336#breadcrumb","itemListElement":[{"@type":"ListItem","position":1,"name":"Portada","item":"https:\/\/alcaldiaalbertoadriani.com\/"},{"@type":"ListItem","position":2,"name":"Poblaci\u00f3n de Los Naranjos deslumbr\u00f3 en el sexto Parrand\u00f3n Navide\u00f1o"}]},{"@type":"WebSite","@id":"https:\/\/alcaldiaalbertoadriani.com\/#website","url":"https:\/\/alcaldiaalbertoadriani.com\/","name":"Alcaldia Alberto Adriani","description":"","potentialAction":[{"@type":"SearchAction","target":{"@type":"EntryPoint","urlTemplate":"https:\/\/alcaldiaalbertoadriani.com\/?s={search_term_string}"},"query-input":"required name=search_term_string"}],"inLanguage":"es"},{"@type":"Person","@id":"https:\/\/alcaldiaalbertoadriani.com\/#\/schema\/person\/549b4483ff8999ac780deeea78795fc9","name":"Prensa","image":{"@type":"ImageObject","inLanguage":"es","@id":"https:\/\/alcaldiaalbertoadriani.com\/#\/schema\/person\/image\/","url":"https:\/\/secure.gravatar.com\/avatar\/ea1cb567ea992a29627f4eee1c2eb185ec16decec6342d508fdf18dedb56c9de?s=96&d=mm&r=g","contentUrl":"https:\/\/secure.gravatar.com\/avatar\/ea1cb567ea992a29627f4eee1c2eb185ec16decec6342d508fdf18dedb56c9de?s=96&d=mm&r=g","caption":"Prensa"},"url":"https:\/\/alcaldiaalbertoadriani.com\/?author=2"}]}},"_links":{"self":[{"href":"https:\/\/alcaldiaalbertoadriani.com\/index.php?rest_route=\/wp\/v2\/posts\/1336","targetHints":{"allow":["GET"]}}],"collection":[{"href":"https:\/\/alcaldiaalbertoadriani.com\/index.php?rest_route=\/wp\/v2\/posts"}],"about":[{"href":"https:\/\/alcaldiaalbertoadriani.com\/index.php?rest_route=\/wp\/v2\/types\/post"}],"author":[{"embeddable":true,"href":"https:\/\/alcaldiaalbertoadriani.com\/index.php?rest_route=\/wp\/v2\/users\/2"}],"replies":[{"embeddable":true,"href":"https:\/\/alcaldiaalbertoadriani.com\/index.php?rest_route=%2Fwp%2Fv2%2Fcomments&post=1336"}],"version-history":[{"count":3,"href":"https:\/\/alcaldiaalbertoadriani.com\/index.php?rest_route=\/wp\/v2\/posts\/1336\/revisions"}],"predecessor-version":[{"id":1362,"href":"https:\/\/alcaldiaalbertoadriani.com\/index.php?rest_route=\/wp\/v2\/posts\/1336\/revisions\/1362"}],"wp:featuredmedia":[{"embeddable":true,"href":"https:\/\/alcaldiaalbertoadriani.com\/index.php?rest_route=\/wp\/v2\/media\/1358"}],"wp:attachment":[{"href":"https:\/\/alcaldiaalbertoadriani.com\/index.php?rest_route=%2Fwp%2Fv2%2Fmedia&parent=1336"}],"wp:term":[{"taxonomy":"category","embeddable":true,"href":"https:\/\/alcaldiaalbertoadriani.com\/index.php?rest_route=%2Fwp%2Fv2%2Fcategories&post=1336"},{"taxonomy":"post_tag","embeddable":true,"href":"https:\/\/alcaldiaalbertoadriani.com\/index.php?rest_route=%2Fwp%2Fv2%2Ftags&post=1336"}],"curies":[{"name":"wp","href":"https:\/\/api.w.org\/{rel}","templated":true}]}}