{"id":13317,"date":"2025-11-03T19:05:49","date_gmt":"2025-11-03T19:05:49","guid":{"rendered":"https:\/\/alcaldiaalbertoadriani.com\/?p=13317"},"modified":"2025-11-03T19:05:52","modified_gmt":"2025-11-03T19:05:52","slug":"alcalde-lisandro-segura-consigno-proyecto-de-ordenanza","status":"publish","type":"post","link":"https:\/\/alcaldiaalbertoadriani.com\/?p=13317","title":{"rendered":"Alcalde Lisandro Segura consign\u00f3 Proyecto de Ordenanza de Presupuesto del Ejercicio Fiscal 2026"},"content":{"rendered":"\n<p>Este viernes 31 de octubre, el alcalde de Alberto Adriani,<a href=\"https:\/\/www.instagram.com\/lisandrosegura02\/\"> Lisandro Segura<\/a>, de acuerdo con la normativa correspondiente, consign\u00f3 ante el <a href=\"https:\/\/alcaldiaalbertoadriani.com\/?tag=concejo-municipal\">Concejo Municipal<\/a> en manos de su presidente Alfredo Mendoza y los ediles, el <a href=\"https:\/\/alcaldiaalbertoadriani.com\/?p=4378\">proyecto de Ordenanza del Presupuesto de Ingresos y Gastos del Ejercicio Econ\u00f3mico<\/a> a\u00f1o 2026 para su respectiva revisi\u00f3n, an\u00e1lisis y discusi\u00f3n.<\/p>\n\n\n\n<p>El acto de entrega se realiz\u00f3 en las instalaciones del ente edilicio en compa\u00f1\u00eda de Eligia J\u00e1ctiva, directora General de la alcald\u00eda; Aleida Duarte, gerente de Presupuesto y Genry G\u00f3mez, gerente de Administraci\u00f3n.<\/p>\n\n\n\n<figure class=\"wp-block-gallery has-nested-images columns-default is-cropped wp-block-gallery-1 is-layout-flex wp-block-gallery-is-layout-flex\">\n<figure class=\"wp-block-image size-large\"><img loading=\"lazy\" decoding=\"async\" width=\"1024\" height=\"576\" data-id=\"13319\" src=\"https:\/\/alcaldiaalbertoadriani.com\/wp-content\/uploads\/2025\/11\/photo_4911212326531304337_y-1024x576.jpg\" alt=\"\" class=\"wp-image-13319\" srcset=\"https:\/\/alcaldiaalbertoadriani.com\/wp-content\/uploads\/2025\/11\/photo_4911212326531304337_y-1024x576.jpg 1024w, https:\/\/alcaldiaalbertoadriani.com\/wp-content\/uploads\/2025\/11\/photo_4911212326531304337_y-980x551.jpg 980w, https:\/\/alcaldiaalbertoadriani.com\/wp-content\/uploads\/2025\/11\/photo_4911212326531304337_y-480x270.jpg 480w\" sizes=\"auto, (min-width: 0px) and (max-width: 480px) 480px, (min-width: 481px) and (max-width: 980px) 980px, (min-width: 981px) 1024px, 100vw\" \/><\/figure>\n<\/figure>\n\n\n\n<p>Explic\u00f3 el alcalde que, la presentaci\u00f3n del proyecto de Ordenanza de Presupuesto lo realiza en el lapso establecido por la ley. &#8220;Estamos consignando el proyecto de Ordenanza de Presupuesto de ingresos y gastos para el ejercicio econ\u00f3mico 2026, en cumplimiento de los art\u00edculos 233 de la Ley Org\u00e1nica del Poder P\u00fablico Municipal, en concordancia con lo establecido en el numeral primero del art\u00edculo 54; numeral 12 del art\u00edculo 88; numeral uno del art\u00edculo 95 y el art\u00edculo 234, para la revisi\u00f3n, discusi\u00f3n y finalmente aprobaci\u00f3n del nuevo presupuesto para el 2026&#8221;, detall\u00f3 Segura.<\/p>\n\n\n\n<p>Asimismo, junto con el proyecto de Ordenanza tambi\u00e9n entreg\u00f3 el Plan Operativo Anual de las distintas dependencias del gobierno municipal.<\/p>\n\n\n\n<p>Por su parte, Alfredo Mendoza, presidente del Concejo, indic\u00f3 que una vez recibido formalmente el Proyecto de Ordenanza de Presupuesto del ejercicio fiscal 2026, &#8220;ser\u00e1 remitido a la Comisi\u00f3n de Legislaci\u00f3n, Redacci\u00f3n y Estilo para su estudio, an\u00e1lisis, discusi\u00f3n y posterior aprobaci\u00f3n de conformidad con los procedimientos establecidos en la Ordenanza respectiva.<\/p>\n\n\n\n<figure class=\"wp-block-gallery has-nested-images columns-default is-cropped wp-block-gallery-2 is-layout-flex wp-block-gallery-is-layout-flex\">\n<figure class=\"wp-block-image size-large\"><img loading=\"lazy\" decoding=\"async\" width=\"1024\" height=\"576\" data-id=\"13320\" src=\"https:\/\/alcaldiaalbertoadriani.com\/wp-content\/uploads\/2025\/11\/photo_4911212326531304338_y-1024x576.jpg\" alt=\"\" class=\"wp-image-13320\" srcset=\"https:\/\/alcaldiaalbertoadriani.com\/wp-content\/uploads\/2025\/11\/photo_4911212326531304338_y-1024x576.jpg 1024w, https:\/\/alcaldiaalbertoadriani.com\/wp-content\/uploads\/2025\/11\/photo_4911212326531304338_y-980x551.jpg 980w, https:\/\/alcaldiaalbertoadriani.com\/wp-content\/uploads\/2025\/11\/photo_4911212326531304338_y-480x270.jpg 480w\" sizes=\"auto, (min-width: 0px) and (max-width: 480px) 480px, (min-width: 481px) and (max-width: 980px) 980px, (min-width: 981px) 1024px, 100vw\" \/><\/figure>\n<\/figure>\n\n\n\n<p>A\u00f1adi\u00f3 que de acuerdo a la ley, a partir de la presente fecha &#8220;el Concejo Municipal tiene hasta el 15 de diciembre para analizar y sancionar la mencionada ordenanza&#8221;. <strong><em>Prensa Alcald\u00eda Alberto Adriani\/Claribel Zambrano CNP 11.843\/Fotos: Emmanuel M\u00e9ndez.<\/em><\/strong><\/p>\n\n\n\n<figure class=\"wp-block-gallery has-nested-images columns-default is-cropped wp-block-gallery-3 is-layout-flex wp-block-gallery-is-layout-flex\">\n<figure class=\"wp-block-image size-large\"><img loading=\"lazy\" decoding=\"async\" width=\"1024\" height=\"768\" data-id=\"13321\" src=\"https:\/\/alcaldiaalbertoadriani.com\/wp-content\/uploads\/2025\/11\/photo_4911212326531304339_y-1024x768.jpg\" alt=\"\" class=\"wp-image-13321\" srcset=\"https:\/\/alcaldiaalbertoadriani.com\/wp-content\/uploads\/2025\/11\/photo_4911212326531304339_y-1024x768.jpg 1024w, https:\/\/alcaldiaalbertoadriani.com\/wp-content\/uploads\/2025\/11\/photo_4911212326531304339_y-980x735.jpg 980w, https:\/\/alcaldiaalbertoadriani.com\/wp-content\/uploads\/2025\/11\/photo_4911212326531304339_y-480x360.jpg 480w\" sizes=\"auto, (min-width: 0px) and (max-width: 480px) 480px, (min-width: 481px) and (max-width: 980px) 980px, (min-width: 981px) 1024px, 100vw\" \/><\/figure>\n<\/figure>\n","protected":false},"excerpt":{"rendered":"<p>Este viernes 31 de octubre, el alcalde de Alberto Adriani, Lisandro Segura, de acuerdo con la normativa correspondiente, consign\u00f3 ante el Concejo Municipal en manos de su presidente Alfredo Mendoza [&hellip;]<\/p>\n","protected":false},"author":2,"featured_media":13318,"comment_status":"open","ping_status":"closed","sticky":false,"template":"","format":"standard","meta":{"_et_pb_use_builder":"off","_et_pb_old_content":"","_et_gb_content_width":"","footnotes":""},"categories":[341,25],"tags":[31,11,12,15,761,30,29,28],"class_list":["post-13317","post","type-post","status-publish","format-standard","has-post-thumbnail","hentry","category-alcaldia-alberto-adriani","category-nuestro-municipio","tag-alcalde","tag-alcaldia","tag-alcaldiaalbertoadriani","tag-elvigia","tag-encrucijadadeprogreso","tag-lisandrosegura","tag-municipioquenosmerecemos","tag-porelrenacer"],"yoast_head":"<!-- This site is optimized with the Yoast SEO plugin v19.13 - https:\/\/yoast.com\/wordpress\/plugins\/seo\/ -->\n<title>Alcalde Lisandro Segura consign\u00f3 Proyecto de Ordenanza<\/title>\n<meta name=\"description\" content=\"Alcalde Lisandro Segura consign\u00f3 Proyecto de Ordenanza de Presupuesto del Ejercicio Fiscal 2026 al concejo municipal\" \/>\n<meta name=\"robots\" content=\"index, follow, max-snippet:-1, max-image-preview:large, max-video-preview:-1\" \/>\n<link rel=\"canonical\" href=\"https:\/\/alcaldiaalbertoadriani.com\/?p=13317\" \/>\n<meta property=\"og:locale\" content=\"es_ES\" \/>\n<meta property=\"og:type\" content=\"article\" \/>\n<meta property=\"og:title\" content=\"Alcalde Lisandro Segura consign\u00f3 Proyecto de Ordenanza\" \/>\n<meta property=\"og:description\" content=\"Alcalde Lisandro Segura consign\u00f3 Proyecto de Ordenanza de Presupuesto del Ejercicio Fiscal 2026 al concejo municipal\" \/>\n<meta property=\"og:url\" content=\"https:\/\/alcaldiaalbertoadriani.com\/?p=13317\" \/>\n<meta property=\"og:site_name\" content=\"Alcaldia Alberto Adriani\" \/>\n<meta property=\"article:published_time\" content=\"2025-11-03T19:05:49+00:00\" \/>\n<meta property=\"article:modified_time\" content=\"2025-11-03T19:05:52+00:00\" \/>\n<meta property=\"og:image\" content=\"https:\/\/alcaldiaalbertoadriani.com\/wp-content\/uploads\/2025\/11\/photo_4911212326531304340_y.jpg\" \/>\n\t<meta property=\"og:image:width\" content=\"1280\" \/>\n\t<meta property=\"og:image:height\" content=\"720\" \/>\n\t<meta property=\"og:image:type\" content=\"image\/jpeg\" \/>\n<meta name=\"author\" content=\"Prensa\" \/>\n<meta name=\"twitter:card\" content=\"summary_large_image\" \/>\n<meta name=\"twitter:label1\" content=\"Escrito por\" \/>\n\t<meta name=\"twitter:data1\" content=\"Prensa\" \/>\n\t<meta name=\"twitter:label2\" content=\"Tiempo de lectura\" \/>\n\t<meta name=\"twitter:data2\" content=\"2 minutos\" \/>\n<script type=\"application\/ld+json\" class=\"yoast-schema-graph\">{\"@context\":\"https:\/\/schema.org\",\"@graph\":[{\"@type\":\"WebPage\",\"@id\":\"https:\/\/alcaldiaalbertoadriani.com\/?p=13317\",\"url\":\"https:\/\/alcaldiaalbertoadriani.com\/?p=13317\",\"name\":\"Alcalde Lisandro Segura consign\u00f3 Proyecto de Ordenanza\",\"isPartOf\":{\"@id\":\"https:\/\/alcaldiaalbertoadriani.com\/#website\"},\"datePublished\":\"2025-11-03T19:05:49+00:00\",\"dateModified\":\"2025-11-03T19:05:52+00:00\",\"author\":{\"@id\":\"https:\/\/alcaldiaalbertoadriani.com\/#\/schema\/person\/549b4483ff8999ac780deeea78795fc9\"},\"description\":\"Alcalde Lisandro Segura consign\u00f3 Proyecto de Ordenanza de Presupuesto del Ejercicio Fiscal 2026 al concejo municipal\",\"breadcrumb\":{\"@id\":\"https:\/\/alcaldiaalbertoadriani.com\/?p=13317#breadcrumb\"},\"inLanguage\":\"es\",\"potentialAction\":[{\"@type\":\"ReadAction\",\"target\":[\"https:\/\/alcaldiaalbertoadriani.com\/?p=13317\"]}]},{\"@type\":\"BreadcrumbList\",\"@id\":\"https:\/\/alcaldiaalbertoadriani.com\/?p=13317#breadcrumb\",\"itemListElement\":[{\"@type\":\"ListItem\",\"position\":1,\"name\":\"Portada\",\"item\":\"https:\/\/alcaldiaalbertoadriani.com\/\"},{\"@type\":\"ListItem\",\"position\":2,\"name\":\"Alcalde Lisandro Segura consign\u00f3 Proyecto de Ordenanza de Presupuesto del Ejercicio Fiscal 2026\"}]},{\"@type\":\"WebSite\",\"@id\":\"https:\/\/alcaldiaalbertoadriani.com\/#website\",\"url\":\"https:\/\/alcaldiaalbertoadriani.com\/\",\"name\":\"Alcaldia Alberto Adriani\",\"description\":\"\",\"potentialAction\":[{\"@type\":\"SearchAction\",\"target\":{\"@type\":\"EntryPoint\",\"urlTemplate\":\"https:\/\/alcaldiaalbertoadriani.com\/?s={search_term_string}\"},\"query-input\":\"required name=search_term_string\"}],\"inLanguage\":\"es\"},{\"@type\":\"Person\",\"@id\":\"https:\/\/alcaldiaalbertoadriani.com\/#\/schema\/person\/549b4483ff8999ac780deeea78795fc9\",\"name\":\"Prensa\",\"image\":{\"@type\":\"ImageObject\",\"inLanguage\":\"es\",\"@id\":\"https:\/\/alcaldiaalbertoadriani.com\/#\/schema\/person\/image\/\",\"url\":\"https:\/\/secure.gravatar.com\/avatar\/ea1cb567ea992a29627f4eee1c2eb185ec16decec6342d508fdf18dedb56c9de?s=96&d=mm&r=g\",\"contentUrl\":\"https:\/\/secure.gravatar.com\/avatar\/ea1cb567ea992a29627f4eee1c2eb185ec16decec6342d508fdf18dedb56c9de?s=96&d=mm&r=g\",\"caption\":\"Prensa\"},\"url\":\"https:\/\/alcaldiaalbertoadriani.com\/?author=2\"}]}<\/script>\n<!-- \/ Yoast SEO plugin. -->","yoast_head_json":{"title":"Alcalde Lisandro Segura consign\u00f3 Proyecto de Ordenanza","description":"Alcalde Lisandro Segura consign\u00f3 Proyecto de Ordenanza de Presupuesto del Ejercicio Fiscal 2026 al concejo municipal","robots":{"index":"index","follow":"follow","max-snippet":"max-snippet:-1","max-image-preview":"max-image-preview:large","max-video-preview":"max-video-preview:-1"},"canonical":"https:\/\/alcaldiaalbertoadriani.com\/?p=13317","og_locale":"es_ES","og_type":"article","og_title":"Alcalde Lisandro Segura consign\u00f3 Proyecto de Ordenanza","og_description":"Alcalde Lisandro Segura consign\u00f3 Proyecto de Ordenanza de Presupuesto del Ejercicio Fiscal 2026 al concejo municipal","og_url":"https:\/\/alcaldiaalbertoadriani.com\/?p=13317","og_site_name":"Alcaldia Alberto Adriani","article_published_time":"2025-11-03T19:05:49+00:00","article_modified_time":"2025-11-03T19:05:52+00:00","og_image":[{"width":1280,"height":720,"url":"https:\/\/alcaldiaalbertoadriani.com\/wp-content\/uploads\/2025\/11\/photo_4911212326531304340_y.jpg","type":"image\/jpeg"}],"author":"Prensa","twitter_card":"summary_large_image","twitter_misc":{"Escrito por":"Prensa","Tiempo de lectura":"2 minutos"},"schema":{"@context":"https:\/\/schema.org","@graph":[{"@type":"WebPage","@id":"https:\/\/alcaldiaalbertoadriani.com\/?p=13317","url":"https:\/\/alcaldiaalbertoadriani.com\/?p=13317","name":"Alcalde Lisandro Segura consign\u00f3 Proyecto de Ordenanza","isPartOf":{"@id":"https:\/\/alcaldiaalbertoadriani.com\/#website"},"datePublished":"2025-11-03T19:05:49+00:00","dateModified":"2025-11-03T19:05:52+00:00","author":{"@id":"https:\/\/alcaldiaalbertoadriani.com\/#\/schema\/person\/549b4483ff8999ac780deeea78795fc9"},"description":"Alcalde Lisandro Segura consign\u00f3 Proyecto de Ordenanza de Presupuesto del Ejercicio Fiscal 2026 al concejo municipal","breadcrumb":{"@id":"https:\/\/alcaldiaalbertoadriani.com\/?p=13317#breadcrumb"},"inLanguage":"es","potentialAction":[{"@type":"ReadAction","target":["https:\/\/alcaldiaalbertoadriani.com\/?p=13317"]}]},{"@type":"BreadcrumbList","@id":"https:\/\/alcaldiaalbertoadriani.com\/?p=13317#breadcrumb","itemListElement":[{"@type":"ListItem","position":1,"name":"Portada","item":"https:\/\/alcaldiaalbertoadriani.com\/"},{"@type":"ListItem","position":2,"name":"Alcalde Lisandro Segura consign\u00f3 Proyecto de Ordenanza de Presupuesto del Ejercicio Fiscal 2026"}]},{"@type":"WebSite","@id":"https:\/\/alcaldiaalbertoadriani.com\/#website","url":"https:\/\/alcaldiaalbertoadriani.com\/","name":"Alcaldia Alberto Adriani","description":"","potentialAction":[{"@type":"SearchAction","target":{"@type":"EntryPoint","urlTemplate":"https:\/\/alcaldiaalbertoadriani.com\/?s={search_term_string}"},"query-input":"required name=search_term_string"}],"inLanguage":"es"},{"@type":"Person","@id":"https:\/\/alcaldiaalbertoadriani.com\/#\/schema\/person\/549b4483ff8999ac780deeea78795fc9","name":"Prensa","image":{"@type":"ImageObject","inLanguage":"es","@id":"https:\/\/alcaldiaalbertoadriani.com\/#\/schema\/person\/image\/","url":"https:\/\/secure.gravatar.com\/avatar\/ea1cb567ea992a29627f4eee1c2eb185ec16decec6342d508fdf18dedb56c9de?s=96&d=mm&r=g","contentUrl":"https:\/\/secure.gravatar.com\/avatar\/ea1cb567ea992a29627f4eee1c2eb185ec16decec6342d508fdf18dedb56c9de?s=96&d=mm&r=g","caption":"Prensa"},"url":"https:\/\/alcaldiaalbertoadriani.com\/?author=2"}]}},"_links":{"self":[{"href":"https:\/\/alcaldiaalbertoadriani.com\/index.php?rest_route=\/wp\/v2\/posts\/13317","targetHints":{"allow":["GET"]}}],"collection":[{"href":"https:\/\/alcaldiaalbertoadriani.com\/index.php?rest_route=\/wp\/v2\/posts"}],"about":[{"href":"https:\/\/alcaldiaalbertoadriani.com\/index.php?rest_route=\/wp\/v2\/types\/post"}],"author":[{"embeddable":true,"href":"https:\/\/alcaldiaalbertoadriani.com\/index.php?rest_route=\/wp\/v2\/users\/2"}],"replies":[{"embeddable":true,"href":"https:\/\/alcaldiaalbertoadriani.com\/index.php?rest_route=%2Fwp%2Fv2%2Fcomments&post=13317"}],"version-history":[{"count":1,"href":"https:\/\/alcaldiaalbertoadriani.com\/index.php?rest_route=\/wp\/v2\/posts\/13317\/revisions"}],"predecessor-version":[{"id":13322,"href":"https:\/\/alcaldiaalbertoadriani.com\/index.php?rest_route=\/wp\/v2\/posts\/13317\/revisions\/13322"}],"wp:featuredmedia":[{"embeddable":true,"href":"https:\/\/alcaldiaalbertoadriani.com\/index.php?rest_route=\/wp\/v2\/media\/13318"}],"wp:attachment":[{"href":"https:\/\/alcaldiaalbertoadriani.com\/index.php?rest_route=%2Fwp%2Fv2%2Fmedia&parent=13317"}],"wp:term":[{"taxonomy":"category","embeddable":true,"href":"https:\/\/alcaldiaalbertoadriani.com\/index.php?rest_route=%2Fwp%2Fv2%2Fcategories&post=13317"},{"taxonomy":"post_tag","embeddable":true,"href":"https:\/\/alcaldiaalbertoadriani.com\/index.php?rest_route=%2Fwp%2Fv2%2Ftags&post=13317"}],"curies":[{"name":"wp","href":"https:\/\/api.w.org\/{rel}","templated":true}]}}