{"id":13287,"date":"2025-10-31T14:19:28","date_gmt":"2025-10-31T14:19:28","guid":{"rendered":"https:\/\/alcaldiaalbertoadriani.com\/?p=13287"},"modified":"2025-10-31T14:19:32","modified_gmt":"2025-10-31T14:19:32","slug":"lisandro-segura-informo-sobre-acciones-e-inversion-municipal","status":"publish","type":"post","link":"https:\/\/alcaldiaalbertoadriani.com\/?p=13287","title":{"rendered":"Lisandro Segura inform\u00f3 sobre acciones e inversi\u00f3n municipal"},"content":{"rendered":"\n<p>El alcalde <a href=\"https:\/\/www.instagram.com\/lisandrosegura02\/\">Lisandro Segura<\/a> realiz\u00f3 su programa radial &#8220;<a href=\"https:\/\/alcaldiaalbertoadriani.com\/?tag=conversando-con-lisandro\">Conversando con Lisandro<\/a>&#8221; desde el Parque La Guacamaya, en donde inform\u00f3 sobre sus acciones de gobierno entre ellas la recuperaci\u00f3n de dicho espacio, as\u00ed como la inversi\u00f3n en otras obras.<\/p>\n\n\n\n<p>El burgomaestre inform\u00f3 que, tras haber establecido prioridades en la ejecuci\u00f3n de obras como el asfaltado y programas sociales, su gesti\u00f3n se dispone a recuperar espacios recreativos como el Parque La Guacamaya, Metropolitano, en Onia, entre otros atractivos que cuenta el municipio Alberto Adriani, con el prop\u00f3sito de trazar la ruta tur\u00edstica de la jurisdicci\u00f3n.<\/p>\n\n\n\n<p>En materia de vialidad indic\u00f3 que en el <a href=\"https:\/\/alcaldiaalbertoadriani.com\/?tag=gobierno-plan-de-asfaltado\">plan de asfaltado <\/a>en la zona industrial se present\u00f3 una contingencia debido al colapso de las aguas negras que han obstaculizado seguir con el asfaltado. &#8220;Nuestro equipo junto con personal de aguas de M\u00e9rida hemos conseguido sacos de arena en las bocas de visita, causando el colapso de las mismas, por ello hemos solicitado a los organismos competentes la investigaci\u00f3n de este caso&#8221;, advirti\u00f3.<\/p>\n\n\n\n<p>Entretanto, afirm\u00f3 que seguir\u00e1 con el Plan de bacheo en las principales avenidas de la ciudad, &#8220;y para el 2026 continuaremos con el asfaltado, estimamos colocar unas 8 mil toneladas&#8221;.<\/p>\n\n\n\n<p>Tambi\u00e9n se\u00f1al\u00f3 el prop\u00f3sito de adquirir un segundo patrol para continuar con la rehabilitaci\u00f3n de la vialidad rural. En este sentido, dijo que la pr\u00f3xima semana enviar\u00e1 la m\u00e1quina para recuperar las calles de granz\u00f3n de los sectores Lucha Bolivariana, Esperanza Bolivariana y Las Primicias. Asimismo, indic\u00f3 que antes de finalizar el a\u00f1o rehabilitar\u00e1 la v\u00eda agr\u00edcola de Mocacay.<\/p>\n\n\n\n<p>Finalmente, inform\u00f3 que este viernes entregar\u00e1 al Concejo Municipal el proyecto de Ordenanza del Presupuesto para el ejercicio fiscal 2026, el cual contempla inversi\u00f3n en \u00e1reas fundamentales para el desarrollo del municipio. <strong><em>Prensa Alcald\u00eda Alberto Adriani\/Claribel Zambrano CNP 11.843\/ Fotos: Karla M\u00e1rquez.<\/em><\/strong><\/p>\n","protected":false},"excerpt":{"rendered":"<p>El alcalde Lisandro Segura realiz\u00f3 su programa radial &#8220;Conversando con Lisandro&#8221; desde el Parque La Guacamaya, en donde inform\u00f3 sobre sus acciones de gobierno entre ellas la recuperaci\u00f3n de dicho [&hellip;]<\/p>\n","protected":false},"author":2,"featured_media":13288,"comment_status":"open","ping_status":"closed","sticky":false,"template":"","format":"standard","meta":{"_et_pb_use_builder":"off","_et_pb_old_content":"","_et_gb_content_width":"","footnotes":""},"categories":[341,222,25],"tags":[31,11,12,15,761,30,29,28],"class_list":["post-13287","post","type-post","status-publish","format-standard","has-post-thumbnail","hentry","category-alcaldia-alberto-adriani","category-conversando-con-lisandro","category-nuestro-municipio","tag-alcalde","tag-alcaldia","tag-alcaldiaalbertoadriani","tag-elvigia","tag-encrucijadadeprogreso","tag-lisandrosegura","tag-municipioquenosmerecemos","tag-porelrenacer"],"yoast_head":"<!-- This site is optimized with the Yoast SEO plugin v19.13 - https:\/\/yoast.com\/wordpress\/plugins\/seo\/ -->\n<title>Lisandro Segura inform\u00f3 sobre acciones e inversi\u00f3n municipal<\/title>\n<meta name=\"description\" content=\"Lisandro Segura inform\u00f3 sobre acciones e inversi\u00f3n municipal en su programa radial desde el parque la guacamaya\" \/>\n<meta name=\"robots\" content=\"index, follow, max-snippet:-1, max-image-preview:large, max-video-preview:-1\" \/>\n<link rel=\"canonical\" href=\"https:\/\/alcaldiaalbertoadriani.com\/?p=13287\" \/>\n<meta property=\"og:locale\" content=\"es_ES\" \/>\n<meta property=\"og:type\" content=\"article\" \/>\n<meta property=\"og:title\" content=\"Lisandro Segura inform\u00f3 sobre acciones e inversi\u00f3n municipal\" \/>\n<meta property=\"og:description\" content=\"Lisandro Segura inform\u00f3 sobre acciones e inversi\u00f3n municipal en su programa radial desde el parque la guacamaya\" \/>\n<meta property=\"og:url\" content=\"https:\/\/alcaldiaalbertoadriani.com\/?p=13287\" \/>\n<meta property=\"og:site_name\" content=\"Alcaldia Alberto Adriani\" \/>\n<meta property=\"article:published_time\" content=\"2025-10-31T14:19:28+00:00\" \/>\n<meta property=\"article:modified_time\" content=\"2025-10-31T14:19:32+00:00\" \/>\n<meta property=\"og:image\" content=\"https:\/\/alcaldiaalbertoadriani.com\/wp-content\/uploads\/2025\/10\/photo_4907052783849114462_y.jpg\" \/>\n\t<meta property=\"og:image:width\" content=\"1280\" \/>\n\t<meta property=\"og:image:height\" content=\"962\" \/>\n\t<meta property=\"og:image:type\" content=\"image\/jpeg\" \/>\n<meta name=\"author\" content=\"Prensa\" \/>\n<meta name=\"twitter:card\" content=\"summary_large_image\" \/>\n<meta name=\"twitter:label1\" content=\"Escrito por\" \/>\n\t<meta name=\"twitter:data1\" content=\"Prensa\" \/>\n\t<meta name=\"twitter:label2\" content=\"Tiempo de lectura\" \/>\n\t<meta name=\"twitter:data2\" content=\"2 minutos\" \/>\n<script type=\"application\/ld+json\" class=\"yoast-schema-graph\">{\"@context\":\"https:\/\/schema.org\",\"@graph\":[{\"@type\":\"WebPage\",\"@id\":\"https:\/\/alcaldiaalbertoadriani.com\/?p=13287\",\"url\":\"https:\/\/alcaldiaalbertoadriani.com\/?p=13287\",\"name\":\"Lisandro Segura inform\u00f3 sobre acciones e inversi\u00f3n municipal\",\"isPartOf\":{\"@id\":\"https:\/\/alcaldiaalbertoadriani.com\/#website\"},\"datePublished\":\"2025-10-31T14:19:28+00:00\",\"dateModified\":\"2025-10-31T14:19:32+00:00\",\"author\":{\"@id\":\"https:\/\/alcaldiaalbertoadriani.com\/#\/schema\/person\/549b4483ff8999ac780deeea78795fc9\"},\"description\":\"Lisandro Segura inform\u00f3 sobre acciones e inversi\u00f3n municipal en su programa radial desde el parque la guacamaya\",\"breadcrumb\":{\"@id\":\"https:\/\/alcaldiaalbertoadriani.com\/?p=13287#breadcrumb\"},\"inLanguage\":\"es\",\"potentialAction\":[{\"@type\":\"ReadAction\",\"target\":[\"https:\/\/alcaldiaalbertoadriani.com\/?p=13287\"]}]},{\"@type\":\"BreadcrumbList\",\"@id\":\"https:\/\/alcaldiaalbertoadriani.com\/?p=13287#breadcrumb\",\"itemListElement\":[{\"@type\":\"ListItem\",\"position\":1,\"name\":\"Portada\",\"item\":\"https:\/\/alcaldiaalbertoadriani.com\/\"},{\"@type\":\"ListItem\",\"position\":2,\"name\":\"Lisandro Segura inform\u00f3 sobre acciones e inversi\u00f3n municipal\"}]},{\"@type\":\"WebSite\",\"@id\":\"https:\/\/alcaldiaalbertoadriani.com\/#website\",\"url\":\"https:\/\/alcaldiaalbertoadriani.com\/\",\"name\":\"Alcaldia Alberto Adriani\",\"description\":\"\",\"potentialAction\":[{\"@type\":\"SearchAction\",\"target\":{\"@type\":\"EntryPoint\",\"urlTemplate\":\"https:\/\/alcaldiaalbertoadriani.com\/?s={search_term_string}\"},\"query-input\":\"required name=search_term_string\"}],\"inLanguage\":\"es\"},{\"@type\":\"Person\",\"@id\":\"https:\/\/alcaldiaalbertoadriani.com\/#\/schema\/person\/549b4483ff8999ac780deeea78795fc9\",\"name\":\"Prensa\",\"image\":{\"@type\":\"ImageObject\",\"inLanguage\":\"es\",\"@id\":\"https:\/\/alcaldiaalbertoadriani.com\/#\/schema\/person\/image\/\",\"url\":\"https:\/\/secure.gravatar.com\/avatar\/ea1cb567ea992a29627f4eee1c2eb185ec16decec6342d508fdf18dedb56c9de?s=96&d=mm&r=g\",\"contentUrl\":\"https:\/\/secure.gravatar.com\/avatar\/ea1cb567ea992a29627f4eee1c2eb185ec16decec6342d508fdf18dedb56c9de?s=96&d=mm&r=g\",\"caption\":\"Prensa\"},\"url\":\"https:\/\/alcaldiaalbertoadriani.com\/?author=2\"}]}<\/script>\n<!-- \/ Yoast SEO plugin. -->","yoast_head_json":{"title":"Lisandro Segura inform\u00f3 sobre acciones e inversi\u00f3n municipal","description":"Lisandro Segura inform\u00f3 sobre acciones e inversi\u00f3n municipal en su programa radial desde el parque la guacamaya","robots":{"index":"index","follow":"follow","max-snippet":"max-snippet:-1","max-image-preview":"max-image-preview:large","max-video-preview":"max-video-preview:-1"},"canonical":"https:\/\/alcaldiaalbertoadriani.com\/?p=13287","og_locale":"es_ES","og_type":"article","og_title":"Lisandro Segura inform\u00f3 sobre acciones e inversi\u00f3n municipal","og_description":"Lisandro Segura inform\u00f3 sobre acciones e inversi\u00f3n municipal en su programa radial desde el parque la guacamaya","og_url":"https:\/\/alcaldiaalbertoadriani.com\/?p=13287","og_site_name":"Alcaldia Alberto Adriani","article_published_time":"2025-10-31T14:19:28+00:00","article_modified_time":"2025-10-31T14:19:32+00:00","og_image":[{"width":1280,"height":962,"url":"https:\/\/alcaldiaalbertoadriani.com\/wp-content\/uploads\/2025\/10\/photo_4907052783849114462_y.jpg","type":"image\/jpeg"}],"author":"Prensa","twitter_card":"summary_large_image","twitter_misc":{"Escrito por":"Prensa","Tiempo de lectura":"2 minutos"},"schema":{"@context":"https:\/\/schema.org","@graph":[{"@type":"WebPage","@id":"https:\/\/alcaldiaalbertoadriani.com\/?p=13287","url":"https:\/\/alcaldiaalbertoadriani.com\/?p=13287","name":"Lisandro Segura inform\u00f3 sobre acciones e inversi\u00f3n municipal","isPartOf":{"@id":"https:\/\/alcaldiaalbertoadriani.com\/#website"},"datePublished":"2025-10-31T14:19:28+00:00","dateModified":"2025-10-31T14:19:32+00:00","author":{"@id":"https:\/\/alcaldiaalbertoadriani.com\/#\/schema\/person\/549b4483ff8999ac780deeea78795fc9"},"description":"Lisandro Segura inform\u00f3 sobre acciones e inversi\u00f3n municipal en su programa radial desde el parque la guacamaya","breadcrumb":{"@id":"https:\/\/alcaldiaalbertoadriani.com\/?p=13287#breadcrumb"},"inLanguage":"es","potentialAction":[{"@type":"ReadAction","target":["https:\/\/alcaldiaalbertoadriani.com\/?p=13287"]}]},{"@type":"BreadcrumbList","@id":"https:\/\/alcaldiaalbertoadriani.com\/?p=13287#breadcrumb","itemListElement":[{"@type":"ListItem","position":1,"name":"Portada","item":"https:\/\/alcaldiaalbertoadriani.com\/"},{"@type":"ListItem","position":2,"name":"Lisandro Segura inform\u00f3 sobre acciones e inversi\u00f3n municipal"}]},{"@type":"WebSite","@id":"https:\/\/alcaldiaalbertoadriani.com\/#website","url":"https:\/\/alcaldiaalbertoadriani.com\/","name":"Alcaldia Alberto Adriani","description":"","potentialAction":[{"@type":"SearchAction","target":{"@type":"EntryPoint","urlTemplate":"https:\/\/alcaldiaalbertoadriani.com\/?s={search_term_string}"},"query-input":"required name=search_term_string"}],"inLanguage":"es"},{"@type":"Person","@id":"https:\/\/alcaldiaalbertoadriani.com\/#\/schema\/person\/549b4483ff8999ac780deeea78795fc9","name":"Prensa","image":{"@type":"ImageObject","inLanguage":"es","@id":"https:\/\/alcaldiaalbertoadriani.com\/#\/schema\/person\/image\/","url":"https:\/\/secure.gravatar.com\/avatar\/ea1cb567ea992a29627f4eee1c2eb185ec16decec6342d508fdf18dedb56c9de?s=96&d=mm&r=g","contentUrl":"https:\/\/secure.gravatar.com\/avatar\/ea1cb567ea992a29627f4eee1c2eb185ec16decec6342d508fdf18dedb56c9de?s=96&d=mm&r=g","caption":"Prensa"},"url":"https:\/\/alcaldiaalbertoadriani.com\/?author=2"}]}},"_links":{"self":[{"href":"https:\/\/alcaldiaalbertoadriani.com\/index.php?rest_route=\/wp\/v2\/posts\/13287","targetHints":{"allow":["GET"]}}],"collection":[{"href":"https:\/\/alcaldiaalbertoadriani.com\/index.php?rest_route=\/wp\/v2\/posts"}],"about":[{"href":"https:\/\/alcaldiaalbertoadriani.com\/index.php?rest_route=\/wp\/v2\/types\/post"}],"author":[{"embeddable":true,"href":"https:\/\/alcaldiaalbertoadriani.com\/index.php?rest_route=\/wp\/v2\/users\/2"}],"replies":[{"embeddable":true,"href":"https:\/\/alcaldiaalbertoadriani.com\/index.php?rest_route=%2Fwp%2Fv2%2Fcomments&post=13287"}],"version-history":[{"count":1,"href":"https:\/\/alcaldiaalbertoadriani.com\/index.php?rest_route=\/wp\/v2\/posts\/13287\/revisions"}],"predecessor-version":[{"id":13289,"href":"https:\/\/alcaldiaalbertoadriani.com\/index.php?rest_route=\/wp\/v2\/posts\/13287\/revisions\/13289"}],"wp:featuredmedia":[{"embeddable":true,"href":"https:\/\/alcaldiaalbertoadriani.com\/index.php?rest_route=\/wp\/v2\/media\/13288"}],"wp:attachment":[{"href":"https:\/\/alcaldiaalbertoadriani.com\/index.php?rest_route=%2Fwp%2Fv2%2Fmedia&parent=13287"}],"wp:term":[{"taxonomy":"category","embeddable":true,"href":"https:\/\/alcaldiaalbertoadriani.com\/index.php?rest_route=%2Fwp%2Fv2%2Fcategories&post=13287"},{"taxonomy":"post_tag","embeddable":true,"href":"https:\/\/alcaldiaalbertoadriani.com\/index.php?rest_route=%2Fwp%2Fv2%2Ftags&post=13287"}],"curies":[{"name":"wp","href":"https:\/\/api.w.org\/{rel}","templated":true}]}}