{"id":13134,"date":"2025-10-21T19:28:45","date_gmt":"2025-10-21T19:28:45","guid":{"rendered":"https:\/\/alcaldiaalbertoadriani.com\/?p=13134"},"modified":"2025-10-21T19:40:55","modified_gmt":"2025-10-21T19:40:55","slug":"gestion-de-lisandro-segura-culmino-canalizacion-de-cano-amarillo","status":"publish","type":"post","link":"https:\/\/alcaldiaalbertoadriani.com\/?p=13134","title":{"rendered":"Gesti\u00f3n de Lisandro Segura culmin\u00f3 canalizaci\u00f3n y saneamiento de Ca\u00f1o Amarillo"},"content":{"rendered":"\n<p>La gesti\u00f3n del alcalde del municipio Alberto Adriani, <a href=\"https:\/\/www.instagram.com\/lisandrosegura02\/\">Lisandro Segura<\/a>, culmin\u00f3 de manera exitosa los trabajos de canalizaci\u00f3n y saneamiento del <a href=\"https:\/\/alcaldiaalbertoadriani.com\/?tag=cano-amarillo\">Ca\u00f1o Amarillo<\/a>, ubicado en la parroquia H\u00e9ctor Amable Mora. Los trabajos fueron ejecutados por la Gerencia de Ingenier\u00eda y Planeamiento Urbano Local (<a href=\"https:\/\/alcaldiaalbertoadriani.com\/?cat=197\">Gipul<\/a>). y se utiliz\u00f3 maquinaria pesada tipo jumbo para la limpieza y el ensanchamiento del cauce.<\/p>\n\n\n\n<!--more-->\n\n\n\n<p>De acuerdo a la informaci\u00f3n de los profesionales, se intervinieron un total de 400 metros de longitud del ca\u00f1o, tanto aguas arriba como aguas abajo, con una anchura que oscila entre los 8 y 12 metros. Esta labor<\/p>\n\n\n\n<p>se realiz\u00f3 de manera preventiva, con el objetivo de minimizar el riesgo de desbordamiento y proteger a las familias que residen en las adyacencias del afluente, especialmente ante la llegada dela temporada de lluvias.<\/p>\n\n\n\n<figure class=\"wp-block-image size-full\"><img loading=\"lazy\" decoding=\"async\" width=\"600\" height=\"800\" src=\"https:\/\/alcaldiaalbertoadriani.com\/wp-content\/uploads\/2025\/10\/photo_5170454563948006200_x.jpg\" alt=\"\" class=\"wp-image-13144\" srcset=\"https:\/\/alcaldiaalbertoadriani.com\/wp-content\/uploads\/2025\/10\/photo_5170454563948006200_x.jpg 600w, https:\/\/alcaldiaalbertoadriani.com\/wp-content\/uploads\/2025\/10\/photo_5170454563948006200_x-480x640.jpg 480w\" sizes=\"auto, (min-width: 0px) and (max-width: 480px) 480px, (min-width: 481px) 600px, 100vw\" \/><\/figure>\n\n\n\n<p>El alcalde <a href=\"https:\/\/www.instagram.com\/lisandrosegura02\/\">Lisandro Segura<\/a> destac\u00f3 la importancia de estas acciones. &#8220;Con la canalizaci\u00f3n de Ca\u00f1o Amarillo estamos cumpliendo un compromiso fundamental con los habitantes de la parroquia H\u00e9ctor Amable Mora. Esta obra de prevenci\u00f3n es esencial para proteger a nuestros ciudadanos en especial en la \u00e9poca de lluvias&#8221;.<\/p>\n\n\n\n<p>La gesti\u00f3n municipal contin\u00faa con la ejecuci\u00f3n de proyectos orientados a mejorar la infraestructura y garantizar la tranquilidad de los vigienses. <strong><em>Prensa Alcald\u00eda Alberto Adriani\/ Claribel Zambrano CNP: 11.843\/ Fotos: C.Z y Gipul.<\/em><\/strong><\/p>\n\n\n\n<figure class=\"wp-block-gallery has-nested-images columns-default is-cropped wp-block-gallery-1 is-layout-flex wp-block-gallery-is-layout-flex\">\n<figure class=\"wp-block-image size-large\"><img loading=\"lazy\" decoding=\"async\" width=\"750\" height=\"1000\" data-id=\"13147\" src=\"https:\/\/alcaldiaalbertoadriani.com\/wp-content\/uploads\/2025\/10\/photo_5170454563948006203_y.jpg\" alt=\"\" class=\"wp-image-13147\" srcset=\"https:\/\/alcaldiaalbertoadriani.com\/wp-content\/uploads\/2025\/10\/photo_5170454563948006203_y.jpg 750w, https:\/\/alcaldiaalbertoadriani.com\/wp-content\/uploads\/2025\/10\/photo_5170454563948006203_y-480x640.jpg 480w\" sizes=\"auto, (min-width: 0px) and (max-width: 480px) 480px, (min-width: 481px) 750px, 100vw\" \/><\/figure>\n\n\n\n<figure class=\"wp-block-image size-large\"><img loading=\"lazy\" decoding=\"async\" width=\"1024\" height=\"576\" data-id=\"13146\" src=\"https:\/\/alcaldiaalbertoadriani.com\/wp-content\/uploads\/2025\/10\/photo_5170454563948006199_y-1024x576.jpg\" alt=\"\" class=\"wp-image-13146\" srcset=\"https:\/\/alcaldiaalbertoadriani.com\/wp-content\/uploads\/2025\/10\/photo_5170454563948006199_y-1024x576.jpg 1024w, https:\/\/alcaldiaalbertoadriani.com\/wp-content\/uploads\/2025\/10\/photo_5170454563948006199_y-980x551.jpg 980w, https:\/\/alcaldiaalbertoadriani.com\/wp-content\/uploads\/2025\/10\/photo_5170454563948006199_y-480x270.jpg 480w\" sizes=\"auto, (min-width: 0px) and (max-width: 480px) 480px, (min-width: 481px) and (max-width: 980px) 980px, (min-width: 981px) 1024px, 100vw\" \/><\/figure>\n\n\n\n<figure class=\"wp-block-image size-large\"><img loading=\"lazy\" decoding=\"async\" width=\"768\" height=\"1024\" data-id=\"13148\" src=\"https:\/\/alcaldiaalbertoadriani.com\/wp-content\/uploads\/2025\/10\/photo_5170454563948006201_y-768x1024.jpg\" alt=\"\" class=\"wp-image-13148\" srcset=\"https:\/\/alcaldiaalbertoadriani.com\/wp-content\/uploads\/2025\/10\/photo_5170454563948006201_y-768x1024.jpg 768w, https:\/\/alcaldiaalbertoadriani.com\/wp-content\/uploads\/2025\/10\/photo_5170454563948006201_y-480x640.jpg 480w\" sizes=\"auto, (min-width: 0px) and (max-width: 480px) 480px, (min-width: 481px) 768px, 100vw\" \/><\/figure>\n\n\n\n<figure class=\"wp-block-image size-large\"><img loading=\"lazy\" decoding=\"async\" width=\"600\" height=\"800\" data-id=\"13145\" src=\"https:\/\/alcaldiaalbertoadriani.com\/wp-content\/uploads\/2025\/10\/photo_5170454563948006202_x.jpg\" alt=\"\" class=\"wp-image-13145\" srcset=\"https:\/\/alcaldiaalbertoadriani.com\/wp-content\/uploads\/2025\/10\/photo_5170454563948006202_x.jpg 600w, https:\/\/alcaldiaalbertoadriani.com\/wp-content\/uploads\/2025\/10\/photo_5170454563948006202_x-480x640.jpg 480w\" sizes=\"auto, (min-width: 0px) and (max-width: 480px) 480px, (min-width: 481px) 600px, 100vw\" \/><\/figure>\n<\/figure>\n","protected":false},"excerpt":{"rendered":"<p>La gesti\u00f3n del alcalde del municipio Alberto Adriani, Lisandro Segura, culmin\u00f3 de manera exitosa los trabajos de canalizaci\u00f3n y saneamiento del Ca\u00f1o Amarillo, ubicado en la parroquia H\u00e9ctor Amable Mora. [&hellip;]<\/p>\n","protected":false},"author":2,"featured_media":13135,"comment_status":"open","ping_status":"closed","sticky":false,"template":"","format":"standard","meta":{"_et_pb_use_builder":"off","_et_pb_old_content":"","_et_gb_content_width":"","footnotes":""},"categories":[341,197,25],"tags":[31,11,12,15,761,30,29],"class_list":["post-13134","post","type-post","status-publish","format-standard","has-post-thumbnail","hentry","category-alcaldia-alberto-adriani","category-gipul","category-nuestro-municipio","tag-alcalde","tag-alcaldia","tag-alcaldiaalbertoadriani","tag-elvigia","tag-encrucijadadeprogreso","tag-lisandrosegura","tag-municipioquenosmerecemos"],"yoast_head":"<!-- This site is optimized with the Yoast SEO plugin v19.13 - https:\/\/yoast.com\/wordpress\/plugins\/seo\/ -->\n<title>Gesti\u00f3n de Lisandro Segura culmin\u00f3 canalizaci\u00f3n de Ca\u00f1o Amarillo<\/title>\n<meta name=\"description\" content=\"Gesti\u00f3n de Lisandro Segura culmin\u00f3 canalizaci\u00f3n y saneamiento de Ca\u00f1o Amarillo ubicado en la parroquia H\u00e9ctor Amable Mora.\" \/>\n<meta name=\"robots\" content=\"index, follow, max-snippet:-1, max-image-preview:large, max-video-preview:-1\" \/>\n<link rel=\"canonical\" href=\"https:\/\/alcaldiaalbertoadriani.com\/?p=13134\" \/>\n<meta property=\"og:locale\" content=\"es_ES\" \/>\n<meta property=\"og:type\" content=\"article\" \/>\n<meta property=\"og:title\" content=\"Gesti\u00f3n de Lisandro Segura culmin\u00f3 canalizaci\u00f3n de Ca\u00f1o Amarillo\" \/>\n<meta property=\"og:description\" content=\"Gesti\u00f3n de Lisandro Segura culmin\u00f3 canalizaci\u00f3n y saneamiento de Ca\u00f1o Amarillo ubicado en la parroquia H\u00e9ctor Amable Mora.\" \/>\n<meta property=\"og:url\" content=\"https:\/\/alcaldiaalbertoadriani.com\/?p=13134\" \/>\n<meta property=\"og:site_name\" content=\"Alcaldia Alberto Adriani\" \/>\n<meta property=\"article:published_time\" content=\"2025-10-21T19:28:45+00:00\" \/>\n<meta property=\"article:modified_time\" content=\"2025-10-21T19:40:55+00:00\" \/>\n<meta property=\"og:image\" content=\"https:\/\/alcaldiaalbertoadriani.com\/wp-content\/uploads\/2025\/10\/photo_5170454563948006198_y.jpg\" \/>\n\t<meta property=\"og:image:width\" content=\"1280\" \/>\n\t<meta property=\"og:image:height\" content=\"960\" \/>\n\t<meta property=\"og:image:type\" content=\"image\/jpeg\" \/>\n<meta name=\"author\" content=\"Prensa\" \/>\n<meta name=\"twitter:card\" content=\"summary_large_image\" \/>\n<meta name=\"twitter:label1\" content=\"Escrito por\" \/>\n\t<meta name=\"twitter:data1\" content=\"Prensa\" \/>\n\t<meta name=\"twitter:label2\" content=\"Tiempo de lectura\" \/>\n\t<meta name=\"twitter:data2\" content=\"2 minutos\" \/>\n<script type=\"application\/ld+json\" class=\"yoast-schema-graph\">{\"@context\":\"https:\/\/schema.org\",\"@graph\":[{\"@type\":\"WebPage\",\"@id\":\"https:\/\/alcaldiaalbertoadriani.com\/?p=13134\",\"url\":\"https:\/\/alcaldiaalbertoadriani.com\/?p=13134\",\"name\":\"Gesti\u00f3n de Lisandro Segura culmin\u00f3 canalizaci\u00f3n de Ca\u00f1o Amarillo\",\"isPartOf\":{\"@id\":\"https:\/\/alcaldiaalbertoadriani.com\/#website\"},\"datePublished\":\"2025-10-21T19:28:45+00:00\",\"dateModified\":\"2025-10-21T19:40:55+00:00\",\"author\":{\"@id\":\"https:\/\/alcaldiaalbertoadriani.com\/#\/schema\/person\/549b4483ff8999ac780deeea78795fc9\"},\"description\":\"Gesti\u00f3n de Lisandro Segura culmin\u00f3 canalizaci\u00f3n y saneamiento de Ca\u00f1o Amarillo ubicado en la parroquia H\u00e9ctor Amable Mora.\",\"breadcrumb\":{\"@id\":\"https:\/\/alcaldiaalbertoadriani.com\/?p=13134#breadcrumb\"},\"inLanguage\":\"es\",\"potentialAction\":[{\"@type\":\"ReadAction\",\"target\":[\"https:\/\/alcaldiaalbertoadriani.com\/?p=13134\"]}]},{\"@type\":\"BreadcrumbList\",\"@id\":\"https:\/\/alcaldiaalbertoadriani.com\/?p=13134#breadcrumb\",\"itemListElement\":[{\"@type\":\"ListItem\",\"position\":1,\"name\":\"Portada\",\"item\":\"https:\/\/alcaldiaalbertoadriani.com\/\"},{\"@type\":\"ListItem\",\"position\":2,\"name\":\"Gesti\u00f3n de Lisandro Segura culmin\u00f3 canalizaci\u00f3n y saneamiento de Ca\u00f1o Amarillo\"}]},{\"@type\":\"WebSite\",\"@id\":\"https:\/\/alcaldiaalbertoadriani.com\/#website\",\"url\":\"https:\/\/alcaldiaalbertoadriani.com\/\",\"name\":\"Alcaldia Alberto Adriani\",\"description\":\"\",\"potentialAction\":[{\"@type\":\"SearchAction\",\"target\":{\"@type\":\"EntryPoint\",\"urlTemplate\":\"https:\/\/alcaldiaalbertoadriani.com\/?s={search_term_string}\"},\"query-input\":\"required name=search_term_string\"}],\"inLanguage\":\"es\"},{\"@type\":\"Person\",\"@id\":\"https:\/\/alcaldiaalbertoadriani.com\/#\/schema\/person\/549b4483ff8999ac780deeea78795fc9\",\"name\":\"Prensa\",\"image\":{\"@type\":\"ImageObject\",\"inLanguage\":\"es\",\"@id\":\"https:\/\/alcaldiaalbertoadriani.com\/#\/schema\/person\/image\/\",\"url\":\"https:\/\/secure.gravatar.com\/avatar\/ea1cb567ea992a29627f4eee1c2eb185ec16decec6342d508fdf18dedb56c9de?s=96&d=mm&r=g\",\"contentUrl\":\"https:\/\/secure.gravatar.com\/avatar\/ea1cb567ea992a29627f4eee1c2eb185ec16decec6342d508fdf18dedb56c9de?s=96&d=mm&r=g\",\"caption\":\"Prensa\"},\"url\":\"https:\/\/alcaldiaalbertoadriani.com\/?author=2\"}]}<\/script>\n<!-- \/ Yoast SEO plugin. -->","yoast_head_json":{"title":"Gesti\u00f3n de Lisandro Segura culmin\u00f3 canalizaci\u00f3n de Ca\u00f1o Amarillo","description":"Gesti\u00f3n de Lisandro Segura culmin\u00f3 canalizaci\u00f3n y saneamiento de Ca\u00f1o Amarillo ubicado en la parroquia H\u00e9ctor Amable Mora.","robots":{"index":"index","follow":"follow","max-snippet":"max-snippet:-1","max-image-preview":"max-image-preview:large","max-video-preview":"max-video-preview:-1"},"canonical":"https:\/\/alcaldiaalbertoadriani.com\/?p=13134","og_locale":"es_ES","og_type":"article","og_title":"Gesti\u00f3n de Lisandro Segura culmin\u00f3 canalizaci\u00f3n de Ca\u00f1o Amarillo","og_description":"Gesti\u00f3n de Lisandro Segura culmin\u00f3 canalizaci\u00f3n y saneamiento de Ca\u00f1o Amarillo ubicado en la parroquia H\u00e9ctor Amable Mora.","og_url":"https:\/\/alcaldiaalbertoadriani.com\/?p=13134","og_site_name":"Alcaldia Alberto Adriani","article_published_time":"2025-10-21T19:28:45+00:00","article_modified_time":"2025-10-21T19:40:55+00:00","og_image":[{"width":1280,"height":960,"url":"https:\/\/alcaldiaalbertoadriani.com\/wp-content\/uploads\/2025\/10\/photo_5170454563948006198_y.jpg","type":"image\/jpeg"}],"author":"Prensa","twitter_card":"summary_large_image","twitter_misc":{"Escrito por":"Prensa","Tiempo de lectura":"2 minutos"},"schema":{"@context":"https:\/\/schema.org","@graph":[{"@type":"WebPage","@id":"https:\/\/alcaldiaalbertoadriani.com\/?p=13134","url":"https:\/\/alcaldiaalbertoadriani.com\/?p=13134","name":"Gesti\u00f3n de Lisandro Segura culmin\u00f3 canalizaci\u00f3n de Ca\u00f1o Amarillo","isPartOf":{"@id":"https:\/\/alcaldiaalbertoadriani.com\/#website"},"datePublished":"2025-10-21T19:28:45+00:00","dateModified":"2025-10-21T19:40:55+00:00","author":{"@id":"https:\/\/alcaldiaalbertoadriani.com\/#\/schema\/person\/549b4483ff8999ac780deeea78795fc9"},"description":"Gesti\u00f3n de Lisandro Segura culmin\u00f3 canalizaci\u00f3n y saneamiento de Ca\u00f1o Amarillo ubicado en la parroquia H\u00e9ctor Amable Mora.","breadcrumb":{"@id":"https:\/\/alcaldiaalbertoadriani.com\/?p=13134#breadcrumb"},"inLanguage":"es","potentialAction":[{"@type":"ReadAction","target":["https:\/\/alcaldiaalbertoadriani.com\/?p=13134"]}]},{"@type":"BreadcrumbList","@id":"https:\/\/alcaldiaalbertoadriani.com\/?p=13134#breadcrumb","itemListElement":[{"@type":"ListItem","position":1,"name":"Portada","item":"https:\/\/alcaldiaalbertoadriani.com\/"},{"@type":"ListItem","position":2,"name":"Gesti\u00f3n de Lisandro Segura culmin\u00f3 canalizaci\u00f3n y saneamiento de Ca\u00f1o Amarillo"}]},{"@type":"WebSite","@id":"https:\/\/alcaldiaalbertoadriani.com\/#website","url":"https:\/\/alcaldiaalbertoadriani.com\/","name":"Alcaldia Alberto Adriani","description":"","potentialAction":[{"@type":"SearchAction","target":{"@type":"EntryPoint","urlTemplate":"https:\/\/alcaldiaalbertoadriani.com\/?s={search_term_string}"},"query-input":"required name=search_term_string"}],"inLanguage":"es"},{"@type":"Person","@id":"https:\/\/alcaldiaalbertoadriani.com\/#\/schema\/person\/549b4483ff8999ac780deeea78795fc9","name":"Prensa","image":{"@type":"ImageObject","inLanguage":"es","@id":"https:\/\/alcaldiaalbertoadriani.com\/#\/schema\/person\/image\/","url":"https:\/\/secure.gravatar.com\/avatar\/ea1cb567ea992a29627f4eee1c2eb185ec16decec6342d508fdf18dedb56c9de?s=96&d=mm&r=g","contentUrl":"https:\/\/secure.gravatar.com\/avatar\/ea1cb567ea992a29627f4eee1c2eb185ec16decec6342d508fdf18dedb56c9de?s=96&d=mm&r=g","caption":"Prensa"},"url":"https:\/\/alcaldiaalbertoadriani.com\/?author=2"}]}},"_links":{"self":[{"href":"https:\/\/alcaldiaalbertoadriani.com\/index.php?rest_route=\/wp\/v2\/posts\/13134","targetHints":{"allow":["GET"]}}],"collection":[{"href":"https:\/\/alcaldiaalbertoadriani.com\/index.php?rest_route=\/wp\/v2\/posts"}],"about":[{"href":"https:\/\/alcaldiaalbertoadriani.com\/index.php?rest_route=\/wp\/v2\/types\/post"}],"author":[{"embeddable":true,"href":"https:\/\/alcaldiaalbertoadriani.com\/index.php?rest_route=\/wp\/v2\/users\/2"}],"replies":[{"embeddable":true,"href":"https:\/\/alcaldiaalbertoadriani.com\/index.php?rest_route=%2Fwp%2Fv2%2Fcomments&post=13134"}],"version-history":[{"count":2,"href":"https:\/\/alcaldiaalbertoadriani.com\/index.php?rest_route=\/wp\/v2\/posts\/13134\/revisions"}],"predecessor-version":[{"id":13150,"href":"https:\/\/alcaldiaalbertoadriani.com\/index.php?rest_route=\/wp\/v2\/posts\/13134\/revisions\/13150"}],"wp:featuredmedia":[{"embeddable":true,"href":"https:\/\/alcaldiaalbertoadriani.com\/index.php?rest_route=\/wp\/v2\/media\/13135"}],"wp:attachment":[{"href":"https:\/\/alcaldiaalbertoadriani.com\/index.php?rest_route=%2Fwp%2Fv2%2Fmedia&parent=13134"}],"wp:term":[{"taxonomy":"category","embeddable":true,"href":"https:\/\/alcaldiaalbertoadriani.com\/index.php?rest_route=%2Fwp%2Fv2%2Fcategories&post=13134"},{"taxonomy":"post_tag","embeddable":true,"href":"https:\/\/alcaldiaalbertoadriani.com\/index.php?rest_route=%2Fwp%2Fv2%2Ftags&post=13134"}],"curies":[{"name":"wp","href":"https:\/\/api.w.org\/{rel}","templated":true}]}}