{"id":13108,"date":"2025-10-17T14:43:24","date_gmt":"2025-10-17T14:43:24","guid":{"rendered":"https:\/\/alcaldiaalbertoadriani.com\/?p=13108"},"modified":"2025-10-17T14:43:28","modified_gmt":"2025-10-17T14:43:28","slug":"gobierno-de-lisandro-segura-realizo-trabajos-de-despeje-en-la-via","status":"publish","type":"post","link":"https:\/\/alcaldiaalbertoadriani.com\/?p=13108","title":{"rendered":"Gobierno de Lisandro Segura realiz\u00f3 trabajos de despeje en la v\u00eda hacia La Palmita"},"content":{"rendered":"\n<p>El gobierno del alcalde <a href=\"https:\/\/www.instagram.com\/lisandrosegura02\/\">Lisandro Segura<\/a> a trav\u00e9s de la Unidad de Gesti\u00f3n de Riesgos y Administraci\u00f3n de Desastres (<a href=\"https:\/\/alcaldiaalbertoadriani.com\/?cat=311\">Ugradmaa<\/a>), junto con los Bomberos del estado M\u00e9rida, restablecieron el paso vehicular hacia La Palmita, perteneciente a la parroquia Gabriel Pic\u00f3n Gonz\u00e1lez.<\/p>\n\n\n\n<!--more-->\n\n\n\n<p>John Torres jefe de la <a href=\"https:\/\/alcaldiaalbertoadriani.com\/?tag=funcionarios-ugradmaa-actualizan-conocimientos\">Ugradmaa<\/a> inform\u00f3 sobre el despeje de la v\u00eda, tras la ca\u00edda de un \u00e1rbol ornamental de tama\u00f1o mediano, el mismo gener\u00f3 obstaculizaci\u00f3n.<\/p>\n\n\n\n<figure class=\"wp-block-image size-full\"><img loading=\"lazy\" decoding=\"async\" width=\"800\" height=\"600\" src=\"https:\/\/alcaldiaalbertoadriani.com\/wp-content\/uploads\/2025\/10\/photo_5154560960159747205_x.jpg\" alt=\"\" class=\"wp-image-13110\" srcset=\"https:\/\/alcaldiaalbertoadriani.com\/wp-content\/uploads\/2025\/10\/photo_5154560960159747205_x.jpg 800w, https:\/\/alcaldiaalbertoadriani.com\/wp-content\/uploads\/2025\/10\/photo_5154560960159747205_x-480x360.jpg 480w\" sizes=\"auto, (min-width: 0px) and (max-width: 480px) 480px, (min-width: 481px) 800px, 100vw\" \/><\/figure>\n\n\n\n<p>Dijo el funcionario que se apersonaron al lugar luego de recibir una llamada a trav\u00e9s del hilo telef\u00f3nico por parte Jhan Rojas, concejal del circuito, quien alert\u00f3 de lo sucedido y poder trabajar en el despeje de la v\u00eda.<\/p>\n\n\n\n<p>\u201cGracias a todos los equipos de trabajo y personas que apoyaron en el lugar&#8221;, concluy\u00f3 torres. <strong><em>Prensa Alcald\u00eda Alberto Adriani\/Edgar Mendoza CNP 25.736\/Fotos:Cortes\u00eda.<\/em><\/strong><\/p>\n\n\n\n<figure class=\"wp-block-gallery has-nested-images columns-default is-cropped wp-block-gallery-1 is-layout-flex wp-block-gallery-is-layout-flex\">\n<figure class=\"wp-block-image size-large\"><img loading=\"lazy\" decoding=\"async\" width=\"1016\" height=\"762\" data-id=\"13111\" src=\"https:\/\/alcaldiaalbertoadriani.com\/wp-content\/uploads\/2025\/10\/photo_5154560960159747208_y.jpg\" alt=\"\" class=\"wp-image-13111\" srcset=\"https:\/\/alcaldiaalbertoadriani.com\/wp-content\/uploads\/2025\/10\/photo_5154560960159747208_y.jpg 1016w, https:\/\/alcaldiaalbertoadriani.com\/wp-content\/uploads\/2025\/10\/photo_5154560960159747208_y-980x735.jpg 980w, https:\/\/alcaldiaalbertoadriani.com\/wp-content\/uploads\/2025\/10\/photo_5154560960159747208_y-480x360.jpg 480w\" sizes=\"auto, (min-width: 0px) and (max-width: 480px) 480px, (min-width: 481px) and (max-width: 980px) 980px, (min-width: 981px) 1016px, 100vw\" \/><\/figure>\n\n\n\n<figure class=\"wp-block-image size-large\"><img loading=\"lazy\" decoding=\"async\" width=\"800\" height=\"600\" data-id=\"13113\" src=\"https:\/\/alcaldiaalbertoadriani.com\/wp-content\/uploads\/2025\/10\/photo_5154560960159747204_x.jpg\" alt=\"\" class=\"wp-image-13113\" srcset=\"https:\/\/alcaldiaalbertoadriani.com\/wp-content\/uploads\/2025\/10\/photo_5154560960159747204_x.jpg 800w, https:\/\/alcaldiaalbertoadriani.com\/wp-content\/uploads\/2025\/10\/photo_5154560960159747204_x-480x360.jpg 480w\" sizes=\"auto, (min-width: 0px) and (max-width: 480px) 480px, (min-width: 481px) 800px, 100vw\" \/><\/figure>\n\n\n\n<figure class=\"wp-block-image size-large\"><img loading=\"lazy\" decoding=\"async\" width=\"800\" height=\"600\" data-id=\"13112\" src=\"https:\/\/alcaldiaalbertoadriani.com\/wp-content\/uploads\/2025\/10\/photo_5154560960159747207_x.jpg\" alt=\"\" class=\"wp-image-13112\" srcset=\"https:\/\/alcaldiaalbertoadriani.com\/wp-content\/uploads\/2025\/10\/photo_5154560960159747207_x.jpg 800w, https:\/\/alcaldiaalbertoadriani.com\/wp-content\/uploads\/2025\/10\/photo_5154560960159747207_x-480x360.jpg 480w\" sizes=\"auto, (min-width: 0px) and (max-width: 480px) 480px, (min-width: 481px) 800px, 100vw\" \/><\/figure>\n<\/figure>\n","protected":false},"excerpt":{"rendered":"<p>El gobierno del alcalde Lisandro Segura a trav\u00e9s de la Unidad de Gesti\u00f3n de Riesgos y Administraci\u00f3n de Desastres (Ugradmaa), junto con los Bomberos del estado M\u00e9rida, restablecieron el paso [&hellip;]<\/p>\n","protected":false},"author":2,"featured_media":13109,"comment_status":"open","ping_status":"closed","sticky":false,"template":"","format":"standard","meta":{"_et_pb_use_builder":"off","_et_pb_old_content":"","_et_gb_content_width":"","footnotes":""},"categories":[341,25,311,218],"tags":[11,12,15,761,30,29,28],"class_list":["post-13108","post","type-post","status-publish","format-standard","has-post-thumbnail","hentry","category-alcaldia-alberto-adriani","category-nuestro-municipio","category-ugradmaa","category-unidad-municipal-de-gestion-de-riesgo","tag-alcaldia","tag-alcaldiaalbertoadriani","tag-elvigia","tag-encrucijadadeprogreso","tag-lisandrosegura","tag-municipioquenosmerecemos","tag-porelrenacer"],"yoast_head":"<!-- This site is optimized with the Yoast SEO plugin v19.13 - https:\/\/yoast.com\/wordpress\/plugins\/seo\/ -->\n<title>Gobierno de Lisandro Segura realiz\u00f3 trabajos de despeje en la v\u00eda<\/title>\n<meta name=\"description\" content=\"Gobierno de Lisandro Segura realiz\u00f3 trabajos de despeje en la v\u00eda hacia La Palmita parroquia Gabriel Pic\u00f3n Gonz\u00e1lez\" \/>\n<meta name=\"robots\" content=\"index, follow, max-snippet:-1, max-image-preview:large, max-video-preview:-1\" \/>\n<link rel=\"canonical\" href=\"https:\/\/alcaldiaalbertoadriani.com\/?p=13108\" \/>\n<meta property=\"og:locale\" content=\"es_ES\" \/>\n<meta property=\"og:type\" content=\"article\" \/>\n<meta property=\"og:title\" content=\"Gobierno de Lisandro Segura realiz\u00f3 trabajos de despeje en la v\u00eda\" \/>\n<meta property=\"og:description\" content=\"Gobierno de Lisandro Segura realiz\u00f3 trabajos de despeje en la v\u00eda hacia La Palmita parroquia Gabriel Pic\u00f3n Gonz\u00e1lez\" \/>\n<meta property=\"og:url\" content=\"https:\/\/alcaldiaalbertoadriani.com\/?p=13108\" \/>\n<meta property=\"og:site_name\" content=\"Alcaldia Alberto Adriani\" \/>\n<meta property=\"article:published_time\" content=\"2025-10-17T14:43:24+00:00\" \/>\n<meta property=\"article:modified_time\" content=\"2025-10-17T14:43:28+00:00\" \/>\n<meta property=\"og:image\" content=\"https:\/\/alcaldiaalbertoadriani.com\/wp-content\/uploads\/2025\/10\/photo_5154560960159747203_y.jpg\" \/>\n\t<meta property=\"og:image:width\" content=\"1016\" \/>\n\t<meta property=\"og:image:height\" content=\"762\" \/>\n\t<meta property=\"og:image:type\" content=\"image\/jpeg\" \/>\n<meta name=\"author\" content=\"Prensa\" \/>\n<meta name=\"twitter:card\" content=\"summary_large_image\" \/>\n<meta name=\"twitter:label1\" content=\"Escrito por\" \/>\n\t<meta name=\"twitter:data1\" content=\"Prensa\" \/>\n\t<meta name=\"twitter:label2\" content=\"Tiempo de lectura\" \/>\n\t<meta name=\"twitter:data2\" content=\"2 minutos\" \/>\n<script type=\"application\/ld+json\" class=\"yoast-schema-graph\">{\"@context\":\"https:\/\/schema.org\",\"@graph\":[{\"@type\":\"WebPage\",\"@id\":\"https:\/\/alcaldiaalbertoadriani.com\/?p=13108\",\"url\":\"https:\/\/alcaldiaalbertoadriani.com\/?p=13108\",\"name\":\"Gobierno de Lisandro Segura realiz\u00f3 trabajos de despeje en la v\u00eda\",\"isPartOf\":{\"@id\":\"https:\/\/alcaldiaalbertoadriani.com\/#website\"},\"datePublished\":\"2025-10-17T14:43:24+00:00\",\"dateModified\":\"2025-10-17T14:43:28+00:00\",\"author\":{\"@id\":\"https:\/\/alcaldiaalbertoadriani.com\/#\/schema\/person\/549b4483ff8999ac780deeea78795fc9\"},\"description\":\"Gobierno de Lisandro Segura realiz\u00f3 trabajos de despeje en la v\u00eda hacia La Palmita parroquia Gabriel Pic\u00f3n Gonz\u00e1lez\",\"breadcrumb\":{\"@id\":\"https:\/\/alcaldiaalbertoadriani.com\/?p=13108#breadcrumb\"},\"inLanguage\":\"es\",\"potentialAction\":[{\"@type\":\"ReadAction\",\"target\":[\"https:\/\/alcaldiaalbertoadriani.com\/?p=13108\"]}]},{\"@type\":\"BreadcrumbList\",\"@id\":\"https:\/\/alcaldiaalbertoadriani.com\/?p=13108#breadcrumb\",\"itemListElement\":[{\"@type\":\"ListItem\",\"position\":1,\"name\":\"Portada\",\"item\":\"https:\/\/alcaldiaalbertoadriani.com\/\"},{\"@type\":\"ListItem\",\"position\":2,\"name\":\"Gobierno de Lisandro Segura realiz\u00f3 trabajos de despeje en la v\u00eda hacia La Palmita\"}]},{\"@type\":\"WebSite\",\"@id\":\"https:\/\/alcaldiaalbertoadriani.com\/#website\",\"url\":\"https:\/\/alcaldiaalbertoadriani.com\/\",\"name\":\"Alcaldia Alberto Adriani\",\"description\":\"\",\"potentialAction\":[{\"@type\":\"SearchAction\",\"target\":{\"@type\":\"EntryPoint\",\"urlTemplate\":\"https:\/\/alcaldiaalbertoadriani.com\/?s={search_term_string}\"},\"query-input\":\"required name=search_term_string\"}],\"inLanguage\":\"es\"},{\"@type\":\"Person\",\"@id\":\"https:\/\/alcaldiaalbertoadriani.com\/#\/schema\/person\/549b4483ff8999ac780deeea78795fc9\",\"name\":\"Prensa\",\"image\":{\"@type\":\"ImageObject\",\"inLanguage\":\"es\",\"@id\":\"https:\/\/alcaldiaalbertoadriani.com\/#\/schema\/person\/image\/\",\"url\":\"https:\/\/secure.gravatar.com\/avatar\/ea1cb567ea992a29627f4eee1c2eb185ec16decec6342d508fdf18dedb56c9de?s=96&d=mm&r=g\",\"contentUrl\":\"https:\/\/secure.gravatar.com\/avatar\/ea1cb567ea992a29627f4eee1c2eb185ec16decec6342d508fdf18dedb56c9de?s=96&d=mm&r=g\",\"caption\":\"Prensa\"},\"url\":\"https:\/\/alcaldiaalbertoadriani.com\/?author=2\"}]}<\/script>\n<!-- \/ Yoast SEO plugin. -->","yoast_head_json":{"title":"Gobierno de Lisandro Segura realiz\u00f3 trabajos de despeje en la v\u00eda","description":"Gobierno de Lisandro Segura realiz\u00f3 trabajos de despeje en la v\u00eda hacia La Palmita parroquia Gabriel Pic\u00f3n Gonz\u00e1lez","robots":{"index":"index","follow":"follow","max-snippet":"max-snippet:-1","max-image-preview":"max-image-preview:large","max-video-preview":"max-video-preview:-1"},"canonical":"https:\/\/alcaldiaalbertoadriani.com\/?p=13108","og_locale":"es_ES","og_type":"article","og_title":"Gobierno de Lisandro Segura realiz\u00f3 trabajos de despeje en la v\u00eda","og_description":"Gobierno de Lisandro Segura realiz\u00f3 trabajos de despeje en la v\u00eda hacia La Palmita parroquia Gabriel Pic\u00f3n Gonz\u00e1lez","og_url":"https:\/\/alcaldiaalbertoadriani.com\/?p=13108","og_site_name":"Alcaldia Alberto Adriani","article_published_time":"2025-10-17T14:43:24+00:00","article_modified_time":"2025-10-17T14:43:28+00:00","og_image":[{"width":1016,"height":762,"url":"https:\/\/alcaldiaalbertoadriani.com\/wp-content\/uploads\/2025\/10\/photo_5154560960159747203_y.jpg","type":"image\/jpeg"}],"author":"Prensa","twitter_card":"summary_large_image","twitter_misc":{"Escrito por":"Prensa","Tiempo de lectura":"2 minutos"},"schema":{"@context":"https:\/\/schema.org","@graph":[{"@type":"WebPage","@id":"https:\/\/alcaldiaalbertoadriani.com\/?p=13108","url":"https:\/\/alcaldiaalbertoadriani.com\/?p=13108","name":"Gobierno de Lisandro Segura realiz\u00f3 trabajos de despeje en la v\u00eda","isPartOf":{"@id":"https:\/\/alcaldiaalbertoadriani.com\/#website"},"datePublished":"2025-10-17T14:43:24+00:00","dateModified":"2025-10-17T14:43:28+00:00","author":{"@id":"https:\/\/alcaldiaalbertoadriani.com\/#\/schema\/person\/549b4483ff8999ac780deeea78795fc9"},"description":"Gobierno de Lisandro Segura realiz\u00f3 trabajos de despeje en la v\u00eda hacia La Palmita parroquia Gabriel Pic\u00f3n Gonz\u00e1lez","breadcrumb":{"@id":"https:\/\/alcaldiaalbertoadriani.com\/?p=13108#breadcrumb"},"inLanguage":"es","potentialAction":[{"@type":"ReadAction","target":["https:\/\/alcaldiaalbertoadriani.com\/?p=13108"]}]},{"@type":"BreadcrumbList","@id":"https:\/\/alcaldiaalbertoadriani.com\/?p=13108#breadcrumb","itemListElement":[{"@type":"ListItem","position":1,"name":"Portada","item":"https:\/\/alcaldiaalbertoadriani.com\/"},{"@type":"ListItem","position":2,"name":"Gobierno de Lisandro Segura realiz\u00f3 trabajos de despeje en la v\u00eda hacia La Palmita"}]},{"@type":"WebSite","@id":"https:\/\/alcaldiaalbertoadriani.com\/#website","url":"https:\/\/alcaldiaalbertoadriani.com\/","name":"Alcaldia Alberto Adriani","description":"","potentialAction":[{"@type":"SearchAction","target":{"@type":"EntryPoint","urlTemplate":"https:\/\/alcaldiaalbertoadriani.com\/?s={search_term_string}"},"query-input":"required name=search_term_string"}],"inLanguage":"es"},{"@type":"Person","@id":"https:\/\/alcaldiaalbertoadriani.com\/#\/schema\/person\/549b4483ff8999ac780deeea78795fc9","name":"Prensa","image":{"@type":"ImageObject","inLanguage":"es","@id":"https:\/\/alcaldiaalbertoadriani.com\/#\/schema\/person\/image\/","url":"https:\/\/secure.gravatar.com\/avatar\/ea1cb567ea992a29627f4eee1c2eb185ec16decec6342d508fdf18dedb56c9de?s=96&d=mm&r=g","contentUrl":"https:\/\/secure.gravatar.com\/avatar\/ea1cb567ea992a29627f4eee1c2eb185ec16decec6342d508fdf18dedb56c9de?s=96&d=mm&r=g","caption":"Prensa"},"url":"https:\/\/alcaldiaalbertoadriani.com\/?author=2"}]}},"_links":{"self":[{"href":"https:\/\/alcaldiaalbertoadriani.com\/index.php?rest_route=\/wp\/v2\/posts\/13108","targetHints":{"allow":["GET"]}}],"collection":[{"href":"https:\/\/alcaldiaalbertoadriani.com\/index.php?rest_route=\/wp\/v2\/posts"}],"about":[{"href":"https:\/\/alcaldiaalbertoadriani.com\/index.php?rest_route=\/wp\/v2\/types\/post"}],"author":[{"embeddable":true,"href":"https:\/\/alcaldiaalbertoadriani.com\/index.php?rest_route=\/wp\/v2\/users\/2"}],"replies":[{"embeddable":true,"href":"https:\/\/alcaldiaalbertoadriani.com\/index.php?rest_route=%2Fwp%2Fv2%2Fcomments&post=13108"}],"version-history":[{"count":1,"href":"https:\/\/alcaldiaalbertoadriani.com\/index.php?rest_route=\/wp\/v2\/posts\/13108\/revisions"}],"predecessor-version":[{"id":13114,"href":"https:\/\/alcaldiaalbertoadriani.com\/index.php?rest_route=\/wp\/v2\/posts\/13108\/revisions\/13114"}],"wp:featuredmedia":[{"embeddable":true,"href":"https:\/\/alcaldiaalbertoadriani.com\/index.php?rest_route=\/wp\/v2\/media\/13109"}],"wp:attachment":[{"href":"https:\/\/alcaldiaalbertoadriani.com\/index.php?rest_route=%2Fwp%2Fv2%2Fmedia&parent=13108"}],"wp:term":[{"taxonomy":"category","embeddable":true,"href":"https:\/\/alcaldiaalbertoadriani.com\/index.php?rest_route=%2Fwp%2Fv2%2Fcategories&post=13108"},{"taxonomy":"post_tag","embeddable":true,"href":"https:\/\/alcaldiaalbertoadriani.com\/index.php?rest_route=%2Fwp%2Fv2%2Ftags&post=13108"}],"curies":[{"name":"wp","href":"https:\/\/api.w.org\/{rel}","templated":true}]}}