{"id":13093,"date":"2025-10-17T13:25:37","date_gmt":"2025-10-17T13:25:37","guid":{"rendered":"https:\/\/alcaldiaalbertoadriani.com\/?p=13093"},"modified":"2025-10-17T13:25:41","modified_gmt":"2025-10-17T13:25:41","slug":"lisandro-segura-anuncia-reinicio-del-plan-de-asfaltado","status":"publish","type":"post","link":"https:\/\/alcaldiaalbertoadriani.com\/?p=13093","title":{"rendered":"Lisandro Segura anunci\u00f3 reinicio del plan de asfaltado en su programa radial"},"content":{"rendered":"\n<p>En su <a href=\"https:\/\/alcaldiaalbertoadriani.com\/?tag=programa-radial\">programa radial<\/a>, el alcalde <a href=\"https:\/\/www.instagram.com\/lisandrosegura02\/\">Lisandro Segura <\/a> anunci\u00f3  acciones desarrolladas por su gesti\u00f3n, destacando el reinicio del <a href=\"https:\/\/alcaldiaalbertoadriani.com\/?tag=gobierno-plan-de-asfaltado\">plan de asfaltado<\/a> en el municipio Alberto Adriani.<\/p>\n\n\n\n<p>Durante la transmisi\u00f3n desde el sector La Victoria, detall\u00f3 que en una asamblea comunitaria previa en el lugar, pudo constatar los problemas prioritarios que le aquejan el sitio. &#8220;De inmediato envi\u00e9 el equipo de la gerencia de Ingenier\u00eda para ejecutar la culminaci\u00f3n de un drenaje de aguas pluviales&#8221;, se\u00f1al\u00f3.<\/p>\n\n\n\n<p>El alcalde explic\u00f3 que se trata de una obra inconclusa de una gesti\u00f3n anterior, y que ahora ser\u00e1 finalizada por  su administraci\u00f3n, mediante el empotramiento de 14 tuber\u00edas de concreto de 24 pulgadas para dar salida al ca\u00f1o Bubuqu\u00ed. <br><\/p>\n\n\n\n<p>Adem\u00e1s, anunci\u00f3 el apoyo para la comunidad con cemento, piedra bola y asistencia t\u00e9cnica para la construcci\u00f3n de un muro cicl\u00f3peo de protecci\u00f3n. Tambi\u00e9n enviar\u00e1 de granz\u00f3n y m\u00e1quina tipo patrol para recuperar la v\u00eda.<\/p>\n\n\n\n<p>En cuanto a los servicios p\u00fablicos, inform\u00f3 sobre la mejora sustancial en la recolecci\u00f3n de desechos s\u00f3lidos. Hizo una aclaratoria sobre la tasa que se cobra por el servicio. &#8220;Solo la municipalidad cobra una cuota m\u00ednima a los comerciantes y no cobra el servicio domiciliario. Aclaro que el cobro por disposici\u00f3n final de los desechos lo realiza la gobernaci\u00f3n, y no la alcald\u00eda&#8221;. <\/p>\n\n\n\n<p>Asimismo, exhort\u00f3 a la colectividad a cuidar los espacios p\u00fablicos. Advirti\u00f3 que la reforma a la Ordenanza de Convivencia Ciudadana incluir\u00e1 &#8220;sanciones econ\u00f3micas para quien incurra en estos hechos de tirar la basura a la calle&#8221;.<\/p>\n\n\n\n<h2 class=\"wp-block-heading\"><strong>Reinicio del Asfaltado<\/strong><\/h2>\n\n\n\n<p><a href=\"https:\/\/www.instagram.com\/lisandrosegura02\/\">Lisandro Segura<\/a> anunci\u00f3 el reinicio del plan de asfaltado para la pr\u00f3xima semana, comenzando en la Zona Industrial de la parroquia presidente P\u00e1ez. Posteriormente, realizar\u00e1 un bacheo en las avenidas Don Pepe Rojas, Bol\u00edvar, y la 15, para luego avanzar hacia la comunidad de Los Pozones y la calle principal de Parque Chama II. &#8220;El pr\u00f3ximo a\u00f1o continuaremos con el asfaltado con mayor proyecci\u00f3n en el presupuesto&#8221;, afirm\u00f3.<\/p>\n\n\n\n<p>Igualmente, el alcalde inform\u00f3 sobre la culminaci\u00f3n de la escuela de Camir\u00ed, la cual ser\u00e1 inaugurada pr\u00f3ximamente. Resalt\u00f3 que con esta y la de Ca\u00f1o Balza, &#8220;son dos escuelas municipales hechas por la gesti\u00f3n&#8221;. Asimismo, anunci\u00f3 la finalizaci\u00f3n de la canalizaci\u00f3n de Ca\u00f1o Amarillo, obras ejecutadas en la parroquia H\u00e9ctor Amable Mora.<\/p>\n\n\n\n<p>Finalmente, el regente destac\u00f3 la recuperaci\u00f3n general del Parque La Guacamaya, con miras al desarrollo tur\u00edstico, que incluye los ba\u00f1os, pista de BMX, el caney. Invit\u00f3 a la ciudadan\u00eda a unirse a las actividades del Festival Rosa contra el c\u00e1ncer de mama, que incluye un radio marat\u00f3n este viernes y la &#8220;Caminata Rosa el domingo 19 de octubre con el prop\u00f3sito de recolectar fondos para la Cl\u00ednica de prevenci\u00f3n del C\u00e1ncer&#8221;. <strong><em>Prensa Alcald\u00eda Alberto Adriani\/ Claribel Zambrano CNP: 11.843\/ Foto: Danny Ru\u00edz.<\/em><\/strong><\/p>\n","protected":false},"excerpt":{"rendered":"<p>En su programa radial, el alcalde Lisandro Segura anunci\u00f3 acciones desarrolladas por su gesti\u00f3n, destacando el reinicio del plan de asfaltado en el municipio Alberto Adriani. Durante la transmisi\u00f3n desde [&hellip;]<\/p>\n","protected":false},"author":2,"featured_media":13094,"comment_status":"open","ping_status":"closed","sticky":false,"template":"","format":"standard","meta":{"_et_pb_use_builder":"off","_et_pb_old_content":"","_et_gb_content_width":"","footnotes":""},"categories":[341,1064,222,25],"tags":[11,12,15,761,30,29,28],"class_list":["post-13093","post","type-post","status-publish","format-standard","has-post-thumbnail","hentry","category-alcaldia-alberto-adriani","category-asfaltado","category-conversando-con-lisandro","category-nuestro-municipio","tag-alcaldia","tag-alcaldiaalbertoadriani","tag-elvigia","tag-encrucijadadeprogreso","tag-lisandrosegura","tag-municipioquenosmerecemos","tag-porelrenacer"],"yoast_head":"<!-- This site is optimized with the Yoast SEO plugin v19.13 - https:\/\/yoast.com\/wordpress\/plugins\/seo\/ -->\n<title>Lisandro Segura anuncia reinicio del plan de asfaltado<\/title>\n<meta name=\"description\" content=\"Lisandro segura anuncia reinicio del plan de asfaltado en su programa radial dio a conocer importantes anuncios\" \/>\n<meta name=\"robots\" content=\"index, follow, max-snippet:-1, max-image-preview:large, max-video-preview:-1\" \/>\n<link rel=\"canonical\" href=\"https:\/\/alcaldiaalbertoadriani.com\/?p=13093\" \/>\n<meta property=\"og:locale\" content=\"es_ES\" \/>\n<meta property=\"og:type\" content=\"article\" \/>\n<meta property=\"og:title\" content=\"Lisandro Segura anuncia reinicio del plan de asfaltado\" \/>\n<meta property=\"og:description\" content=\"Lisandro segura anuncia reinicio del plan de asfaltado en su programa radial dio a conocer importantes anuncios\" \/>\n<meta property=\"og:url\" content=\"https:\/\/alcaldiaalbertoadriani.com\/?p=13093\" \/>\n<meta property=\"og:site_name\" content=\"Alcaldia Alberto Adriani\" \/>\n<meta property=\"article:published_time\" content=\"2025-10-17T13:25:37+00:00\" \/>\n<meta property=\"article:modified_time\" content=\"2025-10-17T13:25:41+00:00\" \/>\n<meta property=\"og:image\" content=\"https:\/\/alcaldiaalbertoadriani.com\/wp-content\/uploads\/2025\/10\/photo_5152309160346061798_y.jpg\" \/>\n\t<meta property=\"og:image:width\" content=\"1280\" \/>\n\t<meta property=\"og:image:height\" content=\"960\" \/>\n\t<meta property=\"og:image:type\" content=\"image\/jpeg\" \/>\n<meta name=\"author\" content=\"Prensa\" \/>\n<meta name=\"twitter:card\" content=\"summary_large_image\" \/>\n<meta name=\"twitter:label1\" content=\"Escrito por\" \/>\n\t<meta name=\"twitter:data1\" content=\"Prensa\" \/>\n\t<meta name=\"twitter:label2\" content=\"Tiempo de lectura\" \/>\n\t<meta name=\"twitter:data2\" content=\"3 minutos\" \/>\n<script type=\"application\/ld+json\" class=\"yoast-schema-graph\">{\"@context\":\"https:\/\/schema.org\",\"@graph\":[{\"@type\":\"WebPage\",\"@id\":\"https:\/\/alcaldiaalbertoadriani.com\/?p=13093\",\"url\":\"https:\/\/alcaldiaalbertoadriani.com\/?p=13093\",\"name\":\"Lisandro Segura anuncia reinicio del plan de asfaltado\",\"isPartOf\":{\"@id\":\"https:\/\/alcaldiaalbertoadriani.com\/#website\"},\"datePublished\":\"2025-10-17T13:25:37+00:00\",\"dateModified\":\"2025-10-17T13:25:41+00:00\",\"author\":{\"@id\":\"https:\/\/alcaldiaalbertoadriani.com\/#\/schema\/person\/549b4483ff8999ac780deeea78795fc9\"},\"description\":\"Lisandro segura anuncia reinicio del plan de asfaltado en su programa radial dio a conocer importantes anuncios\",\"breadcrumb\":{\"@id\":\"https:\/\/alcaldiaalbertoadriani.com\/?p=13093#breadcrumb\"},\"inLanguage\":\"es\",\"potentialAction\":[{\"@type\":\"ReadAction\",\"target\":[\"https:\/\/alcaldiaalbertoadriani.com\/?p=13093\"]}]},{\"@type\":\"BreadcrumbList\",\"@id\":\"https:\/\/alcaldiaalbertoadriani.com\/?p=13093#breadcrumb\",\"itemListElement\":[{\"@type\":\"ListItem\",\"position\":1,\"name\":\"Portada\",\"item\":\"https:\/\/alcaldiaalbertoadriani.com\/\"},{\"@type\":\"ListItem\",\"position\":2,\"name\":\"Lisandro Segura anunci\u00f3 reinicio del plan de asfaltado en su programa radial\"}]},{\"@type\":\"WebSite\",\"@id\":\"https:\/\/alcaldiaalbertoadriani.com\/#website\",\"url\":\"https:\/\/alcaldiaalbertoadriani.com\/\",\"name\":\"Alcaldia Alberto Adriani\",\"description\":\"\",\"potentialAction\":[{\"@type\":\"SearchAction\",\"target\":{\"@type\":\"EntryPoint\",\"urlTemplate\":\"https:\/\/alcaldiaalbertoadriani.com\/?s={search_term_string}\"},\"query-input\":\"required name=search_term_string\"}],\"inLanguage\":\"es\"},{\"@type\":\"Person\",\"@id\":\"https:\/\/alcaldiaalbertoadriani.com\/#\/schema\/person\/549b4483ff8999ac780deeea78795fc9\",\"name\":\"Prensa\",\"image\":{\"@type\":\"ImageObject\",\"inLanguage\":\"es\",\"@id\":\"https:\/\/alcaldiaalbertoadriani.com\/#\/schema\/person\/image\/\",\"url\":\"https:\/\/secure.gravatar.com\/avatar\/ea1cb567ea992a29627f4eee1c2eb185ec16decec6342d508fdf18dedb56c9de?s=96&d=mm&r=g\",\"contentUrl\":\"https:\/\/secure.gravatar.com\/avatar\/ea1cb567ea992a29627f4eee1c2eb185ec16decec6342d508fdf18dedb56c9de?s=96&d=mm&r=g\",\"caption\":\"Prensa\"},\"url\":\"https:\/\/alcaldiaalbertoadriani.com\/?author=2\"}]}<\/script>\n<!-- \/ Yoast SEO plugin. -->","yoast_head_json":{"title":"Lisandro Segura anuncia reinicio del plan de asfaltado","description":"Lisandro segura anuncia reinicio del plan de asfaltado en su programa radial dio a conocer importantes anuncios","robots":{"index":"index","follow":"follow","max-snippet":"max-snippet:-1","max-image-preview":"max-image-preview:large","max-video-preview":"max-video-preview:-1"},"canonical":"https:\/\/alcaldiaalbertoadriani.com\/?p=13093","og_locale":"es_ES","og_type":"article","og_title":"Lisandro Segura anuncia reinicio del plan de asfaltado","og_description":"Lisandro segura anuncia reinicio del plan de asfaltado en su programa radial dio a conocer importantes anuncios","og_url":"https:\/\/alcaldiaalbertoadriani.com\/?p=13093","og_site_name":"Alcaldia Alberto Adriani","article_published_time":"2025-10-17T13:25:37+00:00","article_modified_time":"2025-10-17T13:25:41+00:00","og_image":[{"width":1280,"height":960,"url":"https:\/\/alcaldiaalbertoadriani.com\/wp-content\/uploads\/2025\/10\/photo_5152309160346061798_y.jpg","type":"image\/jpeg"}],"author":"Prensa","twitter_card":"summary_large_image","twitter_misc":{"Escrito por":"Prensa","Tiempo de lectura":"3 minutos"},"schema":{"@context":"https:\/\/schema.org","@graph":[{"@type":"WebPage","@id":"https:\/\/alcaldiaalbertoadriani.com\/?p=13093","url":"https:\/\/alcaldiaalbertoadriani.com\/?p=13093","name":"Lisandro Segura anuncia reinicio del plan de asfaltado","isPartOf":{"@id":"https:\/\/alcaldiaalbertoadriani.com\/#website"},"datePublished":"2025-10-17T13:25:37+00:00","dateModified":"2025-10-17T13:25:41+00:00","author":{"@id":"https:\/\/alcaldiaalbertoadriani.com\/#\/schema\/person\/549b4483ff8999ac780deeea78795fc9"},"description":"Lisandro segura anuncia reinicio del plan de asfaltado en su programa radial dio a conocer importantes anuncios","breadcrumb":{"@id":"https:\/\/alcaldiaalbertoadriani.com\/?p=13093#breadcrumb"},"inLanguage":"es","potentialAction":[{"@type":"ReadAction","target":["https:\/\/alcaldiaalbertoadriani.com\/?p=13093"]}]},{"@type":"BreadcrumbList","@id":"https:\/\/alcaldiaalbertoadriani.com\/?p=13093#breadcrumb","itemListElement":[{"@type":"ListItem","position":1,"name":"Portada","item":"https:\/\/alcaldiaalbertoadriani.com\/"},{"@type":"ListItem","position":2,"name":"Lisandro Segura anunci\u00f3 reinicio del plan de asfaltado en su programa radial"}]},{"@type":"WebSite","@id":"https:\/\/alcaldiaalbertoadriani.com\/#website","url":"https:\/\/alcaldiaalbertoadriani.com\/","name":"Alcaldia Alberto Adriani","description":"","potentialAction":[{"@type":"SearchAction","target":{"@type":"EntryPoint","urlTemplate":"https:\/\/alcaldiaalbertoadriani.com\/?s={search_term_string}"},"query-input":"required name=search_term_string"}],"inLanguage":"es"},{"@type":"Person","@id":"https:\/\/alcaldiaalbertoadriani.com\/#\/schema\/person\/549b4483ff8999ac780deeea78795fc9","name":"Prensa","image":{"@type":"ImageObject","inLanguage":"es","@id":"https:\/\/alcaldiaalbertoadriani.com\/#\/schema\/person\/image\/","url":"https:\/\/secure.gravatar.com\/avatar\/ea1cb567ea992a29627f4eee1c2eb185ec16decec6342d508fdf18dedb56c9de?s=96&d=mm&r=g","contentUrl":"https:\/\/secure.gravatar.com\/avatar\/ea1cb567ea992a29627f4eee1c2eb185ec16decec6342d508fdf18dedb56c9de?s=96&d=mm&r=g","caption":"Prensa"},"url":"https:\/\/alcaldiaalbertoadriani.com\/?author=2"}]}},"_links":{"self":[{"href":"https:\/\/alcaldiaalbertoadriani.com\/index.php?rest_route=\/wp\/v2\/posts\/13093","targetHints":{"allow":["GET"]}}],"collection":[{"href":"https:\/\/alcaldiaalbertoadriani.com\/index.php?rest_route=\/wp\/v2\/posts"}],"about":[{"href":"https:\/\/alcaldiaalbertoadriani.com\/index.php?rest_route=\/wp\/v2\/types\/post"}],"author":[{"embeddable":true,"href":"https:\/\/alcaldiaalbertoadriani.com\/index.php?rest_route=\/wp\/v2\/users\/2"}],"replies":[{"embeddable":true,"href":"https:\/\/alcaldiaalbertoadriani.com\/index.php?rest_route=%2Fwp%2Fv2%2Fcomments&post=13093"}],"version-history":[{"count":1,"href":"https:\/\/alcaldiaalbertoadriani.com\/index.php?rest_route=\/wp\/v2\/posts\/13093\/revisions"}],"predecessor-version":[{"id":13095,"href":"https:\/\/alcaldiaalbertoadriani.com\/index.php?rest_route=\/wp\/v2\/posts\/13093\/revisions\/13095"}],"wp:featuredmedia":[{"embeddable":true,"href":"https:\/\/alcaldiaalbertoadriani.com\/index.php?rest_route=\/wp\/v2\/media\/13094"}],"wp:attachment":[{"href":"https:\/\/alcaldiaalbertoadriani.com\/index.php?rest_route=%2Fwp%2Fv2%2Fmedia&parent=13093"}],"wp:term":[{"taxonomy":"category","embeddable":true,"href":"https:\/\/alcaldiaalbertoadriani.com\/index.php?rest_route=%2Fwp%2Fv2%2Fcategories&post=13093"},{"taxonomy":"post_tag","embeddable":true,"href":"https:\/\/alcaldiaalbertoadriani.com\/index.php?rest_route=%2Fwp%2Fv2%2Ftags&post=13093"}],"curies":[{"name":"wp","href":"https:\/\/api.w.org\/{rel}","templated":true}]}}