{"id":13018,"date":"2025-10-13T16:03:12","date_gmt":"2025-10-13T16:03:12","guid":{"rendered":"https:\/\/alcaldiaalbertoadriani.com\/?p=13018"},"modified":"2025-10-13T16:03:17","modified_gmt":"2025-10-13T16:03:17","slug":"ugradmaa-impartio-charla-de-capacitacion-sobre-sismos","status":"publish","type":"post","link":"https:\/\/alcaldiaalbertoadriani.com\/?p=13018","title":{"rendered":"Ugradmaa imparti\u00f3 charla de capacitaci\u00f3n sobre Sismos en instituci\u00f3n educativa"},"content":{"rendered":"\n<p>Este jueves, funcionarios de la Unidad de Gesti\u00f3n de Riesgo y Administraci\u00f3n de Desastres \u2013<a href=\"https:\/\/alcaldiaalbertoadriani.com\/?tag=funcionarios-ugradmaa-actualizan-conocimientos\">Ugradmaa<\/a>-, adscrita a la alcald\u00eda del municipio Alberto Adriani, impartieron una charla de capacitaci\u00f3n sobre sismos a los estudiantes del Colegio Alfa de la parroquia presidente Jos\u00e9 Antonio P\u00e1ez.<\/p>\n\n\n\n<figure class=\"wp-block-gallery has-nested-images columns-default is-cropped wp-block-gallery-1 is-layout-flex wp-block-gallery-is-layout-flex\">\n<figure class=\"wp-block-image size-large\"><img loading=\"lazy\" decoding=\"async\" width=\"800\" height=\"600\" data-id=\"13020\" src=\"https:\/\/alcaldiaalbertoadriani.com\/wp-content\/uploads\/2025\/10\/5147971595564419846.jpg\" alt=\"\" class=\"wp-image-13020\" srcset=\"https:\/\/alcaldiaalbertoadriani.com\/wp-content\/uploads\/2025\/10\/5147971595564419846.jpg 800w, https:\/\/alcaldiaalbertoadriani.com\/wp-content\/uploads\/2025\/10\/5147971595564419846-480x360.jpg 480w\" sizes=\"auto, (min-width: 0px) and (max-width: 480px) 480px, (min-width: 481px) 800px, 100vw\" \/><\/figure>\n<\/figure>\n\n\n\n<p>Al respecto, John Torres, jefe de la <a href=\"https:\/\/alcaldiaalbertoadriani.com\/?tag=funcionarios-ugradmaa-actualizan-conocimientos\">Ugradmaa<\/a>, inform\u00f3 que por orientaciones del alcalde <a href=\"https:\/\/www.instagram.com\/lisandrosegura02\/\">Lisandro Segura<\/a>, dicha actividad se efectu\u00f3 con el prop\u00f3sito de prevenir qu\u00e9 hacer antes, durante y despu\u00e9s de un sismo.<\/p>\n\n\n\n<figure class=\"wp-block-gallery has-nested-images columns-default is-cropped wp-block-gallery-2 is-layout-flex wp-block-gallery-is-layout-flex\">\n<figure class=\"wp-block-image size-large\"><img loading=\"lazy\" decoding=\"async\" width=\"800\" height=\"600\" data-id=\"13021\" src=\"https:\/\/alcaldiaalbertoadriani.com\/wp-content\/uploads\/2025\/10\/5147971595564419849.jpg\" alt=\"\" class=\"wp-image-13021\" srcset=\"https:\/\/alcaldiaalbertoadriani.com\/wp-content\/uploads\/2025\/10\/5147971595564419849.jpg 800w, https:\/\/alcaldiaalbertoadriani.com\/wp-content\/uploads\/2025\/10\/5147971595564419849-480x360.jpg 480w\" sizes=\"auto, (min-width: 0px) and (max-width: 480px) 480px, (min-width: 481px) 800px, 100vw\" \/><\/figure>\n<\/figure>\n\n\n\n<p>\u201cCon la gu\u00eda de los profesores pudimos orientar a los ni\u00f1os utilizando la regla de tres, como lo son el no correr, gritar ni empujar para que ellos tengan noci\u00f3n a la hora de presentarse alguna eventualidad de esta naturaleza en el municipio\u201d, indic\u00f3.<\/p>\n\n\n\n<p>Durante la jornada, los estudiantes de primaria y secundaria apreciaron varios audiovisuales relacionados al tema.<\/p>\n\n\n\n<p>Torres agreg\u00f3 que de esta manera los ni\u00f1os y j\u00f3venes sabr\u00e1n c\u00f3mo actuar en el momento de un evento sismol\u00f3gico.<\/p>\n\n\n\n<figure class=\"wp-block-gallery has-nested-images columns-default is-cropped wp-block-gallery-3 is-layout-flex wp-block-gallery-is-layout-flex\">\n<figure class=\"wp-block-image size-large\"><img loading=\"lazy\" decoding=\"async\" width=\"800\" height=\"600\" data-id=\"13022\" src=\"https:\/\/alcaldiaalbertoadriani.com\/wp-content\/uploads\/2025\/10\/5147971595564419850.jpg\" alt=\"\" class=\"wp-image-13022\" srcset=\"https:\/\/alcaldiaalbertoadriani.com\/wp-content\/uploads\/2025\/10\/5147971595564419850.jpg 800w, https:\/\/alcaldiaalbertoadriani.com\/wp-content\/uploads\/2025\/10\/5147971595564419850-480x360.jpg 480w\" sizes=\"auto, (min-width: 0px) and (max-width: 480px) 480px, (min-width: 481px) 800px, 100vw\" \/><\/figure>\n<\/figure>\n\n\n\n<p>Por \u00faltimo, el jefe la <a href=\"https:\/\/alcaldiaalbertoadriani.com\/?tag=funcionarios-ugradmaa-actualizan-conocimientos\">Ugradmaa<\/a>, dijo que esta charla educativa la llevar\u00e1n a la pr\u00e1ctica el d\u00eda viernes 10 de octubre en dicha instituci\u00f3n, motivado al reciente enjambre s\u00edsmico que sacudi\u00f3 a varios estados del pa\u00eds. <strong><em>Prensa Alcald\u00eda Alberto Adriani\/Edgar Mendoza CNP25.736\/Fotos: Karla M\u00e1rquez.<\/em><\/strong><\/p>\n\n\n\n<figure class=\"wp-block-gallery has-nested-images columns-default is-cropped wp-block-gallery-4 is-layout-flex wp-block-gallery-is-layout-flex\">\n<figure class=\"wp-block-image size-large\"><img loading=\"lazy\" decoding=\"async\" width=\"800\" height=\"601\" data-id=\"13025\" src=\"https:\/\/alcaldiaalbertoadriani.com\/wp-content\/uploads\/2025\/10\/5147971595564419851.jpg\" alt=\"\" class=\"wp-image-13025\" srcset=\"https:\/\/alcaldiaalbertoadriani.com\/wp-content\/uploads\/2025\/10\/5147971595564419851.jpg 800w, https:\/\/alcaldiaalbertoadriani.com\/wp-content\/uploads\/2025\/10\/5147971595564419851-480x361.jpg 480w\" sizes=\"auto, (min-width: 0px) and (max-width: 480px) 480px, (min-width: 481px) 800px, 100vw\" \/><\/figure>\n\n\n\n<figure class=\"wp-block-image size-large\"><img loading=\"lazy\" decoding=\"async\" width=\"800\" height=\"600\" data-id=\"13023\" src=\"https:\/\/alcaldiaalbertoadriani.com\/wp-content\/uploads\/2025\/10\/5147971595564419854.jpg\" alt=\"\" class=\"wp-image-13023\" srcset=\"https:\/\/alcaldiaalbertoadriani.com\/wp-content\/uploads\/2025\/10\/5147971595564419854.jpg 800w, https:\/\/alcaldiaalbertoadriani.com\/wp-content\/uploads\/2025\/10\/5147971595564419854-480x360.jpg 480w\" sizes=\"auto, (min-width: 0px) and (max-width: 480px) 480px, (min-width: 481px) 800px, 100vw\" \/><\/figure>\n\n\n\n<figure class=\"wp-block-image size-large\"><img loading=\"lazy\" decoding=\"async\" width=\"800\" height=\"600\" data-id=\"13027\" src=\"https:\/\/alcaldiaalbertoadriani.com\/wp-content\/uploads\/2025\/10\/5147971595564419853.jpg\" alt=\"\" class=\"wp-image-13027\" srcset=\"https:\/\/alcaldiaalbertoadriani.com\/wp-content\/uploads\/2025\/10\/5147971595564419853.jpg 800w, https:\/\/alcaldiaalbertoadriani.com\/wp-content\/uploads\/2025\/10\/5147971595564419853-480x360.jpg 480w\" sizes=\"auto, (min-width: 0px) and (max-width: 480px) 480px, (min-width: 481px) 800px, 100vw\" \/><\/figure>\n\n\n\n<figure class=\"wp-block-image size-large\"><img loading=\"lazy\" decoding=\"async\" width=\"800\" height=\"601\" data-id=\"13024\" src=\"https:\/\/alcaldiaalbertoadriani.com\/wp-content\/uploads\/2025\/10\/5147971595564419852.jpg\" alt=\"\" class=\"wp-image-13024\" srcset=\"https:\/\/alcaldiaalbertoadriani.com\/wp-content\/uploads\/2025\/10\/5147971595564419852.jpg 800w, https:\/\/alcaldiaalbertoadriani.com\/wp-content\/uploads\/2025\/10\/5147971595564419852-480x361.jpg 480w\" sizes=\"auto, (min-width: 0px) and (max-width: 480px) 480px, (min-width: 481px) 800px, 100vw\" \/><\/figure>\n\n\n\n<figure class=\"wp-block-image size-large\"><img loading=\"lazy\" decoding=\"async\" width=\"800\" height=\"600\" data-id=\"13026\" src=\"https:\/\/alcaldiaalbertoadriani.com\/wp-content\/uploads\/2025\/10\/5147971595564419847.jpg\" alt=\"\" class=\"wp-image-13026\" srcset=\"https:\/\/alcaldiaalbertoadriani.com\/wp-content\/uploads\/2025\/10\/5147971595564419847.jpg 800w, https:\/\/alcaldiaalbertoadriani.com\/wp-content\/uploads\/2025\/10\/5147971595564419847-480x360.jpg 480w\" sizes=\"auto, (min-width: 0px) and (max-width: 480px) 480px, (min-width: 481px) 800px, 100vw\" \/><\/figure>\n<\/figure>\n","protected":false},"excerpt":{"rendered":"<p>Este jueves, funcionarios de la Unidad de Gesti\u00f3n de Riesgo y Administraci\u00f3n de Desastres \u2013Ugradmaa-, adscrita a la alcald\u00eda del municipio Alberto Adriani, impartieron una charla de capacitaci\u00f3n sobre sismos [&hellip;]<\/p>\n","protected":false},"author":2,"featured_media":13019,"comment_status":"open","ping_status":"closed","sticky":false,"template":"","format":"standard","meta":{"_et_pb_use_builder":"off","_et_pb_old_content":"","_et_gb_content_width":"","footnotes":""},"categories":[341,25,311,218],"tags":[31,11,12,15,30,29,28],"class_list":["post-13018","post","type-post","status-publish","format-standard","has-post-thumbnail","hentry","category-alcaldia-alberto-adriani","category-nuestro-municipio","category-ugradmaa","category-unidad-municipal-de-gestion-de-riesgo","tag-alcalde","tag-alcaldia","tag-alcaldiaalbertoadriani","tag-elvigia","tag-lisandrosegura","tag-municipioquenosmerecemos","tag-porelrenacer"],"yoast_head":"<!-- This site is optimized with the Yoast SEO plugin v19.13 - https:\/\/yoast.com\/wordpress\/plugins\/seo\/ -->\n<title>Ugradmaa imparti\u00f3 charla de capacitaci\u00f3n sobre Sismos<\/title>\n<meta name=\"description\" content=\"Ugradmaa imparti\u00f3 charla de capacitaci\u00f3n sobre Sismos en instituci\u00f3n educativa Colegio Alfa de la parroquia presidente Jos\u00e9 Antonio P\u00e1ez.\" \/>\n<meta name=\"robots\" content=\"index, follow, max-snippet:-1, max-image-preview:large, max-video-preview:-1\" \/>\n<link rel=\"canonical\" href=\"https:\/\/alcaldiaalbertoadriani.com\/?p=13018\" \/>\n<meta property=\"og:locale\" content=\"es_ES\" \/>\n<meta property=\"og:type\" content=\"article\" \/>\n<meta property=\"og:title\" content=\"Ugradmaa imparti\u00f3 charla de capacitaci\u00f3n sobre Sismos\" \/>\n<meta property=\"og:description\" content=\"Ugradmaa imparti\u00f3 charla de capacitaci\u00f3n sobre Sismos en instituci\u00f3n educativa Colegio Alfa de la parroquia presidente Jos\u00e9 Antonio P\u00e1ez.\" \/>\n<meta property=\"og:url\" content=\"https:\/\/alcaldiaalbertoadriani.com\/?p=13018\" \/>\n<meta property=\"og:site_name\" content=\"Alcaldia Alberto Adriani\" \/>\n<meta property=\"article:published_time\" content=\"2025-10-13T16:03:12+00:00\" \/>\n<meta property=\"article:modified_time\" content=\"2025-10-13T16:03:17+00:00\" \/>\n<meta property=\"og:image\" content=\"https:\/\/alcaldiaalbertoadriani.com\/wp-content\/uploads\/2025\/10\/5147971595564419848.jpg\" \/>\n\t<meta property=\"og:image:width\" content=\"800\" \/>\n\t<meta property=\"og:image:height\" content=\"601\" \/>\n\t<meta property=\"og:image:type\" content=\"image\/jpeg\" \/>\n<meta name=\"author\" content=\"Prensa\" \/>\n<meta name=\"twitter:card\" content=\"summary_large_image\" \/>\n<meta name=\"twitter:label1\" content=\"Escrito por\" \/>\n\t<meta name=\"twitter:data1\" content=\"Prensa\" \/>\n\t<meta name=\"twitter:label2\" content=\"Tiempo de lectura\" \/>\n\t<meta name=\"twitter:data2\" content=\"3 minutos\" \/>\n<script type=\"application\/ld+json\" class=\"yoast-schema-graph\">{\"@context\":\"https:\/\/schema.org\",\"@graph\":[{\"@type\":\"WebPage\",\"@id\":\"https:\/\/alcaldiaalbertoadriani.com\/?p=13018\",\"url\":\"https:\/\/alcaldiaalbertoadriani.com\/?p=13018\",\"name\":\"Ugradmaa imparti\u00f3 charla de capacitaci\u00f3n sobre Sismos\",\"isPartOf\":{\"@id\":\"https:\/\/alcaldiaalbertoadriani.com\/#website\"},\"datePublished\":\"2025-10-13T16:03:12+00:00\",\"dateModified\":\"2025-10-13T16:03:17+00:00\",\"author\":{\"@id\":\"https:\/\/alcaldiaalbertoadriani.com\/#\/schema\/person\/549b4483ff8999ac780deeea78795fc9\"},\"description\":\"Ugradmaa imparti\u00f3 charla de capacitaci\u00f3n sobre Sismos en instituci\u00f3n educativa Colegio Alfa de la parroquia presidente Jos\u00e9 Antonio P\u00e1ez.\",\"breadcrumb\":{\"@id\":\"https:\/\/alcaldiaalbertoadriani.com\/?p=13018#breadcrumb\"},\"inLanguage\":\"es\",\"potentialAction\":[{\"@type\":\"ReadAction\",\"target\":[\"https:\/\/alcaldiaalbertoadriani.com\/?p=13018\"]}]},{\"@type\":\"BreadcrumbList\",\"@id\":\"https:\/\/alcaldiaalbertoadriani.com\/?p=13018#breadcrumb\",\"itemListElement\":[{\"@type\":\"ListItem\",\"position\":1,\"name\":\"Portada\",\"item\":\"https:\/\/alcaldiaalbertoadriani.com\/\"},{\"@type\":\"ListItem\",\"position\":2,\"name\":\"Ugradmaa imparti\u00f3 charla de capacitaci\u00f3n sobre Sismos en instituci\u00f3n educativa\"}]},{\"@type\":\"WebSite\",\"@id\":\"https:\/\/alcaldiaalbertoadriani.com\/#website\",\"url\":\"https:\/\/alcaldiaalbertoadriani.com\/\",\"name\":\"Alcaldia Alberto Adriani\",\"description\":\"\",\"potentialAction\":[{\"@type\":\"SearchAction\",\"target\":{\"@type\":\"EntryPoint\",\"urlTemplate\":\"https:\/\/alcaldiaalbertoadriani.com\/?s={search_term_string}\"},\"query-input\":\"required name=search_term_string\"}],\"inLanguage\":\"es\"},{\"@type\":\"Person\",\"@id\":\"https:\/\/alcaldiaalbertoadriani.com\/#\/schema\/person\/549b4483ff8999ac780deeea78795fc9\",\"name\":\"Prensa\",\"image\":{\"@type\":\"ImageObject\",\"inLanguage\":\"es\",\"@id\":\"https:\/\/alcaldiaalbertoadriani.com\/#\/schema\/person\/image\/\",\"url\":\"https:\/\/secure.gravatar.com\/avatar\/ea1cb567ea992a29627f4eee1c2eb185ec16decec6342d508fdf18dedb56c9de?s=96&d=mm&r=g\",\"contentUrl\":\"https:\/\/secure.gravatar.com\/avatar\/ea1cb567ea992a29627f4eee1c2eb185ec16decec6342d508fdf18dedb56c9de?s=96&d=mm&r=g\",\"caption\":\"Prensa\"},\"url\":\"https:\/\/alcaldiaalbertoadriani.com\/?author=2\"}]}<\/script>\n<!-- \/ Yoast SEO plugin. -->","yoast_head_json":{"title":"Ugradmaa imparti\u00f3 charla de capacitaci\u00f3n sobre Sismos","description":"Ugradmaa imparti\u00f3 charla de capacitaci\u00f3n sobre Sismos en instituci\u00f3n educativa Colegio Alfa de la parroquia presidente Jos\u00e9 Antonio P\u00e1ez.","robots":{"index":"index","follow":"follow","max-snippet":"max-snippet:-1","max-image-preview":"max-image-preview:large","max-video-preview":"max-video-preview:-1"},"canonical":"https:\/\/alcaldiaalbertoadriani.com\/?p=13018","og_locale":"es_ES","og_type":"article","og_title":"Ugradmaa imparti\u00f3 charla de capacitaci\u00f3n sobre Sismos","og_description":"Ugradmaa imparti\u00f3 charla de capacitaci\u00f3n sobre Sismos en instituci\u00f3n educativa Colegio Alfa de la parroquia presidente Jos\u00e9 Antonio P\u00e1ez.","og_url":"https:\/\/alcaldiaalbertoadriani.com\/?p=13018","og_site_name":"Alcaldia Alberto Adriani","article_published_time":"2025-10-13T16:03:12+00:00","article_modified_time":"2025-10-13T16:03:17+00:00","og_image":[{"width":800,"height":601,"url":"https:\/\/alcaldiaalbertoadriani.com\/wp-content\/uploads\/2025\/10\/5147971595564419848.jpg","type":"image\/jpeg"}],"author":"Prensa","twitter_card":"summary_large_image","twitter_misc":{"Escrito por":"Prensa","Tiempo de lectura":"3 minutos"},"schema":{"@context":"https:\/\/schema.org","@graph":[{"@type":"WebPage","@id":"https:\/\/alcaldiaalbertoadriani.com\/?p=13018","url":"https:\/\/alcaldiaalbertoadriani.com\/?p=13018","name":"Ugradmaa imparti\u00f3 charla de capacitaci\u00f3n sobre Sismos","isPartOf":{"@id":"https:\/\/alcaldiaalbertoadriani.com\/#website"},"datePublished":"2025-10-13T16:03:12+00:00","dateModified":"2025-10-13T16:03:17+00:00","author":{"@id":"https:\/\/alcaldiaalbertoadriani.com\/#\/schema\/person\/549b4483ff8999ac780deeea78795fc9"},"description":"Ugradmaa imparti\u00f3 charla de capacitaci\u00f3n sobre Sismos en instituci\u00f3n educativa Colegio Alfa de la parroquia presidente Jos\u00e9 Antonio P\u00e1ez.","breadcrumb":{"@id":"https:\/\/alcaldiaalbertoadriani.com\/?p=13018#breadcrumb"},"inLanguage":"es","potentialAction":[{"@type":"ReadAction","target":["https:\/\/alcaldiaalbertoadriani.com\/?p=13018"]}]},{"@type":"BreadcrumbList","@id":"https:\/\/alcaldiaalbertoadriani.com\/?p=13018#breadcrumb","itemListElement":[{"@type":"ListItem","position":1,"name":"Portada","item":"https:\/\/alcaldiaalbertoadriani.com\/"},{"@type":"ListItem","position":2,"name":"Ugradmaa imparti\u00f3 charla de capacitaci\u00f3n sobre Sismos en instituci\u00f3n educativa"}]},{"@type":"WebSite","@id":"https:\/\/alcaldiaalbertoadriani.com\/#website","url":"https:\/\/alcaldiaalbertoadriani.com\/","name":"Alcaldia Alberto Adriani","description":"","potentialAction":[{"@type":"SearchAction","target":{"@type":"EntryPoint","urlTemplate":"https:\/\/alcaldiaalbertoadriani.com\/?s={search_term_string}"},"query-input":"required name=search_term_string"}],"inLanguage":"es"},{"@type":"Person","@id":"https:\/\/alcaldiaalbertoadriani.com\/#\/schema\/person\/549b4483ff8999ac780deeea78795fc9","name":"Prensa","image":{"@type":"ImageObject","inLanguage":"es","@id":"https:\/\/alcaldiaalbertoadriani.com\/#\/schema\/person\/image\/","url":"https:\/\/secure.gravatar.com\/avatar\/ea1cb567ea992a29627f4eee1c2eb185ec16decec6342d508fdf18dedb56c9de?s=96&d=mm&r=g","contentUrl":"https:\/\/secure.gravatar.com\/avatar\/ea1cb567ea992a29627f4eee1c2eb185ec16decec6342d508fdf18dedb56c9de?s=96&d=mm&r=g","caption":"Prensa"},"url":"https:\/\/alcaldiaalbertoadriani.com\/?author=2"}]}},"_links":{"self":[{"href":"https:\/\/alcaldiaalbertoadriani.com\/index.php?rest_route=\/wp\/v2\/posts\/13018","targetHints":{"allow":["GET"]}}],"collection":[{"href":"https:\/\/alcaldiaalbertoadriani.com\/index.php?rest_route=\/wp\/v2\/posts"}],"about":[{"href":"https:\/\/alcaldiaalbertoadriani.com\/index.php?rest_route=\/wp\/v2\/types\/post"}],"author":[{"embeddable":true,"href":"https:\/\/alcaldiaalbertoadriani.com\/index.php?rest_route=\/wp\/v2\/users\/2"}],"replies":[{"embeddable":true,"href":"https:\/\/alcaldiaalbertoadriani.com\/index.php?rest_route=%2Fwp%2Fv2%2Fcomments&post=13018"}],"version-history":[{"count":1,"href":"https:\/\/alcaldiaalbertoadriani.com\/index.php?rest_route=\/wp\/v2\/posts\/13018\/revisions"}],"predecessor-version":[{"id":13028,"href":"https:\/\/alcaldiaalbertoadriani.com\/index.php?rest_route=\/wp\/v2\/posts\/13018\/revisions\/13028"}],"wp:featuredmedia":[{"embeddable":true,"href":"https:\/\/alcaldiaalbertoadriani.com\/index.php?rest_route=\/wp\/v2\/media\/13019"}],"wp:attachment":[{"href":"https:\/\/alcaldiaalbertoadriani.com\/index.php?rest_route=%2Fwp%2Fv2%2Fmedia&parent=13018"}],"wp:term":[{"taxonomy":"category","embeddable":true,"href":"https:\/\/alcaldiaalbertoadriani.com\/index.php?rest_route=%2Fwp%2Fv2%2Fcategories&post=13018"},{"taxonomy":"post_tag","embeddable":true,"href":"https:\/\/alcaldiaalbertoadriani.com\/index.php?rest_route=%2Fwp%2Fv2%2Ftags&post=13018"}],"curies":[{"name":"wp","href":"https:\/\/api.w.org\/{rel}","templated":true}]}}