{"id":13015,"date":"2025-10-13T15:25:05","date_gmt":"2025-10-13T15:25:05","guid":{"rendered":"https:\/\/alcaldiaalbertoadriani.com\/?p=13015"},"modified":"2025-10-13T15:25:10","modified_gmt":"2025-10-13T15:25:10","slug":"lisandro-segura-ofrecio-detalles-de-la-gestion-en-su-programa","status":"publish","type":"post","link":"https:\/\/alcaldiaalbertoadriani.com\/?p=13015","title":{"rendered":"Lisandro Segura ofreci\u00f3 detalles de la Gesti\u00f3n en su Programa Radial"},"content":{"rendered":"\n<p>El alcalde <a href=\"https:\/\/www.instagram.com\/lisandrosegura02\/\">Lisandro Segura<\/a> ofreci\u00f3 detalles de sus acciones de gobierno en su acostumbrado programa radial \u201c<a href=\"https:\/\/alcaldiaalbertoadriani.com\/?tag=conversando-con-lisandro\">Conversando con Lisandro<\/a>\u201d desde Ca\u00f1o Amarillo, parroquia H\u00e9ctor Amable Mora, lugar en la cual se ejecuta la canalizaci\u00f3n del mencionado afluente.<\/p>\n\n\n\n<p>Acompa\u00f1ado por la concejal Kellys Contreras y Alfredo Mendoza, presidente del ente edilicio, el burgomaestre inform\u00f3 que el Consejo Local de Planificaci\u00f3n P\u00fablica (<a href=\"https:\/\/alcaldiaalbertoadriani.com\/?cat=56\">CLPP<\/a>) de Alberto Adriani aprob\u00f3 por mayor\u00eda el traslado de partida de la obra puente de La Floresta, en la parroquia presidente P\u00e1ez, para el asfaltado en la zona industrial de El Vig\u00eda.<\/p>\n\n\n\n<p>Explic\u00f3 que la raz\u00f3n fue debido a la devaluaci\u00f3n del presupuesto inicial de la obra del puente, que no era suficiente &#8220;ni para la formulaci\u00f3n del proyecto&#8221;. En este sentido, justific\u00f3 el traslado para mantener la inversi\u00f3n en la misma parroquia. &#8220;Pedimos el traslado para usar esos recursos en la misma parroquia con el asfaltado y as\u00ed poder capitalizarlos&#8221;. Aclar\u00f3 que la obra del puente de La Floresta fue incluida en el Plan de Inversiones 2026.<\/p>\n\n\n\n<p>En materia educativa, anunci\u00f3 que se est\u00e1n ultimando los detalles para la inauguraci\u00f3n de la escuela municipal en Camir\u00ed. Respecto a la <a href=\"https:\/\/alcaldiaalbertoadriani.com\/?p=12163\">escuela de Ca\u00f1o Balza<\/a>, inform\u00f3 que, por sugerencia del Ministerio de Educaci\u00f3n, se ejecutar\u00e1 el cercado perimetral.<\/p>\n\n\n\n<p>Segura tambi\u00e9n detall\u00f3 otras acciones de infraestructura y vialidad agr\u00edcola, como la dotaci\u00f3n de material (cemento) al sector El Trapiche para la construcci\u00f3n de carrileras lo que permitir\u00e1 mejorar la vialidad en la zona, y mencion\u00f3 los trabajos de dragado y limpieza con maquinaria pesada ejecutados en el Ca\u00f1o San Rom\u00e1n.<\/p>\n\n\n\n<p>Finalmente, el alcalde anunci\u00f3 parte de la agenda de actividades hasta la temporada decembrina destacando los juegos Inter gerencias e institutos. El aniversario del sector 12 de octubre, parrandones, entre otros. <strong><em>Prensa Alcald\u00eda Alberto Adriani\/ Claribel Zambrano CNP: 11.843\/ Fotos: Karla M\u00e1rquez.<\/em><\/strong><\/p>\n","protected":false},"excerpt":{"rendered":"<p>El alcalde Lisandro Segura ofreci\u00f3 detalles de sus acciones de gobierno en su acostumbrado programa radial \u201cConversando con Lisandro\u201d desde Ca\u00f1o Amarillo, parroquia H\u00e9ctor Amable Mora, lugar en la cual [&hellip;]<\/p>\n","protected":false},"author":2,"featured_media":13016,"comment_status":"open","ping_status":"closed","sticky":false,"template":"","format":"standard","meta":{"_et_pb_use_builder":"off","_et_pb_old_content":"","_et_gb_content_width":"","footnotes":""},"categories":[341,222,25],"tags":[31,11,15,761,30,29,28],"class_list":["post-13015","post","type-post","status-publish","format-standard","has-post-thumbnail","hentry","category-alcaldia-alberto-adriani","category-conversando-con-lisandro","category-nuestro-municipio","tag-alcalde","tag-alcaldia","tag-elvigia","tag-encrucijadadeprogreso","tag-lisandrosegura","tag-municipioquenosmerecemos","tag-porelrenacer"],"yoast_head":"<!-- This site is optimized with the Yoast SEO plugin v19.13 - https:\/\/yoast.com\/wordpress\/plugins\/seo\/ -->\n<title>Lisandro Segura ofreci\u00f3 detalles de la Gesti\u00f3n en su Programa<\/title>\n<meta name=\"description\" content=\"Lisandro Segura ofreci\u00f3 detalles de la Gesti\u00f3n en su Programa Radial desde Ca\u00f1o Amarillo, parroquia H\u00e9ctor Amable Mora\" \/>\n<meta name=\"robots\" content=\"index, follow, max-snippet:-1, max-image-preview:large, max-video-preview:-1\" \/>\n<link rel=\"canonical\" href=\"https:\/\/alcaldiaalbertoadriani.com\/?p=13015\" \/>\n<meta property=\"og:locale\" content=\"es_ES\" \/>\n<meta property=\"og:type\" content=\"article\" \/>\n<meta property=\"og:title\" content=\"Lisandro Segura ofreci\u00f3 detalles de la Gesti\u00f3n en su Programa\" \/>\n<meta property=\"og:description\" content=\"Lisandro Segura ofreci\u00f3 detalles de la Gesti\u00f3n en su Programa Radial desde Ca\u00f1o Amarillo, parroquia H\u00e9ctor Amable Mora\" \/>\n<meta property=\"og:url\" content=\"https:\/\/alcaldiaalbertoadriani.com\/?p=13015\" \/>\n<meta property=\"og:site_name\" content=\"Alcaldia Alberto Adriani\" \/>\n<meta property=\"article:published_time\" content=\"2025-10-13T15:25:05+00:00\" \/>\n<meta property=\"article:modified_time\" content=\"2025-10-13T15:25:10+00:00\" \/>\n<meta property=\"og:image\" content=\"https:\/\/alcaldiaalbertoadriani.com\/wp-content\/uploads\/2025\/10\/5136717892190669659.jpg\" \/>\n\t<meta property=\"og:image:width\" content=\"800\" \/>\n\t<meta property=\"og:image:height\" content=\"600\" \/>\n\t<meta property=\"og:image:type\" content=\"image\/jpeg\" \/>\n<meta name=\"author\" content=\"Prensa\" \/>\n<meta name=\"twitter:card\" content=\"summary_large_image\" \/>\n<meta name=\"twitter:label1\" content=\"Escrito por\" \/>\n\t<meta name=\"twitter:data1\" content=\"Prensa\" \/>\n\t<meta name=\"twitter:label2\" content=\"Tiempo de lectura\" \/>\n\t<meta name=\"twitter:data2\" content=\"2 minutos\" \/>\n<script type=\"application\/ld+json\" class=\"yoast-schema-graph\">{\"@context\":\"https:\/\/schema.org\",\"@graph\":[{\"@type\":\"WebPage\",\"@id\":\"https:\/\/alcaldiaalbertoadriani.com\/?p=13015\",\"url\":\"https:\/\/alcaldiaalbertoadriani.com\/?p=13015\",\"name\":\"Lisandro Segura ofreci\u00f3 detalles de la Gesti\u00f3n en su Programa\",\"isPartOf\":{\"@id\":\"https:\/\/alcaldiaalbertoadriani.com\/#website\"},\"datePublished\":\"2025-10-13T15:25:05+00:00\",\"dateModified\":\"2025-10-13T15:25:10+00:00\",\"author\":{\"@id\":\"https:\/\/alcaldiaalbertoadriani.com\/#\/schema\/person\/549b4483ff8999ac780deeea78795fc9\"},\"description\":\"Lisandro Segura ofreci\u00f3 detalles de la Gesti\u00f3n en su Programa Radial desde Ca\u00f1o Amarillo, parroquia H\u00e9ctor Amable Mora\",\"breadcrumb\":{\"@id\":\"https:\/\/alcaldiaalbertoadriani.com\/?p=13015#breadcrumb\"},\"inLanguage\":\"es\",\"potentialAction\":[{\"@type\":\"ReadAction\",\"target\":[\"https:\/\/alcaldiaalbertoadriani.com\/?p=13015\"]}]},{\"@type\":\"BreadcrumbList\",\"@id\":\"https:\/\/alcaldiaalbertoadriani.com\/?p=13015#breadcrumb\",\"itemListElement\":[{\"@type\":\"ListItem\",\"position\":1,\"name\":\"Portada\",\"item\":\"https:\/\/alcaldiaalbertoadriani.com\/\"},{\"@type\":\"ListItem\",\"position\":2,\"name\":\"Lisandro Segura ofreci\u00f3 detalles de la Gesti\u00f3n en su Programa Radial\"}]},{\"@type\":\"WebSite\",\"@id\":\"https:\/\/alcaldiaalbertoadriani.com\/#website\",\"url\":\"https:\/\/alcaldiaalbertoadriani.com\/\",\"name\":\"Alcaldia Alberto Adriani\",\"description\":\"\",\"potentialAction\":[{\"@type\":\"SearchAction\",\"target\":{\"@type\":\"EntryPoint\",\"urlTemplate\":\"https:\/\/alcaldiaalbertoadriani.com\/?s={search_term_string}\"},\"query-input\":\"required name=search_term_string\"}],\"inLanguage\":\"es\"},{\"@type\":\"Person\",\"@id\":\"https:\/\/alcaldiaalbertoadriani.com\/#\/schema\/person\/549b4483ff8999ac780deeea78795fc9\",\"name\":\"Prensa\",\"image\":{\"@type\":\"ImageObject\",\"inLanguage\":\"es\",\"@id\":\"https:\/\/alcaldiaalbertoadriani.com\/#\/schema\/person\/image\/\",\"url\":\"https:\/\/secure.gravatar.com\/avatar\/ea1cb567ea992a29627f4eee1c2eb185ec16decec6342d508fdf18dedb56c9de?s=96&d=mm&r=g\",\"contentUrl\":\"https:\/\/secure.gravatar.com\/avatar\/ea1cb567ea992a29627f4eee1c2eb185ec16decec6342d508fdf18dedb56c9de?s=96&d=mm&r=g\",\"caption\":\"Prensa\"},\"url\":\"https:\/\/alcaldiaalbertoadriani.com\/?author=2\"}]}<\/script>\n<!-- \/ Yoast SEO plugin. -->","yoast_head_json":{"title":"Lisandro Segura ofreci\u00f3 detalles de la Gesti\u00f3n en su Programa","description":"Lisandro Segura ofreci\u00f3 detalles de la Gesti\u00f3n en su Programa Radial desde Ca\u00f1o Amarillo, parroquia H\u00e9ctor Amable Mora","robots":{"index":"index","follow":"follow","max-snippet":"max-snippet:-1","max-image-preview":"max-image-preview:large","max-video-preview":"max-video-preview:-1"},"canonical":"https:\/\/alcaldiaalbertoadriani.com\/?p=13015","og_locale":"es_ES","og_type":"article","og_title":"Lisandro Segura ofreci\u00f3 detalles de la Gesti\u00f3n en su Programa","og_description":"Lisandro Segura ofreci\u00f3 detalles de la Gesti\u00f3n en su Programa Radial desde Ca\u00f1o Amarillo, parroquia H\u00e9ctor Amable Mora","og_url":"https:\/\/alcaldiaalbertoadriani.com\/?p=13015","og_site_name":"Alcaldia Alberto Adriani","article_published_time":"2025-10-13T15:25:05+00:00","article_modified_time":"2025-10-13T15:25:10+00:00","og_image":[{"width":800,"height":600,"url":"https:\/\/alcaldiaalbertoadriani.com\/wp-content\/uploads\/2025\/10\/5136717892190669659.jpg","type":"image\/jpeg"}],"author":"Prensa","twitter_card":"summary_large_image","twitter_misc":{"Escrito por":"Prensa","Tiempo de lectura":"2 minutos"},"schema":{"@context":"https:\/\/schema.org","@graph":[{"@type":"WebPage","@id":"https:\/\/alcaldiaalbertoadriani.com\/?p=13015","url":"https:\/\/alcaldiaalbertoadriani.com\/?p=13015","name":"Lisandro Segura ofreci\u00f3 detalles de la Gesti\u00f3n en su Programa","isPartOf":{"@id":"https:\/\/alcaldiaalbertoadriani.com\/#website"},"datePublished":"2025-10-13T15:25:05+00:00","dateModified":"2025-10-13T15:25:10+00:00","author":{"@id":"https:\/\/alcaldiaalbertoadriani.com\/#\/schema\/person\/549b4483ff8999ac780deeea78795fc9"},"description":"Lisandro Segura ofreci\u00f3 detalles de la Gesti\u00f3n en su Programa Radial desde Ca\u00f1o Amarillo, parroquia H\u00e9ctor Amable Mora","breadcrumb":{"@id":"https:\/\/alcaldiaalbertoadriani.com\/?p=13015#breadcrumb"},"inLanguage":"es","potentialAction":[{"@type":"ReadAction","target":["https:\/\/alcaldiaalbertoadriani.com\/?p=13015"]}]},{"@type":"BreadcrumbList","@id":"https:\/\/alcaldiaalbertoadriani.com\/?p=13015#breadcrumb","itemListElement":[{"@type":"ListItem","position":1,"name":"Portada","item":"https:\/\/alcaldiaalbertoadriani.com\/"},{"@type":"ListItem","position":2,"name":"Lisandro Segura ofreci\u00f3 detalles de la Gesti\u00f3n en su Programa Radial"}]},{"@type":"WebSite","@id":"https:\/\/alcaldiaalbertoadriani.com\/#website","url":"https:\/\/alcaldiaalbertoadriani.com\/","name":"Alcaldia Alberto Adriani","description":"","potentialAction":[{"@type":"SearchAction","target":{"@type":"EntryPoint","urlTemplate":"https:\/\/alcaldiaalbertoadriani.com\/?s={search_term_string}"},"query-input":"required name=search_term_string"}],"inLanguage":"es"},{"@type":"Person","@id":"https:\/\/alcaldiaalbertoadriani.com\/#\/schema\/person\/549b4483ff8999ac780deeea78795fc9","name":"Prensa","image":{"@type":"ImageObject","inLanguage":"es","@id":"https:\/\/alcaldiaalbertoadriani.com\/#\/schema\/person\/image\/","url":"https:\/\/secure.gravatar.com\/avatar\/ea1cb567ea992a29627f4eee1c2eb185ec16decec6342d508fdf18dedb56c9de?s=96&d=mm&r=g","contentUrl":"https:\/\/secure.gravatar.com\/avatar\/ea1cb567ea992a29627f4eee1c2eb185ec16decec6342d508fdf18dedb56c9de?s=96&d=mm&r=g","caption":"Prensa"},"url":"https:\/\/alcaldiaalbertoadriani.com\/?author=2"}]}},"_links":{"self":[{"href":"https:\/\/alcaldiaalbertoadriani.com\/index.php?rest_route=\/wp\/v2\/posts\/13015","targetHints":{"allow":["GET"]}}],"collection":[{"href":"https:\/\/alcaldiaalbertoadriani.com\/index.php?rest_route=\/wp\/v2\/posts"}],"about":[{"href":"https:\/\/alcaldiaalbertoadriani.com\/index.php?rest_route=\/wp\/v2\/types\/post"}],"author":[{"embeddable":true,"href":"https:\/\/alcaldiaalbertoadriani.com\/index.php?rest_route=\/wp\/v2\/users\/2"}],"replies":[{"embeddable":true,"href":"https:\/\/alcaldiaalbertoadriani.com\/index.php?rest_route=%2Fwp%2Fv2%2Fcomments&post=13015"}],"version-history":[{"count":1,"href":"https:\/\/alcaldiaalbertoadriani.com\/index.php?rest_route=\/wp\/v2\/posts\/13015\/revisions"}],"predecessor-version":[{"id":13017,"href":"https:\/\/alcaldiaalbertoadriani.com\/index.php?rest_route=\/wp\/v2\/posts\/13015\/revisions\/13017"}],"wp:featuredmedia":[{"embeddable":true,"href":"https:\/\/alcaldiaalbertoadriani.com\/index.php?rest_route=\/wp\/v2\/media\/13016"}],"wp:attachment":[{"href":"https:\/\/alcaldiaalbertoadriani.com\/index.php?rest_route=%2Fwp%2Fv2%2Fmedia&parent=13015"}],"wp:term":[{"taxonomy":"category","embeddable":true,"href":"https:\/\/alcaldiaalbertoadriani.com\/index.php?rest_route=%2Fwp%2Fv2%2Fcategories&post=13015"},{"taxonomy":"post_tag","embeddable":true,"href":"https:\/\/alcaldiaalbertoadriani.com\/index.php?rest_route=%2Fwp%2Fv2%2Ftags&post=13015"}],"curies":[{"name":"wp","href":"https:\/\/api.w.org\/{rel}","templated":true}]}}