{"id":13004,"date":"2025-10-13T15:13:26","date_gmt":"2025-10-13T15:13:26","guid":{"rendered":"https:\/\/alcaldiaalbertoadriani.com\/?p=13004"},"modified":"2025-10-13T15:13:30","modified_gmt":"2025-10-13T15:13:30","slug":"axel-izarra-recibido-con-entusiasmo-por-su-logro-en-la-sub-15","status":"publish","type":"post","link":"https:\/\/alcaldiaalbertoadriani.com\/?p=13004","title":{"rendered":"Axel Izarra recibido con entusiasmo por su logro en la Sub-15 de la Conmebol"},"content":{"rendered":"\n<p>Este mi\u00e9rcoles, familiares, amigos, medios de comunicaci\u00f3n y algunos dirigentes deportivos recibieron al futbolista vig\u00edense Axel Izarra, quien obtuvo el tercer lugar con la selecci\u00f3n sub-15 en el Torneo Conmebol Evoluci\u00f3n 2025, disputado en Paraguay. El emotivo encuentro tuvo lugar la sede de la alcald\u00eda del municipio Alberto Adriani.<\/p>\n\n\n\n<!--more-->\n\n\n\n<p>Eligia J\u00e1ctiva, directora del Ayuntamiento, estuvo en representaci\u00f3n del alcalde <a href=\"https:\/\/www.instagram.com\/lisandrosegura02\/\">Lisandro Segura<\/a> y entreg\u00f3 una placa de reconocimiento por su constancia y pasi\u00f3n en dicha disciplina deportiva.<\/p>\n\n\n\n<figure class=\"wp-block-gallery has-nested-images columns-default is-cropped wp-block-gallery-1 is-layout-flex wp-block-gallery-is-layout-flex\">\n<figure class=\"wp-block-image size-large\"><img loading=\"lazy\" decoding=\"async\" width=\"1024\" height=\"768\" data-id=\"13006\" src=\"https:\/\/alcaldiaalbertoadriani.com\/wp-content\/uploads\/2025\/10\/5145719795750734657-1024x768.jpg\" alt=\"\" class=\"wp-image-13006\" srcset=\"https:\/\/alcaldiaalbertoadriani.com\/wp-content\/uploads\/2025\/10\/5145719795750734657-1024x768.jpg 1024w, https:\/\/alcaldiaalbertoadriani.com\/wp-content\/uploads\/2025\/10\/5145719795750734657-980x735.jpg 980w, https:\/\/alcaldiaalbertoadriani.com\/wp-content\/uploads\/2025\/10\/5145719795750734657-480x360.jpg 480w\" sizes=\"auto, (min-width: 0px) and (max-width: 480px) 480px, (min-width: 481px) and (max-width: 980px) 980px, (min-width: 981px) 1024px, 100vw\" \/><\/figure>\n<\/figure>\n\n\n\n<p>En sus palabras, Eligia J\u00e1ctiva, felicit\u00f3 a Axel Izarra por su triunfo y destac\u00f3 que ha representado a El Vig\u00eda, as\u00ed como a Venezuela por todo lo alto.<\/p>\n\n\n\n<p>Por su parte, Ricardo Romero, presidente del Instituto Municipal del Deporte y Recreaci\u00f3n \u2013<a href=\"https:\/\/alcaldiaalbertoadriani.com\/?cat=50\">Imdraa<\/a>-, entreg\u00f3 un obsequio al futbolista.<\/p>\n\n\n\n<figure class=\"wp-block-gallery has-nested-images columns-default is-cropped wp-block-gallery-2 is-layout-flex wp-block-gallery-is-layout-flex\">\n<figure class=\"wp-block-image size-large\"><img loading=\"lazy\" decoding=\"async\" width=\"1024\" height=\"768\" data-id=\"13007\" src=\"https:\/\/alcaldiaalbertoadriani.com\/wp-content\/uploads\/2025\/10\/5145719795750734653-1024x768.jpg\" alt=\"\" class=\"wp-image-13007\" srcset=\"https:\/\/alcaldiaalbertoadriani.com\/wp-content\/uploads\/2025\/10\/5145719795750734653-1024x768.jpg 1024w, https:\/\/alcaldiaalbertoadriani.com\/wp-content\/uploads\/2025\/10\/5145719795750734653-980x735.jpg 980w, https:\/\/alcaldiaalbertoadriani.com\/wp-content\/uploads\/2025\/10\/5145719795750734653-480x360.jpg 480w\" sizes=\"auto, (min-width: 0px) and (max-width: 480px) 480px, (min-width: 481px) and (max-width: 980px) 980px, (min-width: 981px) 1024px, 100vw\" \/><\/figure>\n<\/figure>\n\n\n\n<h2 class=\"wp-block-heading\"><strong>Agradecimiento&nbsp;<\/strong><\/h2>\n\n\n\n<p>Axel Izarra en compa\u00f1\u00eda de sus progenitores, su hermano Ander Izarra, goleador de la Liga Futve y Edgar Alexander Chac\u00f3n, quien ha sido parte de su formaci\u00f3n, agradeci\u00f3 a la comitiva del alcalde Lisandro Segura por el recibimiento.<\/p>\n\n\n\n<figure class=\"wp-block-gallery has-nested-images columns-default is-cropped wp-block-gallery-3 is-layout-flex wp-block-gallery-is-layout-flex\">\n<figure class=\"wp-block-image size-large\"><img loading=\"lazy\" decoding=\"async\" width=\"800\" height=\"600\" data-id=\"13008\" src=\"https:\/\/alcaldiaalbertoadriani.com\/wp-content\/uploads\/2025\/10\/5145719795750734658.jpg\" alt=\"\" class=\"wp-image-13008\" srcset=\"https:\/\/alcaldiaalbertoadriani.com\/wp-content\/uploads\/2025\/10\/5145719795750734658.jpg 800w, https:\/\/alcaldiaalbertoadriani.com\/wp-content\/uploads\/2025\/10\/5145719795750734658-480x360.jpg 480w\" sizes=\"auto, (min-width: 0px) and (max-width: 480px) 480px, (min-width: 481px) 800px, 100vw\" \/><\/figure>\n<\/figure>\n\n\n\n<p>\u201cEste es el resultado de un trabajo que ha sido con dedicaci\u00f3n, constancia y disciplina. De verdad que es algo muy hermoso representar a todo un pa\u00eds. Sin duda, es un peso grande, pero que llena de mucha felicidad y esto es s\u00f3lo el comienzo de lo que vendr\u00e1, teniendo en cuenta siempre la humildad\u201d, expres\u00f3.<\/p>\n\n\n\n<p>Finalmente, Wilson Dur\u00e1n, presidente de la Liga de Desarrollo de F\u00fatbol Alberto Adriani, Nelson Contreras, dirigente deportivo y presidente del equipo C.D Real Vig\u00eda FC y Edgar Alexander Chac\u00f3n, emitieron sus palabras de salutaci\u00f3n al ganador de bronce por su gran victoria internacional. <strong><em>Prensa Alcald\u00eda Alberto Adriani\/Edgar Mendoza CNP 25.736\/Fotos: Diego Subero.<\/em><\/strong><\/p>\n\n\n\n<figure class=\"wp-block-gallery has-nested-images columns-default is-cropped wp-block-gallery-4 is-layout-flex wp-block-gallery-is-layout-flex\">\n<figure class=\"wp-block-image size-large\"><img loading=\"lazy\" decoding=\"async\" width=\"1024\" height=\"768\" data-id=\"13013\" src=\"https:\/\/alcaldiaalbertoadriani.com\/wp-content\/uploads\/2025\/10\/5145719795750734656-1024x768.jpg\" alt=\"\" class=\"wp-image-13013\" srcset=\"https:\/\/alcaldiaalbertoadriani.com\/wp-content\/uploads\/2025\/10\/5145719795750734656-1024x768.jpg 1024w, https:\/\/alcaldiaalbertoadriani.com\/wp-content\/uploads\/2025\/10\/5145719795750734656-980x735.jpg 980w, https:\/\/alcaldiaalbertoadriani.com\/wp-content\/uploads\/2025\/10\/5145719795750734656-480x360.jpg 480w\" sizes=\"auto, (min-width: 0px) and (max-width: 480px) 480px, (min-width: 481px) and (max-width: 980px) 980px, (min-width: 981px) 1024px, 100vw\" \/><\/figure>\n<\/figure>\n\n\n\n<figure class=\"wp-block-gallery has-nested-images columns-default is-cropped wp-block-gallery-5 is-layout-flex wp-block-gallery-is-layout-flex\">\n<figure class=\"wp-block-image size-large\"><img loading=\"lazy\" decoding=\"async\" width=\"800\" height=\"600\" data-id=\"13009\" src=\"https:\/\/alcaldiaalbertoadriani.com\/wp-content\/uploads\/2025\/10\/5145719795750734660.jpg\" alt=\"\" class=\"wp-image-13009\" srcset=\"https:\/\/alcaldiaalbertoadriani.com\/wp-content\/uploads\/2025\/10\/5145719795750734660.jpg 800w, https:\/\/alcaldiaalbertoadriani.com\/wp-content\/uploads\/2025\/10\/5145719795750734660-480x360.jpg 480w\" sizes=\"auto, (min-width: 0px) and (max-width: 480px) 480px, (min-width: 481px) 800px, 100vw\" \/><\/figure>\n\n\n\n<figure class=\"wp-block-image size-large\"><img loading=\"lazy\" decoding=\"async\" width=\"800\" height=\"600\" data-id=\"13011\" src=\"https:\/\/alcaldiaalbertoadriani.com\/wp-content\/uploads\/2025\/10\/5145719795750734659.jpg\" alt=\"\" class=\"wp-image-13011\" srcset=\"https:\/\/alcaldiaalbertoadriani.com\/wp-content\/uploads\/2025\/10\/5145719795750734659.jpg 800w, https:\/\/alcaldiaalbertoadriani.com\/wp-content\/uploads\/2025\/10\/5145719795750734659-480x360.jpg 480w\" sizes=\"auto, (min-width: 0px) and (max-width: 480px) 480px, (min-width: 481px) 800px, 100vw\" \/><\/figure>\n\n\n\n<figure class=\"wp-block-image size-large\"><img loading=\"lazy\" decoding=\"async\" width=\"768\" height=\"1024\" data-id=\"13012\" src=\"https:\/\/alcaldiaalbertoadriani.com\/wp-content\/uploads\/2025\/10\/5145719795750734652-768x1024.jpg\" alt=\"\" class=\"wp-image-13012\" srcset=\"https:\/\/alcaldiaalbertoadriani.com\/wp-content\/uploads\/2025\/10\/5145719795750734652-768x1024.jpg 768w, https:\/\/alcaldiaalbertoadriani.com\/wp-content\/uploads\/2025\/10\/5145719795750734652-480x640.jpg 480w\" sizes=\"auto, (min-width: 0px) and (max-width: 480px) 480px, (min-width: 481px) 768px, 100vw\" \/><\/figure>\n\n\n\n<figure class=\"wp-block-image size-large\"><img loading=\"lazy\" decoding=\"async\" width=\"800\" height=\"600\" data-id=\"13010\" src=\"https:\/\/alcaldiaalbertoadriani.com\/wp-content\/uploads\/2025\/10\/5145719795750734661.jpg\" alt=\"\" class=\"wp-image-13010\" srcset=\"https:\/\/alcaldiaalbertoadriani.com\/wp-content\/uploads\/2025\/10\/5145719795750734661.jpg 800w, https:\/\/alcaldiaalbertoadriani.com\/wp-content\/uploads\/2025\/10\/5145719795750734661-480x360.jpg 480w\" sizes=\"auto, (min-width: 0px) and (max-width: 480px) 480px, (min-width: 481px) 800px, 100vw\" \/><\/figure>\n<\/figure>\n","protected":false},"excerpt":{"rendered":"<p>Este mi\u00e9rcoles, familiares, amigos, medios de comunicaci\u00f3n y algunos dirigentes deportivos recibieron al futbolista vig\u00edense Axel Izarra, quien obtuvo el tercer lugar con la selecci\u00f3n sub-15 en el Torneo Conmebol [&hellip;]<\/p>\n","protected":false},"author":2,"featured_media":13005,"comment_status":"open","ping_status":"closed","sticky":false,"template":"","format":"standard","meta":{"_et_pb_use_builder":"off","_et_pb_old_content":"","_et_gb_content_width":"","footnotes":""},"categories":[341,61,50,25],"tags":[31,11,12,15,761,30,29,28],"class_list":["post-13004","post","type-post","status-publish","format-standard","has-post-thumbnail","hentry","category-alcaldia-alberto-adriani","category-deportes","category-imdraa","category-nuestro-municipio","tag-alcalde","tag-alcaldia","tag-alcaldiaalbertoadriani","tag-elvigia","tag-encrucijadadeprogreso","tag-lisandrosegura","tag-municipioquenosmerecemos","tag-porelrenacer"],"yoast_head":"<!-- This site is optimized with the Yoast SEO plugin v19.13 - https:\/\/yoast.com\/wordpress\/plugins\/seo\/ -->\n<title>Axel Izarra recibido con entusiasmo por su logro en la Sub-15<\/title>\n<meta name=\"description\" content=\"Axel Izarra recibido con entusiasmo por su logro en la Sub-15 de la Conmebol el encuentro tuvo lugar la sede de la alcald\u00eda\" \/>\n<meta name=\"robots\" content=\"index, follow, max-snippet:-1, max-image-preview:large, max-video-preview:-1\" \/>\n<link rel=\"canonical\" href=\"https:\/\/alcaldiaalbertoadriani.com\/?p=13004\" \/>\n<meta property=\"og:locale\" content=\"es_ES\" \/>\n<meta property=\"og:type\" content=\"article\" \/>\n<meta property=\"og:title\" content=\"Axel Izarra recibido con entusiasmo por su logro en la Sub-15\" \/>\n<meta property=\"og:description\" content=\"Axel Izarra recibido con entusiasmo por su logro en la Sub-15 de la Conmebol el encuentro tuvo lugar la sede de la alcald\u00eda\" \/>\n<meta property=\"og:url\" content=\"https:\/\/alcaldiaalbertoadriani.com\/?p=13004\" \/>\n<meta property=\"og:site_name\" content=\"Alcaldia Alberto Adriani\" \/>\n<meta property=\"article:published_time\" content=\"2025-10-13T15:13:26+00:00\" \/>\n<meta property=\"article:modified_time\" content=\"2025-10-13T15:13:30+00:00\" \/>\n<meta property=\"og:image\" content=\"https:\/\/alcaldiaalbertoadriani.com\/wp-content\/uploads\/2025\/10\/5145719795750734654.jpg\" \/>\n\t<meta property=\"og:image:width\" content=\"1280\" \/>\n\t<meta property=\"og:image:height\" content=\"960\" \/>\n\t<meta property=\"og:image:type\" content=\"image\/jpeg\" \/>\n<meta name=\"author\" content=\"Prensa\" \/>\n<meta name=\"twitter:card\" content=\"summary_large_image\" \/>\n<meta name=\"twitter:label1\" content=\"Escrito por\" \/>\n\t<meta name=\"twitter:data1\" content=\"Prensa\" \/>\n\t<meta name=\"twitter:label2\" content=\"Tiempo de lectura\" \/>\n\t<meta name=\"twitter:data2\" content=\"3 minutos\" \/>\n<script type=\"application\/ld+json\" class=\"yoast-schema-graph\">{\"@context\":\"https:\/\/schema.org\",\"@graph\":[{\"@type\":\"WebPage\",\"@id\":\"https:\/\/alcaldiaalbertoadriani.com\/?p=13004\",\"url\":\"https:\/\/alcaldiaalbertoadriani.com\/?p=13004\",\"name\":\"Axel Izarra recibido con entusiasmo por su logro en la Sub-15\",\"isPartOf\":{\"@id\":\"https:\/\/alcaldiaalbertoadriani.com\/#website\"},\"datePublished\":\"2025-10-13T15:13:26+00:00\",\"dateModified\":\"2025-10-13T15:13:30+00:00\",\"author\":{\"@id\":\"https:\/\/alcaldiaalbertoadriani.com\/#\/schema\/person\/549b4483ff8999ac780deeea78795fc9\"},\"description\":\"Axel Izarra recibido con entusiasmo por su logro en la Sub-15 de la Conmebol el encuentro tuvo lugar la sede de la alcald\u00eda\",\"breadcrumb\":{\"@id\":\"https:\/\/alcaldiaalbertoadriani.com\/?p=13004#breadcrumb\"},\"inLanguage\":\"es\",\"potentialAction\":[{\"@type\":\"ReadAction\",\"target\":[\"https:\/\/alcaldiaalbertoadriani.com\/?p=13004\"]}]},{\"@type\":\"BreadcrumbList\",\"@id\":\"https:\/\/alcaldiaalbertoadriani.com\/?p=13004#breadcrumb\",\"itemListElement\":[{\"@type\":\"ListItem\",\"position\":1,\"name\":\"Portada\",\"item\":\"https:\/\/alcaldiaalbertoadriani.com\/\"},{\"@type\":\"ListItem\",\"position\":2,\"name\":\"Axel Izarra recibido con entusiasmo por su logro en la Sub-15 de la Conmebol\"}]},{\"@type\":\"WebSite\",\"@id\":\"https:\/\/alcaldiaalbertoadriani.com\/#website\",\"url\":\"https:\/\/alcaldiaalbertoadriani.com\/\",\"name\":\"Alcaldia Alberto Adriani\",\"description\":\"\",\"potentialAction\":[{\"@type\":\"SearchAction\",\"target\":{\"@type\":\"EntryPoint\",\"urlTemplate\":\"https:\/\/alcaldiaalbertoadriani.com\/?s={search_term_string}\"},\"query-input\":\"required name=search_term_string\"}],\"inLanguage\":\"es\"},{\"@type\":\"Person\",\"@id\":\"https:\/\/alcaldiaalbertoadriani.com\/#\/schema\/person\/549b4483ff8999ac780deeea78795fc9\",\"name\":\"Prensa\",\"image\":{\"@type\":\"ImageObject\",\"inLanguage\":\"es\",\"@id\":\"https:\/\/alcaldiaalbertoadriani.com\/#\/schema\/person\/image\/\",\"url\":\"https:\/\/secure.gravatar.com\/avatar\/ea1cb567ea992a29627f4eee1c2eb185ec16decec6342d508fdf18dedb56c9de?s=96&d=mm&r=g\",\"contentUrl\":\"https:\/\/secure.gravatar.com\/avatar\/ea1cb567ea992a29627f4eee1c2eb185ec16decec6342d508fdf18dedb56c9de?s=96&d=mm&r=g\",\"caption\":\"Prensa\"},\"url\":\"https:\/\/alcaldiaalbertoadriani.com\/?author=2\"}]}<\/script>\n<!-- \/ Yoast SEO plugin. -->","yoast_head_json":{"title":"Axel Izarra recibido con entusiasmo por su logro en la Sub-15","description":"Axel Izarra recibido con entusiasmo por su logro en la Sub-15 de la Conmebol el encuentro tuvo lugar la sede de la alcald\u00eda","robots":{"index":"index","follow":"follow","max-snippet":"max-snippet:-1","max-image-preview":"max-image-preview:large","max-video-preview":"max-video-preview:-1"},"canonical":"https:\/\/alcaldiaalbertoadriani.com\/?p=13004","og_locale":"es_ES","og_type":"article","og_title":"Axel Izarra recibido con entusiasmo por su logro en la Sub-15","og_description":"Axel Izarra recibido con entusiasmo por su logro en la Sub-15 de la Conmebol el encuentro tuvo lugar la sede de la alcald\u00eda","og_url":"https:\/\/alcaldiaalbertoadriani.com\/?p=13004","og_site_name":"Alcaldia Alberto Adriani","article_published_time":"2025-10-13T15:13:26+00:00","article_modified_time":"2025-10-13T15:13:30+00:00","og_image":[{"width":1280,"height":960,"url":"https:\/\/alcaldiaalbertoadriani.com\/wp-content\/uploads\/2025\/10\/5145719795750734654.jpg","type":"image\/jpeg"}],"author":"Prensa","twitter_card":"summary_large_image","twitter_misc":{"Escrito por":"Prensa","Tiempo de lectura":"3 minutos"},"schema":{"@context":"https:\/\/schema.org","@graph":[{"@type":"WebPage","@id":"https:\/\/alcaldiaalbertoadriani.com\/?p=13004","url":"https:\/\/alcaldiaalbertoadriani.com\/?p=13004","name":"Axel Izarra recibido con entusiasmo por su logro en la Sub-15","isPartOf":{"@id":"https:\/\/alcaldiaalbertoadriani.com\/#website"},"datePublished":"2025-10-13T15:13:26+00:00","dateModified":"2025-10-13T15:13:30+00:00","author":{"@id":"https:\/\/alcaldiaalbertoadriani.com\/#\/schema\/person\/549b4483ff8999ac780deeea78795fc9"},"description":"Axel Izarra recibido con entusiasmo por su logro en la Sub-15 de la Conmebol el encuentro tuvo lugar la sede de la alcald\u00eda","breadcrumb":{"@id":"https:\/\/alcaldiaalbertoadriani.com\/?p=13004#breadcrumb"},"inLanguage":"es","potentialAction":[{"@type":"ReadAction","target":["https:\/\/alcaldiaalbertoadriani.com\/?p=13004"]}]},{"@type":"BreadcrumbList","@id":"https:\/\/alcaldiaalbertoadriani.com\/?p=13004#breadcrumb","itemListElement":[{"@type":"ListItem","position":1,"name":"Portada","item":"https:\/\/alcaldiaalbertoadriani.com\/"},{"@type":"ListItem","position":2,"name":"Axel Izarra recibido con entusiasmo por su logro en la Sub-15 de la Conmebol"}]},{"@type":"WebSite","@id":"https:\/\/alcaldiaalbertoadriani.com\/#website","url":"https:\/\/alcaldiaalbertoadriani.com\/","name":"Alcaldia Alberto Adriani","description":"","potentialAction":[{"@type":"SearchAction","target":{"@type":"EntryPoint","urlTemplate":"https:\/\/alcaldiaalbertoadriani.com\/?s={search_term_string}"},"query-input":"required name=search_term_string"}],"inLanguage":"es"},{"@type":"Person","@id":"https:\/\/alcaldiaalbertoadriani.com\/#\/schema\/person\/549b4483ff8999ac780deeea78795fc9","name":"Prensa","image":{"@type":"ImageObject","inLanguage":"es","@id":"https:\/\/alcaldiaalbertoadriani.com\/#\/schema\/person\/image\/","url":"https:\/\/secure.gravatar.com\/avatar\/ea1cb567ea992a29627f4eee1c2eb185ec16decec6342d508fdf18dedb56c9de?s=96&d=mm&r=g","contentUrl":"https:\/\/secure.gravatar.com\/avatar\/ea1cb567ea992a29627f4eee1c2eb185ec16decec6342d508fdf18dedb56c9de?s=96&d=mm&r=g","caption":"Prensa"},"url":"https:\/\/alcaldiaalbertoadriani.com\/?author=2"}]}},"_links":{"self":[{"href":"https:\/\/alcaldiaalbertoadriani.com\/index.php?rest_route=\/wp\/v2\/posts\/13004","targetHints":{"allow":["GET"]}}],"collection":[{"href":"https:\/\/alcaldiaalbertoadriani.com\/index.php?rest_route=\/wp\/v2\/posts"}],"about":[{"href":"https:\/\/alcaldiaalbertoadriani.com\/index.php?rest_route=\/wp\/v2\/types\/post"}],"author":[{"embeddable":true,"href":"https:\/\/alcaldiaalbertoadriani.com\/index.php?rest_route=\/wp\/v2\/users\/2"}],"replies":[{"embeddable":true,"href":"https:\/\/alcaldiaalbertoadriani.com\/index.php?rest_route=%2Fwp%2Fv2%2Fcomments&post=13004"}],"version-history":[{"count":1,"href":"https:\/\/alcaldiaalbertoadriani.com\/index.php?rest_route=\/wp\/v2\/posts\/13004\/revisions"}],"predecessor-version":[{"id":13014,"href":"https:\/\/alcaldiaalbertoadriani.com\/index.php?rest_route=\/wp\/v2\/posts\/13004\/revisions\/13014"}],"wp:featuredmedia":[{"embeddable":true,"href":"https:\/\/alcaldiaalbertoadriani.com\/index.php?rest_route=\/wp\/v2\/media\/13005"}],"wp:attachment":[{"href":"https:\/\/alcaldiaalbertoadriani.com\/index.php?rest_route=%2Fwp%2Fv2%2Fmedia&parent=13004"}],"wp:term":[{"taxonomy":"category","embeddable":true,"href":"https:\/\/alcaldiaalbertoadriani.com\/index.php?rest_route=%2Fwp%2Fv2%2Fcategories&post=13004"},{"taxonomy":"post_tag","embeddable":true,"href":"https:\/\/alcaldiaalbertoadriani.com\/index.php?rest_route=%2Fwp%2Fv2%2Ftags&post=13004"}],"curies":[{"name":"wp","href":"https:\/\/api.w.org\/{rel}","templated":true}]}}