{"id":12995,"date":"2025-10-13T14:44:31","date_gmt":"2025-10-13T14:44:31","guid":{"rendered":"https:\/\/alcaldiaalbertoadriani.com\/?p=12995"},"modified":"2025-10-13T14:44:58","modified_gmt":"2025-10-13T14:44:58","slug":"clpp-aprobo-traslado-de-obra-del-plan-de-inversion-2025","status":"publish","type":"post","link":"https:\/\/alcaldiaalbertoadriani.com\/?p=12995","title":{"rendered":"Clpp de Alberto Adriani aprob\u00f3 traslado de Obra del Plan de Inversi\u00f3n 2025"},"content":{"rendered":"\n<p>Este mi\u00e9rcoles, en sesi\u00f3n extraordinaria del Consejo Local de Planificaci\u00f3n P\u00fablica (Clpp) del municipio Alberto Adriani, la mayor\u00eda de los consejeros asistentes, aprob\u00f3 el traslado de partida de Obra del Plan de Inversi\u00f3n para el ejercicio fiscal 2025. La actividad tuvo lugar en el auditorio de la Casa del Ni\u00f1o Trabajador.<\/p>\n\n\n\n<!--more-->\n\n\n\n<p>Lisandro Segura, alcalde y presidente del Clpp, inform\u00f3 sobre &#8220;la aprobaci\u00f3n del traslado presupuestario de un recurso para la construcci\u00f3n del puente de un canal de paso en la comunidad La Floresta de la parroquia presidente Jos\u00e9 Antonio P\u00e1ez, para la obra de mejoramiento de la vialidad mediante la colocaci\u00f3n de mezcla asf\u00e1ltica en caliente de las distintas calles y avenidas, direccionada a la Zona Industrial de El Vig\u00eda de la misma parroquia&#8221;.<\/p>\n\n\n\n<p>Segura indic\u00f3 que este traslado fue aprobado mediante la votaci\u00f3n de 27 consejeros a favor, 4 en contra y uno nulo.<\/p>\n\n\n\n<figure class=\"wp-block-gallery has-nested-images columns-default is-cropped wp-block-gallery-1 is-layout-flex wp-block-gallery-is-layout-flex\">\n<figure class=\"wp-block-image size-large\"><img loading=\"lazy\" decoding=\"async\" width=\"1024\" height=\"768\" data-id=\"12998\" src=\"https:\/\/alcaldiaalbertoadriani.com\/wp-content\/uploads\/2025\/10\/5145719795750734649-1024x768.jpg\" alt=\"\" class=\"wp-image-12998\" srcset=\"https:\/\/alcaldiaalbertoadriani.com\/wp-content\/uploads\/2025\/10\/5145719795750734649-1024x768.jpg 1024w, https:\/\/alcaldiaalbertoadriani.com\/wp-content\/uploads\/2025\/10\/5145719795750734649-980x735.jpg 980w, https:\/\/alcaldiaalbertoadriani.com\/wp-content\/uploads\/2025\/10\/5145719795750734649-480x360.jpg 480w\" sizes=\"auto, (min-width: 0px) and (max-width: 480px) 480px, (min-width: 481px) and (max-width: 980px) 980px, (min-width: 981px) 1024px, 100vw\" \/><\/figure>\n<\/figure>\n\n\n\n<p>\u201cEs importante significar que esto fue una necesidad, ya que, por la devaluaci\u00f3n del bol\u00edvar, el presupuesto que fue designado a la obra, era insuficiente e inclusive para la formulaci\u00f3n de Proyecto, puesto que, a esta \u00e9poca del a\u00f1o, hemos tenido devaluaci\u00f3n entre el 200 y 250 por ciento, hasta m\u00e1s\u201d, detall\u00f3.<\/p>\n\n\n\n<p>Destac\u00f3 el burgomaestre que, ante la decisi\u00f3n tomada, no queda afectada la obra desde la cual se traslad\u00f3 el recurso. \u201cEntretanto, la obra del puente de La Floresta, fue incluido en el Plan de Inversi\u00f3n del pr\u00f3ximo a\u00f1o, asign\u00e1ndole un presupuesto de 38 millones 550 mil bol\u00edvares que al valor de hoy, equivalen a 200 ocho mil d\u00f3lares para el desarrollo de la obra\u201d.<\/p>\n\n\n\n<p>Acot\u00f3 Segura que la obra se trata de un puente con un solo canal, pero que permitir\u00eda la carga m\u00e1xima y establecer\u00eda comunicaci\u00f3n entre la avenida principal de La Pedregosa con la Zona Industrial para conectar con la carretera panamericana.<\/p>\n\n\n\n<figure class=\"wp-block-gallery has-nested-images columns-default is-cropped wp-block-gallery-2 is-layout-flex wp-block-gallery-is-layout-flex\">\n<figure class=\"wp-block-image size-large\"><img loading=\"lazy\" decoding=\"async\" width=\"1024\" height=\"576\" data-id=\"12997\" src=\"https:\/\/alcaldiaalbertoadriani.com\/wp-content\/uploads\/2025\/10\/5145719795750734646-1024x576.jpg\" alt=\"\" class=\"wp-image-12997\" srcset=\"https:\/\/alcaldiaalbertoadriani.com\/wp-content\/uploads\/2025\/10\/5145719795750734646-1024x576.jpg 1024w, https:\/\/alcaldiaalbertoadriani.com\/wp-content\/uploads\/2025\/10\/5145719795750734646-980x551.jpg 980w, https:\/\/alcaldiaalbertoadriani.com\/wp-content\/uploads\/2025\/10\/5145719795750734646-480x270.jpg 480w\" sizes=\"auto, (min-width: 0px) and (max-width: 480px) 480px, (min-width: 481px) and (max-width: 980px) 980px, (min-width: 981px) 1024px, 100vw\" \/><\/figure>\n<\/figure>\n\n\n\n<p>\u201cHemos asumido el compromiso de iniciar con la mencionada obra a principios de a\u00f1o 2026, para que no suceda lo de este a\u00f1o que la dejamos para el final y se devalu\u00f3.<\/p>\n\n\n\n<p>Finalmente, Lisandro Segura, manifest\u00f3 que a prop\u00f3sito de la devaluaci\u00f3n monetaria en el pa\u00eds y que de acuerdo a las experiencias, hay obras que por su complejidad como el asfaltado o la construcci\u00f3n de puentes, son las primeras en ejecutar, dejando de \u00faltimo las obras de menos complejidad, como lo son las aceras y brocales.<strong><em> Prensa Alcald\u00eda Alberto Adriani\/Edgar Mendoza CNP 25.736\/Fotos: Karla M\u00e1rquez.<\/em><\/strong><\/p>\n\n\n\n<figure class=\"wp-block-gallery has-nested-images columns-default is-cropped wp-block-gallery-3 is-layout-flex wp-block-gallery-is-layout-flex\">\n<figure class=\"wp-block-image size-large\"><img loading=\"lazy\" decoding=\"async\" width=\"800\" height=\"600\" data-id=\"12999\" src=\"https:\/\/alcaldiaalbertoadriani.com\/wp-content\/uploads\/2025\/10\/5145719795750734647.jpg\" alt=\"\" class=\"wp-image-12999\" srcset=\"https:\/\/alcaldiaalbertoadriani.com\/wp-content\/uploads\/2025\/10\/5145719795750734647.jpg 800w, https:\/\/alcaldiaalbertoadriani.com\/wp-content\/uploads\/2025\/10\/5145719795750734647-480x360.jpg 480w\" sizes=\"auto, (min-width: 0px) and (max-width: 480px) 480px, (min-width: 481px) 800px, 100vw\" \/><\/figure>\n\n\n\n<figure class=\"wp-block-image size-large\"><img loading=\"lazy\" decoding=\"async\" width=\"1024\" height=\"770\" data-id=\"13001\" src=\"https:\/\/alcaldiaalbertoadriani.com\/wp-content\/uploads\/2025\/10\/5145719795750734650-1024x770.jpg\" alt=\"\" class=\"wp-image-13001\" srcset=\"https:\/\/alcaldiaalbertoadriani.com\/wp-content\/uploads\/2025\/10\/5145719795750734650-1024x770.jpg 1024w, https:\/\/alcaldiaalbertoadriani.com\/wp-content\/uploads\/2025\/10\/5145719795750734650-980x737.jpg 980w, https:\/\/alcaldiaalbertoadriani.com\/wp-content\/uploads\/2025\/10\/5145719795750734650-480x361.jpg 480w\" sizes=\"auto, (min-width: 0px) and (max-width: 480px) 480px, (min-width: 481px) and (max-width: 980px) 980px, (min-width: 981px) 1024px, 100vw\" \/><\/figure>\n\n\n\n<figure class=\"wp-block-image size-large\"><img loading=\"lazy\" decoding=\"async\" width=\"800\" height=\"600\" data-id=\"13000\" src=\"https:\/\/alcaldiaalbertoadriani.com\/wp-content\/uploads\/2025\/10\/5145719795750734648.jpg\" alt=\"\" class=\"wp-image-13000\" srcset=\"https:\/\/alcaldiaalbertoadriani.com\/wp-content\/uploads\/2025\/10\/5145719795750734648.jpg 800w, https:\/\/alcaldiaalbertoadriani.com\/wp-content\/uploads\/2025\/10\/5145719795750734648-480x360.jpg 480w\" sizes=\"auto, (min-width: 0px) and (max-width: 480px) 480px, (min-width: 481px) 800px, 100vw\" \/><\/figure>\n<\/figure>\n","protected":false},"excerpt":{"rendered":"<p>Este mi\u00e9rcoles, en sesi\u00f3n extraordinaria del Consejo Local de Planificaci\u00f3n P\u00fablica (Clpp) del municipio Alberto Adriani, la mayor\u00eda de los consejeros asistentes, aprob\u00f3 el traslado de partida de Obra del [&hellip;]<\/p>\n","protected":false},"author":2,"featured_media":12996,"comment_status":"open","ping_status":"closed","sticky":false,"template":"","format":"standard","meta":{"_et_pb_use_builder":"off","_et_pb_old_content":"","_et_gb_content_width":"","footnotes":""},"categories":[341,56,25],"tags":[31,12,15,761,30,29,28],"class_list":["post-12995","post","type-post","status-publish","format-standard","has-post-thumbnail","hentry","category-alcaldia-alberto-adriani","category-clpp","category-nuestro-municipio","tag-alcalde","tag-alcaldiaalbertoadriani","tag-elvigia","tag-encrucijadadeprogreso","tag-lisandrosegura","tag-municipioquenosmerecemos","tag-porelrenacer"],"yoast_head":"<!-- This site is optimized with the Yoast SEO plugin v19.13 - https:\/\/yoast.com\/wordpress\/plugins\/seo\/ -->\n<title>Clpp aprob\u00f3 traslado de Obra del Plan de inversi\u00f3n 2025<\/title>\n<meta name=\"description\" content=\"Clpp de Alberto Adriani aprob\u00f3 traslado de Obra del Plan de Inversi\u00f3n 2025, la actividad tuvo lugar en el auditorio de la Casa del Ni\u00f1o\" \/>\n<meta name=\"robots\" content=\"index, follow, max-snippet:-1, max-image-preview:large, max-video-preview:-1\" \/>\n<link rel=\"canonical\" href=\"https:\/\/alcaldiaalbertoadriani.com\/?p=12995\" \/>\n<meta property=\"og:locale\" content=\"es_ES\" \/>\n<meta property=\"og:type\" content=\"article\" \/>\n<meta property=\"og:title\" content=\"Clpp aprob\u00f3 traslado de Obra del Plan de inversi\u00f3n 2025\" \/>\n<meta property=\"og:description\" content=\"Clpp de Alberto Adriani aprob\u00f3 traslado de Obra del Plan de Inversi\u00f3n 2025, la actividad tuvo lugar en el auditorio de la Casa del Ni\u00f1o\" \/>\n<meta property=\"og:url\" content=\"https:\/\/alcaldiaalbertoadriani.com\/?p=12995\" \/>\n<meta property=\"og:site_name\" content=\"Alcaldia Alberto Adriani\" \/>\n<meta property=\"article:published_time\" content=\"2025-10-13T14:44:31+00:00\" \/>\n<meta property=\"article:modified_time\" content=\"2025-10-13T14:44:58+00:00\" \/>\n<meta property=\"og:image\" content=\"https:\/\/alcaldiaalbertoadriani.com\/wp-content\/uploads\/2025\/10\/5145719795750734651.jpg\" \/>\n\t<meta property=\"og:image:width\" content=\"1280\" \/>\n\t<meta property=\"og:image:height\" content=\"962\" \/>\n\t<meta property=\"og:image:type\" content=\"image\/jpeg\" \/>\n<meta name=\"author\" content=\"Prensa\" \/>\n<meta name=\"twitter:card\" content=\"summary_large_image\" \/>\n<meta name=\"twitter:label1\" content=\"Escrito por\" \/>\n\t<meta name=\"twitter:data1\" content=\"Prensa\" \/>\n\t<meta name=\"twitter:label2\" content=\"Tiempo de lectura\" \/>\n\t<meta name=\"twitter:data2\" content=\"3 minutos\" \/>\n<script type=\"application\/ld+json\" class=\"yoast-schema-graph\">{\"@context\":\"https:\/\/schema.org\",\"@graph\":[{\"@type\":\"WebPage\",\"@id\":\"https:\/\/alcaldiaalbertoadriani.com\/?p=12995\",\"url\":\"https:\/\/alcaldiaalbertoadriani.com\/?p=12995\",\"name\":\"Clpp aprob\u00f3 traslado de Obra del Plan de inversi\u00f3n 2025\",\"isPartOf\":{\"@id\":\"https:\/\/alcaldiaalbertoadriani.com\/#website\"},\"datePublished\":\"2025-10-13T14:44:31+00:00\",\"dateModified\":\"2025-10-13T14:44:58+00:00\",\"author\":{\"@id\":\"https:\/\/alcaldiaalbertoadriani.com\/#\/schema\/person\/549b4483ff8999ac780deeea78795fc9\"},\"description\":\"Clpp de Alberto Adriani aprob\u00f3 traslado de Obra del Plan de Inversi\u00f3n 2025, la actividad tuvo lugar en el auditorio de la Casa del Ni\u00f1o\",\"breadcrumb\":{\"@id\":\"https:\/\/alcaldiaalbertoadriani.com\/?p=12995#breadcrumb\"},\"inLanguage\":\"es\",\"potentialAction\":[{\"@type\":\"ReadAction\",\"target\":[\"https:\/\/alcaldiaalbertoadriani.com\/?p=12995\"]}]},{\"@type\":\"BreadcrumbList\",\"@id\":\"https:\/\/alcaldiaalbertoadriani.com\/?p=12995#breadcrumb\",\"itemListElement\":[{\"@type\":\"ListItem\",\"position\":1,\"name\":\"Portada\",\"item\":\"https:\/\/alcaldiaalbertoadriani.com\/\"},{\"@type\":\"ListItem\",\"position\":2,\"name\":\"Clpp de Alberto Adriani aprob\u00f3 traslado de Obra del Plan de Inversi\u00f3n 2025\"}]},{\"@type\":\"WebSite\",\"@id\":\"https:\/\/alcaldiaalbertoadriani.com\/#website\",\"url\":\"https:\/\/alcaldiaalbertoadriani.com\/\",\"name\":\"Alcaldia Alberto Adriani\",\"description\":\"\",\"potentialAction\":[{\"@type\":\"SearchAction\",\"target\":{\"@type\":\"EntryPoint\",\"urlTemplate\":\"https:\/\/alcaldiaalbertoadriani.com\/?s={search_term_string}\"},\"query-input\":\"required name=search_term_string\"}],\"inLanguage\":\"es\"},{\"@type\":\"Person\",\"@id\":\"https:\/\/alcaldiaalbertoadriani.com\/#\/schema\/person\/549b4483ff8999ac780deeea78795fc9\",\"name\":\"Prensa\",\"image\":{\"@type\":\"ImageObject\",\"inLanguage\":\"es\",\"@id\":\"https:\/\/alcaldiaalbertoadriani.com\/#\/schema\/person\/image\/\",\"url\":\"https:\/\/secure.gravatar.com\/avatar\/ea1cb567ea992a29627f4eee1c2eb185ec16decec6342d508fdf18dedb56c9de?s=96&d=mm&r=g\",\"contentUrl\":\"https:\/\/secure.gravatar.com\/avatar\/ea1cb567ea992a29627f4eee1c2eb185ec16decec6342d508fdf18dedb56c9de?s=96&d=mm&r=g\",\"caption\":\"Prensa\"},\"url\":\"https:\/\/alcaldiaalbertoadriani.com\/?author=2\"}]}<\/script>\n<!-- \/ Yoast SEO plugin. -->","yoast_head_json":{"title":"Clpp aprob\u00f3 traslado de Obra del Plan de inversi\u00f3n 2025","description":"Clpp de Alberto Adriani aprob\u00f3 traslado de Obra del Plan de Inversi\u00f3n 2025, la actividad tuvo lugar en el auditorio de la Casa del Ni\u00f1o","robots":{"index":"index","follow":"follow","max-snippet":"max-snippet:-1","max-image-preview":"max-image-preview:large","max-video-preview":"max-video-preview:-1"},"canonical":"https:\/\/alcaldiaalbertoadriani.com\/?p=12995","og_locale":"es_ES","og_type":"article","og_title":"Clpp aprob\u00f3 traslado de Obra del Plan de inversi\u00f3n 2025","og_description":"Clpp de Alberto Adriani aprob\u00f3 traslado de Obra del Plan de Inversi\u00f3n 2025, la actividad tuvo lugar en el auditorio de la Casa del Ni\u00f1o","og_url":"https:\/\/alcaldiaalbertoadriani.com\/?p=12995","og_site_name":"Alcaldia Alberto Adriani","article_published_time":"2025-10-13T14:44:31+00:00","article_modified_time":"2025-10-13T14:44:58+00:00","og_image":[{"width":1280,"height":962,"url":"https:\/\/alcaldiaalbertoadriani.com\/wp-content\/uploads\/2025\/10\/5145719795750734651.jpg","type":"image\/jpeg"}],"author":"Prensa","twitter_card":"summary_large_image","twitter_misc":{"Escrito por":"Prensa","Tiempo de lectura":"3 minutos"},"schema":{"@context":"https:\/\/schema.org","@graph":[{"@type":"WebPage","@id":"https:\/\/alcaldiaalbertoadriani.com\/?p=12995","url":"https:\/\/alcaldiaalbertoadriani.com\/?p=12995","name":"Clpp aprob\u00f3 traslado de Obra del Plan de inversi\u00f3n 2025","isPartOf":{"@id":"https:\/\/alcaldiaalbertoadriani.com\/#website"},"datePublished":"2025-10-13T14:44:31+00:00","dateModified":"2025-10-13T14:44:58+00:00","author":{"@id":"https:\/\/alcaldiaalbertoadriani.com\/#\/schema\/person\/549b4483ff8999ac780deeea78795fc9"},"description":"Clpp de Alberto Adriani aprob\u00f3 traslado de Obra del Plan de Inversi\u00f3n 2025, la actividad tuvo lugar en el auditorio de la Casa del Ni\u00f1o","breadcrumb":{"@id":"https:\/\/alcaldiaalbertoadriani.com\/?p=12995#breadcrumb"},"inLanguage":"es","potentialAction":[{"@type":"ReadAction","target":["https:\/\/alcaldiaalbertoadriani.com\/?p=12995"]}]},{"@type":"BreadcrumbList","@id":"https:\/\/alcaldiaalbertoadriani.com\/?p=12995#breadcrumb","itemListElement":[{"@type":"ListItem","position":1,"name":"Portada","item":"https:\/\/alcaldiaalbertoadriani.com\/"},{"@type":"ListItem","position":2,"name":"Clpp de Alberto Adriani aprob\u00f3 traslado de Obra del Plan de Inversi\u00f3n 2025"}]},{"@type":"WebSite","@id":"https:\/\/alcaldiaalbertoadriani.com\/#website","url":"https:\/\/alcaldiaalbertoadriani.com\/","name":"Alcaldia Alberto Adriani","description":"","potentialAction":[{"@type":"SearchAction","target":{"@type":"EntryPoint","urlTemplate":"https:\/\/alcaldiaalbertoadriani.com\/?s={search_term_string}"},"query-input":"required name=search_term_string"}],"inLanguage":"es"},{"@type":"Person","@id":"https:\/\/alcaldiaalbertoadriani.com\/#\/schema\/person\/549b4483ff8999ac780deeea78795fc9","name":"Prensa","image":{"@type":"ImageObject","inLanguage":"es","@id":"https:\/\/alcaldiaalbertoadriani.com\/#\/schema\/person\/image\/","url":"https:\/\/secure.gravatar.com\/avatar\/ea1cb567ea992a29627f4eee1c2eb185ec16decec6342d508fdf18dedb56c9de?s=96&d=mm&r=g","contentUrl":"https:\/\/secure.gravatar.com\/avatar\/ea1cb567ea992a29627f4eee1c2eb185ec16decec6342d508fdf18dedb56c9de?s=96&d=mm&r=g","caption":"Prensa"},"url":"https:\/\/alcaldiaalbertoadriani.com\/?author=2"}]}},"_links":{"self":[{"href":"https:\/\/alcaldiaalbertoadriani.com\/index.php?rest_route=\/wp\/v2\/posts\/12995","targetHints":{"allow":["GET"]}}],"collection":[{"href":"https:\/\/alcaldiaalbertoadriani.com\/index.php?rest_route=\/wp\/v2\/posts"}],"about":[{"href":"https:\/\/alcaldiaalbertoadriani.com\/index.php?rest_route=\/wp\/v2\/types\/post"}],"author":[{"embeddable":true,"href":"https:\/\/alcaldiaalbertoadriani.com\/index.php?rest_route=\/wp\/v2\/users\/2"}],"replies":[{"embeddable":true,"href":"https:\/\/alcaldiaalbertoadriani.com\/index.php?rest_route=%2Fwp%2Fv2%2Fcomments&post=12995"}],"version-history":[{"count":1,"href":"https:\/\/alcaldiaalbertoadriani.com\/index.php?rest_route=\/wp\/v2\/posts\/12995\/revisions"}],"predecessor-version":[{"id":13002,"href":"https:\/\/alcaldiaalbertoadriani.com\/index.php?rest_route=\/wp\/v2\/posts\/12995\/revisions\/13002"}],"wp:featuredmedia":[{"embeddable":true,"href":"https:\/\/alcaldiaalbertoadriani.com\/index.php?rest_route=\/wp\/v2\/media\/12996"}],"wp:attachment":[{"href":"https:\/\/alcaldiaalbertoadriani.com\/index.php?rest_route=%2Fwp%2Fv2%2Fmedia&parent=12995"}],"wp:term":[{"taxonomy":"category","embeddable":true,"href":"https:\/\/alcaldiaalbertoadriani.com\/index.php?rest_route=%2Fwp%2Fv2%2Fcategories&post=12995"},{"taxonomy":"post_tag","embeddable":true,"href":"https:\/\/alcaldiaalbertoadriani.com\/index.php?rest_route=%2Fwp%2Fv2%2Ftags&post=12995"}],"curies":[{"name":"wp","href":"https:\/\/api.w.org\/{rel}","templated":true}]}}