{"id":12990,"date":"2025-10-13T13:41:28","date_gmt":"2025-10-13T13:41:28","guid":{"rendered":"https:\/\/alcaldiaalbertoadriani.com\/?p=12990"},"modified":"2025-10-13T13:41:31","modified_gmt":"2025-10-13T13:41:31","slug":"comunidad-el-trapiche-agradecen-a-lisandro-segura-por-donacion","status":"publish","type":"post","link":"https:\/\/alcaldiaalbertoadriani.com\/?p=12990","title":{"rendered":"Comunidad El Trapiche agradecen al alcalde Lisandro Segura por la donaci\u00f3n de material de construcci\u00f3n"},"content":{"rendered":"\n<h2 class=\"wp-block-heading\"><strong><em>Se construyen carrileras en la comunidad El Trapiche Parte Alta y Media<\/em><\/strong><\/h2>\n\n\n\n<p>La Gesti\u00f3n del alcalde <a href=\"https:\/\/www.instagram.com\/lisandrosegura02\/\">Lisandro Segura<\/a> realiz\u00f3 la donaci\u00f3n de materiales de construcci\u00f3n para mejorar la vialidad agr\u00edcola del sector El Trapiche Parte Alta y Media, perteneciente a la <a href=\"https:\/\/alcaldiaalbertoadriani.com\/?p=12077\">parroquia H\u00e9ctor Amable Mora<\/a> del municipio Alberto Adriani.<\/p>\n\n\n\n<p>Al respecto, Argimiro Guti\u00e9rrez, habitante de la comunidad en menci\u00f3n, agradeci\u00f3 al alcalde <a href=\"https:\/\/www.instagram.com\/lisandrosegura02\/\">Lisandro Segura<\/a> por la donaci\u00f3n de 100 sacos de cemento para la construcci\u00f3n de carrileras por parte de la misma comunidad, trabajos que ser\u00e1 aplicado en dos fases; parte alta y parte media.<\/p>\n\n\n\n<figure class=\"wp-block-gallery has-nested-images columns-default is-cropped wp-block-gallery-1 is-layout-flex wp-block-gallery-is-layout-flex\">\n<figure class=\"wp-block-image size-large\"><img loading=\"lazy\" decoding=\"async\" width=\"1024\" height=\"768\" data-id=\"12992\" src=\"https:\/\/alcaldiaalbertoadriani.com\/wp-content\/uploads\/2025\/10\/5145719795750734644-1024x768.jpg\" alt=\"\" class=\"wp-image-12992\" srcset=\"https:\/\/alcaldiaalbertoadriani.com\/wp-content\/uploads\/2025\/10\/5145719795750734644-1024x768.jpg 1024w, https:\/\/alcaldiaalbertoadriani.com\/wp-content\/uploads\/2025\/10\/5145719795750734644-980x735.jpg 980w, https:\/\/alcaldiaalbertoadriani.com\/wp-content\/uploads\/2025\/10\/5145719795750734644-480x360.jpg 480w\" sizes=\"auto, (min-width: 0px) and (max-width: 480px) 480px, (min-width: 481px) and (max-width: 980px) 980px, (min-width: 981px) 1024px, 100vw\" \/><\/figure>\n<\/figure>\n\n\n\n<p>\u201cHoy lunes nos hemos reunido con el se\u00f1or alcalde para entregarle a detalle, todo sobre los trabajos que estamos ejecutando con el material donado y para agradecerle por esa buena acci\u00f3n que ha hecho dentro de la comunidad\u201d, expres\u00f3.<\/p>\n\n\n\n<p>Por su parte, Nelson Soto, habitante de la misma comunidad, tambi\u00e9n extendi\u00f3 sus palabras de agradecimientos al alcalde por el donativo.<\/p>\n\n\n\n<figure class=\"wp-block-image size-large\"><img loading=\"lazy\" decoding=\"async\" width=\"1024\" height=\"768\" src=\"https:\/\/alcaldiaalbertoadriani.com\/wp-content\/uploads\/2025\/10\/5145719795750734645-1024x768.jpg\" alt=\"\" class=\"wp-image-12993\" srcset=\"https:\/\/alcaldiaalbertoadriani.com\/wp-content\/uploads\/2025\/10\/5145719795750734645-1024x768.jpg 1024w, https:\/\/alcaldiaalbertoadriani.com\/wp-content\/uploads\/2025\/10\/5145719795750734645-980x735.jpg 980w, https:\/\/alcaldiaalbertoadriani.com\/wp-content\/uploads\/2025\/10\/5145719795750734645-480x360.jpg 480w\" sizes=\"auto, (min-width: 0px) and (max-width: 480px) 480px, (min-width: 481px) and (max-width: 980px) 980px, (min-width: 981px) 1024px, 100vw\" \/><\/figure>\n\n\n\n<p>\u201cGracias alcalde por el apoyo que nos ha brindado en nuestra comunidad. Una comunidad que se encontraba olvidada desde hace muchos a\u00f1os y que para ingresar a ella, lo hac\u00edamos solamente en bestias. Gracias por tomarnos en cuenta y cuente usted con nosotros, porque nunca hab\u00edamos tenido un alcalde en El Vig\u00eda como usted y que Dios Todopoderoso, lo siga bendiciendo\u201d, enfatiz\u00f3.<\/p>\n\n\n\n<p>De esta manera, la gesti\u00f3n municipal garantiza la transitabilidad de las v\u00edas agr\u00edcolas de las diferentes parroquias, impulsando el Renacer de El Vig\u00eda Querido. <strong><em>Prensa Alcald\u00eda Alberto Adriani\/Edgar Mendoza CNP 25.736\/Fotos: Karla M\u00e1rquez.<\/em><\/strong><\/p>\n","protected":false},"excerpt":{"rendered":"<p>Se construyen carrileras en la comunidad El Trapiche Parte Alta y Media La Gesti\u00f3n del alcalde Lisandro Segura realiz\u00f3 la donaci\u00f3n de materiales de construcci\u00f3n para mejorar la vialidad agr\u00edcola [&hellip;]<\/p>\n","protected":false},"author":2,"featured_media":12991,"comment_status":"open","ping_status":"closed","sticky":false,"template":"","format":"standard","meta":{"_et_pb_use_builder":"off","_et_pb_old_content":"","_et_gb_content_width":"","footnotes":""},"categories":[341,25],"tags":[31,11,12,15,761,30,29,28],"class_list":["post-12990","post","type-post","status-publish","format-standard","has-post-thumbnail","hentry","category-alcaldia-alberto-adriani","category-nuestro-municipio","tag-alcalde","tag-alcaldia","tag-alcaldiaalbertoadriani","tag-elvigia","tag-encrucijadadeprogreso","tag-lisandrosegura","tag-municipioquenosmerecemos","tag-porelrenacer"],"yoast_head":"<!-- This site is optimized with the Yoast SEO plugin v19.13 - https:\/\/yoast.com\/wordpress\/plugins\/seo\/ -->\n<title>Comunidad El Trapiche agradecen a Lisandro Segura por donaci\u00f3n<\/title>\n<meta name=\"description\" content=\"Comunidad El Trapiche parroquia H\u00e9ctor Amable Mora agradecen al alcalde Lisandro Segura por la donaci\u00f3n de material de construcci\u00f3n\" \/>\n<meta name=\"robots\" content=\"index, follow, max-snippet:-1, max-image-preview:large, max-video-preview:-1\" \/>\n<link rel=\"canonical\" href=\"https:\/\/alcaldiaalbertoadriani.com\/?p=12990\" \/>\n<meta property=\"og:locale\" content=\"es_ES\" \/>\n<meta property=\"og:type\" content=\"article\" \/>\n<meta property=\"og:title\" content=\"Comunidad El Trapiche agradecen a Lisandro Segura por donaci\u00f3n\" \/>\n<meta property=\"og:description\" content=\"Comunidad El Trapiche parroquia H\u00e9ctor Amable Mora agradecen al alcalde Lisandro Segura por la donaci\u00f3n de material de construcci\u00f3n\" \/>\n<meta property=\"og:url\" content=\"https:\/\/alcaldiaalbertoadriani.com\/?p=12990\" \/>\n<meta property=\"og:site_name\" content=\"Alcaldia Alberto Adriani\" \/>\n<meta property=\"article:published_time\" content=\"2025-10-13T13:41:28+00:00\" \/>\n<meta property=\"article:modified_time\" content=\"2025-10-13T13:41:31+00:00\" \/>\n<meta property=\"og:image\" content=\"https:\/\/alcaldiaalbertoadriani.com\/wp-content\/uploads\/2025\/10\/5145719795750734643.jpg\" \/>\n\t<meta property=\"og:image:width\" content=\"800\" \/>\n\t<meta property=\"og:image:height\" content=\"601\" \/>\n\t<meta property=\"og:image:type\" content=\"image\/jpeg\" \/>\n<meta name=\"author\" content=\"Prensa\" \/>\n<meta name=\"twitter:card\" content=\"summary_large_image\" \/>\n<meta name=\"twitter:label1\" content=\"Escrito por\" \/>\n\t<meta name=\"twitter:data1\" content=\"Prensa\" \/>\n\t<meta name=\"twitter:label2\" content=\"Tiempo de lectura\" \/>\n\t<meta name=\"twitter:data2\" content=\"2 minutos\" \/>\n<script type=\"application\/ld+json\" class=\"yoast-schema-graph\">{\"@context\":\"https:\/\/schema.org\",\"@graph\":[{\"@type\":\"WebPage\",\"@id\":\"https:\/\/alcaldiaalbertoadriani.com\/?p=12990\",\"url\":\"https:\/\/alcaldiaalbertoadriani.com\/?p=12990\",\"name\":\"Comunidad El Trapiche agradecen a Lisandro Segura por donaci\u00f3n\",\"isPartOf\":{\"@id\":\"https:\/\/alcaldiaalbertoadriani.com\/#website\"},\"datePublished\":\"2025-10-13T13:41:28+00:00\",\"dateModified\":\"2025-10-13T13:41:31+00:00\",\"author\":{\"@id\":\"https:\/\/alcaldiaalbertoadriani.com\/#\/schema\/person\/549b4483ff8999ac780deeea78795fc9\"},\"description\":\"Comunidad El Trapiche parroquia H\u00e9ctor Amable Mora agradecen al alcalde Lisandro Segura por la donaci\u00f3n de material de construcci\u00f3n\",\"breadcrumb\":{\"@id\":\"https:\/\/alcaldiaalbertoadriani.com\/?p=12990#breadcrumb\"},\"inLanguage\":\"es\",\"potentialAction\":[{\"@type\":\"ReadAction\",\"target\":[\"https:\/\/alcaldiaalbertoadriani.com\/?p=12990\"]}]},{\"@type\":\"BreadcrumbList\",\"@id\":\"https:\/\/alcaldiaalbertoadriani.com\/?p=12990#breadcrumb\",\"itemListElement\":[{\"@type\":\"ListItem\",\"position\":1,\"name\":\"Portada\",\"item\":\"https:\/\/alcaldiaalbertoadriani.com\/\"},{\"@type\":\"ListItem\",\"position\":2,\"name\":\"Comunidad El Trapiche agradecen al alcalde Lisandro Segura por la donaci\u00f3n de material de construcci\u00f3n\"}]},{\"@type\":\"WebSite\",\"@id\":\"https:\/\/alcaldiaalbertoadriani.com\/#website\",\"url\":\"https:\/\/alcaldiaalbertoadriani.com\/\",\"name\":\"Alcaldia Alberto Adriani\",\"description\":\"\",\"potentialAction\":[{\"@type\":\"SearchAction\",\"target\":{\"@type\":\"EntryPoint\",\"urlTemplate\":\"https:\/\/alcaldiaalbertoadriani.com\/?s={search_term_string}\"},\"query-input\":\"required name=search_term_string\"}],\"inLanguage\":\"es\"},{\"@type\":\"Person\",\"@id\":\"https:\/\/alcaldiaalbertoadriani.com\/#\/schema\/person\/549b4483ff8999ac780deeea78795fc9\",\"name\":\"Prensa\",\"image\":{\"@type\":\"ImageObject\",\"inLanguage\":\"es\",\"@id\":\"https:\/\/alcaldiaalbertoadriani.com\/#\/schema\/person\/image\/\",\"url\":\"https:\/\/secure.gravatar.com\/avatar\/ea1cb567ea992a29627f4eee1c2eb185ec16decec6342d508fdf18dedb56c9de?s=96&d=mm&r=g\",\"contentUrl\":\"https:\/\/secure.gravatar.com\/avatar\/ea1cb567ea992a29627f4eee1c2eb185ec16decec6342d508fdf18dedb56c9de?s=96&d=mm&r=g\",\"caption\":\"Prensa\"},\"url\":\"https:\/\/alcaldiaalbertoadriani.com\/?author=2\"}]}<\/script>\n<!-- \/ Yoast SEO plugin. -->","yoast_head_json":{"title":"Comunidad El Trapiche agradecen a Lisandro Segura por donaci\u00f3n","description":"Comunidad El Trapiche parroquia H\u00e9ctor Amable Mora agradecen al alcalde Lisandro Segura por la donaci\u00f3n de material de construcci\u00f3n","robots":{"index":"index","follow":"follow","max-snippet":"max-snippet:-1","max-image-preview":"max-image-preview:large","max-video-preview":"max-video-preview:-1"},"canonical":"https:\/\/alcaldiaalbertoadriani.com\/?p=12990","og_locale":"es_ES","og_type":"article","og_title":"Comunidad El Trapiche agradecen a Lisandro Segura por donaci\u00f3n","og_description":"Comunidad El Trapiche parroquia H\u00e9ctor Amable Mora agradecen al alcalde Lisandro Segura por la donaci\u00f3n de material de construcci\u00f3n","og_url":"https:\/\/alcaldiaalbertoadriani.com\/?p=12990","og_site_name":"Alcaldia Alberto Adriani","article_published_time":"2025-10-13T13:41:28+00:00","article_modified_time":"2025-10-13T13:41:31+00:00","og_image":[{"width":800,"height":601,"url":"https:\/\/alcaldiaalbertoadriani.com\/wp-content\/uploads\/2025\/10\/5145719795750734643.jpg","type":"image\/jpeg"}],"author":"Prensa","twitter_card":"summary_large_image","twitter_misc":{"Escrito por":"Prensa","Tiempo de lectura":"2 minutos"},"schema":{"@context":"https:\/\/schema.org","@graph":[{"@type":"WebPage","@id":"https:\/\/alcaldiaalbertoadriani.com\/?p=12990","url":"https:\/\/alcaldiaalbertoadriani.com\/?p=12990","name":"Comunidad El Trapiche agradecen a Lisandro Segura por donaci\u00f3n","isPartOf":{"@id":"https:\/\/alcaldiaalbertoadriani.com\/#website"},"datePublished":"2025-10-13T13:41:28+00:00","dateModified":"2025-10-13T13:41:31+00:00","author":{"@id":"https:\/\/alcaldiaalbertoadriani.com\/#\/schema\/person\/549b4483ff8999ac780deeea78795fc9"},"description":"Comunidad El Trapiche parroquia H\u00e9ctor Amable Mora agradecen al alcalde Lisandro Segura por la donaci\u00f3n de material de construcci\u00f3n","breadcrumb":{"@id":"https:\/\/alcaldiaalbertoadriani.com\/?p=12990#breadcrumb"},"inLanguage":"es","potentialAction":[{"@type":"ReadAction","target":["https:\/\/alcaldiaalbertoadriani.com\/?p=12990"]}]},{"@type":"BreadcrumbList","@id":"https:\/\/alcaldiaalbertoadriani.com\/?p=12990#breadcrumb","itemListElement":[{"@type":"ListItem","position":1,"name":"Portada","item":"https:\/\/alcaldiaalbertoadriani.com\/"},{"@type":"ListItem","position":2,"name":"Comunidad El Trapiche agradecen al alcalde Lisandro Segura por la donaci\u00f3n de material de construcci\u00f3n"}]},{"@type":"WebSite","@id":"https:\/\/alcaldiaalbertoadriani.com\/#website","url":"https:\/\/alcaldiaalbertoadriani.com\/","name":"Alcaldia Alberto Adriani","description":"","potentialAction":[{"@type":"SearchAction","target":{"@type":"EntryPoint","urlTemplate":"https:\/\/alcaldiaalbertoadriani.com\/?s={search_term_string}"},"query-input":"required name=search_term_string"}],"inLanguage":"es"},{"@type":"Person","@id":"https:\/\/alcaldiaalbertoadriani.com\/#\/schema\/person\/549b4483ff8999ac780deeea78795fc9","name":"Prensa","image":{"@type":"ImageObject","inLanguage":"es","@id":"https:\/\/alcaldiaalbertoadriani.com\/#\/schema\/person\/image\/","url":"https:\/\/secure.gravatar.com\/avatar\/ea1cb567ea992a29627f4eee1c2eb185ec16decec6342d508fdf18dedb56c9de?s=96&d=mm&r=g","contentUrl":"https:\/\/secure.gravatar.com\/avatar\/ea1cb567ea992a29627f4eee1c2eb185ec16decec6342d508fdf18dedb56c9de?s=96&d=mm&r=g","caption":"Prensa"},"url":"https:\/\/alcaldiaalbertoadriani.com\/?author=2"}]}},"_links":{"self":[{"href":"https:\/\/alcaldiaalbertoadriani.com\/index.php?rest_route=\/wp\/v2\/posts\/12990","targetHints":{"allow":["GET"]}}],"collection":[{"href":"https:\/\/alcaldiaalbertoadriani.com\/index.php?rest_route=\/wp\/v2\/posts"}],"about":[{"href":"https:\/\/alcaldiaalbertoadriani.com\/index.php?rest_route=\/wp\/v2\/types\/post"}],"author":[{"embeddable":true,"href":"https:\/\/alcaldiaalbertoadriani.com\/index.php?rest_route=\/wp\/v2\/users\/2"}],"replies":[{"embeddable":true,"href":"https:\/\/alcaldiaalbertoadriani.com\/index.php?rest_route=%2Fwp%2Fv2%2Fcomments&post=12990"}],"version-history":[{"count":1,"href":"https:\/\/alcaldiaalbertoadriani.com\/index.php?rest_route=\/wp\/v2\/posts\/12990\/revisions"}],"predecessor-version":[{"id":12994,"href":"https:\/\/alcaldiaalbertoadriani.com\/index.php?rest_route=\/wp\/v2\/posts\/12990\/revisions\/12994"}],"wp:featuredmedia":[{"embeddable":true,"href":"https:\/\/alcaldiaalbertoadriani.com\/index.php?rest_route=\/wp\/v2\/media\/12991"}],"wp:attachment":[{"href":"https:\/\/alcaldiaalbertoadriani.com\/index.php?rest_route=%2Fwp%2Fv2%2Fmedia&parent=12990"}],"wp:term":[{"taxonomy":"category","embeddable":true,"href":"https:\/\/alcaldiaalbertoadriani.com\/index.php?rest_route=%2Fwp%2Fv2%2Fcategories&post=12990"},{"taxonomy":"post_tag","embeddable":true,"href":"https:\/\/alcaldiaalbertoadriani.com\/index.php?rest_route=%2Fwp%2Fv2%2Ftags&post=12990"}],"curies":[{"name":"wp","href":"https:\/\/api.w.org\/{rel}","templated":true}]}}