{"id":12962,"date":"2025-10-06T17:56:26","date_gmt":"2025-10-06T17:56:26","guid":{"rendered":"https:\/\/alcaldiaalbertoadriani.com\/?p=12962"},"modified":"2025-10-06T17:56:31","modified_gmt":"2025-10-06T17:56:31","slug":"comision-electoral-convoca-a-elecciones-de-delegados","status":"publish","type":"post","link":"https:\/\/alcaldiaalbertoadriani.com\/?p=12962","title":{"rendered":"Comisi\u00f3n Electoral convoca a Elecciones de Delegados de Prevenci\u00f3n para el viernes 10 de octubre"},"content":{"rendered":"\n<p>La Comisi\u00f3n Electoral de la alcald\u00eda del <a href=\"https:\/\/alcaldiaalbertoadriani.com\/?p=922\">municipio Alberto Adriani<\/a>, previamente conformada con el apoyo de sus trabajadores, y siguiendo los procedimientos de ley en materia de Seguridad y Salud Laboral, convocaron a las elecciones para escoger a los Delegados y Delegadas de Prevenci\u00f3n ante el Instituto Nacional de Prevenci\u00f3n, Salud y Seguridad Laborales (Inpsasel) para el pr\u00f3ximo viernes 10 de octubre de 2025. Las elecciones se desarrollar\u00e1n en el auditorio de la Casa del Ni\u00f1o Trabajador \u201cDr. H\u00e9ctor Rodr\u00edguez Dugarte\u201d desde las 8 de la ma\u00f1ana hasta las cuatro de la tarde.<\/p>\n\n\n\n<p>La Comisi\u00f3n fij\u00f3 la fecha posterior al cierre del proceso de postulaciones, que culmin\u00f3 este mi\u00e9rcoles 1 de octubre. Los representantes en pleno de la Comisi\u00f3n Electoral informaron que, con la fecha de elecci\u00f3n ya establecida, inicia formalmente el tiempo de campa\u00f1a electoral desde este jueves 02 de octubre y finalizar\u00e1 el pr\u00f3ximo jueves 09 de octubre a las cuatro de la tarde.<\/p>\n\n\n\n<p>Vale se\u00f1alar que, el Inpsasel es la instituci\u00f3n encargada de la promoci\u00f3n, prevenci\u00f3n y atenci\u00f3n de la salud y la seguridad laboral. En este sentido, este proceso se realiza conforme a lo establecido en la Ley Org\u00e1nica de Prevenci\u00f3n Condiciones y Medio Ambiente de Trabajo (Lopcymat) cuyo art\u00edculo 41 establece que en todo centro de trabajo ya sea empresas o instituciones p\u00fablicas o privadas, los trabajadores elegir\u00e1n mediante mecanismos democr\u00e1ticos, delegados o delegadas de prevenci\u00f3n, los cu\u00e1les ser\u00e1n sus representantes ante el Comit\u00e9 de Seguridad y Salud Laboral.<\/p>\n\n\n\n<p>La iniciativa, surgida de algunos trabajadores de la alcald\u00eda, busca la participaci\u00f3n de la masa laboral en este proceso democr\u00e1tico, garantizando as\u00ed el cumplimiento de las normativas vigentes en materia de prevenci\u00f3n ante el Inpsasel. <strong><em>Prensa Alcald\u00eda Alberto Adriani\/ Edgar Mendoza CNP: 25.736\/ Foto: Karla M\u00e1rquez.<\/em><\/strong><\/p>\n","protected":false},"excerpt":{"rendered":"<p>La Comisi\u00f3n Electoral de la alcald\u00eda del municipio Alberto Adriani, previamente conformada con el apoyo de sus trabajadores, y siguiendo los procedimientos de ley en materia de Seguridad y Salud [&hellip;]<\/p>\n","protected":false},"author":2,"featured_media":12963,"comment_status":"open","ping_status":"closed","sticky":false,"template":"","format":"standard","meta":{"_et_pb_use_builder":"off","_et_pb_old_content":"","_et_gb_content_width":"","footnotes":""},"categories":[341],"tags":[31,11,12,15,761,30,29,28],"class_list":["post-12962","post","type-post","status-publish","format-standard","has-post-thumbnail","hentry","category-alcaldia-alberto-adriani","tag-alcalde","tag-alcaldia","tag-alcaldiaalbertoadriani","tag-elvigia","tag-encrucijadadeprogreso","tag-lisandrosegura","tag-municipioquenosmerecemos","tag-porelrenacer"],"yoast_head":"<!-- This site is optimized with the Yoast SEO plugin v19.13 - https:\/\/yoast.com\/wordpress\/plugins\/seo\/ -->\n<title>Comisi\u00f3n Electoral convoca a Elecciones de Delegados<\/title>\n<meta name=\"description\" content=\"Comisi\u00f3n Electoral convoca a Elecciones de Delegados de Prevenci\u00f3n para el viernes 10 de octubre previamente conformada por los trabajadores\" \/>\n<meta name=\"robots\" content=\"index, follow, max-snippet:-1, max-image-preview:large, max-video-preview:-1\" \/>\n<link rel=\"canonical\" href=\"https:\/\/alcaldiaalbertoadriani.com\/?p=12962\" \/>\n<meta property=\"og:locale\" content=\"es_ES\" \/>\n<meta property=\"og:type\" content=\"article\" \/>\n<meta property=\"og:title\" content=\"Comisi\u00f3n Electoral convoca a Elecciones de Delegados\" \/>\n<meta property=\"og:description\" content=\"Comisi\u00f3n Electoral convoca a Elecciones de Delegados de Prevenci\u00f3n para el viernes 10 de octubre previamente conformada por los trabajadores\" \/>\n<meta property=\"og:url\" content=\"https:\/\/alcaldiaalbertoadriani.com\/?p=12962\" \/>\n<meta property=\"og:site_name\" content=\"Alcaldia Alberto Adriani\" \/>\n<meta property=\"article:published_time\" content=\"2025-10-06T17:56:26+00:00\" \/>\n<meta property=\"article:modified_time\" content=\"2025-10-06T17:56:31+00:00\" \/>\n<meta property=\"og:image\" content=\"https:\/\/alcaldiaalbertoadriani.com\/wp-content\/uploads\/2025\/10\/WhatsApp-Image-2025-10-06-at-9.26.11-AM.jpeg\" \/>\n\t<meta property=\"og:image:width\" content=\"1280\" \/>\n\t<meta property=\"og:image:height\" content=\"960\" \/>\n\t<meta property=\"og:image:type\" content=\"image\/jpeg\" \/>\n<meta name=\"author\" content=\"Prensa\" \/>\n<meta name=\"twitter:card\" content=\"summary_large_image\" \/>\n<meta name=\"twitter:label1\" content=\"Escrito por\" \/>\n\t<meta name=\"twitter:data1\" content=\"Prensa\" \/>\n\t<meta name=\"twitter:label2\" content=\"Tiempo de lectura\" \/>\n\t<meta name=\"twitter:data2\" content=\"2 minutos\" \/>\n<script type=\"application\/ld+json\" class=\"yoast-schema-graph\">{\"@context\":\"https:\/\/schema.org\",\"@graph\":[{\"@type\":\"WebPage\",\"@id\":\"https:\/\/alcaldiaalbertoadriani.com\/?p=12962\",\"url\":\"https:\/\/alcaldiaalbertoadriani.com\/?p=12962\",\"name\":\"Comisi\u00f3n Electoral convoca a Elecciones de Delegados\",\"isPartOf\":{\"@id\":\"https:\/\/alcaldiaalbertoadriani.com\/#website\"},\"datePublished\":\"2025-10-06T17:56:26+00:00\",\"dateModified\":\"2025-10-06T17:56:31+00:00\",\"author\":{\"@id\":\"https:\/\/alcaldiaalbertoadriani.com\/#\/schema\/person\/549b4483ff8999ac780deeea78795fc9\"},\"description\":\"Comisi\u00f3n Electoral convoca a Elecciones de Delegados de Prevenci\u00f3n para el viernes 10 de octubre previamente conformada por los trabajadores\",\"breadcrumb\":{\"@id\":\"https:\/\/alcaldiaalbertoadriani.com\/?p=12962#breadcrumb\"},\"inLanguage\":\"es\",\"potentialAction\":[{\"@type\":\"ReadAction\",\"target\":[\"https:\/\/alcaldiaalbertoadriani.com\/?p=12962\"]}]},{\"@type\":\"BreadcrumbList\",\"@id\":\"https:\/\/alcaldiaalbertoadriani.com\/?p=12962#breadcrumb\",\"itemListElement\":[{\"@type\":\"ListItem\",\"position\":1,\"name\":\"Portada\",\"item\":\"https:\/\/alcaldiaalbertoadriani.com\/\"},{\"@type\":\"ListItem\",\"position\":2,\"name\":\"Comisi\u00f3n Electoral convoca a Elecciones de Delegados de Prevenci\u00f3n para el viernes 10 de octubre\"}]},{\"@type\":\"WebSite\",\"@id\":\"https:\/\/alcaldiaalbertoadriani.com\/#website\",\"url\":\"https:\/\/alcaldiaalbertoadriani.com\/\",\"name\":\"Alcaldia Alberto Adriani\",\"description\":\"\",\"potentialAction\":[{\"@type\":\"SearchAction\",\"target\":{\"@type\":\"EntryPoint\",\"urlTemplate\":\"https:\/\/alcaldiaalbertoadriani.com\/?s={search_term_string}\"},\"query-input\":\"required name=search_term_string\"}],\"inLanguage\":\"es\"},{\"@type\":\"Person\",\"@id\":\"https:\/\/alcaldiaalbertoadriani.com\/#\/schema\/person\/549b4483ff8999ac780deeea78795fc9\",\"name\":\"Prensa\",\"image\":{\"@type\":\"ImageObject\",\"inLanguage\":\"es\",\"@id\":\"https:\/\/alcaldiaalbertoadriani.com\/#\/schema\/person\/image\/\",\"url\":\"https:\/\/secure.gravatar.com\/avatar\/ea1cb567ea992a29627f4eee1c2eb185ec16decec6342d508fdf18dedb56c9de?s=96&d=mm&r=g\",\"contentUrl\":\"https:\/\/secure.gravatar.com\/avatar\/ea1cb567ea992a29627f4eee1c2eb185ec16decec6342d508fdf18dedb56c9de?s=96&d=mm&r=g\",\"caption\":\"Prensa\"},\"url\":\"https:\/\/alcaldiaalbertoadriani.com\/?author=2\"}]}<\/script>\n<!-- \/ Yoast SEO plugin. -->","yoast_head_json":{"title":"Comisi\u00f3n Electoral convoca a Elecciones de Delegados","description":"Comisi\u00f3n Electoral convoca a Elecciones de Delegados de Prevenci\u00f3n para el viernes 10 de octubre previamente conformada por los trabajadores","robots":{"index":"index","follow":"follow","max-snippet":"max-snippet:-1","max-image-preview":"max-image-preview:large","max-video-preview":"max-video-preview:-1"},"canonical":"https:\/\/alcaldiaalbertoadriani.com\/?p=12962","og_locale":"es_ES","og_type":"article","og_title":"Comisi\u00f3n Electoral convoca a Elecciones de Delegados","og_description":"Comisi\u00f3n Electoral convoca a Elecciones de Delegados de Prevenci\u00f3n para el viernes 10 de octubre previamente conformada por los trabajadores","og_url":"https:\/\/alcaldiaalbertoadriani.com\/?p=12962","og_site_name":"Alcaldia Alberto Adriani","article_published_time":"2025-10-06T17:56:26+00:00","article_modified_time":"2025-10-06T17:56:31+00:00","og_image":[{"width":1280,"height":960,"url":"https:\/\/alcaldiaalbertoadriani.com\/wp-content\/uploads\/2025\/10\/WhatsApp-Image-2025-10-06-at-9.26.11-AM.jpeg","type":"image\/jpeg"}],"author":"Prensa","twitter_card":"summary_large_image","twitter_misc":{"Escrito por":"Prensa","Tiempo de lectura":"2 minutos"},"schema":{"@context":"https:\/\/schema.org","@graph":[{"@type":"WebPage","@id":"https:\/\/alcaldiaalbertoadriani.com\/?p=12962","url":"https:\/\/alcaldiaalbertoadriani.com\/?p=12962","name":"Comisi\u00f3n Electoral convoca a Elecciones de Delegados","isPartOf":{"@id":"https:\/\/alcaldiaalbertoadriani.com\/#website"},"datePublished":"2025-10-06T17:56:26+00:00","dateModified":"2025-10-06T17:56:31+00:00","author":{"@id":"https:\/\/alcaldiaalbertoadriani.com\/#\/schema\/person\/549b4483ff8999ac780deeea78795fc9"},"description":"Comisi\u00f3n Electoral convoca a Elecciones de Delegados de Prevenci\u00f3n para el viernes 10 de octubre previamente conformada por los trabajadores","breadcrumb":{"@id":"https:\/\/alcaldiaalbertoadriani.com\/?p=12962#breadcrumb"},"inLanguage":"es","potentialAction":[{"@type":"ReadAction","target":["https:\/\/alcaldiaalbertoadriani.com\/?p=12962"]}]},{"@type":"BreadcrumbList","@id":"https:\/\/alcaldiaalbertoadriani.com\/?p=12962#breadcrumb","itemListElement":[{"@type":"ListItem","position":1,"name":"Portada","item":"https:\/\/alcaldiaalbertoadriani.com\/"},{"@type":"ListItem","position":2,"name":"Comisi\u00f3n Electoral convoca a Elecciones de Delegados de Prevenci\u00f3n para el viernes 10 de octubre"}]},{"@type":"WebSite","@id":"https:\/\/alcaldiaalbertoadriani.com\/#website","url":"https:\/\/alcaldiaalbertoadriani.com\/","name":"Alcaldia Alberto Adriani","description":"","potentialAction":[{"@type":"SearchAction","target":{"@type":"EntryPoint","urlTemplate":"https:\/\/alcaldiaalbertoadriani.com\/?s={search_term_string}"},"query-input":"required name=search_term_string"}],"inLanguage":"es"},{"@type":"Person","@id":"https:\/\/alcaldiaalbertoadriani.com\/#\/schema\/person\/549b4483ff8999ac780deeea78795fc9","name":"Prensa","image":{"@type":"ImageObject","inLanguage":"es","@id":"https:\/\/alcaldiaalbertoadriani.com\/#\/schema\/person\/image\/","url":"https:\/\/secure.gravatar.com\/avatar\/ea1cb567ea992a29627f4eee1c2eb185ec16decec6342d508fdf18dedb56c9de?s=96&d=mm&r=g","contentUrl":"https:\/\/secure.gravatar.com\/avatar\/ea1cb567ea992a29627f4eee1c2eb185ec16decec6342d508fdf18dedb56c9de?s=96&d=mm&r=g","caption":"Prensa"},"url":"https:\/\/alcaldiaalbertoadriani.com\/?author=2"}]}},"_links":{"self":[{"href":"https:\/\/alcaldiaalbertoadriani.com\/index.php?rest_route=\/wp\/v2\/posts\/12962","targetHints":{"allow":["GET"]}}],"collection":[{"href":"https:\/\/alcaldiaalbertoadriani.com\/index.php?rest_route=\/wp\/v2\/posts"}],"about":[{"href":"https:\/\/alcaldiaalbertoadriani.com\/index.php?rest_route=\/wp\/v2\/types\/post"}],"author":[{"embeddable":true,"href":"https:\/\/alcaldiaalbertoadriani.com\/index.php?rest_route=\/wp\/v2\/users\/2"}],"replies":[{"embeddable":true,"href":"https:\/\/alcaldiaalbertoadriani.com\/index.php?rest_route=%2Fwp%2Fv2%2Fcomments&post=12962"}],"version-history":[{"count":1,"href":"https:\/\/alcaldiaalbertoadriani.com\/index.php?rest_route=\/wp\/v2\/posts\/12962\/revisions"}],"predecessor-version":[{"id":12965,"href":"https:\/\/alcaldiaalbertoadriani.com\/index.php?rest_route=\/wp\/v2\/posts\/12962\/revisions\/12965"}],"wp:featuredmedia":[{"embeddable":true,"href":"https:\/\/alcaldiaalbertoadriani.com\/index.php?rest_route=\/wp\/v2\/media\/12963"}],"wp:attachment":[{"href":"https:\/\/alcaldiaalbertoadriani.com\/index.php?rest_route=%2Fwp%2Fv2%2Fmedia&parent=12962"}],"wp:term":[{"taxonomy":"category","embeddable":true,"href":"https:\/\/alcaldiaalbertoadriani.com\/index.php?rest_route=%2Fwp%2Fv2%2Fcategories&post=12962"},{"taxonomy":"post_tag","embeddable":true,"href":"https:\/\/alcaldiaalbertoadriani.com\/index.php?rest_route=%2Fwp%2Fv2%2Ftags&post=12962"}],"curies":[{"name":"wp","href":"https:\/\/api.w.org\/{rel}","templated":true}]}}