{"id":12914,"date":"2025-09-30T19:44:00","date_gmt":"2025-09-30T19:44:00","guid":{"rendered":"https:\/\/alcaldiaalbertoadriani.com\/?p=12914"},"modified":"2025-09-30T19:44:05","modified_gmt":"2025-09-30T19:44:05","slug":"gestion-de-segura-apoya-trabajos-de-reparacion-de-tuberias","status":"publish","type":"post","link":"https:\/\/alcaldiaalbertoadriani.com\/?p=12914","title":{"rendered":"Gesti\u00f3n de Lisandro Segura apoya trabajos de reparaci\u00f3n de tuber\u00edas de aguas servidas en Ca\u00f1o Seco II"},"content":{"rendered":"\n<p>La gesti\u00f3n del alcalde <a href=\"https:\/\/www.instagram.com\/lisandrosegura02\/\">Lisandro Segura<\/a>, apoya a la empresa Aguas de M\u00e9rida con maquinaria pesada tipo retro, para los trabajos de reparaci\u00f3n de tuber\u00edas de un tramo de la red de aguas negras en la comunidad Ca\u00f1o Seco II, perteneciente a la <a href=\"https:\/\/alcaldiaalbertoadriani.com\/?p=2733\">parroquia Rafael Pulido M\u00e9ndez<\/a>.<\/p>\n\n\n\n<p>Al respecto, Brenda Hern\u00e1ndez concejal del circuito, inform\u00f3 que las labores se ejecutan en las adyacencias de las instituciones educativas Luis Beltr\u00e1n Prieto Figueroa y Jos\u00e9 Luis Landaeta.<\/p>\n\n\n\n<p>\u201cEs una problem\u00e1tica de insalubridad que perjudica directamente a los ni\u00f1os y al adulto mayor, por lo que, el alcalde <a href=\"https:\/\/www.instagram.com\/lisandrosegura02\/\">Lisandro Segura<\/a> tom\u00f3 inter\u00e9s de apoyar para dar soluciones efectivas en el sector\u201d, enfatiz\u00f3.<\/p>\n\n\n\n<figure class=\"wp-block-gallery has-nested-images columns-default is-cropped wp-block-gallery-1 is-layout-flex wp-block-gallery-is-layout-flex\">\n<figure class=\"wp-block-image size-large\"><img loading=\"lazy\" decoding=\"async\" width=\"1024\" height=\"768\" data-id=\"12918\" src=\"https:\/\/alcaldiaalbertoadriani.com\/wp-content\/uploads\/2025\/09\/photo_5104835881801026413_y-1024x768.jpg\" alt=\"\" class=\"wp-image-12918\" srcset=\"https:\/\/alcaldiaalbertoadriani.com\/wp-content\/uploads\/2025\/09\/photo_5104835881801026413_y-1024x768.jpg 1024w, https:\/\/alcaldiaalbertoadriani.com\/wp-content\/uploads\/2025\/09\/photo_5104835881801026413_y-980x735.jpg 980w, https:\/\/alcaldiaalbertoadriani.com\/wp-content\/uploads\/2025\/09\/photo_5104835881801026413_y-480x360.jpg 480w\" sizes=\"auto, (min-width: 0px) and (max-width: 480px) 480px, (min-width: 481px) and (max-width: 980px) 980px, (min-width: 981px) 1024px, 100vw\" \/><\/figure>\n<\/figure>\n\n\n\n<p>Los trabajos con la maquinaria pesada son desarrollados a trav\u00e9s de la gerencia de Ingenier\u00eda y Planeamiento Urbano Local (<a href=\"https:\/\/alcaldiaalbertoadriani.com\/?cat=197\">Gipul<\/a>).<\/p>\n\n\n\n<h2 class=\"wp-block-heading\"><strong>Agradecimientos<\/strong><\/h2>\n\n\n\n<p>Por su parte, Angela Fern\u00e1ndez, habitante del sector Ca\u00f1o Seco II, expres\u00f3 su agradecimiento al alcalde <a href=\"https:\/\/www.instagram.com\/lisandrosegura02\/\">Lisandro Segura <\/a>por la labor. Asimismo, Ezequiel Bracho, habitante de la comunidad, celebr\u00f3 el inicio de los trabajos, pues la problem\u00e1tica ten\u00eda tres a\u00f1os aproximadamente.<\/p>\n\n\n\n<figure class=\"wp-block-gallery has-nested-images columns-default is-cropped wp-block-gallery-2 is-layout-flex wp-block-gallery-is-layout-flex\"><\/figure>\n\n\n\n<p>Finalmente, Tina Nava, habitante de la comunidad, dijo que dichas labores, garantizar\u00e1n el bienestar de quienes all\u00ed residen. <strong><em>Prensa Alcald\u00eda Alberto Adriani\/Edgar Mendoza CNP 25.736\/Fotos: Yerasabrith Manrique.<\/em><\/strong><\/p>\n\n\n\n<figure class=\"wp-block-gallery has-nested-images columns-default is-cropped wp-block-gallery-3 is-layout-flex wp-block-gallery-is-layout-flex\">\n<figure class=\"wp-block-image size-large\"><img loading=\"lazy\" decoding=\"async\" width=\"1024\" height=\"768\" data-id=\"12917\" src=\"https:\/\/alcaldiaalbertoadriani.com\/wp-content\/uploads\/2025\/09\/photo_5104835881801026414_y-1024x768.jpg\" alt=\"\" class=\"wp-image-12917\" srcset=\"https:\/\/alcaldiaalbertoadriani.com\/wp-content\/uploads\/2025\/09\/photo_5104835881801026414_y-1024x768.jpg 1024w, https:\/\/alcaldiaalbertoadriani.com\/wp-content\/uploads\/2025\/09\/photo_5104835881801026414_y-980x735.jpg 980w, https:\/\/alcaldiaalbertoadriani.com\/wp-content\/uploads\/2025\/09\/photo_5104835881801026414_y-480x360.jpg 480w\" sizes=\"auto, (min-width: 0px) and (max-width: 480px) 480px, (min-width: 481px) and (max-width: 980px) 980px, (min-width: 981px) 1024px, 100vw\" \/><\/figure>\n<\/figure>\n","protected":false},"excerpt":{"rendered":"<p>La gesti\u00f3n del alcalde Lisandro Segura, apoya a la empresa Aguas de M\u00e9rida con maquinaria pesada tipo retro, para los trabajos de reparaci\u00f3n de tuber\u00edas de un tramo de la [&hellip;]<\/p>\n","protected":false},"author":2,"featured_media":12916,"comment_status":"open","ping_status":"closed","sticky":false,"template":"","format":"standard","meta":{"_et_pb_use_builder":"off","_et_pb_old_content":"","_et_gb_content_width":"","footnotes":""},"categories":[341,197,25],"tags":[31,11,12,15,761,30,29,28],"class_list":["post-12914","post","type-post","status-publish","format-standard","has-post-thumbnail","hentry","category-alcaldia-alberto-adriani","category-gipul","category-nuestro-municipio","tag-alcalde","tag-alcaldia","tag-alcaldiaalbertoadriani","tag-elvigia","tag-encrucijadadeprogreso","tag-lisandrosegura","tag-municipioquenosmerecemos","tag-porelrenacer"],"yoast_head":"<!-- This site is optimized with the Yoast SEO plugin v19.13 - https:\/\/yoast.com\/wordpress\/plugins\/seo\/ -->\n<title>Gesti\u00f3n de Segura apoya trabajos de reparaci\u00f3n de tuber\u00edas<\/title>\n<meta name=\"description\" content=\"Gesti\u00f3n de Lisandro Segura apoya trabajos de reparaci\u00f3n de tuber\u00edas de aguas servidas en Ca\u00f1o Seco II parroquia Rafael Pulido M\u00e9ndez\" \/>\n<meta name=\"robots\" content=\"index, follow, max-snippet:-1, max-image-preview:large, max-video-preview:-1\" \/>\n<link rel=\"canonical\" href=\"https:\/\/alcaldiaalbertoadriani.com\/?p=12914\" \/>\n<meta property=\"og:locale\" content=\"es_ES\" \/>\n<meta property=\"og:type\" content=\"article\" \/>\n<meta property=\"og:title\" content=\"Gesti\u00f3n de Segura apoya trabajos de reparaci\u00f3n de tuber\u00edas\" \/>\n<meta property=\"og:description\" content=\"Gesti\u00f3n de Lisandro Segura apoya trabajos de reparaci\u00f3n de tuber\u00edas de aguas servidas en Ca\u00f1o Seco II parroquia Rafael Pulido M\u00e9ndez\" \/>\n<meta property=\"og:url\" content=\"https:\/\/alcaldiaalbertoadriani.com\/?p=12914\" \/>\n<meta property=\"og:site_name\" content=\"Alcaldia Alberto Adriani\" \/>\n<meta property=\"article:published_time\" content=\"2025-09-30T19:44:00+00:00\" \/>\n<meta property=\"article:modified_time\" content=\"2025-09-30T19:44:05+00:00\" \/>\n<meta property=\"og:image\" content=\"https:\/\/alcaldiaalbertoadriani.com\/wp-content\/uploads\/2025\/09\/photo_5104835881801026410_y.jpg\" \/>\n\t<meta property=\"og:image:width\" content=\"1280\" \/>\n\t<meta property=\"og:image:height\" content=\"960\" \/>\n\t<meta property=\"og:image:type\" content=\"image\/jpeg\" \/>\n<meta name=\"author\" content=\"Prensa\" \/>\n<meta name=\"twitter:card\" content=\"summary_large_image\" \/>\n<meta name=\"twitter:label1\" content=\"Escrito por\" \/>\n\t<meta name=\"twitter:data1\" content=\"Prensa\" \/>\n\t<meta name=\"twitter:label2\" content=\"Tiempo de lectura\" \/>\n\t<meta name=\"twitter:data2\" content=\"2 minutos\" \/>\n<script type=\"application\/ld+json\" class=\"yoast-schema-graph\">{\"@context\":\"https:\/\/schema.org\",\"@graph\":[{\"@type\":\"WebPage\",\"@id\":\"https:\/\/alcaldiaalbertoadriani.com\/?p=12914\",\"url\":\"https:\/\/alcaldiaalbertoadriani.com\/?p=12914\",\"name\":\"Gesti\u00f3n de Segura apoya trabajos de reparaci\u00f3n de tuber\u00edas\",\"isPartOf\":{\"@id\":\"https:\/\/alcaldiaalbertoadriani.com\/#website\"},\"datePublished\":\"2025-09-30T19:44:00+00:00\",\"dateModified\":\"2025-09-30T19:44:05+00:00\",\"author\":{\"@id\":\"https:\/\/alcaldiaalbertoadriani.com\/#\/schema\/person\/549b4483ff8999ac780deeea78795fc9\"},\"description\":\"Gesti\u00f3n de Lisandro Segura apoya trabajos de reparaci\u00f3n de tuber\u00edas de aguas servidas en Ca\u00f1o Seco II parroquia Rafael Pulido M\u00e9ndez\",\"breadcrumb\":{\"@id\":\"https:\/\/alcaldiaalbertoadriani.com\/?p=12914#breadcrumb\"},\"inLanguage\":\"es\",\"potentialAction\":[{\"@type\":\"ReadAction\",\"target\":[\"https:\/\/alcaldiaalbertoadriani.com\/?p=12914\"]}]},{\"@type\":\"BreadcrumbList\",\"@id\":\"https:\/\/alcaldiaalbertoadriani.com\/?p=12914#breadcrumb\",\"itemListElement\":[{\"@type\":\"ListItem\",\"position\":1,\"name\":\"Portada\",\"item\":\"https:\/\/alcaldiaalbertoadriani.com\/\"},{\"@type\":\"ListItem\",\"position\":2,\"name\":\"Gesti\u00f3n de Lisandro Segura apoya trabajos de reparaci\u00f3n de tuber\u00edas de aguas servidas en Ca\u00f1o Seco II\"}]},{\"@type\":\"WebSite\",\"@id\":\"https:\/\/alcaldiaalbertoadriani.com\/#website\",\"url\":\"https:\/\/alcaldiaalbertoadriani.com\/\",\"name\":\"Alcaldia Alberto Adriani\",\"description\":\"\",\"potentialAction\":[{\"@type\":\"SearchAction\",\"target\":{\"@type\":\"EntryPoint\",\"urlTemplate\":\"https:\/\/alcaldiaalbertoadriani.com\/?s={search_term_string}\"},\"query-input\":\"required name=search_term_string\"}],\"inLanguage\":\"es\"},{\"@type\":\"Person\",\"@id\":\"https:\/\/alcaldiaalbertoadriani.com\/#\/schema\/person\/549b4483ff8999ac780deeea78795fc9\",\"name\":\"Prensa\",\"image\":{\"@type\":\"ImageObject\",\"inLanguage\":\"es\",\"@id\":\"https:\/\/alcaldiaalbertoadriani.com\/#\/schema\/person\/image\/\",\"url\":\"https:\/\/secure.gravatar.com\/avatar\/ea1cb567ea992a29627f4eee1c2eb185ec16decec6342d508fdf18dedb56c9de?s=96&d=mm&r=g\",\"contentUrl\":\"https:\/\/secure.gravatar.com\/avatar\/ea1cb567ea992a29627f4eee1c2eb185ec16decec6342d508fdf18dedb56c9de?s=96&d=mm&r=g\",\"caption\":\"Prensa\"},\"url\":\"https:\/\/alcaldiaalbertoadriani.com\/?author=2\"}]}<\/script>\n<!-- \/ Yoast SEO plugin. -->","yoast_head_json":{"title":"Gesti\u00f3n de Segura apoya trabajos de reparaci\u00f3n de tuber\u00edas","description":"Gesti\u00f3n de Lisandro Segura apoya trabajos de reparaci\u00f3n de tuber\u00edas de aguas servidas en Ca\u00f1o Seco II parroquia Rafael Pulido M\u00e9ndez","robots":{"index":"index","follow":"follow","max-snippet":"max-snippet:-1","max-image-preview":"max-image-preview:large","max-video-preview":"max-video-preview:-1"},"canonical":"https:\/\/alcaldiaalbertoadriani.com\/?p=12914","og_locale":"es_ES","og_type":"article","og_title":"Gesti\u00f3n de Segura apoya trabajos de reparaci\u00f3n de tuber\u00edas","og_description":"Gesti\u00f3n de Lisandro Segura apoya trabajos de reparaci\u00f3n de tuber\u00edas de aguas servidas en Ca\u00f1o Seco II parroquia Rafael Pulido M\u00e9ndez","og_url":"https:\/\/alcaldiaalbertoadriani.com\/?p=12914","og_site_name":"Alcaldia Alberto Adriani","article_published_time":"2025-09-30T19:44:00+00:00","article_modified_time":"2025-09-30T19:44:05+00:00","og_image":[{"width":1280,"height":960,"url":"https:\/\/alcaldiaalbertoadriani.com\/wp-content\/uploads\/2025\/09\/photo_5104835881801026410_y.jpg","type":"image\/jpeg"}],"author":"Prensa","twitter_card":"summary_large_image","twitter_misc":{"Escrito por":"Prensa","Tiempo de lectura":"2 minutos"},"schema":{"@context":"https:\/\/schema.org","@graph":[{"@type":"WebPage","@id":"https:\/\/alcaldiaalbertoadriani.com\/?p=12914","url":"https:\/\/alcaldiaalbertoadriani.com\/?p=12914","name":"Gesti\u00f3n de Segura apoya trabajos de reparaci\u00f3n de tuber\u00edas","isPartOf":{"@id":"https:\/\/alcaldiaalbertoadriani.com\/#website"},"datePublished":"2025-09-30T19:44:00+00:00","dateModified":"2025-09-30T19:44:05+00:00","author":{"@id":"https:\/\/alcaldiaalbertoadriani.com\/#\/schema\/person\/549b4483ff8999ac780deeea78795fc9"},"description":"Gesti\u00f3n de Lisandro Segura apoya trabajos de reparaci\u00f3n de tuber\u00edas de aguas servidas en Ca\u00f1o Seco II parroquia Rafael Pulido M\u00e9ndez","breadcrumb":{"@id":"https:\/\/alcaldiaalbertoadriani.com\/?p=12914#breadcrumb"},"inLanguage":"es","potentialAction":[{"@type":"ReadAction","target":["https:\/\/alcaldiaalbertoadriani.com\/?p=12914"]}]},{"@type":"BreadcrumbList","@id":"https:\/\/alcaldiaalbertoadriani.com\/?p=12914#breadcrumb","itemListElement":[{"@type":"ListItem","position":1,"name":"Portada","item":"https:\/\/alcaldiaalbertoadriani.com\/"},{"@type":"ListItem","position":2,"name":"Gesti\u00f3n de Lisandro Segura apoya trabajos de reparaci\u00f3n de tuber\u00edas de aguas servidas en Ca\u00f1o Seco II"}]},{"@type":"WebSite","@id":"https:\/\/alcaldiaalbertoadriani.com\/#website","url":"https:\/\/alcaldiaalbertoadriani.com\/","name":"Alcaldia Alberto Adriani","description":"","potentialAction":[{"@type":"SearchAction","target":{"@type":"EntryPoint","urlTemplate":"https:\/\/alcaldiaalbertoadriani.com\/?s={search_term_string}"},"query-input":"required name=search_term_string"}],"inLanguage":"es"},{"@type":"Person","@id":"https:\/\/alcaldiaalbertoadriani.com\/#\/schema\/person\/549b4483ff8999ac780deeea78795fc9","name":"Prensa","image":{"@type":"ImageObject","inLanguage":"es","@id":"https:\/\/alcaldiaalbertoadriani.com\/#\/schema\/person\/image\/","url":"https:\/\/secure.gravatar.com\/avatar\/ea1cb567ea992a29627f4eee1c2eb185ec16decec6342d508fdf18dedb56c9de?s=96&d=mm&r=g","contentUrl":"https:\/\/secure.gravatar.com\/avatar\/ea1cb567ea992a29627f4eee1c2eb185ec16decec6342d508fdf18dedb56c9de?s=96&d=mm&r=g","caption":"Prensa"},"url":"https:\/\/alcaldiaalbertoadriani.com\/?author=2"}]}},"_links":{"self":[{"href":"https:\/\/alcaldiaalbertoadriani.com\/index.php?rest_route=\/wp\/v2\/posts\/12914","targetHints":{"allow":["GET"]}}],"collection":[{"href":"https:\/\/alcaldiaalbertoadriani.com\/index.php?rest_route=\/wp\/v2\/posts"}],"about":[{"href":"https:\/\/alcaldiaalbertoadriani.com\/index.php?rest_route=\/wp\/v2\/types\/post"}],"author":[{"embeddable":true,"href":"https:\/\/alcaldiaalbertoadriani.com\/index.php?rest_route=\/wp\/v2\/users\/2"}],"replies":[{"embeddable":true,"href":"https:\/\/alcaldiaalbertoadriani.com\/index.php?rest_route=%2Fwp%2Fv2%2Fcomments&post=12914"}],"version-history":[{"count":1,"href":"https:\/\/alcaldiaalbertoadriani.com\/index.php?rest_route=\/wp\/v2\/posts\/12914\/revisions"}],"predecessor-version":[{"id":12919,"href":"https:\/\/alcaldiaalbertoadriani.com\/index.php?rest_route=\/wp\/v2\/posts\/12914\/revisions\/12919"}],"wp:featuredmedia":[{"embeddable":true,"href":"https:\/\/alcaldiaalbertoadriani.com\/index.php?rest_route=\/wp\/v2\/media\/12916"}],"wp:attachment":[{"href":"https:\/\/alcaldiaalbertoadriani.com\/index.php?rest_route=%2Fwp%2Fv2%2Fmedia&parent=12914"}],"wp:term":[{"taxonomy":"category","embeddable":true,"href":"https:\/\/alcaldiaalbertoadriani.com\/index.php?rest_route=%2Fwp%2Fv2%2Fcategories&post=12914"},{"taxonomy":"post_tag","embeddable":true,"href":"https:\/\/alcaldiaalbertoadriani.com\/index.php?rest_route=%2Fwp%2Fv2%2Ftags&post=12914"}],"curies":[{"name":"wp","href":"https:\/\/api.w.org\/{rel}","templated":true}]}}