{"id":12907,"date":"2025-09-30T19:37:20","date_gmt":"2025-09-30T19:37:20","guid":{"rendered":"https:\/\/alcaldiaalbertoadriani.com\/?p=12907"},"modified":"2025-09-30T19:37:24","modified_gmt":"2025-09-30T19:37:24","slug":"fundacion-ninos-color-de-mi-tierra-entrego-30-kits-nutricionales-4","status":"publish","type":"post","link":"https:\/\/alcaldiaalbertoadriani.com\/?p=12907","title":{"rendered":"Fundaci\u00f3n Ni\u00f1os Color de mi Tierra entreg\u00f3 30 kits nutricionales\u00a0"},"content":{"rendered":"\n<p>La <a href=\"https:\/\/alcaldiaalbertoadriani.com\/?cat=22\">Fundaci\u00f3n Ni\u00f1os Color de mi Tierra<\/a>, presidida la primera dama, Yudith Parra, realizaron la entrega este lunes de 30 kits nutricionales, correspondiente al <a href=\"https:\/\/alcaldiaalbertoadriani.com\/?p=6547\">programa &#8220;Una Mano Amiga&#8221;<\/a>. La actividad se efectu\u00f3 en el auditorio \u201cProf. Guillermo Brice\u00f1o\u201d de la Casa del Ni\u00f1o Trabajador \u201cDr. H\u00e9ctor Rodr\u00edguez Dugarte\u201d.<\/p>\n\n\n\n<!--more-->\n\n\n\n<p>Karin Rodr\u00edguez, coordinadora de programas de la Fundaci\u00f3n en representaci\u00f3n de la primera Dama explic\u00f3 que contin\u00faan dando cumplimiento a este programa nutricional. \u201cHoy fueron beneficiados 30 ni\u00f1os vulnerables y con d\u00e9ficit de peso de la municipalidad, gracias a Dios primeramente y a las pol\u00edticas p\u00fablicas de nuestro alcalde <a href=\"https:\/\/www.instagram.com\/lisandrosegura02\/\">Lisandro Segura<\/a> y la Dra. Yudith Parra. El kit comprendi\u00f3 de leche, cereales, aceite y vitaminas\u201d, detall\u00f3.<\/p>\n\n\n\n<figure class=\"wp-block-gallery has-nested-images columns-default is-cropped wp-block-gallery-1 is-layout-flex wp-block-gallery-is-layout-flex\">\n<figure class=\"wp-block-image size-large\"><img loading=\"lazy\" decoding=\"async\" width=\"1024\" height=\"768\" data-id=\"12910\" src=\"https:\/\/alcaldiaalbertoadriani.com\/wp-content\/uploads\/2025\/09\/photo_5105096483236678546_y-1-1024x768.jpg\" alt=\"\" class=\"wp-image-12910\" srcset=\"https:\/\/alcaldiaalbertoadriani.com\/wp-content\/uploads\/2025\/09\/photo_5105096483236678546_y-1-1024x768.jpg 1024w, https:\/\/alcaldiaalbertoadriani.com\/wp-content\/uploads\/2025\/09\/photo_5105096483236678546_y-1-980x735.jpg 980w, https:\/\/alcaldiaalbertoadriani.com\/wp-content\/uploads\/2025\/09\/photo_5105096483236678546_y-1-480x360.jpg 480w\" sizes=\"auto, (min-width: 0px) and (max-width: 480px) 480px, (min-width: 481px) and (max-width: 980px) 980px, (min-width: 981px) 1024px, 100vw\" \/><\/figure>\n<\/figure>\n\n\n\n<p>Por su parte, Fat\u00edl El\u00edas, presidente del Consejo Municipal de Derecho del Ni\u00f1o, Ni\u00f1a y Adolescente (<a href=\"https:\/\/alcaldiaalbertoadriani.com\/?tag=cmdnna\">Cmdnna<\/a>), imparti\u00f3 una charla informativa sobre \u201cacoso escolar y la prevenci\u00f3n comienza en casa\u201d, asimismo, habl\u00f3 sobre los derechos y deberes de los ni\u00f1os, ni\u00f1as y adolescentes plasmados en los art\u00edculos 32 y 528de la ley org\u00e1nica para la protecci\u00f3n del ni\u00f1o ni\u00f1a y adolescentes (Lopnaa)<\/p>\n\n\n\n<figure class=\"wp-block-gallery has-nested-images columns-default is-cropped wp-block-gallery-2 is-layout-flex wp-block-gallery-is-layout-flex\">\n<figure class=\"wp-block-image size-large\"><img loading=\"lazy\" decoding=\"async\" width=\"1024\" height=\"768\" data-id=\"12911\" src=\"https:\/\/alcaldiaalbertoadriani.com\/wp-content\/uploads\/2025\/09\/photo_5105096483236678548_y-1024x768.jpg\" alt=\"\" class=\"wp-image-12911\" srcset=\"https:\/\/alcaldiaalbertoadriani.com\/wp-content\/uploads\/2025\/09\/photo_5105096483236678548_y-1024x768.jpg 1024w, https:\/\/alcaldiaalbertoadriani.com\/wp-content\/uploads\/2025\/09\/photo_5105096483236678548_y-980x735.jpg 980w, https:\/\/alcaldiaalbertoadriani.com\/wp-content\/uploads\/2025\/09\/photo_5105096483236678548_y-480x360.jpg 480w\" sizes=\"auto, (min-width: 0px) and (max-width: 480px) 480px, (min-width: 481px) and (max-width: 980px) 980px, (min-width: 981px) 1024px, 100vw\" \/><\/figure>\n<\/figure>\n\n\n\n<p>Es importante rese\u00f1ar que, el control y evaluaci\u00f3n de los ni\u00f1os es realizado por profesionales en pediatr\u00eda y nutrici\u00f3n a cargo de la licenciada Jessica Segovia, para dar seguimiento a los casos y as\u00ed dar una mejor efectividad a este programa nutricional. <strong><em>Prensa Alcald\u00eda Alberto Adriani\/ Claribel Zambrano CNP: 11.843\/ Fotos: Yerasabrith Manrique.<\/em><\/strong><\/p>\n\n\n\n<figure class=\"wp-block-gallery has-nested-images columns-default is-cropped wp-block-gallery-3 is-layout-flex wp-block-gallery-is-layout-flex\">\n<figure class=\"wp-block-image size-large\"><img loading=\"lazy\" decoding=\"async\" width=\"1024\" height=\"768\" data-id=\"12912\" src=\"https:\/\/alcaldiaalbertoadriani.com\/wp-content\/uploads\/2025\/09\/photo_5105096483236678549_y-1024x768.jpg\" alt=\"\" class=\"wp-image-12912\" srcset=\"https:\/\/alcaldiaalbertoadriani.com\/wp-content\/uploads\/2025\/09\/photo_5105096483236678549_y-1024x768.jpg 1024w, https:\/\/alcaldiaalbertoadriani.com\/wp-content\/uploads\/2025\/09\/photo_5105096483236678549_y-980x735.jpg 980w, https:\/\/alcaldiaalbertoadriani.com\/wp-content\/uploads\/2025\/09\/photo_5105096483236678549_y-480x360.jpg 480w\" sizes=\"auto, (min-width: 0px) and (max-width: 480px) 480px, (min-width: 481px) and (max-width: 980px) 980px, (min-width: 981px) 1024px, 100vw\" \/><\/figure>\n<\/figure>\n","protected":false},"excerpt":{"rendered":"<p>La Fundaci\u00f3n Ni\u00f1os Color de mi Tierra, presidida la primera dama, Yudith Parra, realizaron la entrega este lunes de 30 kits nutricionales, correspondiente al programa &#8220;Una Mano Amiga&#8221;. La actividad [&hellip;]<\/p>\n","protected":false},"author":2,"featured_media":12909,"comment_status":"open","ping_status":"closed","sticky":false,"template":"","format":"standard","meta":{"_et_pb_use_builder":"off","_et_pb_old_content":"","_et_gb_content_width":"","footnotes":""},"categories":[341,23,49,22,25],"tags":[31,11,12,15,761,30,29,28],"class_list":["post-12907","post","type-post","status-publish","format-standard","has-post-thumbnail","hentry","category-alcaldia-alberto-adriani","category-casa-del-nino-trabajador","category-cmdnna","category-fundacion-ninos-color-de-mi-tierra","category-nuestro-municipio","tag-alcalde","tag-alcaldia","tag-alcaldiaalbertoadriani","tag-elvigia","tag-encrucijadadeprogreso","tag-lisandrosegura","tag-municipioquenosmerecemos","tag-porelrenacer"],"yoast_head":"<!-- This site is optimized with the Yoast SEO plugin v19.13 - https:\/\/yoast.com\/wordpress\/plugins\/seo\/ -->\n<title>Fundaci\u00f3n Ni\u00f1os Color de mi Tierra entreg\u00f3 30 kits nutricionales\u00a0<\/title>\n<meta name=\"description\" content=\"Fundaci\u00f3n Ni\u00f1os Color de mi Tierra entreg\u00f3 30 kits nutricionales\u00a0correspondiente al programa una mano amiga\" \/>\n<meta name=\"robots\" content=\"index, follow, max-snippet:-1, max-image-preview:large, max-video-preview:-1\" \/>\n<link rel=\"canonical\" href=\"https:\/\/alcaldiaalbertoadriani.com\/?p=12907\" \/>\n<meta property=\"og:locale\" content=\"es_ES\" \/>\n<meta property=\"og:type\" content=\"article\" \/>\n<meta property=\"og:title\" content=\"Fundaci\u00f3n Ni\u00f1os Color de mi Tierra entreg\u00f3 30 kits nutricionales\u00a0\" \/>\n<meta property=\"og:description\" content=\"Fundaci\u00f3n Ni\u00f1os Color de mi Tierra entreg\u00f3 30 kits nutricionales\u00a0correspondiente al programa una mano amiga\" \/>\n<meta property=\"og:url\" content=\"https:\/\/alcaldiaalbertoadriani.com\/?p=12907\" \/>\n<meta property=\"og:site_name\" content=\"Alcaldia Alberto Adriani\" \/>\n<meta property=\"article:published_time\" content=\"2025-09-30T19:37:20+00:00\" \/>\n<meta property=\"article:modified_time\" content=\"2025-09-30T19:37:24+00:00\" \/>\n<meta property=\"og:image\" content=\"https:\/\/alcaldiaalbertoadriani.com\/wp-content\/uploads\/2025\/09\/photo_5105096483236678540_y.jpg\" \/>\n\t<meta property=\"og:image:width\" content=\"1280\" \/>\n\t<meta property=\"og:image:height\" content=\"960\" \/>\n\t<meta property=\"og:image:type\" content=\"image\/jpeg\" \/>\n<meta name=\"author\" content=\"Prensa\" \/>\n<meta name=\"twitter:card\" content=\"summary_large_image\" \/>\n<meta name=\"twitter:label1\" content=\"Escrito por\" \/>\n\t<meta name=\"twitter:data1\" content=\"Prensa\" \/>\n\t<meta name=\"twitter:label2\" content=\"Tiempo de lectura\" \/>\n\t<meta name=\"twitter:data2\" content=\"2 minutos\" \/>\n<script type=\"application\/ld+json\" class=\"yoast-schema-graph\">{\"@context\":\"https:\/\/schema.org\",\"@graph\":[{\"@type\":\"WebPage\",\"@id\":\"https:\/\/alcaldiaalbertoadriani.com\/?p=12907\",\"url\":\"https:\/\/alcaldiaalbertoadriani.com\/?p=12907\",\"name\":\"Fundaci\u00f3n Ni\u00f1os Color de mi Tierra entreg\u00f3 30 kits nutricionales\u00a0\",\"isPartOf\":{\"@id\":\"https:\/\/alcaldiaalbertoadriani.com\/#website\"},\"datePublished\":\"2025-09-30T19:37:20+00:00\",\"dateModified\":\"2025-09-30T19:37:24+00:00\",\"author\":{\"@id\":\"https:\/\/alcaldiaalbertoadriani.com\/#\/schema\/person\/549b4483ff8999ac780deeea78795fc9\"},\"description\":\"Fundaci\u00f3n Ni\u00f1os Color de mi Tierra entreg\u00f3 30 kits nutricionales\u00a0correspondiente al programa una mano amiga\",\"breadcrumb\":{\"@id\":\"https:\/\/alcaldiaalbertoadriani.com\/?p=12907#breadcrumb\"},\"inLanguage\":\"es\",\"potentialAction\":[{\"@type\":\"ReadAction\",\"target\":[\"https:\/\/alcaldiaalbertoadriani.com\/?p=12907\"]}]},{\"@type\":\"BreadcrumbList\",\"@id\":\"https:\/\/alcaldiaalbertoadriani.com\/?p=12907#breadcrumb\",\"itemListElement\":[{\"@type\":\"ListItem\",\"position\":1,\"name\":\"Portada\",\"item\":\"https:\/\/alcaldiaalbertoadriani.com\/\"},{\"@type\":\"ListItem\",\"position\":2,\"name\":\"Fundaci\u00f3n Ni\u00f1os Color de mi Tierra entreg\u00f3 30 kits nutricionales\u00a0\"}]},{\"@type\":\"WebSite\",\"@id\":\"https:\/\/alcaldiaalbertoadriani.com\/#website\",\"url\":\"https:\/\/alcaldiaalbertoadriani.com\/\",\"name\":\"Alcaldia Alberto Adriani\",\"description\":\"\",\"potentialAction\":[{\"@type\":\"SearchAction\",\"target\":{\"@type\":\"EntryPoint\",\"urlTemplate\":\"https:\/\/alcaldiaalbertoadriani.com\/?s={search_term_string}\"},\"query-input\":\"required name=search_term_string\"}],\"inLanguage\":\"es\"},{\"@type\":\"Person\",\"@id\":\"https:\/\/alcaldiaalbertoadriani.com\/#\/schema\/person\/549b4483ff8999ac780deeea78795fc9\",\"name\":\"Prensa\",\"image\":{\"@type\":\"ImageObject\",\"inLanguage\":\"es\",\"@id\":\"https:\/\/alcaldiaalbertoadriani.com\/#\/schema\/person\/image\/\",\"url\":\"https:\/\/secure.gravatar.com\/avatar\/ea1cb567ea992a29627f4eee1c2eb185ec16decec6342d508fdf18dedb56c9de?s=96&d=mm&r=g\",\"contentUrl\":\"https:\/\/secure.gravatar.com\/avatar\/ea1cb567ea992a29627f4eee1c2eb185ec16decec6342d508fdf18dedb56c9de?s=96&d=mm&r=g\",\"caption\":\"Prensa\"},\"url\":\"https:\/\/alcaldiaalbertoadriani.com\/?author=2\"}]}<\/script>\n<!-- \/ Yoast SEO plugin. -->","yoast_head_json":{"title":"Fundaci\u00f3n Ni\u00f1os Color de mi Tierra entreg\u00f3 30 kits nutricionales\u00a0","description":"Fundaci\u00f3n Ni\u00f1os Color de mi Tierra entreg\u00f3 30 kits nutricionales\u00a0correspondiente al programa una mano amiga","robots":{"index":"index","follow":"follow","max-snippet":"max-snippet:-1","max-image-preview":"max-image-preview:large","max-video-preview":"max-video-preview:-1"},"canonical":"https:\/\/alcaldiaalbertoadriani.com\/?p=12907","og_locale":"es_ES","og_type":"article","og_title":"Fundaci\u00f3n Ni\u00f1os Color de mi Tierra entreg\u00f3 30 kits nutricionales\u00a0","og_description":"Fundaci\u00f3n Ni\u00f1os Color de mi Tierra entreg\u00f3 30 kits nutricionales\u00a0correspondiente al programa una mano amiga","og_url":"https:\/\/alcaldiaalbertoadriani.com\/?p=12907","og_site_name":"Alcaldia Alberto Adriani","article_published_time":"2025-09-30T19:37:20+00:00","article_modified_time":"2025-09-30T19:37:24+00:00","og_image":[{"width":1280,"height":960,"url":"https:\/\/alcaldiaalbertoadriani.com\/wp-content\/uploads\/2025\/09\/photo_5105096483236678540_y.jpg","type":"image\/jpeg"}],"author":"Prensa","twitter_card":"summary_large_image","twitter_misc":{"Escrito por":"Prensa","Tiempo de lectura":"2 minutos"},"schema":{"@context":"https:\/\/schema.org","@graph":[{"@type":"WebPage","@id":"https:\/\/alcaldiaalbertoadriani.com\/?p=12907","url":"https:\/\/alcaldiaalbertoadriani.com\/?p=12907","name":"Fundaci\u00f3n Ni\u00f1os Color de mi Tierra entreg\u00f3 30 kits nutricionales\u00a0","isPartOf":{"@id":"https:\/\/alcaldiaalbertoadriani.com\/#website"},"datePublished":"2025-09-30T19:37:20+00:00","dateModified":"2025-09-30T19:37:24+00:00","author":{"@id":"https:\/\/alcaldiaalbertoadriani.com\/#\/schema\/person\/549b4483ff8999ac780deeea78795fc9"},"description":"Fundaci\u00f3n Ni\u00f1os Color de mi Tierra entreg\u00f3 30 kits nutricionales\u00a0correspondiente al programa una mano amiga","breadcrumb":{"@id":"https:\/\/alcaldiaalbertoadriani.com\/?p=12907#breadcrumb"},"inLanguage":"es","potentialAction":[{"@type":"ReadAction","target":["https:\/\/alcaldiaalbertoadriani.com\/?p=12907"]}]},{"@type":"BreadcrumbList","@id":"https:\/\/alcaldiaalbertoadriani.com\/?p=12907#breadcrumb","itemListElement":[{"@type":"ListItem","position":1,"name":"Portada","item":"https:\/\/alcaldiaalbertoadriani.com\/"},{"@type":"ListItem","position":2,"name":"Fundaci\u00f3n Ni\u00f1os Color de mi Tierra entreg\u00f3 30 kits nutricionales\u00a0"}]},{"@type":"WebSite","@id":"https:\/\/alcaldiaalbertoadriani.com\/#website","url":"https:\/\/alcaldiaalbertoadriani.com\/","name":"Alcaldia Alberto Adriani","description":"","potentialAction":[{"@type":"SearchAction","target":{"@type":"EntryPoint","urlTemplate":"https:\/\/alcaldiaalbertoadriani.com\/?s={search_term_string}"},"query-input":"required name=search_term_string"}],"inLanguage":"es"},{"@type":"Person","@id":"https:\/\/alcaldiaalbertoadriani.com\/#\/schema\/person\/549b4483ff8999ac780deeea78795fc9","name":"Prensa","image":{"@type":"ImageObject","inLanguage":"es","@id":"https:\/\/alcaldiaalbertoadriani.com\/#\/schema\/person\/image\/","url":"https:\/\/secure.gravatar.com\/avatar\/ea1cb567ea992a29627f4eee1c2eb185ec16decec6342d508fdf18dedb56c9de?s=96&d=mm&r=g","contentUrl":"https:\/\/secure.gravatar.com\/avatar\/ea1cb567ea992a29627f4eee1c2eb185ec16decec6342d508fdf18dedb56c9de?s=96&d=mm&r=g","caption":"Prensa"},"url":"https:\/\/alcaldiaalbertoadriani.com\/?author=2"}]}},"_links":{"self":[{"href":"https:\/\/alcaldiaalbertoadriani.com\/index.php?rest_route=\/wp\/v2\/posts\/12907","targetHints":{"allow":["GET"]}}],"collection":[{"href":"https:\/\/alcaldiaalbertoadriani.com\/index.php?rest_route=\/wp\/v2\/posts"}],"about":[{"href":"https:\/\/alcaldiaalbertoadriani.com\/index.php?rest_route=\/wp\/v2\/types\/post"}],"author":[{"embeddable":true,"href":"https:\/\/alcaldiaalbertoadriani.com\/index.php?rest_route=\/wp\/v2\/users\/2"}],"replies":[{"embeddable":true,"href":"https:\/\/alcaldiaalbertoadriani.com\/index.php?rest_route=%2Fwp%2Fv2%2Fcomments&post=12907"}],"version-history":[{"count":1,"href":"https:\/\/alcaldiaalbertoadriani.com\/index.php?rest_route=\/wp\/v2\/posts\/12907\/revisions"}],"predecessor-version":[{"id":12913,"href":"https:\/\/alcaldiaalbertoadriani.com\/index.php?rest_route=\/wp\/v2\/posts\/12907\/revisions\/12913"}],"wp:featuredmedia":[{"embeddable":true,"href":"https:\/\/alcaldiaalbertoadriani.com\/index.php?rest_route=\/wp\/v2\/media\/12909"}],"wp:attachment":[{"href":"https:\/\/alcaldiaalbertoadriani.com\/index.php?rest_route=%2Fwp%2Fv2%2Fmedia&parent=12907"}],"wp:term":[{"taxonomy":"category","embeddable":true,"href":"https:\/\/alcaldiaalbertoadriani.com\/index.php?rest_route=%2Fwp%2Fv2%2Fcategories&post=12907"},{"taxonomy":"post_tag","embeddable":true,"href":"https:\/\/alcaldiaalbertoadriani.com\/index.php?rest_route=%2Fwp%2Fv2%2Ftags&post=12907"}],"curies":[{"name":"wp","href":"https:\/\/api.w.org\/{rel}","templated":true}]}}