{"id":12845,"date":"2025-09-24T15:13:37","date_gmt":"2025-09-24T15:13:37","guid":{"rendered":"https:\/\/alcaldiaalbertoadriani.com\/?p=12845"},"modified":"2025-09-24T15:13:44","modified_gmt":"2025-09-24T15:13:44","slug":"alcalde-lisandro-segura-y-representantes-culturales-planifican","status":"publish","type":"post","link":"https:\/\/alcaldiaalbertoadriani.com\/?p=12845","title":{"rendered":"Alcalde Lisandro Segura y representantes culturales planifican Agenda Cultural\u00a0"},"content":{"rendered":"\n<p>Este lunes, el alcalde <a href=\"https:\/\/www.instagram.com\/lisandrosegura02\/\">Lisandro Segura<\/a>, sostuvo una reuni\u00f3n con representantes de los movimientos danc\u00edsticos y bandas show del municipio Alberto Adriani para dise\u00f1ar la agenda cultural 2025 y 2026. El encuentro, realizado en el Despacho del alcalde, cont\u00f3 con la presencia de Keibert Rojas, presidente del Instituto Municipal de la Cultura (<a href=\"https:\/\/alcaldiaalbertoadriani.com\/?tag=iamcaa\">Iamcaa<\/a>).<\/p>\n\n\n\n<p>El burgomaestre expres\u00f3 su satisfacci\u00f3n al coincidir con los representantes culturales con el prop\u00f3sito de &#8220;promover los valores culturales y sociales que identifican a los vigienses&#8221;.<\/p>\n\n\n\n<p>Durante la jornada, se abordaron las actividades que se desarrollar\u00e1n para el mes de diciembre y el calendario cultural del pr\u00f3ximo a\u00f1o.<\/p>\n\n\n\n<p>Ana Marcano, directora de Danzas Kapuy, resalt\u00f3 la importancia de la reuni\u00f3n para &#8220;fomentar la integraci\u00f3n de todas las agrupaciones danc\u00edsticas del municipio en pro del desarrollo cultural&#8221;. Marcano destac\u00f3 que el encuentro sirvi\u00f3 para programar las actividades colectivas&nbsp; e individuales, con el fin de &#8220;resaltar el potencial del talento art\u00edstico que hay dentro de las academias y las agrupaciones del municipio,&nbsp; agradeciendo siempre el apoyo del alcalde Lisandro Segura&#8221;.<\/p>\n\n\n\n<p>Por su parte, Edgar Gonz\u00e1lez, director de Danzas El Vig\u00eda, calific\u00f3 la reuni\u00f3n como &#8220;muy productiva&#8221; y se\u00f1al\u00f3 que se planificaron cuatro actividades colectivas para el sector danc\u00edstico, relacionadas con los planes vacacionales, formaciones, festivales y la celebraci\u00f3n del Encuentro Municipal de Danza. Tambi\u00e9n la certificaci\u00f3n de estudios para quienes hacen vida en esta disciplina dentro del municipio. &#8220;Agradecemos a todos los agentes del sector danc\u00edstico, en especial a los que conforman la federaci\u00f3n, por el apoyo&#8221;, agreg\u00f3.<\/p>\n\n\n\n<p>Omar Jaimes, director de la banda Show Pulido M\u00e9ndez, confirm\u00f3 que el objetivo del encuentro fue &#8220;finiquitar las fechas de las actividades culturales del pr\u00f3ximo a\u00f1o, as\u00ed como el cierre de este a\u00f1o, que incluir\u00e1 un desfile navide\u00f1o con los diferentes grupos culturales. <strong><em>Prensa Alcald\u00eda Alberto Adriani\/ Claribel Zambrano CNP: 11.843\/ Fotos: C.Z.<\/em><\/strong><\/p>\n","protected":false},"excerpt":{"rendered":"<p>Este lunes, el alcalde Lisandro Segura, sostuvo una reuni\u00f3n con representantes de los movimientos danc\u00edsticos y bandas show del municipio Alberto Adriani para dise\u00f1ar la agenda cultural 2025 y 2026. [&hellip;]<\/p>\n","protected":false},"author":2,"featured_media":12846,"comment_status":"open","ping_status":"closed","sticky":false,"template":"","format":"standard","meta":{"_et_pb_use_builder":"off","_et_pb_old_content":"","_et_gb_content_width":"","footnotes":""},"categories":[341,78,77,25],"tags":[31,11,12,15,30,29,28],"class_list":["post-12845","post","type-post","status-publish","format-standard","has-post-thumbnail","hentry","category-alcaldia-alberto-adriani","category-cultura","category-iamcaa","category-nuestro-municipio","tag-alcalde","tag-alcaldia","tag-alcaldiaalbertoadriani","tag-elvigia","tag-lisandrosegura","tag-municipioquenosmerecemos","tag-porelrenacer"],"yoast_head":"<!-- This site is optimized with the Yoast SEO plugin v19.13 - https:\/\/yoast.com\/wordpress\/plugins\/seo\/ -->\n<title>Alcalde Lisandro Segura y representantes culturales planifican<\/title>\n<meta name=\"description\" content=\"Alcalde Lisandro Segura y representantes culturales planifican Agenda Cultural\u00a02025 y 2026 se efect\u00fao en el despacho de la alcald\u00eda\" \/>\n<meta name=\"robots\" content=\"index, follow, max-snippet:-1, max-image-preview:large, max-video-preview:-1\" \/>\n<link rel=\"canonical\" href=\"https:\/\/alcaldiaalbertoadriani.com\/?p=12845\" \/>\n<meta property=\"og:locale\" content=\"es_ES\" \/>\n<meta property=\"og:type\" content=\"article\" \/>\n<meta property=\"og:title\" content=\"Alcalde Lisandro Segura y representantes culturales planifican\" \/>\n<meta property=\"og:description\" content=\"Alcalde Lisandro Segura y representantes culturales planifican Agenda Cultural\u00a02025 y 2026 se efect\u00fao en el despacho de la alcald\u00eda\" \/>\n<meta property=\"og:url\" content=\"https:\/\/alcaldiaalbertoadriani.com\/?p=12845\" \/>\n<meta property=\"og:site_name\" content=\"Alcaldia Alberto Adriani\" \/>\n<meta property=\"article:published_time\" content=\"2025-09-24T15:13:37+00:00\" \/>\n<meta property=\"article:modified_time\" content=\"2025-09-24T15:13:44+00:00\" \/>\n<meta property=\"og:image\" content=\"https:\/\/alcaldiaalbertoadriani.com\/wp-content\/uploads\/2025\/09\/photo_5089351743014898674_y.jpg\" \/>\n\t<meta property=\"og:image:width\" content=\"1280\" \/>\n\t<meta property=\"og:image:height\" content=\"960\" \/>\n\t<meta property=\"og:image:type\" content=\"image\/jpeg\" \/>\n<meta name=\"author\" content=\"Prensa\" \/>\n<meta name=\"twitter:card\" content=\"summary_large_image\" \/>\n<meta name=\"twitter:label1\" content=\"Escrito por\" \/>\n\t<meta name=\"twitter:data1\" content=\"Prensa\" \/>\n\t<meta name=\"twitter:label2\" content=\"Tiempo de lectura\" \/>\n\t<meta name=\"twitter:data2\" content=\"2 minutos\" \/>\n<script type=\"application\/ld+json\" class=\"yoast-schema-graph\">{\"@context\":\"https:\/\/schema.org\",\"@graph\":[{\"@type\":\"WebPage\",\"@id\":\"https:\/\/alcaldiaalbertoadriani.com\/?p=12845\",\"url\":\"https:\/\/alcaldiaalbertoadriani.com\/?p=12845\",\"name\":\"Alcalde Lisandro Segura y representantes culturales planifican\",\"isPartOf\":{\"@id\":\"https:\/\/alcaldiaalbertoadriani.com\/#website\"},\"datePublished\":\"2025-09-24T15:13:37+00:00\",\"dateModified\":\"2025-09-24T15:13:44+00:00\",\"author\":{\"@id\":\"https:\/\/alcaldiaalbertoadriani.com\/#\/schema\/person\/549b4483ff8999ac780deeea78795fc9\"},\"description\":\"Alcalde Lisandro Segura y representantes culturales planifican Agenda Cultural\u00a02025 y 2026 se efect\u00fao en el despacho de la alcald\u00eda\",\"breadcrumb\":{\"@id\":\"https:\/\/alcaldiaalbertoadriani.com\/?p=12845#breadcrumb\"},\"inLanguage\":\"es\",\"potentialAction\":[{\"@type\":\"ReadAction\",\"target\":[\"https:\/\/alcaldiaalbertoadriani.com\/?p=12845\"]}]},{\"@type\":\"BreadcrumbList\",\"@id\":\"https:\/\/alcaldiaalbertoadriani.com\/?p=12845#breadcrumb\",\"itemListElement\":[{\"@type\":\"ListItem\",\"position\":1,\"name\":\"Portada\",\"item\":\"https:\/\/alcaldiaalbertoadriani.com\/\"},{\"@type\":\"ListItem\",\"position\":2,\"name\":\"Alcalde Lisandro Segura y representantes culturales planifican Agenda Cultural\u00a0\"}]},{\"@type\":\"WebSite\",\"@id\":\"https:\/\/alcaldiaalbertoadriani.com\/#website\",\"url\":\"https:\/\/alcaldiaalbertoadriani.com\/\",\"name\":\"Alcaldia Alberto Adriani\",\"description\":\"\",\"potentialAction\":[{\"@type\":\"SearchAction\",\"target\":{\"@type\":\"EntryPoint\",\"urlTemplate\":\"https:\/\/alcaldiaalbertoadriani.com\/?s={search_term_string}\"},\"query-input\":\"required name=search_term_string\"}],\"inLanguage\":\"es\"},{\"@type\":\"Person\",\"@id\":\"https:\/\/alcaldiaalbertoadriani.com\/#\/schema\/person\/549b4483ff8999ac780deeea78795fc9\",\"name\":\"Prensa\",\"image\":{\"@type\":\"ImageObject\",\"inLanguage\":\"es\",\"@id\":\"https:\/\/alcaldiaalbertoadriani.com\/#\/schema\/person\/image\/\",\"url\":\"https:\/\/secure.gravatar.com\/avatar\/ea1cb567ea992a29627f4eee1c2eb185ec16decec6342d508fdf18dedb56c9de?s=96&d=mm&r=g\",\"contentUrl\":\"https:\/\/secure.gravatar.com\/avatar\/ea1cb567ea992a29627f4eee1c2eb185ec16decec6342d508fdf18dedb56c9de?s=96&d=mm&r=g\",\"caption\":\"Prensa\"},\"url\":\"https:\/\/alcaldiaalbertoadriani.com\/?author=2\"}]}<\/script>\n<!-- \/ Yoast SEO plugin. -->","yoast_head_json":{"title":"Alcalde Lisandro Segura y representantes culturales planifican","description":"Alcalde Lisandro Segura y representantes culturales planifican Agenda Cultural\u00a02025 y 2026 se efect\u00fao en el despacho de la alcald\u00eda","robots":{"index":"index","follow":"follow","max-snippet":"max-snippet:-1","max-image-preview":"max-image-preview:large","max-video-preview":"max-video-preview:-1"},"canonical":"https:\/\/alcaldiaalbertoadriani.com\/?p=12845","og_locale":"es_ES","og_type":"article","og_title":"Alcalde Lisandro Segura y representantes culturales planifican","og_description":"Alcalde Lisandro Segura y representantes culturales planifican Agenda Cultural\u00a02025 y 2026 se efect\u00fao en el despacho de la alcald\u00eda","og_url":"https:\/\/alcaldiaalbertoadriani.com\/?p=12845","og_site_name":"Alcaldia Alberto Adriani","article_published_time":"2025-09-24T15:13:37+00:00","article_modified_time":"2025-09-24T15:13:44+00:00","og_image":[{"width":1280,"height":960,"url":"https:\/\/alcaldiaalbertoadriani.com\/wp-content\/uploads\/2025\/09\/photo_5089351743014898674_y.jpg","type":"image\/jpeg"}],"author":"Prensa","twitter_card":"summary_large_image","twitter_misc":{"Escrito por":"Prensa","Tiempo de lectura":"2 minutos"},"schema":{"@context":"https:\/\/schema.org","@graph":[{"@type":"WebPage","@id":"https:\/\/alcaldiaalbertoadriani.com\/?p=12845","url":"https:\/\/alcaldiaalbertoadriani.com\/?p=12845","name":"Alcalde Lisandro Segura y representantes culturales planifican","isPartOf":{"@id":"https:\/\/alcaldiaalbertoadriani.com\/#website"},"datePublished":"2025-09-24T15:13:37+00:00","dateModified":"2025-09-24T15:13:44+00:00","author":{"@id":"https:\/\/alcaldiaalbertoadriani.com\/#\/schema\/person\/549b4483ff8999ac780deeea78795fc9"},"description":"Alcalde Lisandro Segura y representantes culturales planifican Agenda Cultural\u00a02025 y 2026 se efect\u00fao en el despacho de la alcald\u00eda","breadcrumb":{"@id":"https:\/\/alcaldiaalbertoadriani.com\/?p=12845#breadcrumb"},"inLanguage":"es","potentialAction":[{"@type":"ReadAction","target":["https:\/\/alcaldiaalbertoadriani.com\/?p=12845"]}]},{"@type":"BreadcrumbList","@id":"https:\/\/alcaldiaalbertoadriani.com\/?p=12845#breadcrumb","itemListElement":[{"@type":"ListItem","position":1,"name":"Portada","item":"https:\/\/alcaldiaalbertoadriani.com\/"},{"@type":"ListItem","position":2,"name":"Alcalde Lisandro Segura y representantes culturales planifican Agenda Cultural\u00a0"}]},{"@type":"WebSite","@id":"https:\/\/alcaldiaalbertoadriani.com\/#website","url":"https:\/\/alcaldiaalbertoadriani.com\/","name":"Alcaldia Alberto Adriani","description":"","potentialAction":[{"@type":"SearchAction","target":{"@type":"EntryPoint","urlTemplate":"https:\/\/alcaldiaalbertoadriani.com\/?s={search_term_string}"},"query-input":"required name=search_term_string"}],"inLanguage":"es"},{"@type":"Person","@id":"https:\/\/alcaldiaalbertoadriani.com\/#\/schema\/person\/549b4483ff8999ac780deeea78795fc9","name":"Prensa","image":{"@type":"ImageObject","inLanguage":"es","@id":"https:\/\/alcaldiaalbertoadriani.com\/#\/schema\/person\/image\/","url":"https:\/\/secure.gravatar.com\/avatar\/ea1cb567ea992a29627f4eee1c2eb185ec16decec6342d508fdf18dedb56c9de?s=96&d=mm&r=g","contentUrl":"https:\/\/secure.gravatar.com\/avatar\/ea1cb567ea992a29627f4eee1c2eb185ec16decec6342d508fdf18dedb56c9de?s=96&d=mm&r=g","caption":"Prensa"},"url":"https:\/\/alcaldiaalbertoadriani.com\/?author=2"}]}},"_links":{"self":[{"href":"https:\/\/alcaldiaalbertoadriani.com\/index.php?rest_route=\/wp\/v2\/posts\/12845","targetHints":{"allow":["GET"]}}],"collection":[{"href":"https:\/\/alcaldiaalbertoadriani.com\/index.php?rest_route=\/wp\/v2\/posts"}],"about":[{"href":"https:\/\/alcaldiaalbertoadriani.com\/index.php?rest_route=\/wp\/v2\/types\/post"}],"author":[{"embeddable":true,"href":"https:\/\/alcaldiaalbertoadriani.com\/index.php?rest_route=\/wp\/v2\/users\/2"}],"replies":[{"embeddable":true,"href":"https:\/\/alcaldiaalbertoadriani.com\/index.php?rest_route=%2Fwp%2Fv2%2Fcomments&post=12845"}],"version-history":[{"count":1,"href":"https:\/\/alcaldiaalbertoadriani.com\/index.php?rest_route=\/wp\/v2\/posts\/12845\/revisions"}],"predecessor-version":[{"id":12847,"href":"https:\/\/alcaldiaalbertoadriani.com\/index.php?rest_route=\/wp\/v2\/posts\/12845\/revisions\/12847"}],"wp:featuredmedia":[{"embeddable":true,"href":"https:\/\/alcaldiaalbertoadriani.com\/index.php?rest_route=\/wp\/v2\/media\/12846"}],"wp:attachment":[{"href":"https:\/\/alcaldiaalbertoadriani.com\/index.php?rest_route=%2Fwp%2Fv2%2Fmedia&parent=12845"}],"wp:term":[{"taxonomy":"category","embeddable":true,"href":"https:\/\/alcaldiaalbertoadriani.com\/index.php?rest_route=%2Fwp%2Fv2%2Fcategories&post=12845"},{"taxonomy":"post_tag","embeddable":true,"href":"https:\/\/alcaldiaalbertoadriani.com\/index.php?rest_route=%2Fwp%2Fv2%2Ftags&post=12845"}],"curies":[{"name":"wp","href":"https:\/\/api.w.org\/{rel}","templated":true}]}}