{"id":12525,"date":"2025-09-02T19:13:24","date_gmt":"2025-09-02T19:13:24","guid":{"rendered":"https:\/\/alcaldiaalbertoadriani.com\/?p=12525"},"modified":"2025-09-02T19:13:29","modified_gmt":"2025-09-02T19:13:29","slug":"iamcaa-realizo-con-exito-plan-vacacional-en-el-vigia","status":"publish","type":"post","link":"https:\/\/alcaldiaalbertoadriani.com\/?p=12525","title":{"rendered":"Iamcaa realiz\u00f3 con \u00e9xito Plan Vacacional en El Vig\u00eda"},"content":{"rendered":"\n<p>El Instituto Aut\u00f3nomo Municipal de la Cultura &#8211;<a href=\"https:\/\/alcaldiaalbertoadriani.com\/?tag=iamcaa-dona-libros\">Iamcaa<\/a>&#8211; adscrito a la alcald\u00eda de Alberto Adriani concluy\u00f3 con gran \u00e9xito su plan vacacional &#8220;Un Rinconcito de Diversi\u00f3n&#8221;, una iniciativa que brind\u00f3 a 30 ni\u00f1os del municipio una experiencia enriquecedora y formativa durante sus vacaciones. El plan se desarroll\u00f3 en las instalaciones del Centro Cultural Mariano Pic\u00f3n Salas.<\/p>\n\n\n\n<!--more-->\n\n\n\n<p>Keibert Rojas, presidente del Iamcaa, destac\u00f3 que de acuerdo con las orientaciones del alcalde <a href=\"https:\/\/www.instagram.com\/lisandrosegura02\/\">Lisandro Segura<\/a>, se ejecut\u00f3 este plan vacacional. \u201cEl programa vacacional, dise\u00f1ado para fomentar el crecimiento personal y art\u00edstico, incluy\u00f3 una variedad de actividades y talleres. Los peque\u00f1os participantes recibieron clases de modelaje, danza, artes pl\u00e1sticas y valores, adem\u00e1s aprendieron sobre la importancia del trabajo en reciclaje, vital para su desarrollo y conciencia ambiental, por lo que nos sentimos orgullosos del resultado del plan vacacional&#8221;, declar\u00f3 Rojas.<\/p>\n\n\n\n<p>Detall\u00f3 que, la alegr\u00eda y el entusiasmo de los ni\u00f1os mientras aprend\u00edan y exploraban nuevas habilidades, representa la mayor recompensa y motiva a todo el personal del instituto, as\u00ed como de la Oficina del Cronista y de Acervo Hist\u00f3rico Municipal a continuar trabajando para ofrecer espacios de formaci\u00f3n y esparcimiento que contribuyan al desarrollo integral de los ni\u00f1os y j\u00f3venes.<\/p>\n\n\n\n<figure class=\"wp-block-gallery has-nested-images columns-default is-cropped wp-block-gallery-1 is-layout-flex wp-block-gallery-is-layout-flex\">\n<figure class=\"wp-block-image size-large\"><img loading=\"lazy\" decoding=\"async\" width=\"1020\" height=\"574\" data-id=\"12527\" src=\"https:\/\/alcaldiaalbertoadriani.com\/wp-content\/uploads\/2025\/09\/5021831837756010864.jpg\" alt=\"\" class=\"wp-image-12527\" srcset=\"https:\/\/alcaldiaalbertoadriani.com\/wp-content\/uploads\/2025\/09\/5021831837756010864.jpg 1020w, https:\/\/alcaldiaalbertoadriani.com\/wp-content\/uploads\/2025\/09\/5021831837756010864-980x551.jpg 980w, https:\/\/alcaldiaalbertoadriani.com\/wp-content\/uploads\/2025\/09\/5021831837756010864-480x270.jpg 480w\" sizes=\"auto, (min-width: 0px) and (max-width: 480px) 480px, (min-width: 481px) and (max-width: 980px) 980px, (min-width: 981px) 1020px, 100vw\" \/><\/figure>\n<\/figure>\n\n\n\n<p>El plan vacacional, tambi\u00e9n sirvi\u00f3 como una plataforma para cultivar y fortalecer el talento local y sembrar valores fundamentales en las nuevas generaciones vigienses.<\/p>\n\n\n\n<p>De esta manera, la gesti\u00f3n del alcalde <a href=\"https:\/\/www.instagram.com\/lisandrosegura02\/\">Lisandro Segura<\/a> a trav\u00e9s del Instituto Municipal de la Cultura reafirma su compromiso con la promoci\u00f3n de actividades que enriquezcan a la comunidad desde la perspectiva del arte y la educaci\u00f3n. <strong><em>Prensa Alcald\u00eda Alberto Adriani\/ Claribel Zambrano CNP: 11.843\/ Fotos: Iamcaa.<\/em><\/strong><\/p>\n\n\n\n<figure class=\"wp-block-gallery has-nested-images columns-default is-cropped wp-block-gallery-2 is-layout-flex wp-block-gallery-is-layout-flex\">\n<figure class=\"wp-block-image size-large\"><img loading=\"lazy\" decoding=\"async\" width=\"1020\" height=\"574\" data-id=\"12528\" src=\"https:\/\/alcaldiaalbertoadriani.com\/wp-content\/uploads\/2025\/09\/5021831837756010861.jpg\" alt=\"\" class=\"wp-image-12528\" srcset=\"https:\/\/alcaldiaalbertoadriani.com\/wp-content\/uploads\/2025\/09\/5021831837756010861.jpg 1020w, https:\/\/alcaldiaalbertoadriani.com\/wp-content\/uploads\/2025\/09\/5021831837756010861-980x551.jpg 980w, https:\/\/alcaldiaalbertoadriani.com\/wp-content\/uploads\/2025\/09\/5021831837756010861-480x270.jpg 480w\" sizes=\"auto, (min-width: 0px) and (max-width: 480px) 480px, (min-width: 481px) and (max-width: 980px) 980px, (min-width: 981px) 1020px, 100vw\" \/><\/figure>\n\n\n\n<figure class=\"wp-block-image size-large\"><img loading=\"lazy\" decoding=\"async\" width=\"1020\" height=\"574\" data-id=\"12529\" src=\"https:\/\/alcaldiaalbertoadriani.com\/wp-content\/uploads\/2025\/09\/5021831837756010862.jpg\" alt=\"\" class=\"wp-image-12529\" srcset=\"https:\/\/alcaldiaalbertoadriani.com\/wp-content\/uploads\/2025\/09\/5021831837756010862.jpg 1020w, https:\/\/alcaldiaalbertoadriani.com\/wp-content\/uploads\/2025\/09\/5021831837756010862-980x551.jpg 980w, https:\/\/alcaldiaalbertoadriani.com\/wp-content\/uploads\/2025\/09\/5021831837756010862-480x270.jpg 480w\" sizes=\"auto, (min-width: 0px) and (max-width: 480px) 480px, (min-width: 481px) and (max-width: 980px) 980px, (min-width: 981px) 1020px, 100vw\" \/><\/figure>\n\n\n\n<figure class=\"wp-block-image size-large\"><img loading=\"lazy\" decoding=\"async\" width=\"1020\" height=\"574\" data-id=\"12533\" src=\"https:\/\/alcaldiaalbertoadriani.com\/wp-content\/uploads\/2025\/09\/5021831837756010863.jpg\" alt=\"\" class=\"wp-image-12533\" srcset=\"https:\/\/alcaldiaalbertoadriani.com\/wp-content\/uploads\/2025\/09\/5021831837756010863.jpg 1020w, https:\/\/alcaldiaalbertoadriani.com\/wp-content\/uploads\/2025\/09\/5021831837756010863-980x551.jpg 980w, https:\/\/alcaldiaalbertoadriani.com\/wp-content\/uploads\/2025\/09\/5021831837756010863-480x270.jpg 480w\" sizes=\"auto, (min-width: 0px) and (max-width: 480px) 480px, (min-width: 481px) and (max-width: 980px) 980px, (min-width: 981px) 1020px, 100vw\" \/><\/figure>\n\n\n\n<figure class=\"wp-block-image size-large\"><img loading=\"lazy\" decoding=\"async\" width=\"1020\" height=\"574\" data-id=\"12531\" src=\"https:\/\/alcaldiaalbertoadriani.com\/wp-content\/uploads\/2025\/09\/5021831837756010865.jpg\" alt=\"\" class=\"wp-image-12531\" srcset=\"https:\/\/alcaldiaalbertoadriani.com\/wp-content\/uploads\/2025\/09\/5021831837756010865.jpg 1020w, https:\/\/alcaldiaalbertoadriani.com\/wp-content\/uploads\/2025\/09\/5021831837756010865-980x551.jpg 980w, https:\/\/alcaldiaalbertoadriani.com\/wp-content\/uploads\/2025\/09\/5021831837756010865-480x270.jpg 480w\" sizes=\"auto, (min-width: 0px) and (max-width: 480px) 480px, (min-width: 481px) and (max-width: 980px) 980px, (min-width: 981px) 1020px, 100vw\" \/><\/figure>\n\n\n\n<figure class=\"wp-block-image size-large\"><img loading=\"lazy\" decoding=\"async\" width=\"1020\" height=\"574\" data-id=\"12534\" src=\"https:\/\/alcaldiaalbertoadriani.com\/wp-content\/uploads\/2025\/09\/5021831837756010854.jpg\" alt=\"\" class=\"wp-image-12534\" srcset=\"https:\/\/alcaldiaalbertoadriani.com\/wp-content\/uploads\/2025\/09\/5021831837756010854.jpg 1020w, https:\/\/alcaldiaalbertoadriani.com\/wp-content\/uploads\/2025\/09\/5021831837756010854-980x551.jpg 980w, https:\/\/alcaldiaalbertoadriani.com\/wp-content\/uploads\/2025\/09\/5021831837756010854-480x270.jpg 480w\" sizes=\"auto, (min-width: 0px) and (max-width: 480px) 480px, (min-width: 481px) and (max-width: 980px) 980px, (min-width: 981px) 1020px, 100vw\" \/><\/figure>\n\n\n\n<figure class=\"wp-block-image size-large\"><img loading=\"lazy\" decoding=\"async\" width=\"1020\" height=\"574\" data-id=\"12530\" src=\"https:\/\/alcaldiaalbertoadriani.com\/wp-content\/uploads\/2025\/09\/5021831837756010855.jpg\" alt=\"\" class=\"wp-image-12530\" srcset=\"https:\/\/alcaldiaalbertoadriani.com\/wp-content\/uploads\/2025\/09\/5021831837756010855.jpg 1020w, https:\/\/alcaldiaalbertoadriani.com\/wp-content\/uploads\/2025\/09\/5021831837756010855-980x551.jpg 980w, https:\/\/alcaldiaalbertoadriani.com\/wp-content\/uploads\/2025\/09\/5021831837756010855-480x270.jpg 480w\" sizes=\"auto, (min-width: 0px) and (max-width: 480px) 480px, (min-width: 481px) and (max-width: 980px) 980px, (min-width: 981px) 1020px, 100vw\" \/><\/figure>\n\n\n\n<figure class=\"wp-block-image size-large\"><img loading=\"lazy\" decoding=\"async\" width=\"1020\" height=\"574\" data-id=\"12537\" src=\"https:\/\/alcaldiaalbertoadriani.com\/wp-content\/uploads\/2025\/09\/5021831837756010856.jpg\" alt=\"\" class=\"wp-image-12537\" srcset=\"https:\/\/alcaldiaalbertoadriani.com\/wp-content\/uploads\/2025\/09\/5021831837756010856.jpg 1020w, https:\/\/alcaldiaalbertoadriani.com\/wp-content\/uploads\/2025\/09\/5021831837756010856-980x551.jpg 980w, https:\/\/alcaldiaalbertoadriani.com\/wp-content\/uploads\/2025\/09\/5021831837756010856-480x270.jpg 480w\" sizes=\"auto, (min-width: 0px) and (max-width: 480px) 480px, (min-width: 481px) and (max-width: 980px) 980px, (min-width: 981px) 1020px, 100vw\" \/><\/figure>\n\n\n\n<figure class=\"wp-block-image size-large\"><img loading=\"lazy\" decoding=\"async\" width=\"1020\" height=\"574\" data-id=\"12532\" src=\"https:\/\/alcaldiaalbertoadriani.com\/wp-content\/uploads\/2025\/09\/5021831837756010857.jpg\" alt=\"\" class=\"wp-image-12532\" srcset=\"https:\/\/alcaldiaalbertoadriani.com\/wp-content\/uploads\/2025\/09\/5021831837756010857.jpg 1020w, https:\/\/alcaldiaalbertoadriani.com\/wp-content\/uploads\/2025\/09\/5021831837756010857-980x551.jpg 980w, https:\/\/alcaldiaalbertoadriani.com\/wp-content\/uploads\/2025\/09\/5021831837756010857-480x270.jpg 480w\" sizes=\"auto, (min-width: 0px) and (max-width: 480px) 480px, (min-width: 481px) and (max-width: 980px) 980px, (min-width: 981px) 1020px, 100vw\" \/><\/figure>\n\n\n\n<figure class=\"wp-block-image size-large\"><img loading=\"lazy\" decoding=\"async\" width=\"1020\" height=\"574\" data-id=\"12536\" src=\"https:\/\/alcaldiaalbertoadriani.com\/wp-content\/uploads\/2025\/09\/5021831837756010858.jpg\" alt=\"\" class=\"wp-image-12536\" srcset=\"https:\/\/alcaldiaalbertoadriani.com\/wp-content\/uploads\/2025\/09\/5021831837756010858.jpg 1020w, https:\/\/alcaldiaalbertoadriani.com\/wp-content\/uploads\/2025\/09\/5021831837756010858-980x551.jpg 980w, https:\/\/alcaldiaalbertoadriani.com\/wp-content\/uploads\/2025\/09\/5021831837756010858-480x270.jpg 480w\" sizes=\"auto, (min-width: 0px) and (max-width: 480px) 480px, (min-width: 481px) and (max-width: 980px) 980px, (min-width: 981px) 1020px, 100vw\" \/><\/figure>\n\n\n\n<figure class=\"wp-block-image size-large\"><img loading=\"lazy\" decoding=\"async\" width=\"1020\" height=\"574\" data-id=\"12538\" src=\"https:\/\/alcaldiaalbertoadriani.com\/wp-content\/uploads\/2025\/09\/5021831837756010859.jpg\" alt=\"\" class=\"wp-image-12538\" srcset=\"https:\/\/alcaldiaalbertoadriani.com\/wp-content\/uploads\/2025\/09\/5021831837756010859.jpg 1020w, https:\/\/alcaldiaalbertoadriani.com\/wp-content\/uploads\/2025\/09\/5021831837756010859-980x551.jpg 980w, https:\/\/alcaldiaalbertoadriani.com\/wp-content\/uploads\/2025\/09\/5021831837756010859-480x270.jpg 480w\" sizes=\"auto, (min-width: 0px) and (max-width: 480px) 480px, (min-width: 481px) and (max-width: 980px) 980px, (min-width: 981px) 1020px, 100vw\" \/><\/figure>\n\n\n\n<figure class=\"wp-block-image size-large\"><img loading=\"lazy\" decoding=\"async\" width=\"1020\" height=\"574\" data-id=\"12535\" src=\"https:\/\/alcaldiaalbertoadriani.com\/wp-content\/uploads\/2025\/09\/5021831837756010860.jpg\" alt=\"\" class=\"wp-image-12535\" srcset=\"https:\/\/alcaldiaalbertoadriani.com\/wp-content\/uploads\/2025\/09\/5021831837756010860.jpg 1020w, https:\/\/alcaldiaalbertoadriani.com\/wp-content\/uploads\/2025\/09\/5021831837756010860-980x551.jpg 980w, https:\/\/alcaldiaalbertoadriani.com\/wp-content\/uploads\/2025\/09\/5021831837756010860-480x270.jpg 480w\" sizes=\"auto, (min-width: 0px) and (max-width: 480px) 480px, (min-width: 481px) and (max-width: 980px) 980px, (min-width: 981px) 1020px, 100vw\" \/><\/figure>\n<\/figure>\n","protected":false},"excerpt":{"rendered":"<p>El Instituto Aut\u00f3nomo Municipal de la Cultura &#8211;Iamcaa&#8211; adscrito a la alcald\u00eda de Alberto Adriani concluy\u00f3 con gran \u00e9xito su plan vacacional &#8220;Un Rinconcito de Diversi\u00f3n&#8221;, una iniciativa que brind\u00f3 [&hellip;]<\/p>\n","protected":false},"author":2,"featured_media":12526,"comment_status":"open","ping_status":"closed","sticky":false,"template":"","format":"standard","meta":{"_et_pb_use_builder":"off","_et_pb_old_content":"","_et_gb_content_width":"","footnotes":""},"categories":[341,78,77,25],"tags":[31,11,12,15,761,30,29,28],"class_list":["post-12525","post","type-post","status-publish","format-standard","has-post-thumbnail","hentry","category-alcaldia-alberto-adriani","category-cultura","category-iamcaa","category-nuestro-municipio","tag-alcalde","tag-alcaldia","tag-alcaldiaalbertoadriani","tag-elvigia","tag-encrucijadadeprogreso","tag-lisandrosegura","tag-municipioquenosmerecemos","tag-porelrenacer"],"yoast_head":"<!-- This site is optimized with the Yoast SEO plugin v19.13 - https:\/\/yoast.com\/wordpress\/plugins\/seo\/ -->\n<title>Iamcaa realiz\u00f3 con \u00e9xito Plan Vacacional en El Vig\u00eda<\/title>\n<meta name=\"description\" content=\"Iamcaa realiz\u00f3 con \u00e9xito Plan Vacacional en El Vig\u00eda &quot;Un Rinconcito de Diversi\u00f3n&quot;, una iniciativa que brind\u00f3 a 30 ni\u00f1os\" \/>\n<meta name=\"robots\" content=\"index, follow, max-snippet:-1, max-image-preview:large, max-video-preview:-1\" \/>\n<link rel=\"canonical\" href=\"https:\/\/alcaldiaalbertoadriani.com\/?p=12525\" \/>\n<meta property=\"og:locale\" content=\"es_ES\" \/>\n<meta property=\"og:type\" content=\"article\" \/>\n<meta property=\"og:title\" content=\"Iamcaa realiz\u00f3 con \u00e9xito Plan Vacacional en El Vig\u00eda\" \/>\n<meta property=\"og:description\" content=\"Iamcaa realiz\u00f3 con \u00e9xito Plan Vacacional en El Vig\u00eda &quot;Un Rinconcito de Diversi\u00f3n&quot;, una iniciativa que brind\u00f3 a 30 ni\u00f1os\" \/>\n<meta property=\"og:url\" content=\"https:\/\/alcaldiaalbertoadriani.com\/?p=12525\" \/>\n<meta property=\"og:site_name\" content=\"Alcaldia Alberto Adriani\" \/>\n<meta property=\"article:published_time\" content=\"2025-09-02T19:13:24+00:00\" \/>\n<meta property=\"article:modified_time\" content=\"2025-09-02T19:13:29+00:00\" \/>\n<meta property=\"og:image\" content=\"https:\/\/alcaldiaalbertoadriani.com\/wp-content\/uploads\/2025\/09\/5021831837756010866.jpg\" \/>\n\t<meta property=\"og:image:width\" content=\"1020\" \/>\n\t<meta property=\"og:image:height\" content=\"574\" \/>\n\t<meta property=\"og:image:type\" content=\"image\/jpeg\" \/>\n<meta name=\"author\" content=\"Prensa\" \/>\n<meta name=\"twitter:card\" content=\"summary_large_image\" \/>\n<meta name=\"twitter:label1\" content=\"Escrito por\" \/>\n\t<meta name=\"twitter:data1\" content=\"Prensa\" \/>\n\t<meta name=\"twitter:label2\" content=\"Tiempo de lectura\" \/>\n\t<meta name=\"twitter:data2\" content=\"4 minutos\" \/>\n<script type=\"application\/ld+json\" class=\"yoast-schema-graph\">{\"@context\":\"https:\/\/schema.org\",\"@graph\":[{\"@type\":\"WebPage\",\"@id\":\"https:\/\/alcaldiaalbertoadriani.com\/?p=12525\",\"url\":\"https:\/\/alcaldiaalbertoadriani.com\/?p=12525\",\"name\":\"Iamcaa realiz\u00f3 con \u00e9xito Plan Vacacional en El Vig\u00eda\",\"isPartOf\":{\"@id\":\"https:\/\/alcaldiaalbertoadriani.com\/#website\"},\"datePublished\":\"2025-09-02T19:13:24+00:00\",\"dateModified\":\"2025-09-02T19:13:29+00:00\",\"author\":{\"@id\":\"https:\/\/alcaldiaalbertoadriani.com\/#\/schema\/person\/549b4483ff8999ac780deeea78795fc9\"},\"description\":\"Iamcaa realiz\u00f3 con \u00e9xito Plan Vacacional en El Vig\u00eda \\\"Un Rinconcito de Diversi\u00f3n\\\", una iniciativa que brind\u00f3 a 30 ni\u00f1os\",\"breadcrumb\":{\"@id\":\"https:\/\/alcaldiaalbertoadriani.com\/?p=12525#breadcrumb\"},\"inLanguage\":\"es\",\"potentialAction\":[{\"@type\":\"ReadAction\",\"target\":[\"https:\/\/alcaldiaalbertoadriani.com\/?p=12525\"]}]},{\"@type\":\"BreadcrumbList\",\"@id\":\"https:\/\/alcaldiaalbertoadriani.com\/?p=12525#breadcrumb\",\"itemListElement\":[{\"@type\":\"ListItem\",\"position\":1,\"name\":\"Portada\",\"item\":\"https:\/\/alcaldiaalbertoadriani.com\/\"},{\"@type\":\"ListItem\",\"position\":2,\"name\":\"Iamcaa realiz\u00f3 con \u00e9xito Plan Vacacional en El Vig\u00eda\"}]},{\"@type\":\"WebSite\",\"@id\":\"https:\/\/alcaldiaalbertoadriani.com\/#website\",\"url\":\"https:\/\/alcaldiaalbertoadriani.com\/\",\"name\":\"Alcaldia Alberto Adriani\",\"description\":\"\",\"potentialAction\":[{\"@type\":\"SearchAction\",\"target\":{\"@type\":\"EntryPoint\",\"urlTemplate\":\"https:\/\/alcaldiaalbertoadriani.com\/?s={search_term_string}\"},\"query-input\":\"required name=search_term_string\"}],\"inLanguage\":\"es\"},{\"@type\":\"Person\",\"@id\":\"https:\/\/alcaldiaalbertoadriani.com\/#\/schema\/person\/549b4483ff8999ac780deeea78795fc9\",\"name\":\"Prensa\",\"image\":{\"@type\":\"ImageObject\",\"inLanguage\":\"es\",\"@id\":\"https:\/\/alcaldiaalbertoadriani.com\/#\/schema\/person\/image\/\",\"url\":\"https:\/\/secure.gravatar.com\/avatar\/ea1cb567ea992a29627f4eee1c2eb185ec16decec6342d508fdf18dedb56c9de?s=96&d=mm&r=g\",\"contentUrl\":\"https:\/\/secure.gravatar.com\/avatar\/ea1cb567ea992a29627f4eee1c2eb185ec16decec6342d508fdf18dedb56c9de?s=96&d=mm&r=g\",\"caption\":\"Prensa\"},\"url\":\"https:\/\/alcaldiaalbertoadriani.com\/?author=2\"}]}<\/script>\n<!-- \/ Yoast SEO plugin. -->","yoast_head_json":{"title":"Iamcaa realiz\u00f3 con \u00e9xito Plan Vacacional en El Vig\u00eda","description":"Iamcaa realiz\u00f3 con \u00e9xito Plan Vacacional en El Vig\u00eda \"Un Rinconcito de Diversi\u00f3n\", una iniciativa que brind\u00f3 a 30 ni\u00f1os","robots":{"index":"index","follow":"follow","max-snippet":"max-snippet:-1","max-image-preview":"max-image-preview:large","max-video-preview":"max-video-preview:-1"},"canonical":"https:\/\/alcaldiaalbertoadriani.com\/?p=12525","og_locale":"es_ES","og_type":"article","og_title":"Iamcaa realiz\u00f3 con \u00e9xito Plan Vacacional en El Vig\u00eda","og_description":"Iamcaa realiz\u00f3 con \u00e9xito Plan Vacacional en El Vig\u00eda \"Un Rinconcito de Diversi\u00f3n\", una iniciativa que brind\u00f3 a 30 ni\u00f1os","og_url":"https:\/\/alcaldiaalbertoadriani.com\/?p=12525","og_site_name":"Alcaldia Alberto Adriani","article_published_time":"2025-09-02T19:13:24+00:00","article_modified_time":"2025-09-02T19:13:29+00:00","og_image":[{"width":1020,"height":574,"url":"https:\/\/alcaldiaalbertoadriani.com\/wp-content\/uploads\/2025\/09\/5021831837756010866.jpg","type":"image\/jpeg"}],"author":"Prensa","twitter_card":"summary_large_image","twitter_misc":{"Escrito por":"Prensa","Tiempo de lectura":"4 minutos"},"schema":{"@context":"https:\/\/schema.org","@graph":[{"@type":"WebPage","@id":"https:\/\/alcaldiaalbertoadriani.com\/?p=12525","url":"https:\/\/alcaldiaalbertoadriani.com\/?p=12525","name":"Iamcaa realiz\u00f3 con \u00e9xito Plan Vacacional en El Vig\u00eda","isPartOf":{"@id":"https:\/\/alcaldiaalbertoadriani.com\/#website"},"datePublished":"2025-09-02T19:13:24+00:00","dateModified":"2025-09-02T19:13:29+00:00","author":{"@id":"https:\/\/alcaldiaalbertoadriani.com\/#\/schema\/person\/549b4483ff8999ac780deeea78795fc9"},"description":"Iamcaa realiz\u00f3 con \u00e9xito Plan Vacacional en El Vig\u00eda \"Un Rinconcito de Diversi\u00f3n\", una iniciativa que brind\u00f3 a 30 ni\u00f1os","breadcrumb":{"@id":"https:\/\/alcaldiaalbertoadriani.com\/?p=12525#breadcrumb"},"inLanguage":"es","potentialAction":[{"@type":"ReadAction","target":["https:\/\/alcaldiaalbertoadriani.com\/?p=12525"]}]},{"@type":"BreadcrumbList","@id":"https:\/\/alcaldiaalbertoadriani.com\/?p=12525#breadcrumb","itemListElement":[{"@type":"ListItem","position":1,"name":"Portada","item":"https:\/\/alcaldiaalbertoadriani.com\/"},{"@type":"ListItem","position":2,"name":"Iamcaa realiz\u00f3 con \u00e9xito Plan Vacacional en El Vig\u00eda"}]},{"@type":"WebSite","@id":"https:\/\/alcaldiaalbertoadriani.com\/#website","url":"https:\/\/alcaldiaalbertoadriani.com\/","name":"Alcaldia Alberto Adriani","description":"","potentialAction":[{"@type":"SearchAction","target":{"@type":"EntryPoint","urlTemplate":"https:\/\/alcaldiaalbertoadriani.com\/?s={search_term_string}"},"query-input":"required name=search_term_string"}],"inLanguage":"es"},{"@type":"Person","@id":"https:\/\/alcaldiaalbertoadriani.com\/#\/schema\/person\/549b4483ff8999ac780deeea78795fc9","name":"Prensa","image":{"@type":"ImageObject","inLanguage":"es","@id":"https:\/\/alcaldiaalbertoadriani.com\/#\/schema\/person\/image\/","url":"https:\/\/secure.gravatar.com\/avatar\/ea1cb567ea992a29627f4eee1c2eb185ec16decec6342d508fdf18dedb56c9de?s=96&d=mm&r=g","contentUrl":"https:\/\/secure.gravatar.com\/avatar\/ea1cb567ea992a29627f4eee1c2eb185ec16decec6342d508fdf18dedb56c9de?s=96&d=mm&r=g","caption":"Prensa"},"url":"https:\/\/alcaldiaalbertoadriani.com\/?author=2"}]}},"_links":{"self":[{"href":"https:\/\/alcaldiaalbertoadriani.com\/index.php?rest_route=\/wp\/v2\/posts\/12525","targetHints":{"allow":["GET"]}}],"collection":[{"href":"https:\/\/alcaldiaalbertoadriani.com\/index.php?rest_route=\/wp\/v2\/posts"}],"about":[{"href":"https:\/\/alcaldiaalbertoadriani.com\/index.php?rest_route=\/wp\/v2\/types\/post"}],"author":[{"embeddable":true,"href":"https:\/\/alcaldiaalbertoadriani.com\/index.php?rest_route=\/wp\/v2\/users\/2"}],"replies":[{"embeddable":true,"href":"https:\/\/alcaldiaalbertoadriani.com\/index.php?rest_route=%2Fwp%2Fv2%2Fcomments&post=12525"}],"version-history":[{"count":1,"href":"https:\/\/alcaldiaalbertoadriani.com\/index.php?rest_route=\/wp\/v2\/posts\/12525\/revisions"}],"predecessor-version":[{"id":12539,"href":"https:\/\/alcaldiaalbertoadriani.com\/index.php?rest_route=\/wp\/v2\/posts\/12525\/revisions\/12539"}],"wp:featuredmedia":[{"embeddable":true,"href":"https:\/\/alcaldiaalbertoadriani.com\/index.php?rest_route=\/wp\/v2\/media\/12526"}],"wp:attachment":[{"href":"https:\/\/alcaldiaalbertoadriani.com\/index.php?rest_route=%2Fwp%2Fv2%2Fmedia&parent=12525"}],"wp:term":[{"taxonomy":"category","embeddable":true,"href":"https:\/\/alcaldiaalbertoadriani.com\/index.php?rest_route=%2Fwp%2Fv2%2Fcategories&post=12525"},{"taxonomy":"post_tag","embeddable":true,"href":"https:\/\/alcaldiaalbertoadriani.com\/index.php?rest_route=%2Fwp%2Fv2%2Ftags&post=12525"}],"curies":[{"name":"wp","href":"https:\/\/api.w.org\/{rel}","templated":true}]}}