{"id":12413,"date":"2025-08-22T18:10:32","date_gmt":"2025-08-22T18:10:32","guid":{"rendered":"https:\/\/alcaldiaalbertoadriani.com\/?p=12413"},"modified":"2025-08-22T18:10:36","modified_gmt":"2025-08-22T18:10:36","slug":"iamcaa-invita-a-una-actividad-benefica-de-la-federacion-municipal","status":"publish","type":"post","link":"https:\/\/alcaldiaalbertoadriani.com\/?p=12413","title":{"rendered":"Iamcaa invita a una actividad ben\u00e9fica de la Federaci\u00f3n Municipal de Danza este s\u00e1bado"},"content":{"rendered":"\n<p><\/p>\n\n\n\n<p>El Instituto Aut\u00f3nomo Municipal de la Cultura \u2013<a href=\"https:\/\/alcaldiaalbertoadriani.com\/?p=6008\" target=\"_blank\" rel=\"noreferrer noopener\">Iamcaa<\/a>&#8211; del municipio Alberto Adriani, invita a la colectividad vig\u00edense para que asistan a una actividad de recaudaci\u00f3n de fondos econ\u00f3micos a beneficio de la Federaci\u00f3n Municipal de Danza \u2013Fdaa-, este s\u00e1bado 23 de agosto.<br><br>Por tal motivo, Keibert Rojas, presidente del <a href=\"https:\/\/alcaldiaalbertoadriani.com\/?p=8620\" target=\"_blank\" rel=\"noreferrer noopener\">Iamcaa<\/a>, inform\u00f3 que cumpliendo pol\u00edticas p\u00fablicas del alcalde <a href=\"https:\/\/www.instagram.com\/lisandrosegura02\/\" target=\"_blank\" rel=\"noreferrer noopener\">Lisandro Segura<\/a>, la jornada tendr\u00e1 lugar en la <a href=\"https:\/\/alcaldiaalbertoadriani.com\/?p=12016\" target=\"_blank\" rel=\"noreferrer noopener\">cancha deportiva Negra Mach\u00e9<\/a> del sector La Inmaculada a partir de las 9:00\u00a0de la ma\u00f1ana hasta las 5:30\u00a0de la tarde.<br><br>Dijo el funcionario que, habr\u00e1 actividades art\u00edsticas y de esparcimiento creativo \u2013 deportivo en pro del desarrollo sociocultural, en especial de la Fdaa.<br><br>\u201cLas entradas tienen un costo de un d\u00f3lar y podr\u00e1n participar en bailoterapias y yincanas. Adem\u00e1s, habr\u00e1 venta de comida, muestras de agrupaciones de danzas y cierre de planes vacacionales\u201d, detall\u00f3.<br><br>Al cierre, Keibert Rojas, destac\u00f3 que el evento ha sido organizado por la Fdaa y el Instituto de la Cultura lo respaldar\u00e1, \u201csolo nos queda reiterar la invitaci\u00f3n para este s\u00e1bado a que asistan al evento que viene con actividades para todos los vigienses\u201d. <strong><em>Prensa Alcald\u00eda Alberto Adriani\/Edgar Mendoza CNP 25.736\/Foto archivo.<\/em><\/strong><\/p>\n","protected":false},"excerpt":{"rendered":"<p>El Instituto Aut\u00f3nomo Municipal de la Cultura \u2013Iamcaa&#8211; del municipio Alberto Adriani, invita a la colectividad vig\u00edense para que asistan a una actividad de recaudaci\u00f3n de fondos econ\u00f3micos a beneficio [&hellip;]<\/p>\n","protected":false},"author":2,"featured_media":12414,"comment_status":"open","ping_status":"closed","sticky":false,"template":"","format":"standard","meta":{"_et_pb_use_builder":"off","_et_pb_old_content":"","_et_gb_content_width":"","footnotes":""},"categories":[341,78,77],"tags":[11,12,15,761,30,29,28],"class_list":["post-12413","post","type-post","status-publish","format-standard","has-post-thumbnail","hentry","category-alcaldia-alberto-adriani","category-cultura","category-iamcaa","tag-alcaldia","tag-alcaldiaalbertoadriani","tag-elvigia","tag-encrucijadadeprogreso","tag-lisandrosegura","tag-municipioquenosmerecemos","tag-porelrenacer"],"yoast_head":"<!-- This site is optimized with the Yoast SEO plugin v19.13 - https:\/\/yoast.com\/wordpress\/plugins\/seo\/ -->\n<title>Iamcaa invita a una actividad ben\u00e9fica de la Federaci\u00f3n Municipal<\/title>\n<meta name=\"description\" content=\"Iamcaa invita a una actividad ben\u00e9fica de la Federaci\u00f3n Municipal de Danza este s\u00e1bado 23 de agosto en la cancha deportiva Negra Mach\u00e9\" \/>\n<meta name=\"robots\" content=\"index, follow, max-snippet:-1, max-image-preview:large, max-video-preview:-1\" \/>\n<link rel=\"canonical\" href=\"https:\/\/alcaldiaalbertoadriani.com\/?p=12413\" \/>\n<meta property=\"og:locale\" content=\"es_ES\" \/>\n<meta property=\"og:type\" content=\"article\" \/>\n<meta property=\"og:title\" content=\"Iamcaa invita a una actividad ben\u00e9fica de la Federaci\u00f3n Municipal\" \/>\n<meta property=\"og:description\" content=\"Iamcaa invita a una actividad ben\u00e9fica de la Federaci\u00f3n Municipal de Danza este s\u00e1bado 23 de agosto en la cancha deportiva Negra Mach\u00e9\" \/>\n<meta property=\"og:url\" content=\"https:\/\/alcaldiaalbertoadriani.com\/?p=12413\" \/>\n<meta property=\"og:site_name\" content=\"Alcaldia Alberto Adriani\" \/>\n<meta property=\"article:published_time\" content=\"2025-08-22T18:10:32+00:00\" \/>\n<meta property=\"article:modified_time\" content=\"2025-08-22T18:10:36+00:00\" \/>\n<meta property=\"og:image\" content=\"https:\/\/alcaldiaalbertoadriani.com\/wp-content\/uploads\/2025\/08\/4987773266789773307.jpg\" \/>\n\t<meta property=\"og:image:width\" content=\"1280\" \/>\n\t<meta property=\"og:image:height\" content=\"960\" \/>\n\t<meta property=\"og:image:type\" content=\"image\/jpeg\" \/>\n<meta name=\"author\" content=\"Prensa\" \/>\n<meta name=\"twitter:card\" content=\"summary_large_image\" \/>\n<meta name=\"twitter:label1\" content=\"Escrito por\" \/>\n\t<meta name=\"twitter:data1\" content=\"Prensa\" \/>\n\t<meta name=\"twitter:label2\" content=\"Tiempo de lectura\" \/>\n\t<meta name=\"twitter:data2\" content=\"1 minuto\" \/>\n<script type=\"application\/ld+json\" class=\"yoast-schema-graph\">{\"@context\":\"https:\/\/schema.org\",\"@graph\":[{\"@type\":\"WebPage\",\"@id\":\"https:\/\/alcaldiaalbertoadriani.com\/?p=12413\",\"url\":\"https:\/\/alcaldiaalbertoadriani.com\/?p=12413\",\"name\":\"Iamcaa invita a una actividad ben\u00e9fica de la Federaci\u00f3n Municipal\",\"isPartOf\":{\"@id\":\"https:\/\/alcaldiaalbertoadriani.com\/#website\"},\"datePublished\":\"2025-08-22T18:10:32+00:00\",\"dateModified\":\"2025-08-22T18:10:36+00:00\",\"author\":{\"@id\":\"https:\/\/alcaldiaalbertoadriani.com\/#\/schema\/person\/549b4483ff8999ac780deeea78795fc9\"},\"description\":\"Iamcaa invita a una actividad ben\u00e9fica de la Federaci\u00f3n Municipal de Danza este s\u00e1bado 23 de agosto en la cancha deportiva Negra Mach\u00e9\",\"breadcrumb\":{\"@id\":\"https:\/\/alcaldiaalbertoadriani.com\/?p=12413#breadcrumb\"},\"inLanguage\":\"es\",\"potentialAction\":[{\"@type\":\"ReadAction\",\"target\":[\"https:\/\/alcaldiaalbertoadriani.com\/?p=12413\"]}]},{\"@type\":\"BreadcrumbList\",\"@id\":\"https:\/\/alcaldiaalbertoadriani.com\/?p=12413#breadcrumb\",\"itemListElement\":[{\"@type\":\"ListItem\",\"position\":1,\"name\":\"Portada\",\"item\":\"https:\/\/alcaldiaalbertoadriani.com\/\"},{\"@type\":\"ListItem\",\"position\":2,\"name\":\"Iamcaa invita a una actividad ben\u00e9fica de la Federaci\u00f3n Municipal de Danza este s\u00e1bado\"}]},{\"@type\":\"WebSite\",\"@id\":\"https:\/\/alcaldiaalbertoadriani.com\/#website\",\"url\":\"https:\/\/alcaldiaalbertoadriani.com\/\",\"name\":\"Alcaldia Alberto Adriani\",\"description\":\"\",\"potentialAction\":[{\"@type\":\"SearchAction\",\"target\":{\"@type\":\"EntryPoint\",\"urlTemplate\":\"https:\/\/alcaldiaalbertoadriani.com\/?s={search_term_string}\"},\"query-input\":\"required name=search_term_string\"}],\"inLanguage\":\"es\"},{\"@type\":\"Person\",\"@id\":\"https:\/\/alcaldiaalbertoadriani.com\/#\/schema\/person\/549b4483ff8999ac780deeea78795fc9\",\"name\":\"Prensa\",\"image\":{\"@type\":\"ImageObject\",\"inLanguage\":\"es\",\"@id\":\"https:\/\/alcaldiaalbertoadriani.com\/#\/schema\/person\/image\/\",\"url\":\"https:\/\/secure.gravatar.com\/avatar\/ea1cb567ea992a29627f4eee1c2eb185ec16decec6342d508fdf18dedb56c9de?s=96&d=mm&r=g\",\"contentUrl\":\"https:\/\/secure.gravatar.com\/avatar\/ea1cb567ea992a29627f4eee1c2eb185ec16decec6342d508fdf18dedb56c9de?s=96&d=mm&r=g\",\"caption\":\"Prensa\"},\"url\":\"https:\/\/alcaldiaalbertoadriani.com\/?author=2\"}]}<\/script>\n<!-- \/ Yoast SEO plugin. -->","yoast_head_json":{"title":"Iamcaa invita a una actividad ben\u00e9fica de la Federaci\u00f3n Municipal","description":"Iamcaa invita a una actividad ben\u00e9fica de la Federaci\u00f3n Municipal de Danza este s\u00e1bado 23 de agosto en la cancha deportiva Negra Mach\u00e9","robots":{"index":"index","follow":"follow","max-snippet":"max-snippet:-1","max-image-preview":"max-image-preview:large","max-video-preview":"max-video-preview:-1"},"canonical":"https:\/\/alcaldiaalbertoadriani.com\/?p=12413","og_locale":"es_ES","og_type":"article","og_title":"Iamcaa invita a una actividad ben\u00e9fica de la Federaci\u00f3n Municipal","og_description":"Iamcaa invita a una actividad ben\u00e9fica de la Federaci\u00f3n Municipal de Danza este s\u00e1bado 23 de agosto en la cancha deportiva Negra Mach\u00e9","og_url":"https:\/\/alcaldiaalbertoadriani.com\/?p=12413","og_site_name":"Alcaldia Alberto Adriani","article_published_time":"2025-08-22T18:10:32+00:00","article_modified_time":"2025-08-22T18:10:36+00:00","og_image":[{"width":1280,"height":960,"url":"https:\/\/alcaldiaalbertoadriani.com\/wp-content\/uploads\/2025\/08\/4987773266789773307.jpg","type":"image\/jpeg"}],"author":"Prensa","twitter_card":"summary_large_image","twitter_misc":{"Escrito por":"Prensa","Tiempo de lectura":"1 minuto"},"schema":{"@context":"https:\/\/schema.org","@graph":[{"@type":"WebPage","@id":"https:\/\/alcaldiaalbertoadriani.com\/?p=12413","url":"https:\/\/alcaldiaalbertoadriani.com\/?p=12413","name":"Iamcaa invita a una actividad ben\u00e9fica de la Federaci\u00f3n Municipal","isPartOf":{"@id":"https:\/\/alcaldiaalbertoadriani.com\/#website"},"datePublished":"2025-08-22T18:10:32+00:00","dateModified":"2025-08-22T18:10:36+00:00","author":{"@id":"https:\/\/alcaldiaalbertoadriani.com\/#\/schema\/person\/549b4483ff8999ac780deeea78795fc9"},"description":"Iamcaa invita a una actividad ben\u00e9fica de la Federaci\u00f3n Municipal de Danza este s\u00e1bado 23 de agosto en la cancha deportiva Negra Mach\u00e9","breadcrumb":{"@id":"https:\/\/alcaldiaalbertoadriani.com\/?p=12413#breadcrumb"},"inLanguage":"es","potentialAction":[{"@type":"ReadAction","target":["https:\/\/alcaldiaalbertoadriani.com\/?p=12413"]}]},{"@type":"BreadcrumbList","@id":"https:\/\/alcaldiaalbertoadriani.com\/?p=12413#breadcrumb","itemListElement":[{"@type":"ListItem","position":1,"name":"Portada","item":"https:\/\/alcaldiaalbertoadriani.com\/"},{"@type":"ListItem","position":2,"name":"Iamcaa invita a una actividad ben\u00e9fica de la Federaci\u00f3n Municipal de Danza este s\u00e1bado"}]},{"@type":"WebSite","@id":"https:\/\/alcaldiaalbertoadriani.com\/#website","url":"https:\/\/alcaldiaalbertoadriani.com\/","name":"Alcaldia Alberto Adriani","description":"","potentialAction":[{"@type":"SearchAction","target":{"@type":"EntryPoint","urlTemplate":"https:\/\/alcaldiaalbertoadriani.com\/?s={search_term_string}"},"query-input":"required name=search_term_string"}],"inLanguage":"es"},{"@type":"Person","@id":"https:\/\/alcaldiaalbertoadriani.com\/#\/schema\/person\/549b4483ff8999ac780deeea78795fc9","name":"Prensa","image":{"@type":"ImageObject","inLanguage":"es","@id":"https:\/\/alcaldiaalbertoadriani.com\/#\/schema\/person\/image\/","url":"https:\/\/secure.gravatar.com\/avatar\/ea1cb567ea992a29627f4eee1c2eb185ec16decec6342d508fdf18dedb56c9de?s=96&d=mm&r=g","contentUrl":"https:\/\/secure.gravatar.com\/avatar\/ea1cb567ea992a29627f4eee1c2eb185ec16decec6342d508fdf18dedb56c9de?s=96&d=mm&r=g","caption":"Prensa"},"url":"https:\/\/alcaldiaalbertoadriani.com\/?author=2"}]}},"_links":{"self":[{"href":"https:\/\/alcaldiaalbertoadriani.com\/index.php?rest_route=\/wp\/v2\/posts\/12413","targetHints":{"allow":["GET"]}}],"collection":[{"href":"https:\/\/alcaldiaalbertoadriani.com\/index.php?rest_route=\/wp\/v2\/posts"}],"about":[{"href":"https:\/\/alcaldiaalbertoadriani.com\/index.php?rest_route=\/wp\/v2\/types\/post"}],"author":[{"embeddable":true,"href":"https:\/\/alcaldiaalbertoadriani.com\/index.php?rest_route=\/wp\/v2\/users\/2"}],"replies":[{"embeddable":true,"href":"https:\/\/alcaldiaalbertoadriani.com\/index.php?rest_route=%2Fwp%2Fv2%2Fcomments&post=12413"}],"version-history":[{"count":1,"href":"https:\/\/alcaldiaalbertoadriani.com\/index.php?rest_route=\/wp\/v2\/posts\/12413\/revisions"}],"predecessor-version":[{"id":12415,"href":"https:\/\/alcaldiaalbertoadriani.com\/index.php?rest_route=\/wp\/v2\/posts\/12413\/revisions\/12415"}],"wp:featuredmedia":[{"embeddable":true,"href":"https:\/\/alcaldiaalbertoadriani.com\/index.php?rest_route=\/wp\/v2\/media\/12414"}],"wp:attachment":[{"href":"https:\/\/alcaldiaalbertoadriani.com\/index.php?rest_route=%2Fwp%2Fv2%2Fmedia&parent=12413"}],"wp:term":[{"taxonomy":"category","embeddable":true,"href":"https:\/\/alcaldiaalbertoadriani.com\/index.php?rest_route=%2Fwp%2Fv2%2Fcategories&post=12413"},{"taxonomy":"post_tag","embeddable":true,"href":"https:\/\/alcaldiaalbertoadriani.com\/index.php?rest_route=%2Fwp%2Fv2%2Ftags&post=12413"}],"curies":[{"name":"wp","href":"https:\/\/api.w.org\/{rel}","templated":true}]}}