{"id":12163,"date":"2025-07-22T14:43:16","date_gmt":"2025-07-22T14:43:16","guid":{"rendered":"https:\/\/alcaldiaalbertoadriani.com\/?p=12163"},"modified":"2025-07-22T14:43:23","modified_gmt":"2025-07-22T14:43:23","slug":"alcalde-lisandro-segura-inauguro-escuela-municipal-cano-balza","status":"publish","type":"post","link":"https:\/\/alcaldiaalbertoadriani.com\/?p=12163","title":{"rendered":"Alcalde Lisandro Segura inaugur\u00f3 Escuela Municipal en Ca\u00f1o Balza"},"content":{"rendered":"\n<p><\/p>\n\n\n\n<p>El alcalde de Alberto Adriani, <a href=\"https:\/\/www.instagram.com\/lisandrosegura02\/?hl=es\" target=\"_blank\" rel=\"noreferrer noopener\">Lisandro Segura<\/a> inaugur\u00f3 este domingo la <a href=\"https:\/\/alcaldiaalbertoadriani.com\/?p=9896\" target=\"_blank\" rel=\"noreferrer noopener\">Escuela Municipal en Ca\u00f1o Balza<\/a>, parroquia H\u00e9ctor Amable Mora. Esta obra, representa un paso significativo en la consolidaci\u00f3n de la educaci\u00f3n municipal en la jurisdicci\u00f3n. Acompa\u00f1aron en el acto de inauguraci\u00f3n, el gerente de Educaci\u00f3n, los aspirantes a concejales del municipio y parte del Tren Ejecutivo.<\/p>\n\n\n\n<figure class=\"wp-block-gallery has-nested-images columns-default is-cropped wp-block-gallery-1 is-layout-flex wp-block-gallery-is-layout-flex\">\n<figure class=\"wp-block-image size-large\"><img loading=\"lazy\" decoding=\"async\" width=\"576\" height=\"1024\" data-id=\"12174\" src=\"https:\/\/alcaldiaalbertoadriani.com\/wp-content\/uploads\/2025\/07\/5184086029932539699-576x1024.jpg\" alt=\"\" class=\"wp-image-12174\" srcset=\"https:\/\/alcaldiaalbertoadriani.com\/wp-content\/uploads\/2025\/07\/5184086029932539699-576x1024.jpg 576w, https:\/\/alcaldiaalbertoadriani.com\/wp-content\/uploads\/2025\/07\/5184086029932539699-480x853.jpg 480w\" sizes=\"auto, (min-width: 0px) and (max-width: 480px) 480px, (min-width: 481px) 576px, 100vw\" \/><\/figure>\n<\/figure>\n\n\n\n<p>El alcalde expres\u00f3 su satisfacci\u00f3n por entregar la escuela a la comunidad. \u201cSiento alegr\u00eda en mi coraz\u00f3n al poder entregarles hoy esta obra, que, aunque es sencilla, ser\u00e1 el inicio de la construcci\u00f3n de dos m\u00f3dulos m\u00e1s en lo sucesivo\u201d, afirm\u00f3.<\/p>\n\n\n\n<p>Destac\u00f3 que la ejecuci\u00f3n de la obra mediante administraci\u00f3n directa permiti\u00f3 optimizar los recursos, y agradeci\u00f3 la confianza de la comunidad. \u201cEn nombre del gobierno municipal les entrego esta obra para que la aprovechen y la cuiden\u201d, agreg\u00f3.<\/p>\n\n\n\n<p>El alcalde tambi\u00e9n se comprometi\u00f3 a equipar la escuela antes de iniciar el a\u00f1o escolar en septiembre, \u201cestaremos dotando de sillas, mesas, pizarrones y todo lo necesario para que comience a funcionar&#8221;.<\/p>\n\n\n\n<figure class=\"wp-block-gallery has-nested-images columns-default is-cropped wp-block-gallery-2 is-layout-flex wp-block-gallery-is-layout-flex\">\n<figure class=\"wp-block-image size-large\"><img loading=\"lazy\" decoding=\"async\" width=\"1024\" height=\"768\" data-id=\"12167\" src=\"https:\/\/alcaldiaalbertoadriani.com\/wp-content\/uploads\/2025\/07\/5186050809966735093-1024x768.jpg\" alt=\"\" class=\"wp-image-12167\" srcset=\"https:\/\/alcaldiaalbertoadriani.com\/wp-content\/uploads\/2025\/07\/5186050809966735093-1024x768.jpg 1024w, https:\/\/alcaldiaalbertoadriani.com\/wp-content\/uploads\/2025\/07\/5186050809966735093-980x735.jpg 980w, https:\/\/alcaldiaalbertoadriani.com\/wp-content\/uploads\/2025\/07\/5186050809966735093-480x360.jpg 480w\" sizes=\"auto, (min-width: 0px) and (max-width: 480px) 480px, (min-width: 481px) and (max-width: 980px) 980px, (min-width: 981px) 1024px, 100vw\" \/><\/figure>\n<\/figure>\n\n\n\n<p>Segura subray\u00f3 la importancia de la educaci\u00f3n por lo que desde el gobierno municipal creo la gerencia de Educaci\u00f3n a cargo de An\u00edbal Chac\u00f3n. Record\u00f3 que cuando inici\u00f3 su gesti\u00f3n, atendi\u00f3 la petici\u00f3n de los habitantes de Cerro Azul, recuperando la escuela de esa comunidad, la cual fue la primera municipal; sin embargo, \u00e9sta fue entregada al gobierno nacional.<\/p>\n\n\n\n<figure class=\"wp-block-gallery has-nested-images columns-default is-cropped wp-block-gallery-3 is-layout-flex wp-block-gallery-is-layout-flex\">\n<figure class=\"wp-block-image size-large\"><img loading=\"lazy\" decoding=\"async\" width=\"1024\" height=\"682\" data-id=\"12168\" src=\"https:\/\/alcaldiaalbertoadriani.com\/wp-content\/uploads\/2025\/07\/5186319649149660682-1024x682.jpg\" alt=\"\" class=\"wp-image-12168\" srcset=\"https:\/\/alcaldiaalbertoadriani.com\/wp-content\/uploads\/2025\/07\/5186319649149660682-1024x682.jpg 1024w, https:\/\/alcaldiaalbertoadriani.com\/wp-content\/uploads\/2025\/07\/5186319649149660682-980x653.jpg 980w, https:\/\/alcaldiaalbertoadriani.com\/wp-content\/uploads\/2025\/07\/5186319649149660682-480x320.jpg 480w\" sizes=\"auto, (min-width: 0px) and (max-width: 480px) 480px, (min-width: 481px) and (max-width: 980px) 980px, (min-width: 981px) 1024px, 100vw\" \/><\/figure>\n<\/figure>\n\n\n\n<p>Por su parte, An\u00edbal Chac\u00f3n, gerente de Educaci\u00f3n, agradeci\u00f3 al alcalde por llevar adelante un proyecto educativo de esta magnitud y se\u00f1al\u00f3 que ser\u00e1 la primera de muchas escuelas que se construir\u00e1n en el municipio para fortalecer el sistema educativo local.&nbsp; Refiri\u00f3 que la gerencia estar\u00e1 tramitando ante la Zona Educativa del estado M\u00e9rida del Ministerio del Poder Popular para la Educaci\u00f3n, la asignaci\u00f3n del c\u00f3digo para el funcionamiento de esta escuela unitaria.<\/p>\n\n\n\n<p>La infraestructura, dise\u00f1ada bajo la normativa de un aula tipo R1 seg\u00fan los profesionales de Gipul, cuenta con salas sanitarias, sala de faena y un amplio espacio para los ni\u00f1os, techos con l\u00e1minas de PVC y servicio de aguas blancas y servidas conforme a la normativa de m\u00f3dulos escolares.<\/p>\n\n\n\n<figure class=\"wp-block-gallery has-nested-images columns-default is-cropped wp-block-gallery-4 is-layout-flex wp-block-gallery-is-layout-flex\">\n<figure class=\"wp-block-image size-large\"><img loading=\"lazy\" decoding=\"async\" width=\"1024\" height=\"682\" data-id=\"12169\" src=\"https:\/\/alcaldiaalbertoadriani.com\/wp-content\/uploads\/2025\/07\/5186319649149660681-1024x682.jpg\" alt=\"\" class=\"wp-image-12169\" srcset=\"https:\/\/alcaldiaalbertoadriani.com\/wp-content\/uploads\/2025\/07\/5186319649149660681-1024x682.jpg 1024w, https:\/\/alcaldiaalbertoadriani.com\/wp-content\/uploads\/2025\/07\/5186319649149660681-980x653.jpg 980w, https:\/\/alcaldiaalbertoadriani.com\/wp-content\/uploads\/2025\/07\/5186319649149660681-480x320.jpg 480w\" sizes=\"auto, (min-width: 0px) and (max-width: 480px) 480px, (min-width: 481px) and (max-width: 980px) 980px, (min-width: 981px) 1024px, 100vw\" \/><\/figure>\n<\/figure>\n\n\n\n<p>Gladys Arellano, representante de la comunidad de Ca\u00f1o Balza, agradeci\u00f3 por la obra. \u201cGracias a Dios y al alcalde<a href=\"https:\/\/www.instagram.com\/lisandrosegura02\/?hl=es\" target=\"_blank\" rel=\"noreferrer noopener\"> Lisandro Segura<\/a> por abocarse a hacer esta hermosa obra y creemos que usted va a continuar mejor\u00e1ndola\u201d, expres\u00f3. Ana \u00c1vila, miembro de la comunidad, realiz\u00f3 la donaci\u00f3n de un busto de Sim\u00f3n Bol\u00edvar para la escuela. <strong><em>Prensa Alcald\u00eda Alberto Adriani\/ Claribel Zambrano CNP: 11843\/ Fotos: Keith Coronado y Ronald Contreras.<\/em><\/strong><\/p>\n\n\n\n<figure class=\"wp-block-gallery has-nested-images columns-default is-cropped wp-block-gallery-5 is-layout-flex wp-block-gallery-is-layout-flex\">\n<figure class=\"wp-block-image size-large\"><img loading=\"lazy\" decoding=\"async\" width=\"1024\" height=\"682\" data-id=\"12171\" src=\"https:\/\/alcaldiaalbertoadriani.com\/wp-content\/uploads\/2025\/07\/5186050809966735094-1024x682.jpg\" alt=\"\" class=\"wp-image-12171\" srcset=\"https:\/\/alcaldiaalbertoadriani.com\/wp-content\/uploads\/2025\/07\/5186050809966735094-1024x682.jpg 1024w, https:\/\/alcaldiaalbertoadriani.com\/wp-content\/uploads\/2025\/07\/5186050809966735094-980x653.jpg 980w, https:\/\/alcaldiaalbertoadriani.com\/wp-content\/uploads\/2025\/07\/5186050809966735094-480x320.jpg 480w\" sizes=\"auto, (min-width: 0px) and (max-width: 480px) 480px, (min-width: 481px) and (max-width: 980px) 980px, (min-width: 981px) 1024px, 100vw\" \/><\/figure>\n\n\n\n<figure class=\"wp-block-image size-large\"><img loading=\"lazy\" decoding=\"async\" width=\"1024\" height=\"576\" data-id=\"12170\" src=\"https:\/\/alcaldiaalbertoadriani.com\/wp-content\/uploads\/2025\/07\/5183972166054555914-1-1024x576.jpg\" alt=\"\" class=\"wp-image-12170\" srcset=\"https:\/\/alcaldiaalbertoadriani.com\/wp-content\/uploads\/2025\/07\/5183972166054555914-1-1024x576.jpg 1024w, https:\/\/alcaldiaalbertoadriani.com\/wp-content\/uploads\/2025\/07\/5183972166054555914-1-980x551.jpg 980w, https:\/\/alcaldiaalbertoadriani.com\/wp-content\/uploads\/2025\/07\/5183972166054555914-1-480x270.jpg 480w\" sizes=\"auto, (min-width: 0px) and (max-width: 480px) 480px, (min-width: 481px) and (max-width: 980px) 980px, (min-width: 981px) 1024px, 100vw\" \/><\/figure>\n\n\n\n<figure class=\"wp-block-image size-large\"><img loading=\"lazy\" decoding=\"async\" width=\"1024\" height=\"768\" data-id=\"12172\" src=\"https:\/\/alcaldiaalbertoadriani.com\/wp-content\/uploads\/2025\/07\/5186319649149660683-1024x768.jpg\" alt=\"\" class=\"wp-image-12172\" srcset=\"https:\/\/alcaldiaalbertoadriani.com\/wp-content\/uploads\/2025\/07\/5186319649149660683-1024x768.jpg 1024w, https:\/\/alcaldiaalbertoadriani.com\/wp-content\/uploads\/2025\/07\/5186319649149660683-980x735.jpg 980w, https:\/\/alcaldiaalbertoadriani.com\/wp-content\/uploads\/2025\/07\/5186319649149660683-480x360.jpg 480w\" sizes=\"auto, (min-width: 0px) and (max-width: 480px) 480px, (min-width: 481px) and (max-width: 980px) 980px, (min-width: 981px) 1024px, 100vw\" \/><\/figure>\n\n\n\n<figure class=\"wp-block-image size-large\"><img loading=\"lazy\" decoding=\"async\" width=\"1024\" height=\"768\" data-id=\"12173\" src=\"https:\/\/alcaldiaalbertoadriani.com\/wp-content\/uploads\/2025\/07\/5186319649149660679-1024x768.jpg\" alt=\"\" class=\"wp-image-12173\" srcset=\"https:\/\/alcaldiaalbertoadriani.com\/wp-content\/uploads\/2025\/07\/5186319649149660679-1024x768.jpg 1024w, https:\/\/alcaldiaalbertoadriani.com\/wp-content\/uploads\/2025\/07\/5186319649149660679-980x735.jpg 980w, https:\/\/alcaldiaalbertoadriani.com\/wp-content\/uploads\/2025\/07\/5186319649149660679-480x360.jpg 480w\" sizes=\"auto, (min-width: 0px) and (max-width: 480px) 480px, (min-width: 481px) and (max-width: 980px) 980px, (min-width: 981px) 1024px, 100vw\" \/><\/figure>\n<\/figure>\n","protected":false},"excerpt":{"rendered":"<p>El alcalde de Alberto Adriani, Lisandro Segura inaugur\u00f3 este domingo la Escuela Municipal en Ca\u00f1o Balza, parroquia H\u00e9ctor Amable Mora. Esta obra, representa un paso significativo en la consolidaci\u00f3n de [&hellip;]<\/p>\n","protected":false},"author":2,"featured_media":12165,"comment_status":"open","ping_status":"closed","sticky":false,"template":"","format":"standard","meta":{"_et_pb_use_builder":"off","_et_pb_old_content":"","_et_gb_content_width":"","footnotes":""},"categories":[341,25],"tags":[31,11,12,15,761,30,28,1076],"class_list":["post-12163","post","type-post","status-publish","format-standard","has-post-thumbnail","hentry","category-alcaldia-alberto-adriani","category-nuestro-municipio","tag-alcalde","tag-alcaldia","tag-alcaldiaalbertoadriani","tag-elvigia","tag-encrucijadadeprogreso","tag-lisandrosegura","tag-porelrenacer","tag-alcalde-lisandro-segura-inauguro-escuela-municipal-cano-balza"],"yoast_head":"<!-- This site is optimized with the Yoast SEO plugin v19.13 - https:\/\/yoast.com\/wordpress\/plugins\/seo\/ -->\n<title>Alcalde Lisandro Segura inaugur\u00f3 Escuela Municipal Ca\u00f1o Balza<\/title>\n<meta name=\"description\" content=\"Alcalde Lisandro Segura inaugur\u00f3 Escuela Municipal en Ca\u00f1o Balza parroquia H\u00e9ctor Amable Mora, esta obra representa un paso significativo\" \/>\n<meta name=\"robots\" content=\"index, follow, max-snippet:-1, max-image-preview:large, max-video-preview:-1\" \/>\n<link rel=\"canonical\" href=\"https:\/\/alcaldiaalbertoadriani.com\/?p=12163\" \/>\n<meta property=\"og:locale\" content=\"es_ES\" \/>\n<meta property=\"og:type\" content=\"article\" \/>\n<meta property=\"og:title\" content=\"Alcalde Lisandro Segura inaugur\u00f3 Escuela Municipal Ca\u00f1o Balza\" \/>\n<meta property=\"og:description\" content=\"Alcalde Lisandro Segura inaugur\u00f3 Escuela Municipal en Ca\u00f1o Balza parroquia H\u00e9ctor Amable Mora, esta obra representa un paso significativo\" \/>\n<meta property=\"og:url\" content=\"https:\/\/alcaldiaalbertoadriani.com\/?p=12163\" \/>\n<meta property=\"og:site_name\" content=\"Alcaldia Alberto Adriani\" \/>\n<meta property=\"article:published_time\" content=\"2025-07-22T14:43:16+00:00\" \/>\n<meta property=\"article:modified_time\" content=\"2025-07-22T14:43:23+00:00\" \/>\n<meta property=\"og:image\" content=\"https:\/\/alcaldiaalbertoadriani.com\/wp-content\/uploads\/2025\/07\/5186319649149660680.jpg\" \/>\n\t<meta property=\"og:image:width\" content=\"1280\" \/>\n\t<meta property=\"og:image:height\" content=\"720\" \/>\n\t<meta property=\"og:image:type\" content=\"image\/jpeg\" \/>\n<meta name=\"author\" content=\"Prensa\" \/>\n<meta name=\"twitter:card\" content=\"summary_large_image\" \/>\n<meta name=\"twitter:label1\" content=\"Escrito por\" \/>\n\t<meta name=\"twitter:data1\" content=\"Prensa\" \/>\n\t<meta name=\"twitter:label2\" content=\"Tiempo de lectura\" \/>\n\t<meta name=\"twitter:data2\" content=\"4 minutos\" \/>\n<script type=\"application\/ld+json\" class=\"yoast-schema-graph\">{\"@context\":\"https:\/\/schema.org\",\"@graph\":[{\"@type\":\"WebPage\",\"@id\":\"https:\/\/alcaldiaalbertoadriani.com\/?p=12163\",\"url\":\"https:\/\/alcaldiaalbertoadriani.com\/?p=12163\",\"name\":\"Alcalde Lisandro Segura inaugur\u00f3 Escuela Municipal Ca\u00f1o Balza\",\"isPartOf\":{\"@id\":\"https:\/\/alcaldiaalbertoadriani.com\/#website\"},\"datePublished\":\"2025-07-22T14:43:16+00:00\",\"dateModified\":\"2025-07-22T14:43:23+00:00\",\"author\":{\"@id\":\"https:\/\/alcaldiaalbertoadriani.com\/#\/schema\/person\/549b4483ff8999ac780deeea78795fc9\"},\"description\":\"Alcalde Lisandro Segura inaugur\u00f3 Escuela Municipal en Ca\u00f1o Balza parroquia H\u00e9ctor Amable Mora, esta obra representa un paso significativo\",\"breadcrumb\":{\"@id\":\"https:\/\/alcaldiaalbertoadriani.com\/?p=12163#breadcrumb\"},\"inLanguage\":\"es\",\"potentialAction\":[{\"@type\":\"ReadAction\",\"target\":[\"https:\/\/alcaldiaalbertoadriani.com\/?p=12163\"]}]},{\"@type\":\"BreadcrumbList\",\"@id\":\"https:\/\/alcaldiaalbertoadriani.com\/?p=12163#breadcrumb\",\"itemListElement\":[{\"@type\":\"ListItem\",\"position\":1,\"name\":\"Portada\",\"item\":\"https:\/\/alcaldiaalbertoadriani.com\/\"},{\"@type\":\"ListItem\",\"position\":2,\"name\":\"Alcalde Lisandro Segura inaugur\u00f3 Escuela Municipal en Ca\u00f1o Balza\"}]},{\"@type\":\"WebSite\",\"@id\":\"https:\/\/alcaldiaalbertoadriani.com\/#website\",\"url\":\"https:\/\/alcaldiaalbertoadriani.com\/\",\"name\":\"Alcaldia Alberto Adriani\",\"description\":\"\",\"potentialAction\":[{\"@type\":\"SearchAction\",\"target\":{\"@type\":\"EntryPoint\",\"urlTemplate\":\"https:\/\/alcaldiaalbertoadriani.com\/?s={search_term_string}\"},\"query-input\":\"required name=search_term_string\"}],\"inLanguage\":\"es\"},{\"@type\":\"Person\",\"@id\":\"https:\/\/alcaldiaalbertoadriani.com\/#\/schema\/person\/549b4483ff8999ac780deeea78795fc9\",\"name\":\"Prensa\",\"image\":{\"@type\":\"ImageObject\",\"inLanguage\":\"es\",\"@id\":\"https:\/\/alcaldiaalbertoadriani.com\/#\/schema\/person\/image\/\",\"url\":\"https:\/\/secure.gravatar.com\/avatar\/ea1cb567ea992a29627f4eee1c2eb185ec16decec6342d508fdf18dedb56c9de?s=96&d=mm&r=g\",\"contentUrl\":\"https:\/\/secure.gravatar.com\/avatar\/ea1cb567ea992a29627f4eee1c2eb185ec16decec6342d508fdf18dedb56c9de?s=96&d=mm&r=g\",\"caption\":\"Prensa\"},\"url\":\"https:\/\/alcaldiaalbertoadriani.com\/?author=2\"}]}<\/script>\n<!-- \/ Yoast SEO plugin. -->","yoast_head_json":{"title":"Alcalde Lisandro Segura inaugur\u00f3 Escuela Municipal Ca\u00f1o Balza","description":"Alcalde Lisandro Segura inaugur\u00f3 Escuela Municipal en Ca\u00f1o Balza parroquia H\u00e9ctor Amable Mora, esta obra representa un paso significativo","robots":{"index":"index","follow":"follow","max-snippet":"max-snippet:-1","max-image-preview":"max-image-preview:large","max-video-preview":"max-video-preview:-1"},"canonical":"https:\/\/alcaldiaalbertoadriani.com\/?p=12163","og_locale":"es_ES","og_type":"article","og_title":"Alcalde Lisandro Segura inaugur\u00f3 Escuela Municipal Ca\u00f1o Balza","og_description":"Alcalde Lisandro Segura inaugur\u00f3 Escuela Municipal en Ca\u00f1o Balza parroquia H\u00e9ctor Amable Mora, esta obra representa un paso significativo","og_url":"https:\/\/alcaldiaalbertoadriani.com\/?p=12163","og_site_name":"Alcaldia Alberto Adriani","article_published_time":"2025-07-22T14:43:16+00:00","article_modified_time":"2025-07-22T14:43:23+00:00","og_image":[{"width":1280,"height":720,"url":"https:\/\/alcaldiaalbertoadriani.com\/wp-content\/uploads\/2025\/07\/5186319649149660680.jpg","type":"image\/jpeg"}],"author":"Prensa","twitter_card":"summary_large_image","twitter_misc":{"Escrito por":"Prensa","Tiempo de lectura":"4 minutos"},"schema":{"@context":"https:\/\/schema.org","@graph":[{"@type":"WebPage","@id":"https:\/\/alcaldiaalbertoadriani.com\/?p=12163","url":"https:\/\/alcaldiaalbertoadriani.com\/?p=12163","name":"Alcalde Lisandro Segura inaugur\u00f3 Escuela Municipal Ca\u00f1o Balza","isPartOf":{"@id":"https:\/\/alcaldiaalbertoadriani.com\/#website"},"datePublished":"2025-07-22T14:43:16+00:00","dateModified":"2025-07-22T14:43:23+00:00","author":{"@id":"https:\/\/alcaldiaalbertoadriani.com\/#\/schema\/person\/549b4483ff8999ac780deeea78795fc9"},"description":"Alcalde Lisandro Segura inaugur\u00f3 Escuela Municipal en Ca\u00f1o Balza parroquia H\u00e9ctor Amable Mora, esta obra representa un paso significativo","breadcrumb":{"@id":"https:\/\/alcaldiaalbertoadriani.com\/?p=12163#breadcrumb"},"inLanguage":"es","potentialAction":[{"@type":"ReadAction","target":["https:\/\/alcaldiaalbertoadriani.com\/?p=12163"]}]},{"@type":"BreadcrumbList","@id":"https:\/\/alcaldiaalbertoadriani.com\/?p=12163#breadcrumb","itemListElement":[{"@type":"ListItem","position":1,"name":"Portada","item":"https:\/\/alcaldiaalbertoadriani.com\/"},{"@type":"ListItem","position":2,"name":"Alcalde Lisandro Segura inaugur\u00f3 Escuela Municipal en Ca\u00f1o Balza"}]},{"@type":"WebSite","@id":"https:\/\/alcaldiaalbertoadriani.com\/#website","url":"https:\/\/alcaldiaalbertoadriani.com\/","name":"Alcaldia Alberto Adriani","description":"","potentialAction":[{"@type":"SearchAction","target":{"@type":"EntryPoint","urlTemplate":"https:\/\/alcaldiaalbertoadriani.com\/?s={search_term_string}"},"query-input":"required name=search_term_string"}],"inLanguage":"es"},{"@type":"Person","@id":"https:\/\/alcaldiaalbertoadriani.com\/#\/schema\/person\/549b4483ff8999ac780deeea78795fc9","name":"Prensa","image":{"@type":"ImageObject","inLanguage":"es","@id":"https:\/\/alcaldiaalbertoadriani.com\/#\/schema\/person\/image\/","url":"https:\/\/secure.gravatar.com\/avatar\/ea1cb567ea992a29627f4eee1c2eb185ec16decec6342d508fdf18dedb56c9de?s=96&d=mm&r=g","contentUrl":"https:\/\/secure.gravatar.com\/avatar\/ea1cb567ea992a29627f4eee1c2eb185ec16decec6342d508fdf18dedb56c9de?s=96&d=mm&r=g","caption":"Prensa"},"url":"https:\/\/alcaldiaalbertoadriani.com\/?author=2"}]}},"_links":{"self":[{"href":"https:\/\/alcaldiaalbertoadriani.com\/index.php?rest_route=\/wp\/v2\/posts\/12163","targetHints":{"allow":["GET"]}}],"collection":[{"href":"https:\/\/alcaldiaalbertoadriani.com\/index.php?rest_route=\/wp\/v2\/posts"}],"about":[{"href":"https:\/\/alcaldiaalbertoadriani.com\/index.php?rest_route=\/wp\/v2\/types\/post"}],"author":[{"embeddable":true,"href":"https:\/\/alcaldiaalbertoadriani.com\/index.php?rest_route=\/wp\/v2\/users\/2"}],"replies":[{"embeddable":true,"href":"https:\/\/alcaldiaalbertoadriani.com\/index.php?rest_route=%2Fwp%2Fv2%2Fcomments&post=12163"}],"version-history":[{"count":1,"href":"https:\/\/alcaldiaalbertoadriani.com\/index.php?rest_route=\/wp\/v2\/posts\/12163\/revisions"}],"predecessor-version":[{"id":12175,"href":"https:\/\/alcaldiaalbertoadriani.com\/index.php?rest_route=\/wp\/v2\/posts\/12163\/revisions\/12175"}],"wp:featuredmedia":[{"embeddable":true,"href":"https:\/\/alcaldiaalbertoadriani.com\/index.php?rest_route=\/wp\/v2\/media\/12165"}],"wp:attachment":[{"href":"https:\/\/alcaldiaalbertoadriani.com\/index.php?rest_route=%2Fwp%2Fv2%2Fmedia&parent=12163"}],"wp:term":[{"taxonomy":"category","embeddable":true,"href":"https:\/\/alcaldiaalbertoadriani.com\/index.php?rest_route=%2Fwp%2Fv2%2Fcategories&post=12163"},{"taxonomy":"post_tag","embeddable":true,"href":"https:\/\/alcaldiaalbertoadriani.com\/index.php?rest_route=%2Fwp%2Fv2%2Ftags&post=12163"}],"curies":[{"name":"wp","href":"https:\/\/api.w.org\/{rel}","templated":true}]}}