{"id":12151,"date":"2025-07-22T14:31:59","date_gmt":"2025-07-22T14:31:59","guid":{"rendered":"https:\/\/alcaldiaalbertoadriani.com\/?p=12151"},"modified":"2025-07-22T14:32:04","modified_gmt":"2025-07-22T14:32:04","slug":"colonia-colombiana-conmemoro-215-anos-de-independencia","status":"publish","type":"post","link":"https:\/\/alcaldiaalbertoadriani.com\/?p=12151","title":{"rendered":"Colonia Colombiana conmemor\u00f3 215 a\u00f1os de Independencia de su pa\u00eds"},"content":{"rendered":"\n<h2 class=\"wp-block-heading\"><strong><em>Orlando Carvajal Callejas fungi\u00f3 como Orador de Orden en esta conmemoraci\u00f3n independentista<\/em><\/strong><\/h2>\n\n\n\n<p><\/p>\n\n\n\n<p>Con una ofrenda floral ante el Padre de la Patria, Sim\u00f3n Bol\u00edvar, representantes de la <a href=\"https:\/\/alcaldiaalbertoadriani.com\/?p=3141\" target=\"_blank\" rel=\"noreferrer noopener\">Colonia Colombiana<\/a> del municipio Alberto Adriani, conmemoraron este 20 de julio el Ducent\u00e9simo D\u00e9cimo Quinto (215) aniversario de la Independencia de Colombia.<\/p>\n\n\n\n<p>La actividad estuvo encabezada por el alcalde <a href=\"https:\/\/www.instagram.com\/lisandrosegura02\/?hl=es\" target=\"_blank\" rel=\"noreferrer noopener\">Lisandro Segura<\/a>, junto con Orlando Carvajal Callejas, quien fungi\u00f3 como orador de orden, as\u00ed como Santander Castro Z\u00fa\u00f1iga, miembro directivo del Club Colombo Venezolano y representante de la Colonia Colombiana en la jurisdicci\u00f3n.<\/p>\n\n\n\n<figure class=\"wp-block-gallery has-nested-images columns-default is-cropped wp-block-gallery-1 is-layout-flex wp-block-gallery-is-layout-flex\">\n<figure class=\"wp-block-image size-large\"><img loading=\"lazy\" decoding=\"async\" width=\"1024\" height=\"682\" data-id=\"12155\" src=\"https:\/\/alcaldiaalbertoadriani.com\/wp-content\/uploads\/2025\/07\/5185927651779522467-1024x682.jpg\" alt=\"\" class=\"wp-image-12155\" srcset=\"https:\/\/alcaldiaalbertoadriani.com\/wp-content\/uploads\/2025\/07\/5185927651779522467-1024x682.jpg 1024w, https:\/\/alcaldiaalbertoadriani.com\/wp-content\/uploads\/2025\/07\/5185927651779522467-980x653.jpg 980w, https:\/\/alcaldiaalbertoadriani.com\/wp-content\/uploads\/2025\/07\/5185927651779522467-480x320.jpg 480w\" sizes=\"auto, (min-width: 0px) and (max-width: 480px) 480px, (min-width: 481px) and (max-width: 980px) 980px, (min-width: 981px) 1024px, 100vw\" \/><\/figure>\n<\/figure>\n\n\n\n<p>En sus palabras, <a href=\"https:\/\/www.instagram.com\/lisandrosegura02\/?hl=es\" target=\"_blank\" rel=\"noreferrer noopener\">Lisandro Segura<\/a> felicit\u00f3 al Club Colombo Venezolano y a la Colonia Colombiana por esta celebraci\u00f3n independentista de la hermana Rep\u00fablica de Colombia.<\/p>\n\n\n\n<figure class=\"wp-block-gallery has-nested-images columns-default is-cropped wp-block-gallery-2 is-layout-flex wp-block-gallery-is-layout-flex\">\n<figure class=\"wp-block-image size-large\"><img loading=\"lazy\" decoding=\"async\" width=\"1024\" height=\"682\" data-id=\"12161\" src=\"https:\/\/alcaldiaalbertoadriani.com\/wp-content\/uploads\/2025\/07\/5185927651779522465-1024x682.jpg\" alt=\"\" class=\"wp-image-12161\" srcset=\"https:\/\/alcaldiaalbertoadriani.com\/wp-content\/uploads\/2025\/07\/5185927651779522465-1024x682.jpg 1024w, https:\/\/alcaldiaalbertoadriani.com\/wp-content\/uploads\/2025\/07\/5185927651779522465-980x653.jpg 980w, https:\/\/alcaldiaalbertoadriani.com\/wp-content\/uploads\/2025\/07\/5185927651779522465-480x320.jpg 480w\" sizes=\"auto, (min-width: 0px) and (max-width: 480px) 480px, (min-width: 481px) and (max-width: 980px) 980px, (min-width: 981px) 1024px, 100vw\" \/><\/figure>\n<\/figure>\n\n\n\n<p>&#8220;C\u00f3mo no sentirme contento y agradecido con esta importante fecha si, adem\u00e1s, soy hijo de una ciudadana colombiana\u201d, enfatiz\u00f3 y agreg\u00f3 que \u201clos colombianos y los venezolanos somos hermanos y mantenemos una maravillosa relaci\u00f3n&#8221;.<\/p>\n\n\n\n<h2 class=\"wp-block-heading\"><strong>Discurso orador<\/strong><\/h2>\n\n\n\n<p>Entretanto, Orlando Carvajal Callejas, resalt\u00f3 parte de los hechos hist\u00f3ricos que dieron paso a la Independencia de Colombia. \u201cEl 20 de julio de 1810, un altercado en Santaf\u00e9 (hoy Bogot\u00e1) por un florero prestado a un comerciante espa\u00f1ol, conocido como &#8220;El Florero de Llorente&#8221;, desencaden\u00f3 el primer grito de independencia\u201d, record\u00f3.<\/p>\n\n\n\n<figure class=\"wp-block-gallery has-nested-images columns-default is-cropped wp-block-gallery-3 is-layout-flex wp-block-gallery-is-layout-flex\">\n<figure class=\"wp-block-image size-large\"><img loading=\"lazy\" decoding=\"async\" width=\"1024\" height=\"682\" data-id=\"12153\" src=\"https:\/\/alcaldiaalbertoadriani.com\/wp-content\/uploads\/2025\/07\/5185927651779522466-1024x682.jpg\" alt=\"\" class=\"wp-image-12153\" srcset=\"https:\/\/alcaldiaalbertoadriani.com\/wp-content\/uploads\/2025\/07\/5185927651779522466-1024x682.jpg 1024w, https:\/\/alcaldiaalbertoadriani.com\/wp-content\/uploads\/2025\/07\/5185927651779522466-980x653.jpg 980w, https:\/\/alcaldiaalbertoadriani.com\/wp-content\/uploads\/2025\/07\/5185927651779522466-480x320.jpg 480w\" sizes=\"auto, (min-width: 0px) and (max-width: 480px) 480px, (min-width: 481px) and (max-width: 980px) 980px, (min-width: 981px) 1024px, 100vw\" \/><\/figure>\n<\/figure>\n\n\n\n<p>Dijo que la comunidad colombiana aport\u00f3 significativamente al desarrollo comercial e industrial de El Vig\u00eda y la zona Sur del Lago -esto fue evidente desde la llegada del ferrocarril y la fundaci\u00f3n del sector El Tamarindo, as\u00ed como con la conformaci\u00f3n del Club Colombo Venezolano en 1983.<\/p>\n\n\n\n<p>Por \u00faltimo, la actividad tambi\u00e9n cont\u00f3 con la participaci\u00f3n de la <a href=\"https:\/\/alcaldiaalbertoadriani.com\/?p=1297\" target=\"_blank\" rel=\"noreferrer noopener\">Banda Municipal Inocente Carre\u00f1o<\/a> del Instituto Aut\u00f3nomo Municipal de la Cultura \u2013<a href=\"https:\/\/alcaldiaalbertoadriani.com\/?p=6506\" target=\"_blank\" rel=\"noreferrer noopener\">Iamcaa<\/a>&#8211; y la presentaci\u00f3n de una cumbia a cargo de Chidance. <strong><em>Prensa Alcald\u00eda Alberto Adriani\/Edgar Mendoza CNP. 25.736\/Fotos: Ronald Contreras.<\/em><\/strong><\/p>\n\n\n\n<figure class=\"wp-block-gallery has-nested-images columns-default is-cropped wp-block-gallery-4 is-layout-flex wp-block-gallery-is-layout-flex\">\n<figure class=\"wp-block-image size-large\"><img loading=\"lazy\" decoding=\"async\" width=\"1024\" height=\"682\" data-id=\"12154\" src=\"https:\/\/alcaldiaalbertoadriani.com\/wp-content\/uploads\/2025\/07\/5185927651779522470-1024x682.jpg\" alt=\"\" class=\"wp-image-12154\" srcset=\"https:\/\/alcaldiaalbertoadriani.com\/wp-content\/uploads\/2025\/07\/5185927651779522470-1024x682.jpg 1024w, https:\/\/alcaldiaalbertoadriani.com\/wp-content\/uploads\/2025\/07\/5185927651779522470-980x653.jpg 980w, https:\/\/alcaldiaalbertoadriani.com\/wp-content\/uploads\/2025\/07\/5185927651779522470-480x320.jpg 480w\" sizes=\"auto, (min-width: 0px) and (max-width: 480px) 480px, (min-width: 481px) and (max-width: 980px) 980px, (min-width: 981px) 1024px, 100vw\" \/><\/figure>\n<\/figure>\n\n\n\n<figure class=\"wp-block-gallery has-nested-images columns-default is-cropped wp-block-gallery-5 is-layout-flex wp-block-gallery-is-layout-flex\">\n<figure class=\"wp-block-image size-large\"><img loading=\"lazy\" decoding=\"async\" width=\"1024\" height=\"682\" data-id=\"12159\" src=\"https:\/\/alcaldiaalbertoadriani.com\/wp-content\/uploads\/2025\/07\/5185927651779522464-1024x682.jpg\" alt=\"\" class=\"wp-image-12159\" srcset=\"https:\/\/alcaldiaalbertoadriani.com\/wp-content\/uploads\/2025\/07\/5185927651779522464-1024x682.jpg 1024w, https:\/\/alcaldiaalbertoadriani.com\/wp-content\/uploads\/2025\/07\/5185927651779522464-980x653.jpg 980w, https:\/\/alcaldiaalbertoadriani.com\/wp-content\/uploads\/2025\/07\/5185927651779522464-480x320.jpg 480w\" sizes=\"auto, (min-width: 0px) and (max-width: 480px) 480px, (min-width: 481px) and (max-width: 980px) 980px, (min-width: 981px) 1024px, 100vw\" \/><\/figure>\n\n\n\n<figure class=\"wp-block-image size-large\"><img loading=\"lazy\" decoding=\"async\" width=\"1024\" height=\"682\" data-id=\"12160\" src=\"https:\/\/alcaldiaalbertoadriani.com\/wp-content\/uploads\/2025\/07\/5185927651779522472-1024x682.jpg\" alt=\"\" class=\"wp-image-12160\" srcset=\"https:\/\/alcaldiaalbertoadriani.com\/wp-content\/uploads\/2025\/07\/5185927651779522472-1024x682.jpg 1024w, https:\/\/alcaldiaalbertoadriani.com\/wp-content\/uploads\/2025\/07\/5185927651779522472-980x653.jpg 980w, https:\/\/alcaldiaalbertoadriani.com\/wp-content\/uploads\/2025\/07\/5185927651779522472-480x320.jpg 480w\" sizes=\"auto, (min-width: 0px) and (max-width: 480px) 480px, (min-width: 481px) and (max-width: 980px) 980px, (min-width: 981px) 1024px, 100vw\" \/><\/figure>\n\n\n\n<figure class=\"wp-block-image size-large\"><img loading=\"lazy\" decoding=\"async\" width=\"1024\" height=\"682\" data-id=\"12158\" src=\"https:\/\/alcaldiaalbertoadriani.com\/wp-content\/uploads\/2025\/07\/5185927651779522471-1024x682.jpg\" alt=\"\" class=\"wp-image-12158\" srcset=\"https:\/\/alcaldiaalbertoadriani.com\/wp-content\/uploads\/2025\/07\/5185927651779522471-1024x682.jpg 1024w, https:\/\/alcaldiaalbertoadriani.com\/wp-content\/uploads\/2025\/07\/5185927651779522471-980x653.jpg 980w, https:\/\/alcaldiaalbertoadriani.com\/wp-content\/uploads\/2025\/07\/5185927651779522471-480x320.jpg 480w\" sizes=\"auto, (min-width: 0px) and (max-width: 480px) 480px, (min-width: 481px) and (max-width: 980px) 980px, (min-width: 981px) 1024px, 100vw\" \/><\/figure>\n\n\n\n<figure class=\"wp-block-image size-large\"><img loading=\"lazy\" decoding=\"async\" width=\"1024\" height=\"682\" data-id=\"12156\" src=\"https:\/\/alcaldiaalbertoadriani.com\/wp-content\/uploads\/2025\/07\/5185927651779522469-1024x682.jpg\" alt=\"\" class=\"wp-image-12156\" srcset=\"https:\/\/alcaldiaalbertoadriani.com\/wp-content\/uploads\/2025\/07\/5185927651779522469-1024x682.jpg 1024w, https:\/\/alcaldiaalbertoadriani.com\/wp-content\/uploads\/2025\/07\/5185927651779522469-980x653.jpg 980w, https:\/\/alcaldiaalbertoadriani.com\/wp-content\/uploads\/2025\/07\/5185927651779522469-480x320.jpg 480w\" sizes=\"auto, (min-width: 0px) and (max-width: 480px) 480px, (min-width: 481px) and (max-width: 980px) 980px, (min-width: 981px) 1024px, 100vw\" \/><\/figure>\n\n\n\n<figure class=\"wp-block-image size-large\"><img loading=\"lazy\" decoding=\"async\" width=\"1024\" height=\"682\" data-id=\"12157\" src=\"https:\/\/alcaldiaalbertoadriani.com\/wp-content\/uploads\/2025\/07\/5185927651779522468-1024x682.jpg\" alt=\"\" class=\"wp-image-12157\" srcset=\"https:\/\/alcaldiaalbertoadriani.com\/wp-content\/uploads\/2025\/07\/5185927651779522468-1024x682.jpg 1024w, https:\/\/alcaldiaalbertoadriani.com\/wp-content\/uploads\/2025\/07\/5185927651779522468-980x653.jpg 980w, https:\/\/alcaldiaalbertoadriani.com\/wp-content\/uploads\/2025\/07\/5185927651779522468-480x320.jpg 480w\" sizes=\"auto, (min-width: 0px) and (max-width: 480px) 480px, (min-width: 481px) and (max-width: 980px) 980px, (min-width: 981px) 1024px, 100vw\" \/><\/figure>\n<\/figure>\n","protected":false},"excerpt":{"rendered":"<p>Orlando Carvajal Callejas fungi\u00f3 como Orador de Orden en esta conmemoraci\u00f3n independentista Con una ofrenda floral ante el Padre de la Patria, Sim\u00f3n Bol\u00edvar, representantes de la Colonia Colombiana del [&hellip;]<\/p>\n","protected":false},"author":2,"featured_media":12152,"comment_status":"open","ping_status":"closed","sticky":false,"template":"","format":"standard","meta":{"_et_pb_use_builder":"off","_et_pb_old_content":"","_et_gb_content_width":"","footnotes":""},"categories":[341,78,77,25],"tags":[31,11,12,15,761,30,29,28],"class_list":["post-12151","post","type-post","status-publish","format-standard","has-post-thumbnail","hentry","category-alcaldia-alberto-adriani","category-cultura","category-iamcaa","category-nuestro-municipio","tag-alcalde","tag-alcaldia","tag-alcaldiaalbertoadriani","tag-elvigia","tag-encrucijadadeprogreso","tag-lisandrosegura","tag-municipioquenosmerecemos","tag-porelrenacer"],"yoast_head":"<!-- This site is optimized with the Yoast SEO plugin v19.13 - https:\/\/yoast.com\/wordpress\/plugins\/seo\/ -->\n<title>Colonia Colombiana conmemor\u00f3 215 a\u00f1os de Independencia<\/title>\n<meta name=\"description\" content=\"Colonia Colombiana conmemor\u00f3 215 a\u00f1os de Independencia de su pa\u00eds, Orlando Carvajal Callejas fungi\u00f3 como Orador de Orden\" \/>\n<meta name=\"robots\" content=\"index, follow, max-snippet:-1, max-image-preview:large, max-video-preview:-1\" \/>\n<link rel=\"canonical\" href=\"https:\/\/alcaldiaalbertoadriani.com\/?p=12151\" \/>\n<meta property=\"og:locale\" content=\"es_ES\" \/>\n<meta property=\"og:type\" content=\"article\" \/>\n<meta property=\"og:title\" content=\"Colonia Colombiana conmemor\u00f3 215 a\u00f1os de Independencia\" \/>\n<meta property=\"og:description\" content=\"Colonia Colombiana conmemor\u00f3 215 a\u00f1os de Independencia de su pa\u00eds, Orlando Carvajal Callejas fungi\u00f3 como Orador de Orden\" \/>\n<meta property=\"og:url\" content=\"https:\/\/alcaldiaalbertoadriani.com\/?p=12151\" \/>\n<meta property=\"og:site_name\" content=\"Alcaldia Alberto Adriani\" \/>\n<meta property=\"article:published_time\" content=\"2025-07-22T14:31:59+00:00\" \/>\n<meta property=\"article:modified_time\" content=\"2025-07-22T14:32:04+00:00\" \/>\n<meta property=\"og:image\" content=\"https:\/\/alcaldiaalbertoadriani.com\/wp-content\/uploads\/2025\/07\/5185927651779522463.jpg\" \/>\n\t<meta property=\"og:image:width\" content=\"800\" \/>\n\t<meta property=\"og:image:height\" content=\"533\" \/>\n\t<meta property=\"og:image:type\" content=\"image\/jpeg\" \/>\n<meta name=\"author\" content=\"Prensa\" \/>\n<meta name=\"twitter:card\" content=\"summary_large_image\" \/>\n<meta name=\"twitter:label1\" content=\"Escrito por\" \/>\n\t<meta name=\"twitter:data1\" content=\"Prensa\" \/>\n\t<meta name=\"twitter:label2\" content=\"Tiempo de lectura\" \/>\n\t<meta name=\"twitter:data2\" content=\"4 minutos\" \/>\n<script type=\"application\/ld+json\" class=\"yoast-schema-graph\">{\"@context\":\"https:\/\/schema.org\",\"@graph\":[{\"@type\":\"WebPage\",\"@id\":\"https:\/\/alcaldiaalbertoadriani.com\/?p=12151\",\"url\":\"https:\/\/alcaldiaalbertoadriani.com\/?p=12151\",\"name\":\"Colonia Colombiana conmemor\u00f3 215 a\u00f1os de Independencia\",\"isPartOf\":{\"@id\":\"https:\/\/alcaldiaalbertoadriani.com\/#website\"},\"datePublished\":\"2025-07-22T14:31:59+00:00\",\"dateModified\":\"2025-07-22T14:32:04+00:00\",\"author\":{\"@id\":\"https:\/\/alcaldiaalbertoadriani.com\/#\/schema\/person\/549b4483ff8999ac780deeea78795fc9\"},\"description\":\"Colonia Colombiana conmemor\u00f3 215 a\u00f1os de Independencia de su pa\u00eds, Orlando Carvajal Callejas fungi\u00f3 como Orador de Orden\",\"breadcrumb\":{\"@id\":\"https:\/\/alcaldiaalbertoadriani.com\/?p=12151#breadcrumb\"},\"inLanguage\":\"es\",\"potentialAction\":[{\"@type\":\"ReadAction\",\"target\":[\"https:\/\/alcaldiaalbertoadriani.com\/?p=12151\"]}]},{\"@type\":\"BreadcrumbList\",\"@id\":\"https:\/\/alcaldiaalbertoadriani.com\/?p=12151#breadcrumb\",\"itemListElement\":[{\"@type\":\"ListItem\",\"position\":1,\"name\":\"Portada\",\"item\":\"https:\/\/alcaldiaalbertoadriani.com\/\"},{\"@type\":\"ListItem\",\"position\":2,\"name\":\"Colonia Colombiana conmemor\u00f3 215 a\u00f1os de Independencia de su pa\u00eds\"}]},{\"@type\":\"WebSite\",\"@id\":\"https:\/\/alcaldiaalbertoadriani.com\/#website\",\"url\":\"https:\/\/alcaldiaalbertoadriani.com\/\",\"name\":\"Alcaldia Alberto Adriani\",\"description\":\"\",\"potentialAction\":[{\"@type\":\"SearchAction\",\"target\":{\"@type\":\"EntryPoint\",\"urlTemplate\":\"https:\/\/alcaldiaalbertoadriani.com\/?s={search_term_string}\"},\"query-input\":\"required name=search_term_string\"}],\"inLanguage\":\"es\"},{\"@type\":\"Person\",\"@id\":\"https:\/\/alcaldiaalbertoadriani.com\/#\/schema\/person\/549b4483ff8999ac780deeea78795fc9\",\"name\":\"Prensa\",\"image\":{\"@type\":\"ImageObject\",\"inLanguage\":\"es\",\"@id\":\"https:\/\/alcaldiaalbertoadriani.com\/#\/schema\/person\/image\/\",\"url\":\"https:\/\/secure.gravatar.com\/avatar\/ea1cb567ea992a29627f4eee1c2eb185ec16decec6342d508fdf18dedb56c9de?s=96&d=mm&r=g\",\"contentUrl\":\"https:\/\/secure.gravatar.com\/avatar\/ea1cb567ea992a29627f4eee1c2eb185ec16decec6342d508fdf18dedb56c9de?s=96&d=mm&r=g\",\"caption\":\"Prensa\"},\"url\":\"https:\/\/alcaldiaalbertoadriani.com\/?author=2\"}]}<\/script>\n<!-- \/ Yoast SEO plugin. -->","yoast_head_json":{"title":"Colonia Colombiana conmemor\u00f3 215 a\u00f1os de Independencia","description":"Colonia Colombiana conmemor\u00f3 215 a\u00f1os de Independencia de su pa\u00eds, Orlando Carvajal Callejas fungi\u00f3 como Orador de Orden","robots":{"index":"index","follow":"follow","max-snippet":"max-snippet:-1","max-image-preview":"max-image-preview:large","max-video-preview":"max-video-preview:-1"},"canonical":"https:\/\/alcaldiaalbertoadriani.com\/?p=12151","og_locale":"es_ES","og_type":"article","og_title":"Colonia Colombiana conmemor\u00f3 215 a\u00f1os de Independencia","og_description":"Colonia Colombiana conmemor\u00f3 215 a\u00f1os de Independencia de su pa\u00eds, Orlando Carvajal Callejas fungi\u00f3 como Orador de Orden","og_url":"https:\/\/alcaldiaalbertoadriani.com\/?p=12151","og_site_name":"Alcaldia Alberto Adriani","article_published_time":"2025-07-22T14:31:59+00:00","article_modified_time":"2025-07-22T14:32:04+00:00","og_image":[{"width":800,"height":533,"url":"https:\/\/alcaldiaalbertoadriani.com\/wp-content\/uploads\/2025\/07\/5185927651779522463.jpg","type":"image\/jpeg"}],"author":"Prensa","twitter_card":"summary_large_image","twitter_misc":{"Escrito por":"Prensa","Tiempo de lectura":"4 minutos"},"schema":{"@context":"https:\/\/schema.org","@graph":[{"@type":"WebPage","@id":"https:\/\/alcaldiaalbertoadriani.com\/?p=12151","url":"https:\/\/alcaldiaalbertoadriani.com\/?p=12151","name":"Colonia Colombiana conmemor\u00f3 215 a\u00f1os de Independencia","isPartOf":{"@id":"https:\/\/alcaldiaalbertoadriani.com\/#website"},"datePublished":"2025-07-22T14:31:59+00:00","dateModified":"2025-07-22T14:32:04+00:00","author":{"@id":"https:\/\/alcaldiaalbertoadriani.com\/#\/schema\/person\/549b4483ff8999ac780deeea78795fc9"},"description":"Colonia Colombiana conmemor\u00f3 215 a\u00f1os de Independencia de su pa\u00eds, Orlando Carvajal Callejas fungi\u00f3 como Orador de Orden","breadcrumb":{"@id":"https:\/\/alcaldiaalbertoadriani.com\/?p=12151#breadcrumb"},"inLanguage":"es","potentialAction":[{"@type":"ReadAction","target":["https:\/\/alcaldiaalbertoadriani.com\/?p=12151"]}]},{"@type":"BreadcrumbList","@id":"https:\/\/alcaldiaalbertoadriani.com\/?p=12151#breadcrumb","itemListElement":[{"@type":"ListItem","position":1,"name":"Portada","item":"https:\/\/alcaldiaalbertoadriani.com\/"},{"@type":"ListItem","position":2,"name":"Colonia Colombiana conmemor\u00f3 215 a\u00f1os de Independencia de su pa\u00eds"}]},{"@type":"WebSite","@id":"https:\/\/alcaldiaalbertoadriani.com\/#website","url":"https:\/\/alcaldiaalbertoadriani.com\/","name":"Alcaldia Alberto Adriani","description":"","potentialAction":[{"@type":"SearchAction","target":{"@type":"EntryPoint","urlTemplate":"https:\/\/alcaldiaalbertoadriani.com\/?s={search_term_string}"},"query-input":"required name=search_term_string"}],"inLanguage":"es"},{"@type":"Person","@id":"https:\/\/alcaldiaalbertoadriani.com\/#\/schema\/person\/549b4483ff8999ac780deeea78795fc9","name":"Prensa","image":{"@type":"ImageObject","inLanguage":"es","@id":"https:\/\/alcaldiaalbertoadriani.com\/#\/schema\/person\/image\/","url":"https:\/\/secure.gravatar.com\/avatar\/ea1cb567ea992a29627f4eee1c2eb185ec16decec6342d508fdf18dedb56c9de?s=96&d=mm&r=g","contentUrl":"https:\/\/secure.gravatar.com\/avatar\/ea1cb567ea992a29627f4eee1c2eb185ec16decec6342d508fdf18dedb56c9de?s=96&d=mm&r=g","caption":"Prensa"},"url":"https:\/\/alcaldiaalbertoadriani.com\/?author=2"}]}},"_links":{"self":[{"href":"https:\/\/alcaldiaalbertoadriani.com\/index.php?rest_route=\/wp\/v2\/posts\/12151","targetHints":{"allow":["GET"]}}],"collection":[{"href":"https:\/\/alcaldiaalbertoadriani.com\/index.php?rest_route=\/wp\/v2\/posts"}],"about":[{"href":"https:\/\/alcaldiaalbertoadriani.com\/index.php?rest_route=\/wp\/v2\/types\/post"}],"author":[{"embeddable":true,"href":"https:\/\/alcaldiaalbertoadriani.com\/index.php?rest_route=\/wp\/v2\/users\/2"}],"replies":[{"embeddable":true,"href":"https:\/\/alcaldiaalbertoadriani.com\/index.php?rest_route=%2Fwp%2Fv2%2Fcomments&post=12151"}],"version-history":[{"count":1,"href":"https:\/\/alcaldiaalbertoadriani.com\/index.php?rest_route=\/wp\/v2\/posts\/12151\/revisions"}],"predecessor-version":[{"id":12162,"href":"https:\/\/alcaldiaalbertoadriani.com\/index.php?rest_route=\/wp\/v2\/posts\/12151\/revisions\/12162"}],"wp:featuredmedia":[{"embeddable":true,"href":"https:\/\/alcaldiaalbertoadriani.com\/index.php?rest_route=\/wp\/v2\/media\/12152"}],"wp:attachment":[{"href":"https:\/\/alcaldiaalbertoadriani.com\/index.php?rest_route=%2Fwp%2Fv2%2Fmedia&parent=12151"}],"wp:term":[{"taxonomy":"category","embeddable":true,"href":"https:\/\/alcaldiaalbertoadriani.com\/index.php?rest_route=%2Fwp%2Fv2%2Fcategories&post=12151"},{"taxonomy":"post_tag","embeddable":true,"href":"https:\/\/alcaldiaalbertoadriani.com\/index.php?rest_route=%2Fwp%2Fv2%2Ftags&post=12151"}],"curies":[{"name":"wp","href":"https:\/\/api.w.org\/{rel}","templated":true}]}}